{"id":137963,"date":"2021-05-27T16:27:42","date_gmt":"2021-05-27T14:27:42","guid":{"rendered":"https:\/\/www.shavei.org\/blog\/2021\/05\/27\/a-relacao-da-unidade-judaica-com-a-festa-de-rosh-hashana-de-acordo-com-a-chassidut\/"},"modified":"2021-05-27T16:27:42","modified_gmt":"2021-05-27T14:27:42","slug":"a-relacao-da-unidade-judaica-com-a-festa-de-rosh-hashana-de-acordo-com-a-chassidut","status":"publish","type":"post","link":"https:\/\/www.shavei.org\/pt-br\/blog\/2021\/05\/27\/a-relacao-da-unidade-judaica-com-a-festa-de-rosh-hashana-de-acordo-com-a-chassidut\/","title":{"rendered":"A rela\u00e7\u00e3o da Unidade Judaica com a festa de Rosh Hashana, de acordo com a Chassidut"},"content":{"rendered":"<p>Rosh Hashan\u00e1 \u00e9 conhecido por muitos conceitos, desde &#8220;Yom HaDin&#8221; (o dia do julgamento) ao Primeiro dos &#8217;10 dias de Teshuv\u00e1&#8217; (retorno a D&#8217;us), como tamb\u00e9m o Dia da Cria\u00e7\u00e3o &#8211; dos primeiros seres humanos. Mas qual seria sua principal ess\u00eancia?<\/p>\n<p><!--more--><\/p>\n<p>Tudo o que a Tor\u00e1 nos diz sobre este dia \u00e9 em rela\u00e7\u00e3o ao Shofar. Este dia \u00e9 conhecido na Tor\u00e1 como &#8220;Yom Zichron Teruah&#8221; (o dia da lembran\u00e7a do toque do shofar). Parece que a principal Mitzv\u00e1 (obriga\u00e7\u00e3o) de Rosh Hashan\u00e1 \u00e9 tocar\/ouvir o shofar!<\/p>\n<p>A Chasidut explica que a profundidade da mitzvah de tocar o shofar \u00e9, na verdade, coroar a D&#8217;us como nosso Rei e, como Rei de todo o Universo. Coroar a D&#8217;us implica a aceita\u00e7\u00e3o do &#8220;jugo divino&#8221; sobre n\u00f3s mesmos. Em um n\u00edvel mais superficial significa que aceitamos a responsabilidade de viver e cumprir os mandamentos de D&#8217;us, da melhor maneira que pudermos.<\/p>\n<p>No ano de 5562 [1802], o Alter Rebe recitou um discurso chamado pelo nome da Parash\u00e1 desta semana &#8211; que antecede Rosh Hashana &#8211; &#8220;Atem Nitzavim Hayom&#8221;. A ess\u00eancia desse discurso est\u00e1 no vers\u00edculo &#8220;Buscai o meu rosto, o meu cora\u00e7\u00e3o disse a ti, O teu rosto, Senhor, buscarei.&#8221; (Salmos 27:8). A palavra &#8216;Panim&#8217;- rosto &#8211; tamb\u00e9m pode ser lida como &#8216;Pnim&#8217; &#8211; interior. Trata-se da mesma palavra, pronunciada de forma diferente. Assim, lendo mais profundamente este vers\u00edculo, vemos que este nos ensina que, em Rosh Hashan\u00e1, cada judeu deve buscar seu lado mais \u00edntimo nas profundezas de sua alma, para encontrar assim, a ess\u00eancia mais \u00edntima de D&#8217;us a\u00ed, presente.<\/p>\n<p>Em seu livro &#8220;Lev Hashamaim &#8211; Chaguei Tishrei&#8221;, Reb Shlomo Carlebach, discute o significado da cita\u00e7\u00e3o talm\u00fadica que menciona a declara\u00e7\u00e3o de Rav Kruspedai em nome de R. Yohanan: &#8220;Tr\u00eas livros s\u00e3o abertos [no c\u00e9u] no ano novo, um para o completamente perverso, um para o completamente justo, e um para o intermedi\u00e1rio. Os completamente justos s\u00e3o imediatamente escritos e selados no &#8220;Livro da Vida&#8221;, os completamentes \u00edmpios s\u00e3o imediatamente escritos e selados no &#8220;Livro da Morte&#8221; (D&#8217;s nos livre) e o destino do intermedi\u00e1rio \u00e9 adiado at\u00e9 o Yom Kipur. Se, no Yom Kipur, forem merecedores, ser\u00e3o inscritos no livro da vida, se n\u00e3o forem, ser\u00e3o inscritos no livro da morte (D&#8217;s nos livre)&#8221; (Rosh Hashan\u00e1 16:)<\/p>\n<p>Reb Shlomo questiona quem seriam esses &#8220;completamente justos&#8221;, e responde, que s\u00e3o os \u00fanicos que acreditaram com plena f\u00e9 que, tudo o que D&#8217;s nos d\u00e1 \u00e9 &#8220;Bondade Gr\u00e1tis&#8221;, ou seja o maior n\u00edvel de altru\u00edsmo, que n\u00e3o necessita absolutamente nada em troca! Confiam com plena f\u00e9 que D&#8217;s \u00e9 bom e est\u00e1 sempre querendo nos &#8216;fazer o bem&#8217;. Estes, t\u00eam completa confian\u00e7a e f\u00e9 de que D&#8217;s nos quer dar um Shana Tova &#8211; um ano bom &#8211; simplesmente porque Ele Quer Dar!<\/p>\n<p>Isso nos ajuda a entender melhor a rela\u00e7\u00e3o &#8216;rosto a rosto &#8211; interior a interior&#8217;. Seu chamado para &#8220;Buscai o meu rosto&#8221; desperta-nos para a busca mais profunda da ess\u00eancia da alma. Buscar, e sempre buscar, se conectar com a ess\u00eancia divina mais profunda que \u00e9 seu &#8220;livre altru\u00edsmo&#8221;, sua bondade m\u00e1xima! Mas quando um judeu atinge o n\u00edvel de &#8216;Pnim el Pnim&#8217; &#8211; de um &#8216;interior para outro interior&#8217; e descobre que D&#8217;us \u00e9 &#8220;essencialmente&#8221; bondade, em seguida, a pessoa passa a, tamb\u00e9m, querer fazer exatamente o mesmo, ser altru\u00edsta! Este busca se tornar um canal de bondade para D&#8217;us, buscando que o mundo inteiro conhe\u00e7a a bondade de D&#8217;us, compartilhando-a com todos. Este \u00e9 o &#8220;Tzadik completo&#8221;, e este naturalmente \u00e9, de imediato, escrito e selado no &#8220;Livro da Vida&#8221;.<\/p>\n<p>O Alter Rebe diz ainda que, quando nossas almas retornam para a nossa ra\u00edz, e ent\u00e3o, estamos todos juntos &#8220;perante a D&#8217;s&#8221;, percebemos que a unidade ao lado da Kedusha (santidade) \u00e9 a \u00fanica e completa verdade. Percebemos assim, que, ningu\u00e9m \u00e9 completo sem o outro. Caso, D&#8217;us nos livre, uma \u00fanica alma esteja faltando no Povo de Israel, ent\u00e3o nos tornamos uma comunidade incompleta, e, mesmo cada indiv\u00edduo se torna incompleto. Cada indiv\u00edduo tem algo que ningu\u00e9m mais possui e, portanto, todos e cada um s\u00e3o necess\u00e1rios para alcan\u00e7ar esta complenitude!<\/p>\n<p>Assim disse Rabi Akiva: &#8221; &#8216;Amar ao pr\u00f3ximo como a ti mesmo&#8217; este \u00e9 o grande princ\u00edpio da Tor\u00e1!&#8221;. O S\u00e1bio Hillel disse: &#8221; &#8216;O que \u00e9 odioso para voc\u00ea, n\u00e3o fa\u00e7a aos outros&#8217; esta \u00e9 toda a Tor\u00e1, o resto s\u00e3o explica\u00e7\u00f5es&#8221;. D&#8217;us deseja ter uma morada aqui na terra, o menor de todos os mundos, e a n\u00f3s, Povo de Israel, somos os \u00fanicos que podemos fazer isto acontecer.<\/p>\n<p>Reb Shlomo explica como isto se relaciona com a ess\u00eancia de Rosh Hashan\u00e1, o toque do shofar. O som do shofar \u00e9 o som da respira\u00e7\u00e3o divina, \u00e9 o som de Sua &#8216;bondade m\u00e1xima&#8217;. Ouvir o som do shofar, \u00e9 na verdade, ouvir a verdade de D&#8217;s e buscar nos relacionar com esta! \u00c9 o som que permite buscarmos no nosso mais profundo \u00edntimo aquilo que nos conecta com o Criador, aquilo que nos conecta com o resto do nosso povo e traz para nossa realidade e nosso ano, toda esta bondade m\u00e1xima que temos guardada, coroando assim D&#8217;us como rei, e fazendo deste mundo uma moradia divina!<\/p>\n<p><em>Baseado nos textos dos alunos da Yeshiva Simchat Shlomo<\/em><\/p>\n","protected":false},"excerpt":{"rendered":"<p>Rosh Hashan\u00e1 \u00e9 conhecido por muitos conceitos, desde &#8220;Yom HaDin&#8221; (o dia do julgamento) ao Primeiro dos &#8217;10 dias de Teshuv\u00e1&#8217; (retorno a D&#8217;us), como tamb\u00e9m o Dia da Cria\u00e7\u00e3o &#8211; dos primeiros seres humanos. Mas qual seria sua principal ess\u00eancia?<\/p>\n","protected":false},"author":31,"featured_media":0,"comment_status":"open","ping_status":"open","sticky":false,"template":"","format":"standard","meta":{"give_campaign_id":0,"_exactmetrics_skip_tracking":false,"_exactmetrics_sitenote_active":false,"_exactmetrics_sitenote_note":"","_exactmetrics_sitenote_category":0,"ngg_post_thumbnail":0,"footnotes":""},"categories":[6749],"tags":[7074],"class_list":["post-137963","post","type-post","status-publish","format-standard","hentry","category-judaismoartigos","tag-judaismorosh-hashanaunidade"],"yoast_head":"<!-- This site is optimized with the Yoast SEO plugin v27.4 - https:\/\/yoast.com\/product\/yoast-seo-wordpress\/ -->\n<title>A rela\u00e7\u00e3o da Unidade Judaica com a festa de Rosh Hashana, de acordo com a Chassidut - Shavei Israel<\/title>\n<meta name=\"robots\" content=\"index, follow, max-snippet:-1, max-image-preview:large, max-video-preview:-1\" \/>\n<link rel=\"canonical\" href=\"https:\/\/www.shavei.org\/pt-br\/blog\/2021\/05\/27\/a-relacao-da-unidade-judaica-com-a-festa-de-rosh-hashana-de-acordo-com-a-chassidut\/\" \/>\n<meta property=\"og:locale\" content=\"pt_BR\" \/>\n<meta property=\"og:type\" content=\"article\" \/>\n<meta property=\"og:title\" content=\"A rela\u00e7\u00e3o da Unidade Judaica com a festa de Rosh Hashana, de acordo com a Chassidut - Shavei Israel\" \/>\n<meta property=\"og:description\" content=\"Rosh Hashan\u00e1 \u00e9 conhecido por muitos conceitos, desde &#8220;Yom HaDin&#8221; (o dia do julgamento) ao Primeiro dos &#8217;10 dias de Teshuv\u00e1&#8217; (retorno a D&#8217;us), como tamb\u00e9m o Dia da Cria\u00e7\u00e3o &#8211; dos primeiros seres humanos. Mas qual seria sua principal ess\u00eancia?\" \/>\n<meta property=\"og:url\" content=\"https:\/\/www.shavei.org\/pt-br\/blog\/2021\/05\/27\/a-relacao-da-unidade-judaica-com-a-festa-de-rosh-hashana-de-acordo-com-a-chassidut\/\" \/>\n<meta property=\"og:site_name\" content=\"Shavei Israel\" \/>\n<meta property=\"article:published_time\" content=\"2021-05-27T14:27:42+00:00\" \/>\n<meta name=\"author\" content=\"daniella\" \/>\n<meta name=\"twitter:card\" content=\"summary_large_image\" \/>\n<meta name=\"twitter:label1\" content=\"Escrito por\" \/>\n\t<meta name=\"twitter:data1\" content=\"\" \/>\n\t<meta name=\"twitter:label2\" content=\"Est. tempo de leitura\" \/>\n\t<meta name=\"twitter:data2\" content=\"5 minutos\" \/>\n<script type=\"application\/ld+json\" class=\"yoast-schema-graph\">{\"@context\":\"https:\\\/\\\/schema.org\",\"@graph\":[{\"@type\":\"Article\",\"@id\":\"https:\\\/\\\/www.shavei.org\\\/pt-br\\\/blog\\\/2021\\\/05\\\/27\\\/a-relacao-da-unidade-judaica-com-a-festa-de-rosh-hashana-de-acordo-com-a-chassidut\\\/#article\",\"isPartOf\":{\"@id\":\"https:\\\/\\\/www.shavei.org\\\/pt-br\\\/blog\\\/2021\\\/05\\\/27\\\/a-relacao-da-unidade-judaica-com-a-festa-de-rosh-hashana-de-acordo-com-a-chassidut\\\/\"},\"author\":{\"name\":\"daniella\",\"@id\":\"https:\\\/\\\/www.shavei.org\\\/#\\\/schema\\\/person\\\/628be1364b127546c700d93458cf9e4c\"},\"headline\":\"A rela\u00e7\u00e3o da Unidade Judaica com a festa de Rosh Hashana, de acordo com a Chassidut\",\"datePublished\":\"2021-05-27T14:27:42+00:00\",\"mainEntityOfPage\":{\"@id\":\"https:\\\/\\\/www.shavei.org\\\/pt-br\\\/blog\\\/2021\\\/05\\\/27\\\/a-relacao-da-unidade-judaica-com-a-festa-de-rosh-hashana-de-acordo-com-a-chassidut\\\/\"},\"wordCount\":950,\"commentCount\":0,\"publisher\":{\"@id\":\"https:\\\/\\\/www.shavei.org\\\/#organization\"},\"keywords\":[\"juda\u00edsmo|rosh hashana|unidade\"],\"articleSection\":[\"JUDA\u00cdSMO&gt;Artigos\"],\"inLanguage\":\"pt-BR\",\"potentialAction\":[{\"@type\":\"CommentAction\",\"name\":\"Comment\",\"target\":[\"https:\\\/\\\/www.shavei.org\\\/pt-br\\\/blog\\\/2021\\\/05\\\/27\\\/a-relacao-da-unidade-judaica-com-a-festa-de-rosh-hashana-de-acordo-com-a-chassidut\\\/#respond\"]}]},{\"@type\":\"WebPage\",\"@id\":\"https:\\\/\\\/www.shavei.org\\\/pt-br\\\/blog\\\/2021\\\/05\\\/27\\\/a-relacao-da-unidade-judaica-com-a-festa-de-rosh-hashana-de-acordo-com-a-chassidut\\\/\",\"url\":\"https:\\\/\\\/www.shavei.org\\\/pt-br\\\/blog\\\/2021\\\/05\\\/27\\\/a-relacao-da-unidade-judaica-com-a-festa-de-rosh-hashana-de-acordo-com-a-chassidut\\\/\",\"name\":\"A rela\u00e7\u00e3o da Unidade Judaica com a festa de Rosh Hashana, de acordo com a Chassidut - Shavei Israel\",\"isPartOf\":{\"@id\":\"https:\\\/\\\/www.shavei.org\\\/#website\"},\"datePublished\":\"2021-05-27T14:27:42+00:00\",\"breadcrumb\":{\"@id\":\"https:\\\/\\\/www.shavei.org\\\/pt-br\\\/blog\\\/2021\\\/05\\\/27\\\/a-relacao-da-unidade-judaica-com-a-festa-de-rosh-hashana-de-acordo-com-a-chassidut\\\/#breadcrumb\"},\"inLanguage\":\"pt-BR\",\"potentialAction\":[{\"@type\":\"ReadAction\",\"target\":[\"https:\\\/\\\/www.shavei.org\\\/pt-br\\\/blog\\\/2021\\\/05\\\/27\\\/a-relacao-da-unidade-judaica-com-a-festa-de-rosh-hashana-de-acordo-com-a-chassidut\\\/\"]}]},{\"@type\":\"BreadcrumbList\",\"@id\":\"https:\\\/\\\/www.shavei.org\\\/pt-br\\\/blog\\\/2021\\\/05\\\/27\\\/a-relacao-da-unidade-judaica-com-a-festa-de-rosh-hashana-de-acordo-com-a-chassidut\\\/#breadcrumb\",\"itemListElement\":[{\"@type\":\"ListItem\",\"position\":1,\"name\":\"Home\",\"item\":\"https:\\\/\\\/www.shavei.org\\\/\"},{\"@type\":\"ListItem\",\"position\":2,\"name\":\"A rela\u00e7\u00e3o da Unidade Judaica com a festa de Rosh Hashana, de acordo com a Chassidut\"}]},{\"@type\":\"WebSite\",\"@id\":\"https:\\\/\\\/www.shavei.org\\\/#website\",\"url\":\"https:\\\/\\\/www.shavei.org\\\/\",\"name\":\"Shavei Israel\",\"description\":\"One nation, many faces. We help them all return.\",\"publisher\":{\"@id\":\"https:\\\/\\\/www.shavei.org\\\/#organization\"},\"potentialAction\":[{\"@type\":\"SearchAction\",\"target\":{\"@type\":\"EntryPoint\",\"urlTemplate\":\"https:\\\/\\\/www.shavei.org\\\/?s={search_term_string}\"},\"query-input\":{\"@type\":\"PropertyValueSpecification\",\"valueRequired\":true,\"valueName\":\"search_term_string\"}}],\"inLanguage\":\"pt-BR\"},{\"@type\":\"Organization\",\"@id\":\"https:\\\/\\\/www.shavei.org\\\/#organization\",\"name\":\"Shavei Israel\",\"url\":\"https:\\\/\\\/www.shavei.org\\\/\",\"logo\":{\"@type\":\"ImageObject\",\"inLanguage\":\"pt-BR\",\"@id\":\"https:\\\/\\\/www.shavei.org\\\/#\\\/schema\\\/logo\\\/image\\\/\",\"url\":\"https:\\\/\\\/www.shavei.org\\\/wp-content\\\/uploads\\\/2017\\\/10\\\/shavei-logo.jpg\",\"contentUrl\":\"https:\\\/\\\/www.shavei.org\\\/wp-content\\\/uploads\\\/2017\\\/10\\\/shavei-logo.jpg\",\"width\":300,\"height\":285,\"caption\":\"Shavei Israel\"},\"image\":{\"@id\":\"https:\\\/\\\/www.shavei.org\\\/#\\\/schema\\\/logo\\\/image\\\/\"}},{\"@type\":\"Person\",\"@id\":\"https:\\\/\\\/www.shavei.org\\\/#\\\/schema\\\/person\\\/628be1364b127546c700d93458cf9e4c\",\"name\":\"daniella\",\"image\":{\"@type\":\"ImageObject\",\"inLanguage\":\"pt-BR\",\"@id\":\"https:\\\/\\\/secure.gravatar.com\\\/avatar\\\/bf8b97193609e61ba4fd9bacc2cb0ef6ed3fbf5eb2df25350c1e263020233ff8?s=96&d=mm&r=g\",\"url\":\"https:\\\/\\\/secure.gravatar.com\\\/avatar\\\/bf8b97193609e61ba4fd9bacc2cb0ef6ed3fbf5eb2df25350c1e263020233ff8?s=96&d=mm&r=g\",\"contentUrl\":\"https:\\\/\\\/secure.gravatar.com\\\/avatar\\\/bf8b97193609e61ba4fd9bacc2cb0ef6ed3fbf5eb2df25350c1e263020233ff8?s=96&d=mm&r=g\",\"caption\":\"daniella\"},\"url\":\"https:\\\/\\\/www.shavei.org\\\/pt-br\\\/blog\\\/author\\\/daniella\\\/\"}]}<\/script>\n<!-- \/ Yoast SEO plugin. -->","yoast_head_json":{"title":"A rela\u00e7\u00e3o da Unidade Judaica com a festa de Rosh Hashana, de acordo com a Chassidut - Shavei Israel","robots":{"index":"index","follow":"follow","max-snippet":"max-snippet:-1","max-image-preview":"max-image-preview:large","max-video-preview":"max-video-preview:-1"},"canonical":"https:\/\/www.shavei.org\/pt-br\/blog\/2021\/05\/27\/a-relacao-da-unidade-judaica-com-a-festa-de-rosh-hashana-de-acordo-com-a-chassidut\/","og_locale":"pt_BR","og_type":"article","og_title":"A rela\u00e7\u00e3o da Unidade Judaica com a festa de Rosh Hashana, de acordo com a Chassidut - Shavei Israel","og_description":"Rosh Hashan\u00e1 \u00e9 conhecido por muitos conceitos, desde &#8220;Yom HaDin&#8221; (o dia do julgamento) ao Primeiro dos &#8217;10 dias de Teshuv\u00e1&#8217; (retorno a D&#8217;us), como tamb\u00e9m o Dia da Cria\u00e7\u00e3o &#8211; dos primeiros seres humanos. Mas qual seria sua principal ess\u00eancia?","og_url":"https:\/\/www.shavei.org\/pt-br\/blog\/2021\/05\/27\/a-relacao-da-unidade-judaica-com-a-festa-de-rosh-hashana-de-acordo-com-a-chassidut\/","og_site_name":"Shavei Israel","article_published_time":"2021-05-27T14:27:42+00:00","author":"daniella","twitter_card":"summary_large_image","twitter_misc":{"Escrito por":false,"Est. tempo de leitura":"5 minutos"},"schema":{"@context":"https:\/\/schema.org","@graph":[{"@type":"Article","@id":"https:\/\/www.shavei.org\/pt-br\/blog\/2021\/05\/27\/a-relacao-da-unidade-judaica-com-a-festa-de-rosh-hashana-de-acordo-com-a-chassidut\/#article","isPartOf":{"@id":"https:\/\/www.shavei.org\/pt-br\/blog\/2021\/05\/27\/a-relacao-da-unidade-judaica-com-a-festa-de-rosh-hashana-de-acordo-com-a-chassidut\/"},"author":{"name":"daniella","@id":"https:\/\/www.shavei.org\/#\/schema\/person\/628be1364b127546c700d93458cf9e4c"},"headline":"A rela\u00e7\u00e3o da Unidade Judaica com a festa de Rosh Hashana, de acordo com a Chassidut","datePublished":"2021-05-27T14:27:42+00:00","mainEntityOfPage":{"@id":"https:\/\/www.shavei.org\/pt-br\/blog\/2021\/05\/27\/a-relacao-da-unidade-judaica-com-a-festa-de-rosh-hashana-de-acordo-com-a-chassidut\/"},"wordCount":950,"commentCount":0,"publisher":{"@id":"https:\/\/www.shavei.org\/#organization"},"keywords":["juda\u00edsmo|rosh hashana|unidade"],"articleSection":["JUDA\u00cdSMO&gt;Artigos"],"inLanguage":"pt-BR","potentialAction":[{"@type":"CommentAction","name":"Comment","target":["https:\/\/www.shavei.org\/pt-br\/blog\/2021\/05\/27\/a-relacao-da-unidade-judaica-com-a-festa-de-rosh-hashana-de-acordo-com-a-chassidut\/#respond"]}]},{"@type":"WebPage","@id":"https:\/\/www.shavei.org\/pt-br\/blog\/2021\/05\/27\/a-relacao-da-unidade-judaica-com-a-festa-de-rosh-hashana-de-acordo-com-a-chassidut\/","url":"https:\/\/www.shavei.org\/pt-br\/blog\/2021\/05\/27\/a-relacao-da-unidade-judaica-com-a-festa-de-rosh-hashana-de-acordo-com-a-chassidut\/","name":"A rela\u00e7\u00e3o da Unidade Judaica com a festa de Rosh Hashana, de acordo com a Chassidut - Shavei Israel","isPartOf":{"@id":"https:\/\/www.shavei.org\/#website"},"datePublished":"2021-05-27T14:27:42+00:00","breadcrumb":{"@id":"https:\/\/www.shavei.org\/pt-br\/blog\/2021\/05\/27\/a-relacao-da-unidade-judaica-com-a-festa-de-rosh-hashana-de-acordo-com-a-chassidut\/#breadcrumb"},"inLanguage":"pt-BR","potentialAction":[{"@type":"ReadAction","target":["https:\/\/www.shavei.org\/pt-br\/blog\/2021\/05\/27\/a-relacao-da-unidade-judaica-com-a-festa-de-rosh-hashana-de-acordo-com-a-chassidut\/"]}]},{"@type":"BreadcrumbList","@id":"https:\/\/www.shavei.org\/pt-br\/blog\/2021\/05\/27\/a-relacao-da-unidade-judaica-com-a-festa-de-rosh-hashana-de-acordo-com-a-chassidut\/#breadcrumb","itemListElement":[{"@type":"ListItem","position":1,"name":"Home","item":"https:\/\/www.shavei.org\/"},{"@type":"ListItem","position":2,"name":"A rela\u00e7\u00e3o da Unidade Judaica com a festa de Rosh Hashana, de acordo com a Chassidut"}]},{"@type":"WebSite","@id":"https:\/\/www.shavei.org\/#website","url":"https:\/\/www.shavei.org\/","name":"Shavei Israel","description":"One nation, many faces. We help them all return.","publisher":{"@id":"https:\/\/www.shavei.org\/#organization"},"potentialAction":[{"@type":"SearchAction","target":{"@type":"EntryPoint","urlTemplate":"https:\/\/www.shavei.org\/?s={search_term_string}"},"query-input":{"@type":"PropertyValueSpecification","valueRequired":true,"valueName":"search_term_string"}}],"inLanguage":"pt-BR"},{"@type":"Organization","@id":"https:\/\/www.shavei.org\/#organization","name":"Shavei Israel","url":"https:\/\/www.shavei.org\/","logo":{"@type":"ImageObject","inLanguage":"pt-BR","@id":"https:\/\/www.shavei.org\/#\/schema\/logo\/image\/","url":"https:\/\/www.shavei.org\/wp-content\/uploads\/2017\/10\/shavei-logo.jpg","contentUrl":"https:\/\/www.shavei.org\/wp-content\/uploads\/2017\/10\/shavei-logo.jpg","width":300,"height":285,"caption":"Shavei Israel"},"image":{"@id":"https:\/\/www.shavei.org\/#\/schema\/logo\/image\/"}},{"@type":"Person","@id":"https:\/\/www.shavei.org\/#\/schema\/person\/628be1364b127546c700d93458cf9e4c","name":"daniella","image":{"@type":"ImageObject","inLanguage":"pt-BR","@id":"https:\/\/secure.gravatar.com\/avatar\/bf8b97193609e61ba4fd9bacc2cb0ef6ed3fbf5eb2df25350c1e263020233ff8?s=96&d=mm&r=g","url":"https:\/\/secure.gravatar.com\/avatar\/bf8b97193609e61ba4fd9bacc2cb0ef6ed3fbf5eb2df25350c1e263020233ff8?s=96&d=mm&r=g","contentUrl":"https:\/\/secure.gravatar.com\/avatar\/bf8b97193609e61ba4fd9bacc2cb0ef6ed3fbf5eb2df25350c1e263020233ff8?s=96&d=mm&r=g","caption":"daniella"},"url":"https:\/\/www.shavei.org\/pt-br\/blog\/author\/daniella\/"}]}},"_links":{"self":[{"href":"https:\/\/www.shavei.org\/pt-br\/wp-json\/wp\/v2\/posts\/137963","targetHints":{"allow":["GET"]}}],"collection":[{"href":"https:\/\/www.shavei.org\/pt-br\/wp-json\/wp\/v2\/posts"}],"about":[{"href":"https:\/\/www.shavei.org\/pt-br\/wp-json\/wp\/v2\/types\/post"}],"author":[{"embeddable":true,"href":"https:\/\/www.shavei.org\/pt-br\/wp-json\/wp\/v2\/users\/31"}],"replies":[{"embeddable":true,"href":"https:\/\/www.shavei.org\/pt-br\/wp-json\/wp\/v2\/comments?post=137963"}],"version-history":[{"count":0,"href":"https:\/\/www.shavei.org\/pt-br\/wp-json\/wp\/v2\/posts\/137963\/revisions"}],"wp:attachment":[{"href":"https:\/\/www.shavei.org\/pt-br\/wp-json\/wp\/v2\/media?parent=137963"}],"wp:term":[{"taxonomy":"category","embeddable":true,"href":"https:\/\/www.shavei.org\/pt-br\/wp-json\/wp\/v2\/categories?post=137963"},{"taxonomy":"post_tag","embeddable":true,"href":"https:\/\/www.shavei.org\/pt-br\/wp-json\/wp\/v2\/tags?post=137963"}],"curies":[{"name":"wp","href":"https:\/\/api.w.org\/{rel}","templated":true}]}}