{"id":137908,"date":"2021-05-27T16:23:56","date_gmt":"2021-05-27T14:23:56","guid":{"rendered":"https:\/\/www.shavei.org\/blog\/2021\/05\/27\/liberdade\/"},"modified":"2021-05-27T16:23:56","modified_gmt":"2021-05-27T14:23:56","slug":"liberdade","status":"publish","type":"post","link":"https:\/\/www.shavei.org\/pt-br\/blog\/2021\/05\/27\/liberdade\/","title":{"rendered":"Liberdade"},"content":{"rendered":"<p><em><strong>Coment\u00e1rio sobre a Festa de Pessach<\/strong><\/em><\/p>\n<p>Pelo Rabino Nissan ben Avraham<\/p>\n<p>&nbsp;<br \/>\n<strong>Ser\u00e1 que entendemos?<\/strong><\/p>\n<p>Nossos s\u00e1bios nos garantem que a Tor\u00e1 \u00e9 a nossa verdadeira liberdade.<img decoding=\"async\" class=\"size-medium wp-image-26927 alignright\" src=\"https:\/\/casadosanussim.shavei.org\/wp-content\/uploads\/2016\/04\/cego-surdo-mudo-300x119.jpg\" alt=\"cego-surdo-mudo\" width=\"300\" height=\"119\" \/><\/p>\n<p>\u00c9 estranho dizer algo assim, quando sabemos que a Tor\u00e1 est\u00e1 repleta\u00a0de mandamentos &#8211; 613, de acordo com a computa\u00e7\u00e3o tradicional. Praticamente n\u00e3o\u00a0nos permite nenhum\u00a0tempo &#8220;livre&#8221;. Como podemos dizer que, precisamente a Tor\u00e1, \u00e9 a nossa liberdade?<\/p>\n<p>A resposta cl\u00e1ssica\u00a0\u00e9 q &#8220;voc\u00ea n\u00e3o entende o que realmente significa ser livre&#8221;. E isso pode irritar ainda mais&#8230;<\/p>\n<p>Mas talvez seja verdade &#8230;<br \/>\n<strong>Sem desenvolvimento<\/strong><\/p>\n<p>O que significa &#8220;ser livre&#8221;? Poder fazer o que bem quisermos?<\/p>\n<p>Eu, por exemplo, n\u00e3o sou livre para tocar guitarra ou piano&#8230; J\u00e1 que\u00a0n\u00e3o estudei m\u00fasica e n\u00e3o desenvolvi as qualidades que provavelmente n\u00e3o me faltaram,\u00a0as desperdicei. Se eu tivesse estudado m\u00fasica, e tivesse passado horas e horas me esfor\u00e7ando,\u00a0atrav\u00e9s de\u00a0pr\u00e1ticas e repeti\u00e7\u00f5es intermin\u00e1veis \u200b\u200bpara dominar as t\u00e9cnicas, seria agora livre para desenhar belas melodias de piano ou guitarra.<\/p>\n<p>Os verdadeiros guitarristas e pianistas, e ainda mais os violinistas, devem passar muitas horas estudando e praticando para poderem alcan\u00e7ar essa liberdade de\u00a0tocar belas melodias.<\/p>\n<p>E quantas outras qualidades e habilidades eu possuo? Quantas destas foram devidamente desenvolvidas? \u00c9 poss\u00edvel\u00a0dizer que um homem cego n\u00e3o \u00e9 livre\u00a0para\u00a0n\u00e3o ver a paisagem? \u00c9 poss\u00edvel\u00a0dizer que um mudo\u00a0n\u00e3o\u00a0\u00e9 livre para falar? N\u00e3o faz qualquer sentido! Quem n\u00e3o pode ou n\u00e3o sabe\u00a0usar suas habilidades, n\u00e3o pode ser considerado\u00a0livre ao\u00a0us\u00e1-la, ou deixar de faz\u00ea-lo. A conclus\u00e3o \u00e9 simples:<\/p>\n<p>Eu n\u00e3o sou livre!<\/p>\n<p>Somente\u00a0quando desenvolver\u00a0minhas habilidades, poderei dizer propriamente que sou livre para us\u00e1-las ou deixar de\u00a0us\u00e1-las.<\/p>\n<p>Mesmo em quest\u00f5es que acreditamos n\u00e3o haver nenhum problema como, pensar, por exemplo, certamente estamos longe do certo. Existe\u00a0uma t\u00e9cnica chamada &#8220;l\u00f3gica&#8221;, que \u00e9 a de pensar corretamente e a qual, muitos, n\u00e3o sabem us\u00e1-la corretamente.<\/p>\n<p>Mesmo memorizar nossos estudos n\u00e3o somos completamente capazes:\u00a0&#8220;estudamos para\u00a0esquecer&#8221;, disse o Maharal de Praga, h\u00e1 400 anos atr\u00e1s. E isso n\u00e3o \u00e9 nada bom.<br \/>\n<strong>Liberdade para ser bom<\/strong><\/p>\n<p>E agora, devemos considerar que estes s\u00e3o apenas &#8220;instrumentos&#8221; para desenvolver aquilo que\u00a0realmente nos interessa: as virtudes e a nossa conex\u00e3o com o Criador.<\/p>\n<p>N\u00e3o t\u00eamos o conhecimento necess\u00e1rio para desenvolver nossas virtudes. N\u00e3o \u00e9 suficiente\u00a0&#8220;querer ser bom&#8221;, mas devemos querer aprender o que significa exatamente ser bom em tal situa\u00e7\u00e3o e como ser em quaisquer outra. Quando todos s\u00e3o amig\u00e1veis, n\u00e3o \u00e9 dif\u00edcil\u00a0ser bom com\u00a0eles. O problema \u00e9 quando s\u00e3o pessoas est\u00fapidas\u00a0ou mesmo n\u00e3o amig\u00e1veis, que desprezam sua bondade. O que voc\u00ea faz nessas situa\u00e7\u00f5es? Voc\u00ea tem o conhecimento necess\u00e1rio para seguir sendo bom nestas condi\u00e7\u00f5es?<\/p>\n<p>No livro de Prov\u00e9rbios, lemos que a Tor\u00e1 nos ensina todas estas t\u00e9cnicas, e tamb\u00e9m as virtudes; no estudo da Tor\u00e1 &#8211; a Escrita, juntamente com a Oral &#8211; aprendemos o verdadeiro significado de ser bom. E como esta &#8220;bondade&#8221; \u00e9 subdividida em muitas outras virtudes, cada qual para um caso diferente: para pobres e para ricos, vivos e\u00a0mortos, doentes e o casal que se casar em algumas semanas, e etc.<\/p>\n<p>Bondade, \u00e9 claro, \u00e9 apenas uma das muitas virtudes. Qual destas\u00a0podemos esquecer ou menosprezar? Quando podemos dizer que &#8220;somos livres&#8221; para usar-las, ou n\u00e3o usar-las?<br \/>\n<strong>A Escravid\u00e3o<\/strong><\/p>\n<p>Agora temos de tentar entender o que a &#8220;escravid\u00e3o&#8221; significa. Existem diferentes tipos de escravid\u00e3o, mesmo\u00a0hoje.<\/p>\n<p>Em primeiro lugar, est\u00e1 a ignor\u00e2ncia. Um ignorante \u00e9 um escravo\u00a0trancado em um calabou\u00e7o escuro, acorrentado \u00e0 parede incapaz de se mover, apoiado de quatro\u00a0sobre seus\u00a0&#8220;cotovelos&#8221;. N\u00e3o sabe a diferen\u00e7a entre o bem e o mal, a luz e a escurid\u00e3o. Aqueles que &#8220;escolhem&#8221; viver na ignor\u00e2ncia enganam a si mesmos, como se em seus\u00a0anos de vida, n\u00e3o tivessem tido nenhuma meta que o Criador n\u00e3o tenha imposto.<\/p>\n<p>Depois, h\u00e1 a fam\u00edlia ou as press\u00f5es sociais. N\u00f3s coagem atrav\u00e9s de\u00a0uma s\u00e9rie de imposi\u00e7\u00f5es com as quais n\u00e3o\u00a0nos sentimos conectados. Embora sejam coisas boas, realmente. Mas n\u00f3s n\u00e3o as escolhemos, seja porque n\u00e3o as entendemos ainda, ou porque nos incomoda\u00a0que as imponham sobre n\u00f3s.<\/p>\n<p>A rotina \u00e9 uma escravid\u00e3o cruel. N\u00e3o ser capaz de decidir a qualquer dado momento se devemos ir em frente ou se devemos voltar. Tornamo-nos escravos de alguns tipos de comportamento, sem nem mesmo sentir que se tratam de\u00a0problemas s\u00e9rios. Somente\u00a0quando a rotina \u00e9 sujeita a testes de validade podemos\u00a0dizer que se trata de um instrumento positivo e necess\u00e1rio.<\/p>\n<p>Quando a rotina chega a\u00a0um extremo\u00a0de &#8220;v\u00edcio&#8221;, j\u00e1 est\u00e1 doente e vai precisar da ajuda de especialistas, medica\u00e7\u00e3o e tratamento especial para se livrar desta.<br \/>\n<strong>Os Tempos<\/strong><\/p>\n<p>Sem\u00a0querer dizer que os\u00a0tempos nos limitam ou nos escravizam, podemos dizer que existem\u00a0momentos ideais para determinadas atividades. No per\u00edodo em que digerimos a comida\u00a0ap\u00f3s uma boa refei\u00e7\u00e3o, n\u00e3o \u00e9 o melhor memento\u00a0para se exercitar. O clima seco e quente n\u00e3o \u00e9 o mais adequado para o plantio de uma \u00e1rvore. Tudo tem seu tempo adequado, aque com as\u00a0melhores condi\u00e7\u00f5es, com melhores chances de sucesso.<\/p>\n<p>A Tor\u00e1 nos ensina a\u00a0santificar o tempo. Quando entendemos que este \u00e9 o melhor momento para uma determinada atividade, e que, dentro de alguns poucos minutos, j\u00e1 n\u00e3o poderemos mais obt\u00ea-lo, o tempo se torna ouro puro.<\/p>\n<p>Conhecem isso, muito bem, todos\u00a0aqueles que estiveram frentes\u00a0\u00e0s portas da morte, percebendo que,\u00a0de repente, lhes havia terminado o\u00a0tempo. Nesta vida temos a oportunidade de agir, de fazer as coisas. Aquilo\u00a0que o Criador nos imp\u00f5e. Quando terminar este tempo, j\u00e1 n\u00e3o poderemos mais faz\u00ea-lo.<\/p>\n<p>E em algumas\u00a0\u00e9pocas do ano, est\u00e3o os\u00a0momentos ideais para obter algum conhecimento ou capacidade que, em outro momentos, pode ser\u00a0muito mais dif\u00edcil, ou mesmo,\u00a0imposs\u00edvel, de alcan\u00e7ar. Temos um tempo de alegria, na festa de Sucot. E temos, tamb\u00e9m, um tempo de liberdade.<br \/>\n<strong>A \u00c9poca da Liberdade<\/strong><\/p>\n<p>H\u00e1 3328 anos atr\u00e1s, as tribos dos filhos de Israel sairam da escravid\u00e3o do Egito para se tornar um povo livre. Sua liberdade come\u00e7ou no pr\u00f3prio\u00a0desejo de ser livre e querer aprender a desenvolver suas qualidades, assim como o fazemos nas sete semanas do Omer, que acontecem de Pessach \u00e0\u00a0Shavuot. Estas s\u00e3o semanas m\u00e1gicas nas quais\u00a0podemos alcan\u00e7ar os melhores resultados com menores esfor\u00e7os, seguindo\u00a0instru\u00e7\u00f5es milenares que j\u00e1 se mostraram eficazes.<\/p>\n<p>A Festa de Pessach \u00e9 chamada de &#8220;\u00e9poca da nossa liberdade&#8221;. E agora entendemos que n\u00e3o se trata, somente, de\u00a0uma liberdade f\u00edsica, mas tamb\u00e9m, intelectual e espiritual. Nestes dias nos \u00e9\u00a0mais f\u00e1cil se livrar de todas essas amarras que tem nos impedido de progredir ou nos estancado no mesmo lugar.<\/p>\n<p>A \u00e9poca prop\u00edcia para\u00a0se livrar dos grilh\u00f5es da rotina, da opress\u00e3o da coer\u00e7\u00e3o social ou da ignor\u00e2ncia. Um\u00a0tempo precioso que n\u00e3o deve ser desperdi\u00e7ado e sim utilizado para iniciar o processo de libera\u00e7\u00e3o de nossa escravid\u00e3o pessoal.<\/p>\n<p>E nacional. O povo de Israel est\u00e1 sujeito a uma s\u00e9rie de press\u00f5es internacionais, al\u00e9m de seus pr\u00f3prios problemas de &#8216;escravid\u00e3o&#8217; para as rotinas, preconceitos, falsas &#8220;tradi\u00e7\u00f5es&#8221; medievais que, como dizem nossos s\u00e1bios, temos a obriga\u00e7\u00e3o de erradicar de\u00a0dentro de n\u00f3s.<\/p>\n<p>Precisamos urgentemente de um processo de liberta\u00e7\u00e3o da ignor\u00e2ncia nacional em assuntos espirituais. O estudo da Tor\u00e1 deve atingir o n\u00edvel nacional. N\u00e3o somente que mais pessoas, indiv\u00edduos, estudem a sagrada Tor\u00e1, mas que seja feito\u00a0a n\u00edvel nacional. Que as quest\u00f5es pol\u00edticas sejam analisadas de acordo com os crit\u00e9rios da Tor\u00e1, atrav\u00e9s de\u00a0uma vis\u00e3o divina.<\/p>\n<p>N\u00e3o t\u00eamos\u00a0tempo a perder!<\/p>\n","protected":false},"excerpt":{"rendered":"<p>Coment\u00e1rio sobre a Festa de Pessach Pelo Rabino Nissan ben Avraham &nbsp; Ser\u00e1 que entendemos? Nossos s\u00e1bios nos garantem que a Tor\u00e1 \u00e9 a nossa verdadeira liberdade. \u00c9 estranho dizer algo assim, quando sabemos que a Tor\u00e1 est\u00e1 repleta\u00a0de mandamentos &#8211; 613, de acordo com&#8230;<\/p>\n","protected":false},"author":31,"featured_media":0,"comment_status":"open","ping_status":"open","sticky":false,"template":"","format":"standard","meta":{"give_campaign_id":0,"_exactmetrics_skip_tracking":false,"_exactmetrics_sitenote_active":false,"_exactmetrics_sitenote_note":"","_exactmetrics_sitenote_category":0,"ngg_post_thumbnail":0,"footnotes":""},"categories":[6749],"tags":[7025],"class_list":["post-137908","post","type-post","status-publish","format-standard","hentry","category-judaismoartigos","tag-festasliberdadepessach"],"yoast_head":"<!-- This site is optimized with the Yoast SEO plugin v27.4 - https:\/\/yoast.com\/product\/yoast-seo-wordpress\/ -->\n<title>Liberdade - Shavei Israel<\/title>\n<meta name=\"robots\" content=\"index, follow, max-snippet:-1, max-image-preview:large, max-video-preview:-1\" \/>\n<link rel=\"canonical\" href=\"https:\/\/www.shavei.org\/pt-br\/blog\/2021\/05\/27\/liberdade\/\" \/>\n<meta property=\"og:locale\" content=\"pt_BR\" \/>\n<meta property=\"og:type\" content=\"article\" \/>\n<meta property=\"og:title\" content=\"Liberdade - Shavei Israel\" \/>\n<meta property=\"og:description\" content=\"Coment\u00e1rio sobre a Festa de Pessach Pelo Rabino Nissan ben Avraham &nbsp; Ser\u00e1 que entendemos? Nossos s\u00e1bios nos garantem que a Tor\u00e1 \u00e9 a nossa verdadeira liberdade. \u00c9 estranho dizer algo assim, quando sabemos que a Tor\u00e1 est\u00e1 repleta\u00a0de mandamentos &#8211; 613, de acordo com...\" \/>\n<meta property=\"og:url\" content=\"https:\/\/www.shavei.org\/pt-br\/blog\/2021\/05\/27\/liberdade\/\" \/>\n<meta property=\"og:site_name\" content=\"Shavei Israel\" \/>\n<meta property=\"article:published_time\" content=\"2021-05-27T14:23:56+00:00\" \/>\n<meta property=\"og:image\" content=\"https:\/\/casadosanussim.shavei.org\/wp-content\/uploads\/2016\/04\/cego-surdo-mudo-300x119.jpg\" \/>\n<meta name=\"author\" content=\"daniella\" \/>\n<meta name=\"twitter:card\" content=\"summary_large_image\" \/>\n<meta name=\"twitter:label1\" content=\"Escrito por\" \/>\n\t<meta name=\"twitter:data1\" content=\"\" \/>\n\t<meta name=\"twitter:label2\" content=\"Est. tempo de leitura\" \/>\n\t<meta name=\"twitter:data2\" content=\"7 minutos\" \/>\n<script type=\"application\/ld+json\" class=\"yoast-schema-graph\">{\"@context\":\"https:\\\/\\\/schema.org\",\"@graph\":[{\"@type\":\"Article\",\"@id\":\"https:\\\/\\\/www.shavei.org\\\/pt-br\\\/blog\\\/2021\\\/05\\\/27\\\/liberdade\\\/#article\",\"isPartOf\":{\"@id\":\"https:\\\/\\\/www.shavei.org\\\/pt-br\\\/blog\\\/2021\\\/05\\\/27\\\/liberdade\\\/\"},\"author\":{\"name\":\"daniella\",\"@id\":\"https:\\\/\\\/www.shavei.org\\\/#\\\/schema\\\/person\\\/628be1364b127546c700d93458cf9e4c\"},\"headline\":\"Liberdade\",\"datePublished\":\"2021-05-27T14:23:56+00:00\",\"mainEntityOfPage\":{\"@id\":\"https:\\\/\\\/www.shavei.org\\\/pt-br\\\/blog\\\/2021\\\/05\\\/27\\\/liberdade\\\/\"},\"wordCount\":1376,\"commentCount\":0,\"publisher\":{\"@id\":\"https:\\\/\\\/www.shavei.org\\\/#organization\"},\"image\":{\"@id\":\"https:\\\/\\\/www.shavei.org\\\/pt-br\\\/blog\\\/2021\\\/05\\\/27\\\/liberdade\\\/#primaryimage\"},\"thumbnailUrl\":\"https:\\\/\\\/casadosanussim.shavei.org\\\/wp-content\\\/uploads\\\/2016\\\/04\\\/cego-surdo-mudo-300x119.jpg\",\"keywords\":[\"festas|liberdade|pessach\"],\"articleSection\":[\"JUDA\u00cdSMO&gt;Artigos\"],\"inLanguage\":\"pt-BR\",\"potentialAction\":[{\"@type\":\"CommentAction\",\"name\":\"Comment\",\"target\":[\"https:\\\/\\\/www.shavei.org\\\/pt-br\\\/blog\\\/2021\\\/05\\\/27\\\/liberdade\\\/#respond\"]}]},{\"@type\":\"WebPage\",\"@id\":\"https:\\\/\\\/www.shavei.org\\\/pt-br\\\/blog\\\/2021\\\/05\\\/27\\\/liberdade\\\/\",\"url\":\"https:\\\/\\\/www.shavei.org\\\/pt-br\\\/blog\\\/2021\\\/05\\\/27\\\/liberdade\\\/\",\"name\":\"Liberdade - Shavei Israel\",\"isPartOf\":{\"@id\":\"https:\\\/\\\/www.shavei.org\\\/#website\"},\"primaryImageOfPage\":{\"@id\":\"https:\\\/\\\/www.shavei.org\\\/pt-br\\\/blog\\\/2021\\\/05\\\/27\\\/liberdade\\\/#primaryimage\"},\"image\":{\"@id\":\"https:\\\/\\\/www.shavei.org\\\/pt-br\\\/blog\\\/2021\\\/05\\\/27\\\/liberdade\\\/#primaryimage\"},\"thumbnailUrl\":\"https:\\\/\\\/casadosanussim.shavei.org\\\/wp-content\\\/uploads\\\/2016\\\/04\\\/cego-surdo-mudo-300x119.jpg\",\"datePublished\":\"2021-05-27T14:23:56+00:00\",\"breadcrumb\":{\"@id\":\"https:\\\/\\\/www.shavei.org\\\/pt-br\\\/blog\\\/2021\\\/05\\\/27\\\/liberdade\\\/#breadcrumb\"},\"inLanguage\":\"pt-BR\",\"potentialAction\":[{\"@type\":\"ReadAction\",\"target\":[\"https:\\\/\\\/www.shavei.org\\\/pt-br\\\/blog\\\/2021\\\/05\\\/27\\\/liberdade\\\/\"]}]},{\"@type\":\"ImageObject\",\"inLanguage\":\"pt-BR\",\"@id\":\"https:\\\/\\\/www.shavei.org\\\/pt-br\\\/blog\\\/2021\\\/05\\\/27\\\/liberdade\\\/#primaryimage\",\"url\":\"https:\\\/\\\/casadosanussim.shavei.org\\\/wp-content\\\/uploads\\\/2016\\\/04\\\/cego-surdo-mudo-300x119.jpg\",\"contentUrl\":\"https:\\\/\\\/casadosanussim.shavei.org\\\/wp-content\\\/uploads\\\/2016\\\/04\\\/cego-surdo-mudo-300x119.jpg\"},{\"@type\":\"BreadcrumbList\",\"@id\":\"https:\\\/\\\/www.shavei.org\\\/pt-br\\\/blog\\\/2021\\\/05\\\/27\\\/liberdade\\\/#breadcrumb\",\"itemListElement\":[{\"@type\":\"ListItem\",\"position\":1,\"name\":\"Home\",\"item\":\"https:\\\/\\\/www.shavei.org\\\/\"},{\"@type\":\"ListItem\",\"position\":2,\"name\":\"Liberdade\"}]},{\"@type\":\"WebSite\",\"@id\":\"https:\\\/\\\/www.shavei.org\\\/#website\",\"url\":\"https:\\\/\\\/www.shavei.org\\\/\",\"name\":\"Shavei Israel\",\"description\":\"One nation, many faces. We help them all return.\",\"publisher\":{\"@id\":\"https:\\\/\\\/www.shavei.org\\\/#organization\"},\"potentialAction\":[{\"@type\":\"SearchAction\",\"target\":{\"@type\":\"EntryPoint\",\"urlTemplate\":\"https:\\\/\\\/www.shavei.org\\\/?s={search_term_string}\"},\"query-input\":{\"@type\":\"PropertyValueSpecification\",\"valueRequired\":true,\"valueName\":\"search_term_string\"}}],\"inLanguage\":\"pt-BR\"},{\"@type\":\"Organization\",\"@id\":\"https:\\\/\\\/www.shavei.org\\\/#organization\",\"name\":\"Shavei Israel\",\"url\":\"https:\\\/\\\/www.shavei.org\\\/\",\"logo\":{\"@type\":\"ImageObject\",\"inLanguage\":\"pt-BR\",\"@id\":\"https:\\\/\\\/www.shavei.org\\\/#\\\/schema\\\/logo\\\/image\\\/\",\"url\":\"https:\\\/\\\/www.shavei.org\\\/wp-content\\\/uploads\\\/2017\\\/10\\\/shavei-logo.jpg\",\"contentUrl\":\"https:\\\/\\\/www.shavei.org\\\/wp-content\\\/uploads\\\/2017\\\/10\\\/shavei-logo.jpg\",\"width\":300,\"height\":285,\"caption\":\"Shavei Israel\"},\"image\":{\"@id\":\"https:\\\/\\\/www.shavei.org\\\/#\\\/schema\\\/logo\\\/image\\\/\"}},{\"@type\":\"Person\",\"@id\":\"https:\\\/\\\/www.shavei.org\\\/#\\\/schema\\\/person\\\/628be1364b127546c700d93458cf9e4c\",\"name\":\"daniella\",\"image\":{\"@type\":\"ImageObject\",\"inLanguage\":\"pt-BR\",\"@id\":\"https:\\\/\\\/secure.gravatar.com\\\/avatar\\\/bf8b97193609e61ba4fd9bacc2cb0ef6ed3fbf5eb2df25350c1e263020233ff8?s=96&d=mm&r=g\",\"url\":\"https:\\\/\\\/secure.gravatar.com\\\/avatar\\\/bf8b97193609e61ba4fd9bacc2cb0ef6ed3fbf5eb2df25350c1e263020233ff8?s=96&d=mm&r=g\",\"contentUrl\":\"https:\\\/\\\/secure.gravatar.com\\\/avatar\\\/bf8b97193609e61ba4fd9bacc2cb0ef6ed3fbf5eb2df25350c1e263020233ff8?s=96&d=mm&r=g\",\"caption\":\"daniella\"},\"url\":\"https:\\\/\\\/www.shavei.org\\\/pt-br\\\/blog\\\/author\\\/daniella\\\/\"}]}<\/script>\n<!-- \/ Yoast SEO plugin. -->","yoast_head_json":{"title":"Liberdade - Shavei Israel","robots":{"index":"index","follow":"follow","max-snippet":"max-snippet:-1","max-image-preview":"max-image-preview:large","max-video-preview":"max-video-preview:-1"},"canonical":"https:\/\/www.shavei.org\/pt-br\/blog\/2021\/05\/27\/liberdade\/","og_locale":"pt_BR","og_type":"article","og_title":"Liberdade - Shavei Israel","og_description":"Coment\u00e1rio sobre a Festa de Pessach Pelo Rabino Nissan ben Avraham &nbsp; Ser\u00e1 que entendemos? Nossos s\u00e1bios nos garantem que a Tor\u00e1 \u00e9 a nossa verdadeira liberdade. \u00c9 estranho dizer algo assim, quando sabemos que a Tor\u00e1 est\u00e1 repleta\u00a0de mandamentos &#8211; 613, de acordo com...","og_url":"https:\/\/www.shavei.org\/pt-br\/blog\/2021\/05\/27\/liberdade\/","og_site_name":"Shavei Israel","article_published_time":"2021-05-27T14:23:56+00:00","og_image":[{"url":"https:\/\/casadosanussim.shavei.org\/wp-content\/uploads\/2016\/04\/cego-surdo-mudo-300x119.jpg","type":"","width":"","height":""}],"author":"daniella","twitter_card":"summary_large_image","twitter_misc":{"Escrito por":false,"Est. tempo de leitura":"7 minutos"},"schema":{"@context":"https:\/\/schema.org","@graph":[{"@type":"Article","@id":"https:\/\/www.shavei.org\/pt-br\/blog\/2021\/05\/27\/liberdade\/#article","isPartOf":{"@id":"https:\/\/www.shavei.org\/pt-br\/blog\/2021\/05\/27\/liberdade\/"},"author":{"name":"daniella","@id":"https:\/\/www.shavei.org\/#\/schema\/person\/628be1364b127546c700d93458cf9e4c"},"headline":"Liberdade","datePublished":"2021-05-27T14:23:56+00:00","mainEntityOfPage":{"@id":"https:\/\/www.shavei.org\/pt-br\/blog\/2021\/05\/27\/liberdade\/"},"wordCount":1376,"commentCount":0,"publisher":{"@id":"https:\/\/www.shavei.org\/#organization"},"image":{"@id":"https:\/\/www.shavei.org\/pt-br\/blog\/2021\/05\/27\/liberdade\/#primaryimage"},"thumbnailUrl":"https:\/\/casadosanussim.shavei.org\/wp-content\/uploads\/2016\/04\/cego-surdo-mudo-300x119.jpg","keywords":["festas|liberdade|pessach"],"articleSection":["JUDA\u00cdSMO&gt;Artigos"],"inLanguage":"pt-BR","potentialAction":[{"@type":"CommentAction","name":"Comment","target":["https:\/\/www.shavei.org\/pt-br\/blog\/2021\/05\/27\/liberdade\/#respond"]}]},{"@type":"WebPage","@id":"https:\/\/www.shavei.org\/pt-br\/blog\/2021\/05\/27\/liberdade\/","url":"https:\/\/www.shavei.org\/pt-br\/blog\/2021\/05\/27\/liberdade\/","name":"Liberdade - Shavei Israel","isPartOf":{"@id":"https:\/\/www.shavei.org\/#website"},"primaryImageOfPage":{"@id":"https:\/\/www.shavei.org\/pt-br\/blog\/2021\/05\/27\/liberdade\/#primaryimage"},"image":{"@id":"https:\/\/www.shavei.org\/pt-br\/blog\/2021\/05\/27\/liberdade\/#primaryimage"},"thumbnailUrl":"https:\/\/casadosanussim.shavei.org\/wp-content\/uploads\/2016\/04\/cego-surdo-mudo-300x119.jpg","datePublished":"2021-05-27T14:23:56+00:00","breadcrumb":{"@id":"https:\/\/www.shavei.org\/pt-br\/blog\/2021\/05\/27\/liberdade\/#breadcrumb"},"inLanguage":"pt-BR","potentialAction":[{"@type":"ReadAction","target":["https:\/\/www.shavei.org\/pt-br\/blog\/2021\/05\/27\/liberdade\/"]}]},{"@type":"ImageObject","inLanguage":"pt-BR","@id":"https:\/\/www.shavei.org\/pt-br\/blog\/2021\/05\/27\/liberdade\/#primaryimage","url":"https:\/\/casadosanussim.shavei.org\/wp-content\/uploads\/2016\/04\/cego-surdo-mudo-300x119.jpg","contentUrl":"https:\/\/casadosanussim.shavei.org\/wp-content\/uploads\/2016\/04\/cego-surdo-mudo-300x119.jpg"},{"@type":"BreadcrumbList","@id":"https:\/\/www.shavei.org\/pt-br\/blog\/2021\/05\/27\/liberdade\/#breadcrumb","itemListElement":[{"@type":"ListItem","position":1,"name":"Home","item":"https:\/\/www.shavei.org\/"},{"@type":"ListItem","position":2,"name":"Liberdade"}]},{"@type":"WebSite","@id":"https:\/\/www.shavei.org\/#website","url":"https:\/\/www.shavei.org\/","name":"Shavei Israel","description":"One nation, many faces. We help them all return.","publisher":{"@id":"https:\/\/www.shavei.org\/#organization"},"potentialAction":[{"@type":"SearchAction","target":{"@type":"EntryPoint","urlTemplate":"https:\/\/www.shavei.org\/?s={search_term_string}"},"query-input":{"@type":"PropertyValueSpecification","valueRequired":true,"valueName":"search_term_string"}}],"inLanguage":"pt-BR"},{"@type":"Organization","@id":"https:\/\/www.shavei.org\/#organization","name":"Shavei Israel","url":"https:\/\/www.shavei.org\/","logo":{"@type":"ImageObject","inLanguage":"pt-BR","@id":"https:\/\/www.shavei.org\/#\/schema\/logo\/image\/","url":"https:\/\/www.shavei.org\/wp-content\/uploads\/2017\/10\/shavei-logo.jpg","contentUrl":"https:\/\/www.shavei.org\/wp-content\/uploads\/2017\/10\/shavei-logo.jpg","width":300,"height":285,"caption":"Shavei Israel"},"image":{"@id":"https:\/\/www.shavei.org\/#\/schema\/logo\/image\/"}},{"@type":"Person","@id":"https:\/\/www.shavei.org\/#\/schema\/person\/628be1364b127546c700d93458cf9e4c","name":"daniella","image":{"@type":"ImageObject","inLanguage":"pt-BR","@id":"https:\/\/secure.gravatar.com\/avatar\/bf8b97193609e61ba4fd9bacc2cb0ef6ed3fbf5eb2df25350c1e263020233ff8?s=96&d=mm&r=g","url":"https:\/\/secure.gravatar.com\/avatar\/bf8b97193609e61ba4fd9bacc2cb0ef6ed3fbf5eb2df25350c1e263020233ff8?s=96&d=mm&r=g","contentUrl":"https:\/\/secure.gravatar.com\/avatar\/bf8b97193609e61ba4fd9bacc2cb0ef6ed3fbf5eb2df25350c1e263020233ff8?s=96&d=mm&r=g","caption":"daniella"},"url":"https:\/\/www.shavei.org\/pt-br\/blog\/author\/daniella\/"}]}},"_links":{"self":[{"href":"https:\/\/www.shavei.org\/pt-br\/wp-json\/wp\/v2\/posts\/137908","targetHints":{"allow":["GET"]}}],"collection":[{"href":"https:\/\/www.shavei.org\/pt-br\/wp-json\/wp\/v2\/posts"}],"about":[{"href":"https:\/\/www.shavei.org\/pt-br\/wp-json\/wp\/v2\/types\/post"}],"author":[{"embeddable":true,"href":"https:\/\/www.shavei.org\/pt-br\/wp-json\/wp\/v2\/users\/31"}],"replies":[{"embeddable":true,"href":"https:\/\/www.shavei.org\/pt-br\/wp-json\/wp\/v2\/comments?post=137908"}],"version-history":[{"count":0,"href":"https:\/\/www.shavei.org\/pt-br\/wp-json\/wp\/v2\/posts\/137908\/revisions"}],"wp:attachment":[{"href":"https:\/\/www.shavei.org\/pt-br\/wp-json\/wp\/v2\/media?parent=137908"}],"wp:term":[{"taxonomy":"category","embeddable":true,"href":"https:\/\/www.shavei.org\/pt-br\/wp-json\/wp\/v2\/categories?post=137908"},{"taxonomy":"post_tag","embeddable":true,"href":"https:\/\/www.shavei.org\/pt-br\/wp-json\/wp\/v2\/tags?post=137908"}],"curies":[{"name":"wp","href":"https:\/\/api.w.org\/{rel}","templated":true}]}}