{"id":137891,"date":"2021-05-27T16:23:28","date_gmt":"2021-05-27T14:23:28","guid":{"rendered":"https:\/\/www.shavei.org\/blog\/2021\/05\/27\/a-halacha-dos-horarios-o-que-fazemos-se-perdemos-os-horarios-das-rezas-da-manha-e-da-noite\/"},"modified":"2021-05-27T16:23:28","modified_gmt":"2021-05-27T14:23:28","slug":"a-halacha-dos-horarios-o-que-fazemos-se-perdemos-os-horarios-das-rezas-da-manha-e-da-noite","status":"publish","type":"post","link":"https:\/\/www.shavei.org\/pt-br\/blog\/2021\/05\/27\/a-halacha-dos-horarios-o-que-fazemos-se-perdemos-os-horarios-das-rezas-da-manha-e-da-noite\/","title":{"rendered":"A Halach\u00e1 dos Hor\u00e1rios!  &#8211; O que fazemos se perdemos os hor\u00e1rios das rezas da manh\u00e3 e da noite?"},"content":{"rendered":"<p><!--:en--><strong><span style=\"line-height: 1.5em;\"><img decoding=\"async\" class=\"alignright size-full wp-image-15862\" src=\"https:\/\/www.shaveiisrael.com\/wp-content\/uploads\/2015\/03\/2257229200612211317.jpg\" alt=\"2257229200612211317\" width=\"300\" height=\"225\" \/>Shacharit e Maariv<\/span><\/strong><\/p>\n<p>\u00c0s vezes, nos surge a oportunidade de orar antes da hora determinada pela Halach\u00e1 (lei judaica) para faz\u00ea-lo, por exemplo, no ver\u00e3o, quando se escurece relativamente tarde, ou, quando vamos viajar e ele n\u00e3o temos outra escolha a n\u00e3o ser orar cedo para poder desfrutar a paz de esp\u00edrito necess\u00e1ria para que a ora\u00e7\u00e3o seja feita com a devida aten\u00e7\u00e3o.<\/p>\n<p>Como sabemos, o hor\u00e1rio da ora\u00e7\u00e3o matutina, &#8216;Shacharit&#8217;, come\u00e7a com a primeira luz da manh\u00e3 e \u00e0 da noite, &#8216;Maariv&#8217;, come\u00e7a com o p\u00f4r do sol ou, de acordo com a opini\u00e3o mais difundida, quando se escurece.<\/p>\n<p>Na verdade, existem duas partes importantes em cada uma destas ora\u00e7\u00f5es &#8211; a matutina e a noturna: a primeira se trata da leitura do &#8220;Shem\u00e1 Israel&#8221;, e, a outra \u00e9 a pr\u00f3pria reza, a &#8220;Amid\u00e1&#8221;, que tamb\u00e9m \u00e9 proferida na reza da tarde, a reza de &#8220;Minch\u00e1&#8221;. Na teoria, estas duas partes n\u00e3o est\u00e3o relacionados uma com a outra, mas j\u00e1 desde a \u00e9poca do Talmud, ou mesmo da Mishn\u00e1, estas foram colocadas juntas, por causa de uma Halach\u00e1 que diz que a &#8220;Amid\u00e1&#8221; deve ser recitada imediatamente ap\u00f3s a leitura do &#8220;Shem\u00e1&#8221;. E assim escreve o Maim\u00f4nides (Leis de Ora\u00e7\u00e3o, cap\u00edtulo 7:17-18; 9:1-2 e 9:9). Por\u00e9m, ainda assim, existem algumas leis que diferem entre as duas partes, especialmente, ao se tratar dos hor\u00e1rios.<\/p>\n<p>Os hor\u00e1rios da leitura do &#8220;Shem\u00e1&#8221;, \u00e0 noite, foram estabelecidos pela Mishn\u00e1 (Brachot 1:1) como sendo &#8220;a partir do momento em que os sacerdotes entravam para comer as oferendas&#8221;, ou seja, com o in\u00edcio das estrelas. (Ibid. 2b) Embora o Talmud apresente algumas outras opini\u00f5es sobre este assunto, o Maim\u00f4nides (Leis de Leitura Shem\u00e1 1:9) afirma que esta opini\u00e3o \u00e9 a correta, e assim tamb\u00e9m afirma o Shulchan Aruch (235:1).<strong><br \/>\n<\/strong><!--:--><!--more--><!--:en--><\/p>\n<p><strong>Controv\u00e9rsia sobre &#8216;Maariv&#8217;<\/strong><\/p>\n<p>No que diz respeito \u00e0 reza de Maariv, esta depende de uma discuss\u00e3o entre dois s\u00e1bios talm\u00fadicos sobre at\u00e9 que horas se pode rezar a ora\u00e7\u00e3o de Minch\u00e1 (da tarde). Alguns s\u00e1bios acreditam que a ora\u00e7\u00e3o de Minch\u00e1 pode ser feita at\u00e9 \u00e0 noite, enquanto que, o Rabino Yehuda diz que \u00e9 at\u00e9 &#8220;Plag Minch\u00e1&#8221;, ou seja, cerca de uma hora e quarto, antes do final do dia, e imediatamente ap\u00f3s este hor\u00e1rio, come\u00e7a o hor\u00e1rio de Maariv. Esta controv\u00e9rsia n\u00e3o foi determinada, permitindo que as pessoas escolham entre seguir a opini\u00e3o de Rabi Yehuda ou a opini\u00e3o dos outros S\u00e1bios. Contudo, esta falta de decis\u00e3o hal\u00e1chica permite casos absurdos, como uma situa\u00e7\u00e3o em que um est\u00e1 orando a reza de Minch\u00e1 &#8211; seguindo a opini\u00e3o dos S\u00e1bios &#8211; e outro j\u00e1 est\u00e1 orando a reza de Maariv &#8211; de acordo com a opini\u00e3o do Rabi Yehuda (ou at\u00e9 mesmo rezando Minch\u00e1, depois que o outro rezou Maariv). Pode acontecer, tamb\u00e9m, que uma pessoa pode rezar Minch\u00e1 um dia depois do p\u00f4r do sol, de acordo com uma opini\u00e3o, e no outro dia, Maariv, antes do p\u00f4r do sol, de acordo com outra opini\u00e3o. O que n\u00e3o se permite fazer \u00e9 rezar ambas as ora\u00e7\u00f5es entre o &#8220;Plag Minch\u00e1&#8221; e o escurecer, no mesmo dia, pois assim estar\u00e1 se utilizando de duas opini\u00f5es contradit\u00f3ria no mesmo caso.<\/p>\n<p><strong>Leitura Antecipada do Shem\u00e1<\/strong><\/p>\n<p>Quando os judeus chegaram nas terras do norte da Europa, se depararam com muitas dificuldades para cumprir com essas leis e, assim, os primeiros rabinos come\u00e7aram a escrever para estes, no ver\u00e3o, lerem o Shem\u00e1 e realizar a ora\u00e7\u00e3o de Maariv antes do anoitecer.<\/p>\n<p>Parece claro que, antes do sol se p\u00f4r, ainda n\u00e3o se pode cumprir com a obriga\u00e7\u00e3o de ler o Shem\u00e1, e, portanto, esta situa\u00e7\u00e3o apenas resolve o problema da Amid\u00e1 de Maariv. J\u00e1 o Talmude de Jerusal\u00e9m, permite rezar o Maariv e ler o Shem\u00e1 mais cedo, quando \u00e9 dif\u00edcil encontrar pessoas para rezarem juntas depois do p\u00f4r do sol, contudo, a leitura do Shem\u00e1, deve ser feita como se estivesse estudando a Tor\u00e1 (com a melodia da Leitura da Tor\u00e1).<\/p>\n<p>Entretanto, o comentarista Rashi diz que deve-se ler o Shem\u00e1 novamente na cama antes de dormir (com a inten\u00e7\u00e3o de cumprir com a obriga\u00e7\u00e3o do Shem\u00e1 da noite), para assim, cumprir com a obriga\u00e7\u00e3o principal da Tor\u00e1, uma vez que, na primeira vez que o fez, foi antes de seu tempo, e assim, n\u00e3o foi v\u00e1lido. Na verdade, se poderia cumprir com o Shem\u00e1 a qualquer momento, ap\u00f3s escurecer, mas orientou a faz\u00ea-lo na cama, temendo que, caso n\u00e3o estipulasse um hor\u00e1rio fixo, as pessoas esqueceriam de repeti-lo depois de escurecer e n\u00e3o colocariam a inten\u00e7\u00e3o necess\u00e1ria na hora de ler o Shem\u00e1 na cama, n\u00e3o cumprindo com a obriga\u00e7\u00e3o, de acordo com alguns s\u00e1bios.<\/p>\n<p>Mas h\u00e1 um outro parecer do neto de Rashi, o Rabenu Tam, que sustenta a id\u00e9ia de que, de acordo com o Rabi Yehuda, quando come\u00e7a o hor\u00e1rio da ora\u00e7\u00e3o de Maariv &#8211; at\u00e9 uma hora e quarto antes do p\u00f4r do sol &#8211; come\u00e7a tamb\u00e9m o hor\u00e1rio que se pode ler o Shem\u00e1, j\u00e1 que, neste momento come\u00e7a a &#8220;noite&#8221;.<\/p>\n<p><strong>Final do Dia<\/strong><\/p>\n<p>Falamos aqui do conceito &#8220;fim do dia&#8221;, que refere-se ao p\u00f4r do sol ou da sa\u00edda das estrelas, quando j\u00e1 est\u00e1 escuro. Tamb\u00e9m na manh\u00e3, existem dois momentos: o amanhecer, quando sai a primeira luz do dia e o nascer do sol, quando o sol aparece atr\u00e1s do horizonte.<\/p>\n<p>H\u00e1 alguns vers\u00edculos do Livro de Neemias (Neemias 4:15-16) que dizem que os oper\u00e1rios trabalhavam de dia e faziam a seguran\u00e7a de noite, e o trabalho come\u00e7ava na madrugada e terminava com o in\u00edcio das estrelas. Parece, ent\u00e3o, que estes s\u00e3o os limites, do dia e da noite. Mas existem outras opini\u00f5es que dizem que a plenitude do dia \u00e9 somente com a luz do sol, e o dia se caracteriza pela presen\u00e7a do sol: desde seu nascer at\u00e9 este se p\u00f4r. Portanto, desde o momento do p\u00f4r do sol, at\u00e9 a sa\u00edda das estrelas, quando j\u00e1 est\u00e1 escuro, existe um momento em que \u00e9 n\u00e3o \u00e9 nem dia e nem noite.<\/p>\n<p>No entanto, ainda existem muitas d\u00favidas sobre o assunto, pois nem sempre se podia ver o horizonte, tanto pois as montanhas o escondiam, ou pois aqueles que viviam em Tiberias, no vale do Kinneret, cerca de duzentos metros abaixo do n\u00edvel do mar, tinham a leste, as montanhas do Golan e, a oeste, as plan\u00edcies de Izre&#8217;el, que os impediam de ver. Mas na pr\u00e1tica, estas montanhas distantes, como as de Golan e Moabe, eram consideradas o horizonte, apesar de estarem entre quinhentos e mil metros de altura, pois como estavam pr\u00f3ximas, \u00e9 como se estivessem nesta altura.<\/p>\n<p><strong>Tempo Padr\u00e3o<\/strong><\/p>\n<p>J\u00e1 o Talmud estabeleceu um hor\u00e1rio padr\u00e3o para o hor\u00e1rio entre o amanhecer e o nascer do sol: o tempo de caminhar quatro ou cinco quil\u00f4metros, onde cada quil\u00f4metro \u00e9 menos de um ter\u00e7o de hora, normalmente calculado como sendo, o amanhecer, 72 minutos (18\u00d74) antes do nascer do sol. \u00c9 claro que isso depende da esta\u00e7\u00e3o e do lugar, uma vez que o crep\u00fasculo nos tr\u00f3picos \u00e9 muito mais curto do que nos pa\u00edses n\u00f3rdicos.<\/p>\n<p>Quanto a noite, existem v\u00e1rias opini\u00f5es sobre como calcul\u00e1-la, de acordo com o Talmud. Uma opini\u00e3o sustenta que a &#8220;escurid\u00e3o&#8221; come\u00e7a, aproximadamente, 13 minutos ap\u00f3s o p\u00f4r do sol, enquanto que outra opini\u00e3o defende que \u00e9, 72 minutos ap\u00f3s o p\u00f4r do sol. A primeira opini\u00e3o \u00e9 tradicionalmente a mais aceita na Terra de Israel, desde os tempos imemoriais. Alguns s\u00e1bios acreditam que o segundo c\u00e1lculo est\u00e1 correto e por este motivo n\u00e3o se faz a Havdal\u00e1 (ritual que se despede do Shabat) antes destes 72 minutos que se seguem ao p\u00f4r do sol, no s\u00e1bado a noite.<\/p>\n<p><strong>Sa\u00edda das Estrelas<\/strong><\/p>\n<p>A express\u00e3o &#8220;sa\u00edda das estrelas&#8221; refere-se a estrelas medianas, que n\u00e3o podem ser vistas durante o &#8220;dia&#8221;, ou t\u00e3o pequenas que apenas s\u00e3o notadas durante a &#8220;noite&#8221;, como ensina o Talmud: &#8220;uma (estrela) &#8211; ainda \u00e9 dia; tr\u00eas (estrelas) &#8211; \u00e9 noite; duas (estrelas) &#8211; n\u00e3o se pode definir o que \u00e9. Que n\u00e3o sejam (estrelas) nem muito grandes e nem muito pequenas, e sim medianas&#8221;. Isso tamb\u00e9m depende da \u00e9poca e da localiza\u00e7\u00e3o geogr\u00e1fica, embora a maioria das pessoas atualmente, confiem no c\u00e1lculo padr\u00e3o estabelecido, sem se atentar para as estrelas no c\u00e9u. Atualmente \u00e9 muito dif\u00edcil ver as estrelas nas cidades, pois, a luz el\u00e9trica deslumbra e impede que estas sejam vistas, e, portanto, quando se pode ver tr\u00eas estrelas, mesmo as grandes, \u00e9 um sinal de que as medianas, em teoria, tamb\u00e9m j\u00e1 est\u00e3o vis\u00edveis e, portanto, pode-se concluir que se terminou o Shabat e fazer a Havdal\u00e1.<\/p>\n<p>Este \u00e9 um resumo pr\u00e1tico, uma vez que a quest\u00e3o dos hor\u00e1rios Hal\u00e1chicos \u00e9 um dos mais controversos temas, hoje em dia, e cada vez lan\u00e7am mais e mais livros e artigos sobre as diferentes opini\u00f5es e como aplic\u00e1-las na pr\u00e1tica. Fui ajudado em parte pelo resumo do livro &#8220;Mishn\u00e9 Tor\u00e1&#8221;, e o &#8220;Sefer Ahava&#8221;, publicado pela Koren Jerusal\u00e9m.<!--:--><!--:es--><\/p>\n<p><!--:--><\/p>\n","protected":false},"excerpt":{"rendered":"<p>Shacharit e Maariv \u00c0s vezes, nos surge a oportunidade de orar antes da hora determinada pela Halach\u00e1 (lei judaica) para faz\u00ea-lo, por exemplo, no ver\u00e3o, quando se escurece relativamente tarde, ou, quando vamos viajar e ele n\u00e3o temos outra escolha a n\u00e3o ser orar cedo&#8230;<\/p>\n","protected":false},"author":31,"featured_media":0,"comment_status":"open","ping_status":"open","sticky":false,"template":"","format":"standard","meta":{"give_campaign_id":0,"_exactmetrics_skip_tracking":false,"_exactmetrics_sitenote_active":false,"_exactmetrics_sitenote_note":"","_exactmetrics_sitenote_category":0,"ngg_post_thumbnail":0,"footnotes":""},"categories":[6749],"tags":[7011],"class_list":["post-137891","post","type-post","status-publish","format-standard","hentry","category-judaismoartigos","tag-judaismorezasabedoria-judaicashema-israel"],"yoast_head":"<!-- This site is optimized with the Yoast SEO plugin v27.4 - https:\/\/yoast.com\/product\/yoast-seo-wordpress\/ -->\n<title>A Halach\u00e1 dos Hor\u00e1rios! - O que fazemos se perdemos os hor\u00e1rios das rezas da manh\u00e3 e da noite? - Shavei Israel<\/title>\n<meta name=\"robots\" content=\"index, follow, max-snippet:-1, max-image-preview:large, max-video-preview:-1\" \/>\n<link rel=\"canonical\" href=\"https:\/\/www.shavei.org\/pt-br\/blog\/2021\/05\/27\/a-halacha-dos-horarios-o-que-fazemos-se-perdemos-os-horarios-das-rezas-da-manha-e-da-noite\/\" \/>\n<meta property=\"og:locale\" content=\"pt_BR\" \/>\n<meta property=\"og:type\" content=\"article\" \/>\n<meta property=\"og:title\" content=\"A Halach\u00e1 dos Hor\u00e1rios! - O que fazemos se perdemos os hor\u00e1rios das rezas da manh\u00e3 e da noite? - Shavei Israel\" \/>\n<meta property=\"og:description\" content=\"Shacharit e Maariv \u00c0s vezes, nos surge a oportunidade de orar antes da hora determinada pela Halach\u00e1 (lei judaica) para faz\u00ea-lo, por exemplo, no ver\u00e3o, quando se escurece relativamente tarde, ou, quando vamos viajar e ele n\u00e3o temos outra escolha a n\u00e3o ser orar cedo...\" \/>\n<meta property=\"og:url\" content=\"https:\/\/www.shavei.org\/pt-br\/blog\/2021\/05\/27\/a-halacha-dos-horarios-o-que-fazemos-se-perdemos-os-horarios-das-rezas-da-manha-e-da-noite\/\" \/>\n<meta property=\"og:site_name\" content=\"Shavei Israel\" \/>\n<meta property=\"article:published_time\" content=\"2021-05-27T14:23:28+00:00\" \/>\n<meta property=\"og:image\" content=\"https:\/\/www.shaveiisrael.com\/wp-content\/uploads\/2015\/03\/2257229200612211317.jpg\" \/>\n<meta name=\"author\" content=\"daniella\" \/>\n<meta name=\"twitter:card\" content=\"summary_large_image\" \/>\n<meta name=\"twitter:label1\" content=\"Escrito por\" \/>\n\t<meta name=\"twitter:data1\" content=\"\" \/>\n\t<meta name=\"twitter:label2\" content=\"Est. tempo de leitura\" \/>\n\t<meta name=\"twitter:data2\" content=\"8 minutos\" \/>\n<script type=\"application\/ld+json\" class=\"yoast-schema-graph\">{\"@context\":\"https:\\\/\\\/schema.org\",\"@graph\":[{\"@type\":\"Article\",\"@id\":\"https:\\\/\\\/www.shavei.org\\\/pt-br\\\/blog\\\/2021\\\/05\\\/27\\\/a-halacha-dos-horarios-o-que-fazemos-se-perdemos-os-horarios-das-rezas-da-manha-e-da-noite\\\/#article\",\"isPartOf\":{\"@id\":\"https:\\\/\\\/www.shavei.org\\\/pt-br\\\/blog\\\/2021\\\/05\\\/27\\\/a-halacha-dos-horarios-o-que-fazemos-se-perdemos-os-horarios-das-rezas-da-manha-e-da-noite\\\/\"},\"author\":{\"name\":\"daniella\",\"@id\":\"https:\\\/\\\/www.shavei.org\\\/#\\\/schema\\\/person\\\/628be1364b127546c700d93458cf9e4c\"},\"headline\":\"A Halach\u00e1 dos Hor\u00e1rios! &#8211; O que fazemos se perdemos os hor\u00e1rios das rezas da manh\u00e3 e da noite?\",\"datePublished\":\"2021-05-27T14:23:28+00:00\",\"mainEntityOfPage\":{\"@id\":\"https:\\\/\\\/www.shavei.org\\\/pt-br\\\/blog\\\/2021\\\/05\\\/27\\\/a-halacha-dos-horarios-o-que-fazemos-se-perdemos-os-horarios-das-rezas-da-manha-e-da-noite\\\/\"},\"wordCount\":1644,\"commentCount\":0,\"publisher\":{\"@id\":\"https:\\\/\\\/www.shavei.org\\\/#organization\"},\"image\":{\"@id\":\"https:\\\/\\\/www.shavei.org\\\/pt-br\\\/blog\\\/2021\\\/05\\\/27\\\/a-halacha-dos-horarios-o-que-fazemos-se-perdemos-os-horarios-das-rezas-da-manha-e-da-noite\\\/#primaryimage\"},\"thumbnailUrl\":\"https:\\\/\\\/www.shaveiisrael.com\\\/wp-content\\\/uploads\\\/2015\\\/03\\\/2257229200612211317.jpg\",\"keywords\":[\"juda\u00edsmo|reza|sabedoria judaica|shema israel\"],\"articleSection\":[\"JUDA\u00cdSMO&gt;Artigos\"],\"inLanguage\":\"pt-BR\",\"potentialAction\":[{\"@type\":\"CommentAction\",\"name\":\"Comment\",\"target\":[\"https:\\\/\\\/www.shavei.org\\\/pt-br\\\/blog\\\/2021\\\/05\\\/27\\\/a-halacha-dos-horarios-o-que-fazemos-se-perdemos-os-horarios-das-rezas-da-manha-e-da-noite\\\/#respond\"]}]},{\"@type\":\"WebPage\",\"@id\":\"https:\\\/\\\/www.shavei.org\\\/pt-br\\\/blog\\\/2021\\\/05\\\/27\\\/a-halacha-dos-horarios-o-que-fazemos-se-perdemos-os-horarios-das-rezas-da-manha-e-da-noite\\\/\",\"url\":\"https:\\\/\\\/www.shavei.org\\\/pt-br\\\/blog\\\/2021\\\/05\\\/27\\\/a-halacha-dos-horarios-o-que-fazemos-se-perdemos-os-horarios-das-rezas-da-manha-e-da-noite\\\/\",\"name\":\"A Halach\u00e1 dos Hor\u00e1rios! - O que fazemos se perdemos os hor\u00e1rios das rezas da manh\u00e3 e da noite? - Shavei Israel\",\"isPartOf\":{\"@id\":\"https:\\\/\\\/www.shavei.org\\\/#website\"},\"primaryImageOfPage\":{\"@id\":\"https:\\\/\\\/www.shavei.org\\\/pt-br\\\/blog\\\/2021\\\/05\\\/27\\\/a-halacha-dos-horarios-o-que-fazemos-se-perdemos-os-horarios-das-rezas-da-manha-e-da-noite\\\/#primaryimage\"},\"image\":{\"@id\":\"https:\\\/\\\/www.shavei.org\\\/pt-br\\\/blog\\\/2021\\\/05\\\/27\\\/a-halacha-dos-horarios-o-que-fazemos-se-perdemos-os-horarios-das-rezas-da-manha-e-da-noite\\\/#primaryimage\"},\"thumbnailUrl\":\"https:\\\/\\\/www.shaveiisrael.com\\\/wp-content\\\/uploads\\\/2015\\\/03\\\/2257229200612211317.jpg\",\"datePublished\":\"2021-05-27T14:23:28+00:00\",\"breadcrumb\":{\"@id\":\"https:\\\/\\\/www.shavei.org\\\/pt-br\\\/blog\\\/2021\\\/05\\\/27\\\/a-halacha-dos-horarios-o-que-fazemos-se-perdemos-os-horarios-das-rezas-da-manha-e-da-noite\\\/#breadcrumb\"},\"inLanguage\":\"pt-BR\",\"potentialAction\":[{\"@type\":\"ReadAction\",\"target\":[\"https:\\\/\\\/www.shavei.org\\\/pt-br\\\/blog\\\/2021\\\/05\\\/27\\\/a-halacha-dos-horarios-o-que-fazemos-se-perdemos-os-horarios-das-rezas-da-manha-e-da-noite\\\/\"]}]},{\"@type\":\"ImageObject\",\"inLanguage\":\"pt-BR\",\"@id\":\"https:\\\/\\\/www.shavei.org\\\/pt-br\\\/blog\\\/2021\\\/05\\\/27\\\/a-halacha-dos-horarios-o-que-fazemos-se-perdemos-os-horarios-das-rezas-da-manha-e-da-noite\\\/#primaryimage\",\"url\":\"https:\\\/\\\/www.shaveiisrael.com\\\/wp-content\\\/uploads\\\/2015\\\/03\\\/2257229200612211317.jpg\",\"contentUrl\":\"https:\\\/\\\/www.shaveiisrael.com\\\/wp-content\\\/uploads\\\/2015\\\/03\\\/2257229200612211317.jpg\"},{\"@type\":\"BreadcrumbList\",\"@id\":\"https:\\\/\\\/www.shavei.org\\\/pt-br\\\/blog\\\/2021\\\/05\\\/27\\\/a-halacha-dos-horarios-o-que-fazemos-se-perdemos-os-horarios-das-rezas-da-manha-e-da-noite\\\/#breadcrumb\",\"itemListElement\":[{\"@type\":\"ListItem\",\"position\":1,\"name\":\"Home\",\"item\":\"https:\\\/\\\/www.shavei.org\\\/\"},{\"@type\":\"ListItem\",\"position\":2,\"name\":\"A Halach\u00e1 dos Hor\u00e1rios! &#8211; O que fazemos se perdemos os hor\u00e1rios das rezas da manh\u00e3 e da noite?\"}]},{\"@type\":\"WebSite\",\"@id\":\"https:\\\/\\\/www.shavei.org\\\/#website\",\"url\":\"https:\\\/\\\/www.shavei.org\\\/\",\"name\":\"Shavei Israel\",\"description\":\"One nation, many faces. We help them all return.\",\"publisher\":{\"@id\":\"https:\\\/\\\/www.shavei.org\\\/#organization\"},\"potentialAction\":[{\"@type\":\"SearchAction\",\"target\":{\"@type\":\"EntryPoint\",\"urlTemplate\":\"https:\\\/\\\/www.shavei.org\\\/?s={search_term_string}\"},\"query-input\":{\"@type\":\"PropertyValueSpecification\",\"valueRequired\":true,\"valueName\":\"search_term_string\"}}],\"inLanguage\":\"pt-BR\"},{\"@type\":\"Organization\",\"@id\":\"https:\\\/\\\/www.shavei.org\\\/#organization\",\"name\":\"Shavei Israel\",\"url\":\"https:\\\/\\\/www.shavei.org\\\/\",\"logo\":{\"@type\":\"ImageObject\",\"inLanguage\":\"pt-BR\",\"@id\":\"https:\\\/\\\/www.shavei.org\\\/#\\\/schema\\\/logo\\\/image\\\/\",\"url\":\"https:\\\/\\\/www.shavei.org\\\/wp-content\\\/uploads\\\/2017\\\/10\\\/shavei-logo.jpg\",\"contentUrl\":\"https:\\\/\\\/www.shavei.org\\\/wp-content\\\/uploads\\\/2017\\\/10\\\/shavei-logo.jpg\",\"width\":300,\"height\":285,\"caption\":\"Shavei Israel\"},\"image\":{\"@id\":\"https:\\\/\\\/www.shavei.org\\\/#\\\/schema\\\/logo\\\/image\\\/\"}},{\"@type\":\"Person\",\"@id\":\"https:\\\/\\\/www.shavei.org\\\/#\\\/schema\\\/person\\\/628be1364b127546c700d93458cf9e4c\",\"name\":\"daniella\",\"image\":{\"@type\":\"ImageObject\",\"inLanguage\":\"pt-BR\",\"@id\":\"https:\\\/\\\/secure.gravatar.com\\\/avatar\\\/bf8b97193609e61ba4fd9bacc2cb0ef6ed3fbf5eb2df25350c1e263020233ff8?s=96&d=mm&r=g\",\"url\":\"https:\\\/\\\/secure.gravatar.com\\\/avatar\\\/bf8b97193609e61ba4fd9bacc2cb0ef6ed3fbf5eb2df25350c1e263020233ff8?s=96&d=mm&r=g\",\"contentUrl\":\"https:\\\/\\\/secure.gravatar.com\\\/avatar\\\/bf8b97193609e61ba4fd9bacc2cb0ef6ed3fbf5eb2df25350c1e263020233ff8?s=96&d=mm&r=g\",\"caption\":\"daniella\"},\"url\":\"https:\\\/\\\/www.shavei.org\\\/pt-br\\\/blog\\\/author\\\/daniella\\\/\"}]}<\/script>\n<!-- \/ Yoast SEO plugin. -->","yoast_head_json":{"title":"A Halach\u00e1 dos Hor\u00e1rios! - O que fazemos se perdemos os hor\u00e1rios das rezas da manh\u00e3 e da noite? - Shavei Israel","robots":{"index":"index","follow":"follow","max-snippet":"max-snippet:-1","max-image-preview":"max-image-preview:large","max-video-preview":"max-video-preview:-1"},"canonical":"https:\/\/www.shavei.org\/pt-br\/blog\/2021\/05\/27\/a-halacha-dos-horarios-o-que-fazemos-se-perdemos-os-horarios-das-rezas-da-manha-e-da-noite\/","og_locale":"pt_BR","og_type":"article","og_title":"A Halach\u00e1 dos Hor\u00e1rios! - O que fazemos se perdemos os hor\u00e1rios das rezas da manh\u00e3 e da noite? - Shavei Israel","og_description":"Shacharit e Maariv \u00c0s vezes, nos surge a oportunidade de orar antes da hora determinada pela Halach\u00e1 (lei judaica) para faz\u00ea-lo, por exemplo, no ver\u00e3o, quando se escurece relativamente tarde, ou, quando vamos viajar e ele n\u00e3o temos outra escolha a n\u00e3o ser orar cedo...","og_url":"https:\/\/www.shavei.org\/pt-br\/blog\/2021\/05\/27\/a-halacha-dos-horarios-o-que-fazemos-se-perdemos-os-horarios-das-rezas-da-manha-e-da-noite\/","og_site_name":"Shavei Israel","article_published_time":"2021-05-27T14:23:28+00:00","og_image":[{"url":"https:\/\/www.shaveiisrael.com\/wp-content\/uploads\/2015\/03\/2257229200612211317.jpg","type":"","width":"","height":""}],"author":"daniella","twitter_card":"summary_large_image","twitter_misc":{"Escrito por":false,"Est. tempo de leitura":"8 minutos"},"schema":{"@context":"https:\/\/schema.org","@graph":[{"@type":"Article","@id":"https:\/\/www.shavei.org\/pt-br\/blog\/2021\/05\/27\/a-halacha-dos-horarios-o-que-fazemos-se-perdemos-os-horarios-das-rezas-da-manha-e-da-noite\/#article","isPartOf":{"@id":"https:\/\/www.shavei.org\/pt-br\/blog\/2021\/05\/27\/a-halacha-dos-horarios-o-que-fazemos-se-perdemos-os-horarios-das-rezas-da-manha-e-da-noite\/"},"author":{"name":"daniella","@id":"https:\/\/www.shavei.org\/#\/schema\/person\/628be1364b127546c700d93458cf9e4c"},"headline":"A Halach\u00e1 dos Hor\u00e1rios! &#8211; O que fazemos se perdemos os hor\u00e1rios das rezas da manh\u00e3 e da noite?","datePublished":"2021-05-27T14:23:28+00:00","mainEntityOfPage":{"@id":"https:\/\/www.shavei.org\/pt-br\/blog\/2021\/05\/27\/a-halacha-dos-horarios-o-que-fazemos-se-perdemos-os-horarios-das-rezas-da-manha-e-da-noite\/"},"wordCount":1644,"commentCount":0,"publisher":{"@id":"https:\/\/www.shavei.org\/#organization"},"image":{"@id":"https:\/\/www.shavei.org\/pt-br\/blog\/2021\/05\/27\/a-halacha-dos-horarios-o-que-fazemos-se-perdemos-os-horarios-das-rezas-da-manha-e-da-noite\/#primaryimage"},"thumbnailUrl":"https:\/\/www.shaveiisrael.com\/wp-content\/uploads\/2015\/03\/2257229200612211317.jpg","keywords":["juda\u00edsmo|reza|sabedoria judaica|shema israel"],"articleSection":["JUDA\u00cdSMO&gt;Artigos"],"inLanguage":"pt-BR","potentialAction":[{"@type":"CommentAction","name":"Comment","target":["https:\/\/www.shavei.org\/pt-br\/blog\/2021\/05\/27\/a-halacha-dos-horarios-o-que-fazemos-se-perdemos-os-horarios-das-rezas-da-manha-e-da-noite\/#respond"]}]},{"@type":"WebPage","@id":"https:\/\/www.shavei.org\/pt-br\/blog\/2021\/05\/27\/a-halacha-dos-horarios-o-que-fazemos-se-perdemos-os-horarios-das-rezas-da-manha-e-da-noite\/","url":"https:\/\/www.shavei.org\/pt-br\/blog\/2021\/05\/27\/a-halacha-dos-horarios-o-que-fazemos-se-perdemos-os-horarios-das-rezas-da-manha-e-da-noite\/","name":"A Halach\u00e1 dos Hor\u00e1rios! - O que fazemos se perdemos os hor\u00e1rios das rezas da manh\u00e3 e da noite? - Shavei Israel","isPartOf":{"@id":"https:\/\/www.shavei.org\/#website"},"primaryImageOfPage":{"@id":"https:\/\/www.shavei.org\/pt-br\/blog\/2021\/05\/27\/a-halacha-dos-horarios-o-que-fazemos-se-perdemos-os-horarios-das-rezas-da-manha-e-da-noite\/#primaryimage"},"image":{"@id":"https:\/\/www.shavei.org\/pt-br\/blog\/2021\/05\/27\/a-halacha-dos-horarios-o-que-fazemos-se-perdemos-os-horarios-das-rezas-da-manha-e-da-noite\/#primaryimage"},"thumbnailUrl":"https:\/\/www.shaveiisrael.com\/wp-content\/uploads\/2015\/03\/2257229200612211317.jpg","datePublished":"2021-05-27T14:23:28+00:00","breadcrumb":{"@id":"https:\/\/www.shavei.org\/pt-br\/blog\/2021\/05\/27\/a-halacha-dos-horarios-o-que-fazemos-se-perdemos-os-horarios-das-rezas-da-manha-e-da-noite\/#breadcrumb"},"inLanguage":"pt-BR","potentialAction":[{"@type":"ReadAction","target":["https:\/\/www.shavei.org\/pt-br\/blog\/2021\/05\/27\/a-halacha-dos-horarios-o-que-fazemos-se-perdemos-os-horarios-das-rezas-da-manha-e-da-noite\/"]}]},{"@type":"ImageObject","inLanguage":"pt-BR","@id":"https:\/\/www.shavei.org\/pt-br\/blog\/2021\/05\/27\/a-halacha-dos-horarios-o-que-fazemos-se-perdemos-os-horarios-das-rezas-da-manha-e-da-noite\/#primaryimage","url":"https:\/\/www.shaveiisrael.com\/wp-content\/uploads\/2015\/03\/2257229200612211317.jpg","contentUrl":"https:\/\/www.shaveiisrael.com\/wp-content\/uploads\/2015\/03\/2257229200612211317.jpg"},{"@type":"BreadcrumbList","@id":"https:\/\/www.shavei.org\/pt-br\/blog\/2021\/05\/27\/a-halacha-dos-horarios-o-que-fazemos-se-perdemos-os-horarios-das-rezas-da-manha-e-da-noite\/#breadcrumb","itemListElement":[{"@type":"ListItem","position":1,"name":"Home","item":"https:\/\/www.shavei.org\/"},{"@type":"ListItem","position":2,"name":"A Halach\u00e1 dos Hor\u00e1rios! &#8211; O que fazemos se perdemos os hor\u00e1rios das rezas da manh\u00e3 e da noite?"}]},{"@type":"WebSite","@id":"https:\/\/www.shavei.org\/#website","url":"https:\/\/www.shavei.org\/","name":"Shavei Israel","description":"One nation, many faces. We help them all return.","publisher":{"@id":"https:\/\/www.shavei.org\/#organization"},"potentialAction":[{"@type":"SearchAction","target":{"@type":"EntryPoint","urlTemplate":"https:\/\/www.shavei.org\/?s={search_term_string}"},"query-input":{"@type":"PropertyValueSpecification","valueRequired":true,"valueName":"search_term_string"}}],"inLanguage":"pt-BR"},{"@type":"Organization","@id":"https:\/\/www.shavei.org\/#organization","name":"Shavei Israel","url":"https:\/\/www.shavei.org\/","logo":{"@type":"ImageObject","inLanguage":"pt-BR","@id":"https:\/\/www.shavei.org\/#\/schema\/logo\/image\/","url":"https:\/\/www.shavei.org\/wp-content\/uploads\/2017\/10\/shavei-logo.jpg","contentUrl":"https:\/\/www.shavei.org\/wp-content\/uploads\/2017\/10\/shavei-logo.jpg","width":300,"height":285,"caption":"Shavei Israel"},"image":{"@id":"https:\/\/www.shavei.org\/#\/schema\/logo\/image\/"}},{"@type":"Person","@id":"https:\/\/www.shavei.org\/#\/schema\/person\/628be1364b127546c700d93458cf9e4c","name":"daniella","image":{"@type":"ImageObject","inLanguage":"pt-BR","@id":"https:\/\/secure.gravatar.com\/avatar\/bf8b97193609e61ba4fd9bacc2cb0ef6ed3fbf5eb2df25350c1e263020233ff8?s=96&d=mm&r=g","url":"https:\/\/secure.gravatar.com\/avatar\/bf8b97193609e61ba4fd9bacc2cb0ef6ed3fbf5eb2df25350c1e263020233ff8?s=96&d=mm&r=g","contentUrl":"https:\/\/secure.gravatar.com\/avatar\/bf8b97193609e61ba4fd9bacc2cb0ef6ed3fbf5eb2df25350c1e263020233ff8?s=96&d=mm&r=g","caption":"daniella"},"url":"https:\/\/www.shavei.org\/pt-br\/blog\/author\/daniella\/"}]}},"_links":{"self":[{"href":"https:\/\/www.shavei.org\/pt-br\/wp-json\/wp\/v2\/posts\/137891","targetHints":{"allow":["GET"]}}],"collection":[{"href":"https:\/\/www.shavei.org\/pt-br\/wp-json\/wp\/v2\/posts"}],"about":[{"href":"https:\/\/www.shavei.org\/pt-br\/wp-json\/wp\/v2\/types\/post"}],"author":[{"embeddable":true,"href":"https:\/\/www.shavei.org\/pt-br\/wp-json\/wp\/v2\/users\/31"}],"replies":[{"embeddable":true,"href":"https:\/\/www.shavei.org\/pt-br\/wp-json\/wp\/v2\/comments?post=137891"}],"version-history":[{"count":0,"href":"https:\/\/www.shavei.org\/pt-br\/wp-json\/wp\/v2\/posts\/137891\/revisions"}],"wp:attachment":[{"href":"https:\/\/www.shavei.org\/pt-br\/wp-json\/wp\/v2\/media?parent=137891"}],"wp:term":[{"taxonomy":"category","embeddable":true,"href":"https:\/\/www.shavei.org\/pt-br\/wp-json\/wp\/v2\/categories?post=137891"},{"taxonomy":"post_tag","embeddable":true,"href":"https:\/\/www.shavei.org\/pt-br\/wp-json\/wp\/v2\/tags?post=137891"}],"curies":[{"name":"wp","href":"https:\/\/api.w.org\/{rel}","templated":true}]}}