{"id":137828,"date":"2021-05-27T16:21:58","date_gmt":"2021-05-27T14:21:58","guid":{"rendered":"https:\/\/www.shavei.org\/blog\/2021\/05\/27\/o-calendario-judaico-nocoes-de-judaismo\/"},"modified":"2021-05-27T16:21:58","modified_gmt":"2021-05-27T14:21:58","slug":"o-calendario-judaico-nocoes-de-judaismo","status":"publish","type":"post","link":"https:\/\/www.shavei.org\/pt-br\/blog\/2021\/05\/27\/o-calendario-judaico-nocoes-de-judaismo\/","title":{"rendered":"O Calend\u00e1rio Judaico &#8211; No\u00e7\u00f5es de Juda\u00edsmo"},"content":{"rendered":"<p><!--:en--><strong><span style=\"line-height: 1.5em;\"><img decoding=\"async\" class=\"alignright size-medium wp-image-16628\" src=\"https:\/\/www.shaveiisrael.com\/wp-content\/uploads\/2015\/07\/512130_79-300x225.jpg\" alt=\"512130_79\" width=\"300\" height=\"225\" \/>O Calend\u00e1rio Lunissolar<\/span><\/strong><\/p>\n<p>Os Anussim que queriam continuar mantendo secretamente as festividades judaicas, n\u00e3o tiveram outra escolha a n\u00e3o ser entrar em contato com os judeus, para saber exatamente os dias destas festividades. Eu tamb\u00e9m, quando comecei a me interessar pelo Juda\u00edsmo, aos onze ou doze anos, ainda em Mallorca, queria saber quando eram os feriados judaicos, e, foi s\u00f3 ent\u00e3o, que percebi que isso seria muito dif\u00edcil sem a ajuda de algu\u00e9m que me orientasse.<\/p>\n<p>Muitos ir\u00e3o se surpreender com o fato de que os judeus possuem um calend\u00e1rio diferente. N\u00e3o somente com festividades diferentes, mas tamb\u00e9m com uma estrutura completamente diferente.<\/p>\n<p>A verdade \u00e9 que existem muitas diferen\u00e7as. Primeiro, trata-se de um calend\u00e1rio lunissolar, ou seja, um calend\u00e1rio combinando entre meses lunares com esta\u00e7\u00f5es solares.<\/p>\n<p>A base \u00e9 o ciclo da lua. A lua gira em torno da Terra em uma \u00f3rbita que dura, em m\u00e9dia, 29 dias, 12 horas, 44 minutos, tr\u00eas segundos e um ter\u00e7o de segundo. Este \u00e9 o tempo que demora desde o momento em que a lua est\u00e1 diretamente entre o Sol e a Terra at\u00e9 o pr\u00f3ximo momento em que estar\u00e1 na mesma posi\u00e7\u00e3o. O momento em que estes tr\u00eas astros est\u00e3o alinhados \u00e9 o momento do &#8220;nascimento&#8221;, mas a lua nova n\u00e3o pode ser vista at\u00e9 algumas horas mais tarde, e somente quando esteja vis\u00edvel \u00e9 que podemos iniciar o novo m\u00eas.<\/p>\n<p>Mas n\u00e3o \u00e9 poss\u00edvel estabelecer um m\u00eas de 29 dias e meio, portanto, alternamos entre meses de 29 e 30 dias, que acontecem normalmente, embora haja exce\u00e7\u00f5es. Isso nos d\u00e1 o total de 354 dias, que \u00e9 um ano lunar. Por\u00e9m esta conta n\u00e3o \u00e9 exata, pois v\u00e3o sendo acrescentados os 44 minutos, tr\u00eas segundos e um ter\u00e7o de segundo, de cada m\u00eas, at\u00e9 que, ap\u00f3s um ano, chegam a quase nove horas.<\/p>\n<p>Al\u00e9m disso, como sabemos, o ano solar \u00e9 de 365 dias (mais precisamente, 365 dias, cinco horas e cerca de 56 minutos), uma diferen\u00e7a de 11 dias entre os calend\u00e1rios, solar e lunar (10 dias, 21 horas e 11 minutos).<\/p>\n<p><strong>A Festa da Primavera<\/strong><\/p>\n<p>Os mu\u00e7ulmanos seguem o calend\u00e1rio lunar, com 354 ou 355 dias por ano, deste modo, o famoso m\u00eas de jejum, o Ramad\u00e3, pode acontecer por vezes no ver\u00e3o e por vezes no inverno. Mas isso n\u00e3o lhes incomoda. Do mesmo modo que n\u00e3o lhes importa o calend\u00e1rio &#8220;internacional&#8221;, com base no romano-crist\u00e3o, baseado nas esta\u00e7\u00f5es solares, que por sua vez n\u00e3o se importa nem um pouco com as fases da lua.<br \/>\nMas o povo de Israel deve combin\u00e1-los, como est\u00e1 escrito no verso que diz que devemos manter &#8220;o m\u00eas da primavera&#8221; e neste celebrar a festa de Pessach (\u00caxodo 34:18). A festa de Sucot tamb\u00e9m \u00e9 chamada de &#8220;festa da colheita\u201d da produ\u00e7\u00e3o agr\u00edcola (ibid. 34:22).<\/p>\n<p><strong>Ciclo de 19 anos<\/strong><\/p>\n<p>Portanto, devemos encontrar uma maneira de conciliar a lua com o sol.<\/p>\n<p>Assim, a cada 19 anos, sete anos possuem um m\u00eas mais aos tradicionais 12 meses. Desta maneira, \u00e9 marcado um &#8220;ano de sa\u00edda&#8221;, que n\u00e3o ser\u00e1 explicado aqui, e os anos 3, 6, 8, 11, 14, 17 e 19, possuir\u00e3o 13 meses. O ano de 5775, no qual nos encontramos atualmente (que come\u00e7ou no dia 25 de setembro de 2014 e termina no dia 13 de setembro de 2015) \u00e9 o 18\u00ba ano do ciclo dos 19 anos que mencionamos.<br \/>\nO primeiro dia de cada m\u00eas \u00e9 chamado em hebraico de &#8220;Rosh Chodesh&#8221;, que significa &#8220;in\u00edcio do m\u00eas&#8221;, mas quando o m\u00eas tem 30 dias, o \u00faltimo dia tamb\u00e9m \u00e9 chamado de &#8220;Rosh Chodesh&#8221; e, neste caso, ser\u00e3o os dois dias seguidos, chamados por este nome.<\/p>\n<p><strong>Os Nomes dos Meses<\/strong><\/p>\n<p>Os doze meses do calend\u00e1rio judaico s\u00e3o uma heran\u00e7a da nossa estadia na Babil\u00f4nia, h\u00e1 cerca de 2500 anos atr\u00e1s. Os meses s\u00e3o: Nissan, Iyar, Sivan, Tamuz, Av, Elul, Tishrei, Cheshvan, Kislev, Tevet, Shvat e Adar. E o m\u00eas que \u00e9 adicionado \u00e9 chamado de &#8220;Segundo Adar&#8221; ou \u201cAdar Sheni\u201d.<\/p>\n<p>Os meses de Nissan, Sivan, Av, Tishrei e Shvat sempre possuem 30 dias, enquanto Iyar, Tamuz, Elul e Tevet, sempre 29 dias. Os meses de Cheshvan e Kislev variam de ano para ano, conforme a necessidade. Quando h\u00e1 apenas um m\u00eas de Adar no ano, este ter\u00e1 29 dias, e quando s\u00e3o dois, o primeiro ter\u00e1 30 e o segundo 29 dias.<\/p>\n<p>As festas b\u00edblicas de Pessach (Nissan), Shavuot (Sivan), Yom Kipur e Sucot (Tishrei) e o moderno Yom Ha-Atzmaut (Iyar), seguem, obviamente, o calend\u00e1rio judaico.<\/p>\n<p><strong>Quando o Ano Come\u00e7a?<\/strong><\/p>\n<p>Existe um outro &#8220;problema&#8221; no calend\u00e1rio judaico. Citamos os meses de acordo com a ordem tradicional, que come\u00e7a, como a Tor\u00e1 nos ensina, na primavera. No cap\u00edtulo 12 de \u00caxodo, lemos que o m\u00eas da primavera \u00e9 o primeiro do ano.<\/p>\n<p>Mas o primeiro dia do s\u00e9timo m\u00eas, o m\u00eas de Tishrei, \u00e9 chamado na Mishn\u00e1 como o dia do \u201cAno Novo\u201d, e na opini\u00e3o de um dos nossos s\u00e1bios, \u00e9 este o m\u00eas em que foi criado o homem. E, se assim, o ano come\u00e7a, na verdade, no Outono e n\u00e3o na primavera, e dever\u00edamos contar os anos a partir do m\u00eas de Tishrei.<br \/>\nToda esta quest\u00e3o tem um significado espiritual, que n\u00e3o ser\u00e1 explicado aqui.<\/p>\n<p><strong>Outros &#8216;Come\u00e7os do Ano&#8217;<\/strong><\/p>\n<p>A Mishn\u00e1 que vimos, menciona, na verdade, quatro diferentes datas que, ao longo do ano, s\u00e3o chamadas de &#8220;come\u00e7os do ano&#8221;, e, representam um novo ciclo agr\u00edcola ou civil. Com isso, temos o primeiro dia de Tishrei, que \u00e9 chamado de Rosh Hashana ou \u201cCome\u00e7o do Ano\u201d, referindo-se ao ano judaico formal. O primeiro dia de Nissan \u00e9 considerado o come\u00e7o dos anos para os reis, significando que, se um rei come\u00e7a a reinar pouco antes de Nissan, o primeiro dia de Nissan, ser\u00e1 contado como o in\u00edcio do segundo ano de reinado. O dia 15 de Shvat, que \u00e9 chamado de Tu Bi-Shvat, \u00e9 o in\u00edcio do ano das \u00e1rvores para qualquer efeito hal\u00e1chico (da lei judaica). E o m\u00eas de Elul, \u00e9 o primeiro do ano para as quest\u00f5es relacionadas ao d\u00edzimo dos animais dom\u00e9sticos.<\/p>\n<p>No Estado de Israel os cheques podem ser assinados tanto no calend\u00e1rio judaico como tamb\u00e9m, no calend\u00e1rio internacional. Muitos israelenses crescem sem sequer saber os nomes dos meses do calend\u00e1rio internacional e mesmo quando aprendem, nem sempre se lembram com certeza se o m\u00eas de agosto vem antes ou depois de setembro, por exemplo. Mas h\u00e1 muitos outros que, infelizmente, n\u00e3o conhecem o calend\u00e1rio judaico, seus nomes ou a \u00e9poca do ano que acontecem.<\/p>\n<p>Acredito que se trata de um dos nossos sinais de identidade, possuir um calend\u00e1rio pelo qual somos guiados em nossas celebra\u00e7\u00f5es, e, portanto, devemos nos esfor\u00e7ar para conhec\u00ea-lo e respeit\u00e1-lo.<!--:--><\/p>\n","protected":false},"excerpt":{"rendered":"<p>O Calend\u00e1rio Lunissolar Os Anussim que queriam continuar mantendo secretamente as festividades judaicas, n\u00e3o tiveram outra escolha a n\u00e3o ser entrar em contato com os judeus, para saber exatamente os dias destas festividades. Eu tamb\u00e9m, quando comecei a me interessar pelo Juda\u00edsmo, aos onze ou&#8230;<\/p>\n","protected":false},"author":31,"featured_media":0,"comment_status":"open","ping_status":"open","sticky":false,"template":"","format":"standard","meta":{"give_campaign_id":0,"_exactmetrics_skip_tracking":false,"_exactmetrics_sitenote_active":false,"_exactmetrics_sitenote_note":"","_exactmetrics_sitenote_category":0,"ngg_post_thumbnail":0,"footnotes":""},"categories":[6749],"tags":[6963],"class_list":["post-137828","post","type-post","status-publish","format-standard","hentry","category-judaismoartigos","tag-calendariojudaismo"],"yoast_head":"<!-- This site is optimized with the Yoast SEO plugin v27.4 - https:\/\/yoast.com\/product\/yoast-seo-wordpress\/ -->\n<title>O Calend\u00e1rio Judaico - No\u00e7\u00f5es de Juda\u00edsmo - Shavei Israel<\/title>\n<meta name=\"robots\" content=\"index, follow, max-snippet:-1, max-image-preview:large, max-video-preview:-1\" \/>\n<link rel=\"canonical\" href=\"https:\/\/www.shavei.org\/pt-br\/blog\/2021\/05\/27\/o-calendario-judaico-nocoes-de-judaismo\/\" \/>\n<meta property=\"og:locale\" content=\"pt_BR\" \/>\n<meta property=\"og:type\" content=\"article\" \/>\n<meta property=\"og:title\" content=\"O Calend\u00e1rio Judaico - No\u00e7\u00f5es de Juda\u00edsmo - Shavei Israel\" \/>\n<meta property=\"og:description\" content=\"O Calend\u00e1rio Lunissolar Os Anussim que queriam continuar mantendo secretamente as festividades judaicas, n\u00e3o tiveram outra escolha a n\u00e3o ser entrar em contato com os judeus, para saber exatamente os dias destas festividades. Eu tamb\u00e9m, quando comecei a me interessar pelo Juda\u00edsmo, aos onze ou...\" \/>\n<meta property=\"og:url\" content=\"https:\/\/www.shavei.org\/pt-br\/blog\/2021\/05\/27\/o-calendario-judaico-nocoes-de-judaismo\/\" \/>\n<meta property=\"og:site_name\" content=\"Shavei Israel\" \/>\n<meta property=\"article:published_time\" content=\"2021-05-27T14:21:58+00:00\" \/>\n<meta property=\"og:image\" content=\"https:\/\/www.shaveiisrael.com\/wp-content\/uploads\/2015\/07\/512130_79-300x225.jpg\" \/>\n<meta name=\"author\" content=\"daniella\" \/>\n<meta name=\"twitter:card\" content=\"summary_large_image\" \/>\n<meta name=\"twitter:label1\" content=\"Escrito por\" \/>\n\t<meta name=\"twitter:data1\" content=\"\" \/>\n\t<meta name=\"twitter:label2\" content=\"Est. tempo de leitura\" \/>\n\t<meta name=\"twitter:data2\" content=\"6 minutos\" \/>\n<script type=\"application\/ld+json\" class=\"yoast-schema-graph\">{\"@context\":\"https:\\\/\\\/schema.org\",\"@graph\":[{\"@type\":\"Article\",\"@id\":\"https:\\\/\\\/www.shavei.org\\\/pt-br\\\/blog\\\/2021\\\/05\\\/27\\\/o-calendario-judaico-nocoes-de-judaismo\\\/#article\",\"isPartOf\":{\"@id\":\"https:\\\/\\\/www.shavei.org\\\/pt-br\\\/blog\\\/2021\\\/05\\\/27\\\/o-calendario-judaico-nocoes-de-judaismo\\\/\"},\"author\":{\"name\":\"daniella\",\"@id\":\"https:\\\/\\\/www.shavei.org\\\/#\\\/schema\\\/person\\\/628be1364b127546c700d93458cf9e4c\"},\"headline\":\"O Calend\u00e1rio Judaico &#8211; No\u00e7\u00f5es de Juda\u00edsmo\",\"datePublished\":\"2021-05-27T14:21:58+00:00\",\"mainEntityOfPage\":{\"@id\":\"https:\\\/\\\/www.shavei.org\\\/pt-br\\\/blog\\\/2021\\\/05\\\/27\\\/o-calendario-judaico-nocoes-de-judaismo\\\/\"},\"wordCount\":1173,\"commentCount\":0,\"publisher\":{\"@id\":\"https:\\\/\\\/www.shavei.org\\\/#organization\"},\"image\":{\"@id\":\"https:\\\/\\\/www.shavei.org\\\/pt-br\\\/blog\\\/2021\\\/05\\\/27\\\/o-calendario-judaico-nocoes-de-judaismo\\\/#primaryimage\"},\"thumbnailUrl\":\"https:\\\/\\\/www.shaveiisrael.com\\\/wp-content\\\/uploads\\\/2015\\\/07\\\/512130_79-300x225.jpg\",\"keywords\":[\"calendario|juda\u00edsmo\"],\"articleSection\":[\"JUDA\u00cdSMO&gt;Artigos\"],\"inLanguage\":\"pt-BR\",\"potentialAction\":[{\"@type\":\"CommentAction\",\"name\":\"Comment\",\"target\":[\"https:\\\/\\\/www.shavei.org\\\/pt-br\\\/blog\\\/2021\\\/05\\\/27\\\/o-calendario-judaico-nocoes-de-judaismo\\\/#respond\"]}]},{\"@type\":\"WebPage\",\"@id\":\"https:\\\/\\\/www.shavei.org\\\/pt-br\\\/blog\\\/2021\\\/05\\\/27\\\/o-calendario-judaico-nocoes-de-judaismo\\\/\",\"url\":\"https:\\\/\\\/www.shavei.org\\\/pt-br\\\/blog\\\/2021\\\/05\\\/27\\\/o-calendario-judaico-nocoes-de-judaismo\\\/\",\"name\":\"O Calend\u00e1rio Judaico - No\u00e7\u00f5es de Juda\u00edsmo - Shavei Israel\",\"isPartOf\":{\"@id\":\"https:\\\/\\\/www.shavei.org\\\/#website\"},\"primaryImageOfPage\":{\"@id\":\"https:\\\/\\\/www.shavei.org\\\/pt-br\\\/blog\\\/2021\\\/05\\\/27\\\/o-calendario-judaico-nocoes-de-judaismo\\\/#primaryimage\"},\"image\":{\"@id\":\"https:\\\/\\\/www.shavei.org\\\/pt-br\\\/blog\\\/2021\\\/05\\\/27\\\/o-calendario-judaico-nocoes-de-judaismo\\\/#primaryimage\"},\"thumbnailUrl\":\"https:\\\/\\\/www.shaveiisrael.com\\\/wp-content\\\/uploads\\\/2015\\\/07\\\/512130_79-300x225.jpg\",\"datePublished\":\"2021-05-27T14:21:58+00:00\",\"breadcrumb\":{\"@id\":\"https:\\\/\\\/www.shavei.org\\\/pt-br\\\/blog\\\/2021\\\/05\\\/27\\\/o-calendario-judaico-nocoes-de-judaismo\\\/#breadcrumb\"},\"inLanguage\":\"pt-BR\",\"potentialAction\":[{\"@type\":\"ReadAction\",\"target\":[\"https:\\\/\\\/www.shavei.org\\\/pt-br\\\/blog\\\/2021\\\/05\\\/27\\\/o-calendario-judaico-nocoes-de-judaismo\\\/\"]}]},{\"@type\":\"ImageObject\",\"inLanguage\":\"pt-BR\",\"@id\":\"https:\\\/\\\/www.shavei.org\\\/pt-br\\\/blog\\\/2021\\\/05\\\/27\\\/o-calendario-judaico-nocoes-de-judaismo\\\/#primaryimage\",\"url\":\"https:\\\/\\\/www.shaveiisrael.com\\\/wp-content\\\/uploads\\\/2015\\\/07\\\/512130_79-300x225.jpg\",\"contentUrl\":\"https:\\\/\\\/www.shaveiisrael.com\\\/wp-content\\\/uploads\\\/2015\\\/07\\\/512130_79-300x225.jpg\"},{\"@type\":\"BreadcrumbList\",\"@id\":\"https:\\\/\\\/www.shavei.org\\\/pt-br\\\/blog\\\/2021\\\/05\\\/27\\\/o-calendario-judaico-nocoes-de-judaismo\\\/#breadcrumb\",\"itemListElement\":[{\"@type\":\"ListItem\",\"position\":1,\"name\":\"Home\",\"item\":\"https:\\\/\\\/www.shavei.org\\\/\"},{\"@type\":\"ListItem\",\"position\":2,\"name\":\"O Calend\u00e1rio Judaico &#8211; No\u00e7\u00f5es de Juda\u00edsmo\"}]},{\"@type\":\"WebSite\",\"@id\":\"https:\\\/\\\/www.shavei.org\\\/#website\",\"url\":\"https:\\\/\\\/www.shavei.org\\\/\",\"name\":\"Shavei Israel\",\"description\":\"One nation, many faces. We help them all return.\",\"publisher\":{\"@id\":\"https:\\\/\\\/www.shavei.org\\\/#organization\"},\"potentialAction\":[{\"@type\":\"SearchAction\",\"target\":{\"@type\":\"EntryPoint\",\"urlTemplate\":\"https:\\\/\\\/www.shavei.org\\\/?s={search_term_string}\"},\"query-input\":{\"@type\":\"PropertyValueSpecification\",\"valueRequired\":true,\"valueName\":\"search_term_string\"}}],\"inLanguage\":\"pt-BR\"},{\"@type\":\"Organization\",\"@id\":\"https:\\\/\\\/www.shavei.org\\\/#organization\",\"name\":\"Shavei Israel\",\"url\":\"https:\\\/\\\/www.shavei.org\\\/\",\"logo\":{\"@type\":\"ImageObject\",\"inLanguage\":\"pt-BR\",\"@id\":\"https:\\\/\\\/www.shavei.org\\\/#\\\/schema\\\/logo\\\/image\\\/\",\"url\":\"https:\\\/\\\/www.shavei.org\\\/wp-content\\\/uploads\\\/2017\\\/10\\\/shavei-logo.jpg\",\"contentUrl\":\"https:\\\/\\\/www.shavei.org\\\/wp-content\\\/uploads\\\/2017\\\/10\\\/shavei-logo.jpg\",\"width\":300,\"height\":285,\"caption\":\"Shavei Israel\"},\"image\":{\"@id\":\"https:\\\/\\\/www.shavei.org\\\/#\\\/schema\\\/logo\\\/image\\\/\"}},{\"@type\":\"Person\",\"@id\":\"https:\\\/\\\/www.shavei.org\\\/#\\\/schema\\\/person\\\/628be1364b127546c700d93458cf9e4c\",\"name\":\"daniella\",\"image\":{\"@type\":\"ImageObject\",\"inLanguage\":\"pt-BR\",\"@id\":\"https:\\\/\\\/secure.gravatar.com\\\/avatar\\\/bf8b97193609e61ba4fd9bacc2cb0ef6ed3fbf5eb2df25350c1e263020233ff8?s=96&d=mm&r=g\",\"url\":\"https:\\\/\\\/secure.gravatar.com\\\/avatar\\\/bf8b97193609e61ba4fd9bacc2cb0ef6ed3fbf5eb2df25350c1e263020233ff8?s=96&d=mm&r=g\",\"contentUrl\":\"https:\\\/\\\/secure.gravatar.com\\\/avatar\\\/bf8b97193609e61ba4fd9bacc2cb0ef6ed3fbf5eb2df25350c1e263020233ff8?s=96&d=mm&r=g\",\"caption\":\"daniella\"},\"url\":\"https:\\\/\\\/www.shavei.org\\\/pt-br\\\/blog\\\/author\\\/daniella\\\/\"}]}<\/script>\n<!-- \/ Yoast SEO plugin. -->","yoast_head_json":{"title":"O Calend\u00e1rio Judaico - No\u00e7\u00f5es de Juda\u00edsmo - Shavei Israel","robots":{"index":"index","follow":"follow","max-snippet":"max-snippet:-1","max-image-preview":"max-image-preview:large","max-video-preview":"max-video-preview:-1"},"canonical":"https:\/\/www.shavei.org\/pt-br\/blog\/2021\/05\/27\/o-calendario-judaico-nocoes-de-judaismo\/","og_locale":"pt_BR","og_type":"article","og_title":"O Calend\u00e1rio Judaico - No\u00e7\u00f5es de Juda\u00edsmo - Shavei Israel","og_description":"O Calend\u00e1rio Lunissolar Os Anussim que queriam continuar mantendo secretamente as festividades judaicas, n\u00e3o tiveram outra escolha a n\u00e3o ser entrar em contato com os judeus, para saber exatamente os dias destas festividades. Eu tamb\u00e9m, quando comecei a me interessar pelo Juda\u00edsmo, aos onze ou...","og_url":"https:\/\/www.shavei.org\/pt-br\/blog\/2021\/05\/27\/o-calendario-judaico-nocoes-de-judaismo\/","og_site_name":"Shavei Israel","article_published_time":"2021-05-27T14:21:58+00:00","og_image":[{"url":"https:\/\/www.shaveiisrael.com\/wp-content\/uploads\/2015\/07\/512130_79-300x225.jpg","type":"","width":"","height":""}],"author":"daniella","twitter_card":"summary_large_image","twitter_misc":{"Escrito por":false,"Est. tempo de leitura":"6 minutos"},"schema":{"@context":"https:\/\/schema.org","@graph":[{"@type":"Article","@id":"https:\/\/www.shavei.org\/pt-br\/blog\/2021\/05\/27\/o-calendario-judaico-nocoes-de-judaismo\/#article","isPartOf":{"@id":"https:\/\/www.shavei.org\/pt-br\/blog\/2021\/05\/27\/o-calendario-judaico-nocoes-de-judaismo\/"},"author":{"name":"daniella","@id":"https:\/\/www.shavei.org\/#\/schema\/person\/628be1364b127546c700d93458cf9e4c"},"headline":"O Calend\u00e1rio Judaico &#8211; No\u00e7\u00f5es de Juda\u00edsmo","datePublished":"2021-05-27T14:21:58+00:00","mainEntityOfPage":{"@id":"https:\/\/www.shavei.org\/pt-br\/blog\/2021\/05\/27\/o-calendario-judaico-nocoes-de-judaismo\/"},"wordCount":1173,"commentCount":0,"publisher":{"@id":"https:\/\/www.shavei.org\/#organization"},"image":{"@id":"https:\/\/www.shavei.org\/pt-br\/blog\/2021\/05\/27\/o-calendario-judaico-nocoes-de-judaismo\/#primaryimage"},"thumbnailUrl":"https:\/\/www.shaveiisrael.com\/wp-content\/uploads\/2015\/07\/512130_79-300x225.jpg","keywords":["calendario|juda\u00edsmo"],"articleSection":["JUDA\u00cdSMO&gt;Artigos"],"inLanguage":"pt-BR","potentialAction":[{"@type":"CommentAction","name":"Comment","target":["https:\/\/www.shavei.org\/pt-br\/blog\/2021\/05\/27\/o-calendario-judaico-nocoes-de-judaismo\/#respond"]}]},{"@type":"WebPage","@id":"https:\/\/www.shavei.org\/pt-br\/blog\/2021\/05\/27\/o-calendario-judaico-nocoes-de-judaismo\/","url":"https:\/\/www.shavei.org\/pt-br\/blog\/2021\/05\/27\/o-calendario-judaico-nocoes-de-judaismo\/","name":"O Calend\u00e1rio Judaico - No\u00e7\u00f5es de Juda\u00edsmo - Shavei Israel","isPartOf":{"@id":"https:\/\/www.shavei.org\/#website"},"primaryImageOfPage":{"@id":"https:\/\/www.shavei.org\/pt-br\/blog\/2021\/05\/27\/o-calendario-judaico-nocoes-de-judaismo\/#primaryimage"},"image":{"@id":"https:\/\/www.shavei.org\/pt-br\/blog\/2021\/05\/27\/o-calendario-judaico-nocoes-de-judaismo\/#primaryimage"},"thumbnailUrl":"https:\/\/www.shaveiisrael.com\/wp-content\/uploads\/2015\/07\/512130_79-300x225.jpg","datePublished":"2021-05-27T14:21:58+00:00","breadcrumb":{"@id":"https:\/\/www.shavei.org\/pt-br\/blog\/2021\/05\/27\/o-calendario-judaico-nocoes-de-judaismo\/#breadcrumb"},"inLanguage":"pt-BR","potentialAction":[{"@type":"ReadAction","target":["https:\/\/www.shavei.org\/pt-br\/blog\/2021\/05\/27\/o-calendario-judaico-nocoes-de-judaismo\/"]}]},{"@type":"ImageObject","inLanguage":"pt-BR","@id":"https:\/\/www.shavei.org\/pt-br\/blog\/2021\/05\/27\/o-calendario-judaico-nocoes-de-judaismo\/#primaryimage","url":"https:\/\/www.shaveiisrael.com\/wp-content\/uploads\/2015\/07\/512130_79-300x225.jpg","contentUrl":"https:\/\/www.shaveiisrael.com\/wp-content\/uploads\/2015\/07\/512130_79-300x225.jpg"},{"@type":"BreadcrumbList","@id":"https:\/\/www.shavei.org\/pt-br\/blog\/2021\/05\/27\/o-calendario-judaico-nocoes-de-judaismo\/#breadcrumb","itemListElement":[{"@type":"ListItem","position":1,"name":"Home","item":"https:\/\/www.shavei.org\/"},{"@type":"ListItem","position":2,"name":"O Calend\u00e1rio Judaico &#8211; No\u00e7\u00f5es de Juda\u00edsmo"}]},{"@type":"WebSite","@id":"https:\/\/www.shavei.org\/#website","url":"https:\/\/www.shavei.org\/","name":"Shavei Israel","description":"One nation, many faces. We help them all return.","publisher":{"@id":"https:\/\/www.shavei.org\/#organization"},"potentialAction":[{"@type":"SearchAction","target":{"@type":"EntryPoint","urlTemplate":"https:\/\/www.shavei.org\/?s={search_term_string}"},"query-input":{"@type":"PropertyValueSpecification","valueRequired":true,"valueName":"search_term_string"}}],"inLanguage":"pt-BR"},{"@type":"Organization","@id":"https:\/\/www.shavei.org\/#organization","name":"Shavei Israel","url":"https:\/\/www.shavei.org\/","logo":{"@type":"ImageObject","inLanguage":"pt-BR","@id":"https:\/\/www.shavei.org\/#\/schema\/logo\/image\/","url":"https:\/\/www.shavei.org\/wp-content\/uploads\/2017\/10\/shavei-logo.jpg","contentUrl":"https:\/\/www.shavei.org\/wp-content\/uploads\/2017\/10\/shavei-logo.jpg","width":300,"height":285,"caption":"Shavei Israel"},"image":{"@id":"https:\/\/www.shavei.org\/#\/schema\/logo\/image\/"}},{"@type":"Person","@id":"https:\/\/www.shavei.org\/#\/schema\/person\/628be1364b127546c700d93458cf9e4c","name":"daniella","image":{"@type":"ImageObject","inLanguage":"pt-BR","@id":"https:\/\/secure.gravatar.com\/avatar\/bf8b97193609e61ba4fd9bacc2cb0ef6ed3fbf5eb2df25350c1e263020233ff8?s=96&d=mm&r=g","url":"https:\/\/secure.gravatar.com\/avatar\/bf8b97193609e61ba4fd9bacc2cb0ef6ed3fbf5eb2df25350c1e263020233ff8?s=96&d=mm&r=g","contentUrl":"https:\/\/secure.gravatar.com\/avatar\/bf8b97193609e61ba4fd9bacc2cb0ef6ed3fbf5eb2df25350c1e263020233ff8?s=96&d=mm&r=g","caption":"daniella"},"url":"https:\/\/www.shavei.org\/pt-br\/blog\/author\/daniella\/"}]}},"_links":{"self":[{"href":"https:\/\/www.shavei.org\/pt-br\/wp-json\/wp\/v2\/posts\/137828","targetHints":{"allow":["GET"]}}],"collection":[{"href":"https:\/\/www.shavei.org\/pt-br\/wp-json\/wp\/v2\/posts"}],"about":[{"href":"https:\/\/www.shavei.org\/pt-br\/wp-json\/wp\/v2\/types\/post"}],"author":[{"embeddable":true,"href":"https:\/\/www.shavei.org\/pt-br\/wp-json\/wp\/v2\/users\/31"}],"replies":[{"embeddable":true,"href":"https:\/\/www.shavei.org\/pt-br\/wp-json\/wp\/v2\/comments?post=137828"}],"version-history":[{"count":0,"href":"https:\/\/www.shavei.org\/pt-br\/wp-json\/wp\/v2\/posts\/137828\/revisions"}],"wp:attachment":[{"href":"https:\/\/www.shavei.org\/pt-br\/wp-json\/wp\/v2\/media?parent=137828"}],"wp:term":[{"taxonomy":"category","embeddable":true,"href":"https:\/\/www.shavei.org\/pt-br\/wp-json\/wp\/v2\/categories?post=137828"},{"taxonomy":"post_tag","embeddable":true,"href":"https:\/\/www.shavei.org\/pt-br\/wp-json\/wp\/v2\/tags?post=137828"}],"curies":[{"name":"wp","href":"https:\/\/api.w.org\/{rel}","templated":true}]}}