{"id":137818,"date":"2021-05-27T16:21:58","date_gmt":"2021-05-27T14:21:58","guid":{"rendered":"https:\/\/www.shavei.org\/blog\/2021\/05\/27\/um-bar-mitzva-espanhol-para-os-bnei-anussim-em-jerusalem\/"},"modified":"2021-05-27T16:21:58","modified_gmt":"2021-05-27T14:21:58","slug":"um-bar-mitzva-espanhol-para-os-bnei-anussim-em-jerusalem","status":"publish","type":"post","link":"https:\/\/www.shavei.org\/pt-br\/blog\/2021\/05\/27\/um-bar-mitzva-espanhol-para-os-bnei-anussim-em-jerusalem\/","title":{"rendered":"Um Bar Mitzv\u00e1 Espanhol para os Bnei Anussim em Jerusal\u00e9m"},"content":{"rendered":"<p><!--:en--><\/p>\n<p><img decoding=\"async\" class=\"size-full wp-image-16440 alignleft\" src=\"https:\/\/www.shaveiisrael.com\/wp-content\/uploads\/2015\/06\/20150227_090732-168x3001.jpg\" alt=\"\" width=\"168\" height=\"300\" \/><\/p>\n<p><span style=\"line-height: 1.5em;\">Quando a fam\u00edlia e os amigos costumavam perguntar a Baruch Israel o que ele queria ser quando crescesse, ele n\u00e3o respondia como as outras crian\u00e7as que especificavam uma profiss\u00e3o. N\u00e3o era ser m\u00e9dico e nem advogado que Baruch aspirava. &#8220;Quando crescer, quero ser judeu!&#8221;, respondia enfaticamente.<\/span><\/p>\n<p>O objetivo de Baruch finalmente foi alcan\u00e7ado. Nascido em Elda, no sudeste da Espanha, Baruch e sua fam\u00edlia s\u00e3o Bnei Anussim &#8211; descendentes de judeus que foram for\u00e7ados a se converter ao catolicismo ha cerca de 500 anos atr\u00e1s &#8211; que hoje, terminaram o processo do retorno completo ao juda\u00edsmo e, para Israel. A fam\u00edlia &#8211; Baruch, sua m\u00e3e e sua av\u00f3 &#8211; mudaram-se para Israel em 2012 e a m\u00e3e de Baruch, Sarah, contou esta hist\u00f3ria, do sonho juvenil de seu filho, no Bar Mitzv\u00e1 do pr\u00f3prio, realizado no in\u00edcio deste ano, perto de Jerusal\u00e9m.<\/p>\n<p>A fam\u00edlia poderia nunca ter encontrado o caminho para Israel, se n\u00e3o fosse a ajuda da Shavei Israel. Sarah explica que sua m\u00e3e passou anos pesquisando para enfim encontrar &#8220;a verdade da exist\u00eancia de D&#8217;us. Ela buscou no vegetarianismo, na naturopatia, na yoga e mesmo em diferentes religi\u00f5es&#8221;. At\u00e9 que se encontraram com o emiss\u00e1rio da Shavei Israel aos Bnei Anussim da Espanha, o Rabino Nissan Ben-Avraham e,&#8221;descobrimos nossa verdadeira identidade &#8211; e que esta necessidade de buscar a alma era uma express\u00e3o das ra\u00edzes judaicas ocultas por tanto tempo&#8221;.<\/p>\n<p>De repente, as tradi\u00e7\u00f5es familiares misteriosas come\u00e7aram a fazer sentido. Por exemplo, ambas av\u00f3s mantinham em suas casas duas cozinhas, &#8220;uma que estava sempre limpa e outra que n\u00e3o era utilizada&#8221; uma poss\u00edvel liga\u00e7\u00e3o com as leis de Kashrut que exigem uma separa\u00e7\u00e3o entre os alimentos de leite e os de carne. Outra poss\u00edvel &#8220;dica&#8221; estava na maneira como os utens\u00edlios da cozinha eram preparados para a P\u00e1scoa, o av\u00f4 costumava ir, de vez em quando, limpar os potes e panelas da cozinha de uma maneira incomum, removendo todas as manchas e os imergindo em um panela de \u00e1gua fervente. &#8220;Lembro-me de dizer a ele, vov\u00f4, essas panelas s\u00e3o t\u00e3o baratas, por que simplesmente, n\u00e3o compramos novas?&#8221; Sarah lembra.<\/p>\n<p>A fam\u00edlia nunca foi \u00e0 igreja &#8211; outro costume estranho em uma pequena cidade espanhola, predominantemente cat\u00f3lica &#8211; e acendiam velas em mem\u00f3ria aos membros da fam\u00edlia que morreram. At\u00e9 mesmo o sobrenome da fam\u00edlia, Pardo, \u00e9 um sobrenome tradicional judaico, como Sarah, mais tarde, descobriu.<\/p>\n<p>Em 2007, Sarah participou de seu primeiro semin\u00e1rio da Shavei Israel, realizado em Palma de Mallorca. &#8220;Este foi nosso primeiro contato real com outras pessoas com origens Anussim&#8221;, diz Sarah. Ela, ent\u00e3o, voltou a participar de um segundo e um terceiro semin\u00e1rio em 2008 e 2009, e Baruch e sua av\u00f3 viajaram para Israel, em uma viagem patrocinada pela Shavei Israel. &#8220;Todos estes encontros, juntamente com a equipe da Shavei Israel, nos deram o incentivo que precis\u00e1vamos para poder seguir em frente&#8221;, diz Sarah.<\/p>\n<p>Nesta altura, a fam\u00edlia j\u00e1 estava vivendo um estilo de vida observante na Espanha. &#8220;Deixamos de comer todos os alimentos proibidos pela Tor\u00e1, coloquei mezuzot em casa e come\u00e7amos a guardar o s\u00e1bado (Shabat). Baruch foi circuncidado por um judeu cirurgi\u00e3o e mohel&#8221;.<\/p>\n<p>Baruch levou as mudan\u00e7as numa boa. &#8220;Por causa de seu car\u00e1ter pac\u00edfico, ele sempre teve muitos amigos&#8221;, Sarah continua. Ainda assim, ele era diferente das crian\u00e7as a sua volta. &#8220;Se \u00edamos a algum lugar visitar, ele n\u00e3o podia comer muitas das coisas servidas. N\u00e3o podia mais celebrar os eventos escolares, tais como o carnaval, que se trata de uma festa, realmente, pag\u00e3, nem podia ir para a escola nos feriados judaicos&#8221;. Cada vez mais, &#8220;nossos familiares, amigos e vizinhos, que sabiam que pratic\u00e1vammos o juda\u00edsmo, nos diziam que dever\u00edamos ir viver em Israel&#8221;.<\/p>\n<p>Antes disso tornar-se uma realidade, por\u00e9m, a fam\u00edlia necessitava converter-se formalmente ao juda\u00edsmo. O Rabino Eliyahu Birnbaum, diretor educacional da Shavei Israel, ajudou com o aconselhamento a fam\u00edlia. Mudaram-se, ent\u00e3o, para Madrid, e depois de dois anos intensos, a convers\u00e3o foi conclu\u00edda sob os ausp\u00edcios do rabinato-chefe de Madrid. &#8220;N\u00f3s seremos sempre sinceramente gratos ao Rabino Birnbaum&#8221;, diz Sarah.<\/p>\n<p>A estadia em Madrid era financeiramente dif\u00edcil para a fam\u00edlia. Sarah n\u00e3o podia continuar com o trabalho que exercia em Elda, como auxiliar de enfermagem em um centro para pacientes com a doen\u00e7a Alzheimer. A m\u00e3e de Sarah, Shulamit, que tinha trabalhado a maior parte de sua vida na ind\u00fastria de cal\u00e7ados de Elda, vendeu a casa da fam\u00edlia para cobrir as despesas.<\/p>\n<p>At\u00e9 o momento em que a Aliy\u00e1 finalmente aconteceu, &#8220;j\u00e1 n\u00e3o t\u00ednhamos mais dinheiro&#8221;, diz Sarah. Mas com os benef\u00edcios do Minist\u00e9rio de Absor\u00e7\u00e3o israelense e muito trabalho duro, a fam\u00edlia t\u00eam sido capaz de enfrentar as despesas em sua nova casa.<\/p>\n<p>Sarah trabalha em uma creche para as crian\u00e7as da comunidade Bnei Menashe, enquanto participa das aulas do Ulpan em hebraico. (&#8220;J\u00e1 estou no n\u00edvel gimel, agora&#8221;, relata com orgulho). Baruch, enquanto isso, est\u00e1 prosperando muito r\u00e1pido. &#8220;Ele tornou-se um israelense completo, com muitos amigos que gostam muito dele&#8221;, diz Sarah. Ele tamb\u00e9m est\u00e1 se saindo muito bem na escola, recebendo 100 nas aulas de Mishn\u00e1, Tor\u00e1 e Talmud. &#8220;D&#8217;us nos enviou pessoas maravilhosas que se preocupam com nosso bem-estar.&#8221;<\/p>\n<p>Entre estas pessoas maravilhosas est\u00e1 a fam\u00edlia Dimri, companheiros e vizinhos que tamb\u00e9m falam espanhol, que trouxeram estes novos imigrantes para &#8220;debaixo de suas asas&#8221;, convidando-os para as refei\u00e7\u00f5es do Shabat e abrindo, completamente sua casa, para eles. Yonatan Dimri \u00e9 o diretor da Yeshiva Netivot Yosef em Mitzpe Yericho e o &#8220;gabai&#8221; da sinagoga sefaradita local. A influ\u00eancia de Yonatan tem sido particularmente importante pois, afirma Sarah, Baruch cresceu sem pai (seus pais se divorciaram quando ele era muito jovem).<\/p>\n<p>Assim, quando Baruch recebeu seu primeiro par de tefilin, foi Yonatan que lhe ensinou como coloc\u00e1-los. A fam\u00edlia Dimri tamb\u00e9m organizou todos os arranjos para a &#8220;hanachat tefilin&#8221; (coloca\u00e7\u00e3o do Tefilin pela primeira vez) que antecedeu a celebra\u00e7\u00e3o do Bar Mitzv\u00e1 de Baruch, que aconteceu no Kotel (Muro das Lamenta\u00e7\u00f5es), encenrrando com um &#8220;Kidush&#8221; festivo, que contu com a participa\u00e7\u00e3o de 25 pessoas. Entre os convidados especiais estava o Rabino Moshe Ben-Dahan, quem a fam\u00edlia conheceu, quando estavam de Madrid.<\/p>\n<p>Sarah estava exultante ao ver seu filho celebrando o Bar Mitzv\u00e1 em Israel, e cumprindo, assim, tantos sonhos &#8211; dela pr\u00f3pria e o anseio de tantos antepassados Anussim. &#8220;N\u00e3o h\u00e1 vida para a Neshama (alma) judaica, fora de Eretz Israel (Terra de Israel)&#8221;, diz Sarah. Ela conecta seu processo com o do patriarca b\u00edblico Abra\u00e3o, a quem D&#8217;us disse &#8220;Lecha Lech&#8221; &#8211; Saia de sua casa &#8211; e lhe orienta a ir a uma terra que lhe mostraria. &#8220;D&#8217;us nos disse, tamb\u00e9m, para levantar-nos e ir embora. Ele nos levou de Elda para Madrid e de l\u00e1 para Israel!&#8221;<\/p>\n<p>Para Baruch, a quem sua m\u00e3e cantava frequentemente o &#8220;Hatikva&#8221;, o hino nacional de Israel, antes de ele ir dormir quando estavam na Espanha, Israel tem sido nada menos do que um per\u00edodo de transforma\u00e7\u00e3o. &#8220;Ele precisava ver que existia um lugar aonde, tudo o que est\u00e1vamos aprendendo e praticando em casa, realmente existia. Foi realmente um presente do c\u00e9u conhecer a Shavei Israel. Obrigado por se preocuparem com o Baruch &#8230; e por todos n\u00f3s!&#8221;<\/p>\n<p>Seguem abaixo, algumas fotos da celebra\u00e7\u00e3o do Bar Mitzv\u00e1 do Baruch, no Kotel:<\/p>\n<p><img decoding=\"async\" class=\"alignnone size-medium wp-image-16445\" src=\"https:\/\/www.shaveiisrael.com\/wp-content\/uploads\/2015\/06\/20150227_095212-168x300.jpg\" alt=\"20150227_095212\" width=\"168\" height=\"300\" \/> <img decoding=\"async\" class=\"alignnone size-medium wp-image-16444\" src=\"https:\/\/www.shaveiisrael.com\/wp-content\/uploads\/2015\/06\/20150227_092914-300x168.jpg\" alt=\"20150227_092914\" width=\"300\" height=\"168\" \/> <img decoding=\"async\" class=\"alignnone size-medium wp-image-16443\" src=\"https:\/\/www.shaveiisrael.com\/wp-content\/uploads\/2015\/06\/20150227_091603-300x168.jpg\" alt=\"20150227_091603\" width=\"300\" height=\"168\" \/> <img decoding=\"async\" class=\"alignnone size-medium wp-image-16441\" src=\"https:\/\/www.shaveiisrael.com\/wp-content\/uploads\/2015\/06\/20150227_084826-168x300.jpg\" alt=\"20150227_084826\" width=\"168\" height=\"300\" \/><!--:--><!--:es--><img decoding=\"async\" class=\"size-full wp-image-16440 alignleft\" src=\"https:\/\/www.shaveiisrael.com\/wp-content\/uploads\/2015\/06\/20150227_090732-168x3001.jpg\" alt=\"\" width=\"168\" height=\"300\" \/><\/p>\n<p><!--:--><\/p>\n","protected":false},"excerpt":{"rendered":"<p>Quando a fam\u00edlia e os amigos costumavam perguntar a Baruch Israel o que ele queria ser quando crescesse, ele n\u00e3o respondia como as outras crian\u00e7as que especificavam uma profiss\u00e3o. N\u00e3o era ser m\u00e9dico e nem advogado que Baruch aspirava. &#8220;Quando crescer, quero ser judeu!&#8221;, respondia&#8230;<\/p>\n","protected":false},"author":31,"featured_media":0,"comment_status":"open","ping_status":"open","sticky":false,"template":"","format":"standard","meta":{"give_campaign_id":0,"_exactmetrics_skip_tracking":false,"_exactmetrics_sitenote_active":false,"_exactmetrics_sitenote_note":"","_exactmetrics_sitenote_category":0,"ngg_post_thumbnail":0,"footnotes":""},"categories":[6954],"tags":[6955],"class_list":["post-137818","post","type-post","status-publish","format-standard","hentry","category-bnei-anussimartigos-sobre-as-atividades-da-shavei-israelbnei-anussimrelatos-pessoais","tag-bar-mitzvabnei-anussimespanhajerusalemjudaismo"],"yoast_head":"<!-- This site is optimized with the Yoast SEO plugin v27.4 - https:\/\/yoast.com\/product\/yoast-seo-wordpress\/ -->\n<title>Um Bar Mitzv\u00e1 Espanhol para os Bnei Anussim em Jerusal\u00e9m - Shavei Israel<\/title>\n<meta name=\"robots\" content=\"index, follow, max-snippet:-1, max-image-preview:large, max-video-preview:-1\" \/>\n<link rel=\"canonical\" href=\"https:\/\/www.shavei.org\/pt-br\/blog\/2021\/05\/27\/um-bar-mitzva-espanhol-para-os-bnei-anussim-em-jerusalem\/\" \/>\n<meta property=\"og:locale\" content=\"pt_BR\" \/>\n<meta property=\"og:type\" content=\"article\" \/>\n<meta property=\"og:title\" content=\"Um Bar Mitzv\u00e1 Espanhol para os Bnei Anussim em Jerusal\u00e9m - Shavei Israel\" \/>\n<meta property=\"og:description\" content=\"Quando a fam\u00edlia e os amigos costumavam perguntar a Baruch Israel o que ele queria ser quando crescesse, ele n\u00e3o respondia como as outras crian\u00e7as que especificavam uma profiss\u00e3o. N\u00e3o era ser m\u00e9dico e nem advogado que Baruch aspirava. &#8220;Quando crescer, quero ser judeu!&#8221;, respondia...\" \/>\n<meta property=\"og:url\" content=\"https:\/\/www.shavei.org\/pt-br\/blog\/2021\/05\/27\/um-bar-mitzva-espanhol-para-os-bnei-anussim-em-jerusalem\/\" \/>\n<meta property=\"og:site_name\" content=\"Shavei Israel\" \/>\n<meta property=\"article:published_time\" content=\"2021-05-27T14:21:58+00:00\" \/>\n<meta property=\"og:image\" content=\"https:\/\/www.shaveiisrael.com\/wp-content\/uploads\/2015\/06\/20150227_090732-168x3001.jpg\" \/>\n<meta name=\"author\" content=\"daniella\" \/>\n<meta name=\"twitter:card\" content=\"summary_large_image\" \/>\n<meta name=\"twitter:label1\" content=\"Escrito por\" \/>\n\t<meta name=\"twitter:data1\" content=\"\" \/>\n\t<meta name=\"twitter:label2\" content=\"Est. tempo de leitura\" \/>\n\t<meta name=\"twitter:data2\" content=\"7 minutos\" \/>\n<script type=\"application\/ld+json\" class=\"yoast-schema-graph\">{\"@context\":\"https:\\\/\\\/schema.org\",\"@graph\":[{\"@type\":\"Article\",\"@id\":\"https:\\\/\\\/www.shavei.org\\\/pt-br\\\/blog\\\/2021\\\/05\\\/27\\\/um-bar-mitzva-espanhol-para-os-bnei-anussim-em-jerusalem\\\/#article\",\"isPartOf\":{\"@id\":\"https:\\\/\\\/www.shavei.org\\\/pt-br\\\/blog\\\/2021\\\/05\\\/27\\\/um-bar-mitzva-espanhol-para-os-bnei-anussim-em-jerusalem\\\/\"},\"author\":{\"name\":\"daniella\",\"@id\":\"https:\\\/\\\/www.shavei.org\\\/#\\\/schema\\\/person\\\/628be1364b127546c700d93458cf9e4c\"},\"headline\":\"Um Bar Mitzv\u00e1 Espanhol para os Bnei Anussim em Jerusal\u00e9m\",\"datePublished\":\"2021-05-27T14:21:58+00:00\",\"mainEntityOfPage\":{\"@id\":\"https:\\\/\\\/www.shavei.org\\\/pt-br\\\/blog\\\/2021\\\/05\\\/27\\\/um-bar-mitzva-espanhol-para-os-bnei-anussim-em-jerusalem\\\/\"},\"wordCount\":1328,\"commentCount\":0,\"publisher\":{\"@id\":\"https:\\\/\\\/www.shavei.org\\\/#organization\"},\"image\":{\"@id\":\"https:\\\/\\\/www.shavei.org\\\/pt-br\\\/blog\\\/2021\\\/05\\\/27\\\/um-bar-mitzva-espanhol-para-os-bnei-anussim-em-jerusalem\\\/#primaryimage\"},\"thumbnailUrl\":\"https:\\\/\\\/www.shaveiisrael.com\\\/wp-content\\\/uploads\\\/2015\\\/06\\\/20150227_090732-168x3001.jpg\",\"keywords\":[\"bar mitzva|Bnei Anussim|Espanha|jerusalem|juda\u00edsmo\"],\"articleSection\":[\"BNEI ANUSSIM&gt;Artigos sobre as Atividades da Shavei Israel|BNEI ANUSSIM&gt;Relatos Pessoais\"],\"inLanguage\":\"pt-BR\",\"potentialAction\":[{\"@type\":\"CommentAction\",\"name\":\"Comment\",\"target\":[\"https:\\\/\\\/www.shavei.org\\\/pt-br\\\/blog\\\/2021\\\/05\\\/27\\\/um-bar-mitzva-espanhol-para-os-bnei-anussim-em-jerusalem\\\/#respond\"]}]},{\"@type\":\"WebPage\",\"@id\":\"https:\\\/\\\/www.shavei.org\\\/pt-br\\\/blog\\\/2021\\\/05\\\/27\\\/um-bar-mitzva-espanhol-para-os-bnei-anussim-em-jerusalem\\\/\",\"url\":\"https:\\\/\\\/www.shavei.org\\\/pt-br\\\/blog\\\/2021\\\/05\\\/27\\\/um-bar-mitzva-espanhol-para-os-bnei-anussim-em-jerusalem\\\/\",\"name\":\"Um Bar Mitzv\u00e1 Espanhol para os Bnei Anussim em Jerusal\u00e9m - Shavei Israel\",\"isPartOf\":{\"@id\":\"https:\\\/\\\/www.shavei.org\\\/#website\"},\"primaryImageOfPage\":{\"@id\":\"https:\\\/\\\/www.shavei.org\\\/pt-br\\\/blog\\\/2021\\\/05\\\/27\\\/um-bar-mitzva-espanhol-para-os-bnei-anussim-em-jerusalem\\\/#primaryimage\"},\"image\":{\"@id\":\"https:\\\/\\\/www.shavei.org\\\/pt-br\\\/blog\\\/2021\\\/05\\\/27\\\/um-bar-mitzva-espanhol-para-os-bnei-anussim-em-jerusalem\\\/#primaryimage\"},\"thumbnailUrl\":\"https:\\\/\\\/www.shaveiisrael.com\\\/wp-content\\\/uploads\\\/2015\\\/06\\\/20150227_090732-168x3001.jpg\",\"datePublished\":\"2021-05-27T14:21:58+00:00\",\"breadcrumb\":{\"@id\":\"https:\\\/\\\/www.shavei.org\\\/pt-br\\\/blog\\\/2021\\\/05\\\/27\\\/um-bar-mitzva-espanhol-para-os-bnei-anussim-em-jerusalem\\\/#breadcrumb\"},\"inLanguage\":\"pt-BR\",\"potentialAction\":[{\"@type\":\"ReadAction\",\"target\":[\"https:\\\/\\\/www.shavei.org\\\/pt-br\\\/blog\\\/2021\\\/05\\\/27\\\/um-bar-mitzva-espanhol-para-os-bnei-anussim-em-jerusalem\\\/\"]}]},{\"@type\":\"ImageObject\",\"inLanguage\":\"pt-BR\",\"@id\":\"https:\\\/\\\/www.shavei.org\\\/pt-br\\\/blog\\\/2021\\\/05\\\/27\\\/um-bar-mitzva-espanhol-para-os-bnei-anussim-em-jerusalem\\\/#primaryimage\",\"url\":\"https:\\\/\\\/www.shaveiisrael.com\\\/wp-content\\\/uploads\\\/2015\\\/06\\\/20150227_090732-168x3001.jpg\",\"contentUrl\":\"https:\\\/\\\/www.shaveiisrael.com\\\/wp-content\\\/uploads\\\/2015\\\/06\\\/20150227_090732-168x3001.jpg\"},{\"@type\":\"BreadcrumbList\",\"@id\":\"https:\\\/\\\/www.shavei.org\\\/pt-br\\\/blog\\\/2021\\\/05\\\/27\\\/um-bar-mitzva-espanhol-para-os-bnei-anussim-em-jerusalem\\\/#breadcrumb\",\"itemListElement\":[{\"@type\":\"ListItem\",\"position\":1,\"name\":\"Home\",\"item\":\"https:\\\/\\\/www.shavei.org\\\/\"},{\"@type\":\"ListItem\",\"position\":2,\"name\":\"Um Bar Mitzv\u00e1 Espanhol para os Bnei Anussim em Jerusal\u00e9m\"}]},{\"@type\":\"WebSite\",\"@id\":\"https:\\\/\\\/www.shavei.org\\\/#website\",\"url\":\"https:\\\/\\\/www.shavei.org\\\/\",\"name\":\"Shavei Israel\",\"description\":\"One nation, many faces. We help them all return.\",\"publisher\":{\"@id\":\"https:\\\/\\\/www.shavei.org\\\/#organization\"},\"potentialAction\":[{\"@type\":\"SearchAction\",\"target\":{\"@type\":\"EntryPoint\",\"urlTemplate\":\"https:\\\/\\\/www.shavei.org\\\/?s={search_term_string}\"},\"query-input\":{\"@type\":\"PropertyValueSpecification\",\"valueRequired\":true,\"valueName\":\"search_term_string\"}}],\"inLanguage\":\"pt-BR\"},{\"@type\":\"Organization\",\"@id\":\"https:\\\/\\\/www.shavei.org\\\/#organization\",\"name\":\"Shavei Israel\",\"url\":\"https:\\\/\\\/www.shavei.org\\\/\",\"logo\":{\"@type\":\"ImageObject\",\"inLanguage\":\"pt-BR\",\"@id\":\"https:\\\/\\\/www.shavei.org\\\/#\\\/schema\\\/logo\\\/image\\\/\",\"url\":\"https:\\\/\\\/www.shavei.org\\\/wp-content\\\/uploads\\\/2017\\\/10\\\/shavei-logo.jpg\",\"contentUrl\":\"https:\\\/\\\/www.shavei.org\\\/wp-content\\\/uploads\\\/2017\\\/10\\\/shavei-logo.jpg\",\"width\":300,\"height\":285,\"caption\":\"Shavei Israel\"},\"image\":{\"@id\":\"https:\\\/\\\/www.shavei.org\\\/#\\\/schema\\\/logo\\\/image\\\/\"}},{\"@type\":\"Person\",\"@id\":\"https:\\\/\\\/www.shavei.org\\\/#\\\/schema\\\/person\\\/628be1364b127546c700d93458cf9e4c\",\"name\":\"daniella\",\"image\":{\"@type\":\"ImageObject\",\"inLanguage\":\"pt-BR\",\"@id\":\"https:\\\/\\\/secure.gravatar.com\\\/avatar\\\/bf8b97193609e61ba4fd9bacc2cb0ef6ed3fbf5eb2df25350c1e263020233ff8?s=96&d=mm&r=g\",\"url\":\"https:\\\/\\\/secure.gravatar.com\\\/avatar\\\/bf8b97193609e61ba4fd9bacc2cb0ef6ed3fbf5eb2df25350c1e263020233ff8?s=96&d=mm&r=g\",\"contentUrl\":\"https:\\\/\\\/secure.gravatar.com\\\/avatar\\\/bf8b97193609e61ba4fd9bacc2cb0ef6ed3fbf5eb2df25350c1e263020233ff8?s=96&d=mm&r=g\",\"caption\":\"daniella\"},\"url\":\"https:\\\/\\\/www.shavei.org\\\/pt-br\\\/blog\\\/author\\\/daniella\\\/\"}]}<\/script>\n<!-- \/ Yoast SEO plugin. -->","yoast_head_json":{"title":"Um Bar Mitzv\u00e1 Espanhol para os Bnei Anussim em Jerusal\u00e9m - Shavei Israel","robots":{"index":"index","follow":"follow","max-snippet":"max-snippet:-1","max-image-preview":"max-image-preview:large","max-video-preview":"max-video-preview:-1"},"canonical":"https:\/\/www.shavei.org\/pt-br\/blog\/2021\/05\/27\/um-bar-mitzva-espanhol-para-os-bnei-anussim-em-jerusalem\/","og_locale":"pt_BR","og_type":"article","og_title":"Um Bar Mitzv\u00e1 Espanhol para os Bnei Anussim em Jerusal\u00e9m - Shavei Israel","og_description":"Quando a fam\u00edlia e os amigos costumavam perguntar a Baruch Israel o que ele queria ser quando crescesse, ele n\u00e3o respondia como as outras crian\u00e7as que especificavam uma profiss\u00e3o. N\u00e3o era ser m\u00e9dico e nem advogado que Baruch aspirava. &#8220;Quando crescer, quero ser judeu!&#8221;, respondia...","og_url":"https:\/\/www.shavei.org\/pt-br\/blog\/2021\/05\/27\/um-bar-mitzva-espanhol-para-os-bnei-anussim-em-jerusalem\/","og_site_name":"Shavei Israel","article_published_time":"2021-05-27T14:21:58+00:00","og_image":[{"url":"https:\/\/www.shaveiisrael.com\/wp-content\/uploads\/2015\/06\/20150227_090732-168x3001.jpg","type":"","width":"","height":""}],"author":"daniella","twitter_card":"summary_large_image","twitter_misc":{"Escrito por":false,"Est. tempo de leitura":"7 minutos"},"schema":{"@context":"https:\/\/schema.org","@graph":[{"@type":"Article","@id":"https:\/\/www.shavei.org\/pt-br\/blog\/2021\/05\/27\/um-bar-mitzva-espanhol-para-os-bnei-anussim-em-jerusalem\/#article","isPartOf":{"@id":"https:\/\/www.shavei.org\/pt-br\/blog\/2021\/05\/27\/um-bar-mitzva-espanhol-para-os-bnei-anussim-em-jerusalem\/"},"author":{"name":"daniella","@id":"https:\/\/www.shavei.org\/#\/schema\/person\/628be1364b127546c700d93458cf9e4c"},"headline":"Um Bar Mitzv\u00e1 Espanhol para os Bnei Anussim em Jerusal\u00e9m","datePublished":"2021-05-27T14:21:58+00:00","mainEntityOfPage":{"@id":"https:\/\/www.shavei.org\/pt-br\/blog\/2021\/05\/27\/um-bar-mitzva-espanhol-para-os-bnei-anussim-em-jerusalem\/"},"wordCount":1328,"commentCount":0,"publisher":{"@id":"https:\/\/www.shavei.org\/#organization"},"image":{"@id":"https:\/\/www.shavei.org\/pt-br\/blog\/2021\/05\/27\/um-bar-mitzva-espanhol-para-os-bnei-anussim-em-jerusalem\/#primaryimage"},"thumbnailUrl":"https:\/\/www.shaveiisrael.com\/wp-content\/uploads\/2015\/06\/20150227_090732-168x3001.jpg","keywords":["bar mitzva|Bnei Anussim|Espanha|jerusalem|juda\u00edsmo"],"articleSection":["BNEI ANUSSIM&gt;Artigos sobre as Atividades da Shavei Israel|BNEI ANUSSIM&gt;Relatos Pessoais"],"inLanguage":"pt-BR","potentialAction":[{"@type":"CommentAction","name":"Comment","target":["https:\/\/www.shavei.org\/pt-br\/blog\/2021\/05\/27\/um-bar-mitzva-espanhol-para-os-bnei-anussim-em-jerusalem\/#respond"]}]},{"@type":"WebPage","@id":"https:\/\/www.shavei.org\/pt-br\/blog\/2021\/05\/27\/um-bar-mitzva-espanhol-para-os-bnei-anussim-em-jerusalem\/","url":"https:\/\/www.shavei.org\/pt-br\/blog\/2021\/05\/27\/um-bar-mitzva-espanhol-para-os-bnei-anussim-em-jerusalem\/","name":"Um Bar Mitzv\u00e1 Espanhol para os Bnei Anussim em Jerusal\u00e9m - Shavei Israel","isPartOf":{"@id":"https:\/\/www.shavei.org\/#website"},"primaryImageOfPage":{"@id":"https:\/\/www.shavei.org\/pt-br\/blog\/2021\/05\/27\/um-bar-mitzva-espanhol-para-os-bnei-anussim-em-jerusalem\/#primaryimage"},"image":{"@id":"https:\/\/www.shavei.org\/pt-br\/blog\/2021\/05\/27\/um-bar-mitzva-espanhol-para-os-bnei-anussim-em-jerusalem\/#primaryimage"},"thumbnailUrl":"https:\/\/www.shaveiisrael.com\/wp-content\/uploads\/2015\/06\/20150227_090732-168x3001.jpg","datePublished":"2021-05-27T14:21:58+00:00","breadcrumb":{"@id":"https:\/\/www.shavei.org\/pt-br\/blog\/2021\/05\/27\/um-bar-mitzva-espanhol-para-os-bnei-anussim-em-jerusalem\/#breadcrumb"},"inLanguage":"pt-BR","potentialAction":[{"@type":"ReadAction","target":["https:\/\/www.shavei.org\/pt-br\/blog\/2021\/05\/27\/um-bar-mitzva-espanhol-para-os-bnei-anussim-em-jerusalem\/"]}]},{"@type":"ImageObject","inLanguage":"pt-BR","@id":"https:\/\/www.shavei.org\/pt-br\/blog\/2021\/05\/27\/um-bar-mitzva-espanhol-para-os-bnei-anussim-em-jerusalem\/#primaryimage","url":"https:\/\/www.shaveiisrael.com\/wp-content\/uploads\/2015\/06\/20150227_090732-168x3001.jpg","contentUrl":"https:\/\/www.shaveiisrael.com\/wp-content\/uploads\/2015\/06\/20150227_090732-168x3001.jpg"},{"@type":"BreadcrumbList","@id":"https:\/\/www.shavei.org\/pt-br\/blog\/2021\/05\/27\/um-bar-mitzva-espanhol-para-os-bnei-anussim-em-jerusalem\/#breadcrumb","itemListElement":[{"@type":"ListItem","position":1,"name":"Home","item":"https:\/\/www.shavei.org\/"},{"@type":"ListItem","position":2,"name":"Um Bar Mitzv\u00e1 Espanhol para os Bnei Anussim em Jerusal\u00e9m"}]},{"@type":"WebSite","@id":"https:\/\/www.shavei.org\/#website","url":"https:\/\/www.shavei.org\/","name":"Shavei Israel","description":"One nation, many faces. We help them all return.","publisher":{"@id":"https:\/\/www.shavei.org\/#organization"},"potentialAction":[{"@type":"SearchAction","target":{"@type":"EntryPoint","urlTemplate":"https:\/\/www.shavei.org\/?s={search_term_string}"},"query-input":{"@type":"PropertyValueSpecification","valueRequired":true,"valueName":"search_term_string"}}],"inLanguage":"pt-BR"},{"@type":"Organization","@id":"https:\/\/www.shavei.org\/#organization","name":"Shavei Israel","url":"https:\/\/www.shavei.org\/","logo":{"@type":"ImageObject","inLanguage":"pt-BR","@id":"https:\/\/www.shavei.org\/#\/schema\/logo\/image\/","url":"https:\/\/www.shavei.org\/wp-content\/uploads\/2017\/10\/shavei-logo.jpg","contentUrl":"https:\/\/www.shavei.org\/wp-content\/uploads\/2017\/10\/shavei-logo.jpg","width":300,"height":285,"caption":"Shavei Israel"},"image":{"@id":"https:\/\/www.shavei.org\/#\/schema\/logo\/image\/"}},{"@type":"Person","@id":"https:\/\/www.shavei.org\/#\/schema\/person\/628be1364b127546c700d93458cf9e4c","name":"daniella","image":{"@type":"ImageObject","inLanguage":"pt-BR","@id":"https:\/\/secure.gravatar.com\/avatar\/bf8b97193609e61ba4fd9bacc2cb0ef6ed3fbf5eb2df25350c1e263020233ff8?s=96&d=mm&r=g","url":"https:\/\/secure.gravatar.com\/avatar\/bf8b97193609e61ba4fd9bacc2cb0ef6ed3fbf5eb2df25350c1e263020233ff8?s=96&d=mm&r=g","contentUrl":"https:\/\/secure.gravatar.com\/avatar\/bf8b97193609e61ba4fd9bacc2cb0ef6ed3fbf5eb2df25350c1e263020233ff8?s=96&d=mm&r=g","caption":"daniella"},"url":"https:\/\/www.shavei.org\/pt-br\/blog\/author\/daniella\/"}]}},"_links":{"self":[{"href":"https:\/\/www.shavei.org\/pt-br\/wp-json\/wp\/v2\/posts\/137818","targetHints":{"allow":["GET"]}}],"collection":[{"href":"https:\/\/www.shavei.org\/pt-br\/wp-json\/wp\/v2\/posts"}],"about":[{"href":"https:\/\/www.shavei.org\/pt-br\/wp-json\/wp\/v2\/types\/post"}],"author":[{"embeddable":true,"href":"https:\/\/www.shavei.org\/pt-br\/wp-json\/wp\/v2\/users\/31"}],"replies":[{"embeddable":true,"href":"https:\/\/www.shavei.org\/pt-br\/wp-json\/wp\/v2\/comments?post=137818"}],"version-history":[{"count":0,"href":"https:\/\/www.shavei.org\/pt-br\/wp-json\/wp\/v2\/posts\/137818\/revisions"}],"wp:attachment":[{"href":"https:\/\/www.shavei.org\/pt-br\/wp-json\/wp\/v2\/media?parent=137818"}],"wp:term":[{"taxonomy":"category","embeddable":true,"href":"https:\/\/www.shavei.org\/pt-br\/wp-json\/wp\/v2\/categories?post=137818"},{"taxonomy":"post_tag","embeddable":true,"href":"https:\/\/www.shavei.org\/pt-br\/wp-json\/wp\/v2\/tags?post=137818"}],"curies":[{"name":"wp","href":"https:\/\/api.w.org\/{rel}","templated":true}]}}