{"id":137806,"date":"2021-05-27T16:21:20","date_gmt":"2021-05-27T14:21:20","guid":{"rendered":"https:\/\/www.shavei.org\/blog\/2021\/05\/27\/tomamos-o-muro-das-lamentacoes-por-obvio\/"},"modified":"2021-05-27T16:21:20","modified_gmt":"2021-05-27T14:21:20","slug":"tomamos-o-muro-das-lamentacoes-por-obvio","status":"publish","type":"post","link":"https:\/\/www.shavei.org\/pt-br\/blog\/2021\/05\/27\/tomamos-o-muro-das-lamentacoes-por-obvio\/","title":{"rendered":"Tomamos o Muro das Lamenta\u00e7\u00f5es por \u00f3bvio?"},"content":{"rendered":"<p><!--:en--><span style=\"line-height: 1.5em;\"><img decoding=\"async\" class=\"alignleft size-medium wp-image-16261\" src=\"https:\/\/www.shaveiisrael.com\/wp-content\/uploads\/2015\/05\/F130508YS761-300x199.jpg\" alt=\"F130508YS76\" width=\"300\" height=\"199\" \/>Ergue-se em sil\u00eancio, contemplativo, como uma sentinela que guarda seu posto, projetando for\u00e7a e um sentido dram\u00e1tico de hist\u00f3ria ao mesmo tempo que invoca os nossos anseios mais profundos sobre o destino dos judeus.<\/span><\/p>\n<p>Como local mais conhecido em toda Jerusal\u00e9m, \u00e9 um s\u00edmbolo que ressoa profundamente e, por vezes inescrutavelmente no cora\u00e7\u00e3o de todos aqueles que sentem a suavidade de seu toque.<\/p>\n<p>Na verdade, para aqueles de n\u00f3s que nasceram ap\u00f3s os acontecimentos milagrosos de 1967, da Guerra dos Seis Dias, \u00e9 dif\u00edcil conceber um momento em que o Muro Ocidental estava contaminado e inacess\u00edvel, definhando sem esperan\u00e7a sob dom\u00ednio estrangeiro.<\/p>\n<p>N\u00f3s o visitamos sempre que queremos, livres para recitar qualquer ora\u00e7\u00e3o, oferecer o m\u00e1ximo de gl\u00f3ria ou derramar a quantidade de l\u00e1grimas que nossos cora\u00e7\u00f5es possam desejar.<\/p>\n<p>No entanto, foi somente ha 48 anos atr\u00e1s, no dia de hoje, no 28\u00ba dia do m\u00eas hebraico de Iyar, que esta antiga rel\u00edquia do per\u00edodo do Templo Sagrado, foi devolvida para nosso povo, um evento que, desde ent\u00e3o, \u00e9 comemorado a cada ano como Yom Yerushalayim.<br \/>\n<!--:--><!--more--><!--:en--><\/p>\n<p>Mas quanto \u00e9 que n\u00f3s, realmente, apreciamos e valorizaros o Muro (Kotel)? Hesito at\u00e9 mesmo em perguntar, mas: podemos talvez tomar o Muro das Lamenta\u00e7\u00f5es como \u00f3bvio?<\/p>\n<p>Claro, o Monte do Templo, que fica acima do Muro, \u00e9 o nosso mais sagrado de todos os locais sagrados, ultrapassando o Kotel em import\u00e2ncia. E temos que trabalhar no sentido de um dia poder ser verdadeiramente livres para subir neste local, em paz, livre de restri\u00e7\u00f5es pol\u00edticas.<\/p>\n<p>Mas, por termos a total liberdade de visitar o Kotel, perdemos o nosso sentimento de admira\u00e7\u00e3o sobre este lugar t\u00e3o especial?<\/p>\n<p>Considere o seguinte. H\u00e1 um Midrash em Bamidbar Raba (11:2), onde os S\u00e1bios, com base em um vers\u00edculo do C\u00e2ntico dos C\u00e2nticos, afirmam que &#8220;a parede ocidental do Templo jamais ser\u00e1 destru\u00edda&#8221;.<\/p>\n<p>A aud\u00e1cia destas palavras \u00e9 de tirar o f\u00f4lego. No auge do sofrimento do nosso povo, no ex\u00edlio, h\u00e1 muitos s\u00e9culos atr\u00e1s, quando est\u00e1vamos sendo massacrados, perseguidos e ca\u00e7ados como nenhuma outra na\u00e7\u00e3o experimentou, anteriormente ou posteriormente, como algu\u00e9m poderia sugerir que um dos tantos conquistadores de Jerusal\u00e9m deixaria esta parede de p\u00e9?<\/p>\n<p>E, no entanto, eis que est\u00e1, ereta em toda sua grandeza, desafiando a hist\u00f3ria, a humilha\u00e7\u00e3o e todas as probabilidades, uma prova f\u00edsica das promessas divinas feitas aos nossos antepassados h\u00e1 muito tempo atr\u00e1s.<\/p>\n<p>Mas quantas vezes, de fato, o visitamos? Quando foi a \u00faltima vez que acariciamos suas pedras, ou inclinamos nossas cabe\u00e7as sobre esta, buscando, silenciosamente, um socorro espiritual?<\/p>\n<p>Claro, existem aqueles que regularmente fazem uma peregrina\u00e7\u00e3o ao local, enquanto outros a procuram em momentos de necessidade.<\/p>\n<p>Mas h\u00e1 muitos de n\u00f3s &#8211; muitos mesmo &#8211; que n\u00e3o contemplam esta divina parede em toda a sua gl\u00f3ria, por anos ou mesmo, d\u00e9cadas.<\/p>\n<p>Isso tem que mudar. Especialmente agora, quando a press\u00e3o sobre o estado judeu \u00e9 grande para dividir Jerusal\u00e9m.<\/p>\n<p>Portanto, acredito que \u00e9 hora de cada judeu, todos aqueles entre n\u00f3s que amam Jerusal\u00e9m e valorizam sua unidade e integridade, fazer uma simples, por\u00e9m significante, promessa: visitar o Muro das Lamenta\u00e7\u00f5es, pelo menos uma vez por ano. N\u00e3o deixe que 12 meses passem, n\u00e3o permita que o tempo passe, sem que voc\u00ea tenha ido para a Cidade Velha de Jerusal\u00e9m e contemplado o Kotel.<\/p>\n<p>Basta imaginar o que nossos antepassados, por tantas gera\u00e7\u00f5es, teriam dado para ser capaz de vislumbr\u00e1-lo, mesmo que por alguns momentos. Como pode ser poss\u00edvel n\u00e3o aproveitarmos a oportunidade de ir l\u00e1, estar l\u00e1, mostrar ao Kotel, a D&#8217;us, e a toda a humanidade que este lugar \u00e9 nosso e n\u00f3s nunca iremos abrir m\u00e3o dele?<\/p>\n<p>Uma pergunta: Voc\u00ea j\u00e1 se perguntou o que mant\u00e9m o Kotel unido, o que mant\u00e9m estas pedras majestosas conectadas?<\/p>\n<p>N\u00e3o h\u00e1 cimento ou qualquer material adesivo, nada que pare\u00e7a mant\u00ea-las no lugar. Qual \u00e9 o segredo?<\/p>\n<p>O falecido Rabino Dov Perla, o Rabino do Muro das Lamenta\u00e7\u00f5es, ponderou esta quest\u00e3o e uma vez disse a um espectador que visitava o local, &#8220;\u00e9 a press\u00e3o. A press\u00e3o das pedras pesadas uma em cima da outra &#8211; este \u00e9 o segredo de sua posi\u00e7\u00e3o vertical&#8230; assim como o povo judeu!&#8221;<\/p>\n<p>&#8220;Quanto mais as na\u00e7\u00f5es-nos pressionam&#8221;, continuou ele, &#8220;quanto mais press\u00f5es externas enfrentamos, mais estas nos conectam numa unidade sob o mesmo prop\u00f3sito. Isso \u00e9 o que tem mantido o Kotel em p\u00e9, e este, tamb\u00e9m, o segredo do nosso povo&#8221;.<\/p>\n<p>No Yom Yerushalayim de 1967, a pr\u00f3pria Jerusal\u00e9m era unida, e n\u00f3s est\u00e1vamos unidos com ela, o cora\u00e7\u00e3o de nossa na\u00e7\u00e3o, a fonte de nossa alma coletiva.<\/p>\n<p>Renovemos, ent\u00e3o, este nosso compromisso com o senso de unidade, visitando o Kotel, anualmente, para assim nunca abandon\u00e1-lo novamente. Assuma este compromisso, agora, e mantenha sua promessa. O Kotel, e, especialmente, Ele, que cuida de n\u00f3s, contam com isso.<!--:--><!--:es--><\/p>\n<p><!--:--><\/p>\n","protected":false},"excerpt":{"rendered":"<p>Ergue-se em sil\u00eancio, contemplativo, como uma sentinela que guarda seu posto, projetando for\u00e7a e um sentido dram\u00e1tico de hist\u00f3ria ao mesmo tempo que invoca os nossos anseios mais profundos sobre o destino dos judeus. Como local mais conhecido em toda Jerusal\u00e9m, \u00e9 um s\u00edmbolo que&#8230;<\/p>\n","protected":false},"author":31,"featured_media":0,"comment_status":"open","ping_status":"open","sticky":false,"template":"","format":"standard","meta":{"give_campaign_id":0,"_exactmetrics_skip_tracking":false,"_exactmetrics_sitenote_active":false,"_exactmetrics_sitenote_note":"","_exactmetrics_sitenote_category":0,"ngg_post_thumbnail":0,"footnotes":""},"categories":[6749],"tags":[6945],"class_list":["post-137806","post","type-post","status-publish","format-standard","hentry","category-judaismoartigos","tag-festasjerusalemjudaismoyom-yerushalaim"],"yoast_head":"<!-- This site is optimized with the Yoast SEO plugin v27.4 - https:\/\/yoast.com\/product\/yoast-seo-wordpress\/ -->\n<title>Tomamos o Muro das Lamenta\u00e7\u00f5es por \u00f3bvio? - Shavei Israel<\/title>\n<meta name=\"robots\" content=\"index, follow, max-snippet:-1, max-image-preview:large, max-video-preview:-1\" \/>\n<link rel=\"canonical\" href=\"https:\/\/www.shavei.org\/pt-br\/blog\/2021\/05\/27\/tomamos-o-muro-das-lamentacoes-por-obvio\/\" \/>\n<meta property=\"og:locale\" content=\"pt_BR\" \/>\n<meta property=\"og:type\" content=\"article\" \/>\n<meta property=\"og:title\" content=\"Tomamos o Muro das Lamenta\u00e7\u00f5es por \u00f3bvio? - Shavei Israel\" \/>\n<meta property=\"og:description\" content=\"Ergue-se em sil\u00eancio, contemplativo, como uma sentinela que guarda seu posto, projetando for\u00e7a e um sentido dram\u00e1tico de hist\u00f3ria ao mesmo tempo que invoca os nossos anseios mais profundos sobre o destino dos judeus. Como local mais conhecido em toda Jerusal\u00e9m, \u00e9 um s\u00edmbolo que...\" \/>\n<meta property=\"og:url\" content=\"https:\/\/www.shavei.org\/pt-br\/blog\/2021\/05\/27\/tomamos-o-muro-das-lamentacoes-por-obvio\/\" \/>\n<meta property=\"og:site_name\" content=\"Shavei Israel\" \/>\n<meta property=\"article:published_time\" content=\"2021-05-27T14:21:20+00:00\" \/>\n<meta property=\"og:image\" content=\"https:\/\/www.shaveiisrael.com\/wp-content\/uploads\/2015\/05\/F130508YS761-300x199.jpg\" \/>\n<meta name=\"author\" content=\"daniella\" \/>\n<meta name=\"twitter:card\" content=\"summary_large_image\" \/>\n<meta name=\"twitter:label1\" content=\"Escrito por\" \/>\n\t<meta name=\"twitter:data1\" content=\"\" \/>\n\t<meta name=\"twitter:label2\" content=\"Est. tempo de leitura\" \/>\n\t<meta name=\"twitter:data2\" content=\"4 minutos\" \/>\n<script type=\"application\/ld+json\" class=\"yoast-schema-graph\">{\"@context\":\"https:\\\/\\\/schema.org\",\"@graph\":[{\"@type\":\"Article\",\"@id\":\"https:\\\/\\\/www.shavei.org\\\/pt-br\\\/blog\\\/2021\\\/05\\\/27\\\/tomamos-o-muro-das-lamentacoes-por-obvio\\\/#article\",\"isPartOf\":{\"@id\":\"https:\\\/\\\/www.shavei.org\\\/pt-br\\\/blog\\\/2021\\\/05\\\/27\\\/tomamos-o-muro-das-lamentacoes-por-obvio\\\/\"},\"author\":{\"name\":\"daniella\",\"@id\":\"https:\\\/\\\/www.shavei.org\\\/#\\\/schema\\\/person\\\/628be1364b127546c700d93458cf9e4c\"},\"headline\":\"Tomamos o Muro das Lamenta\u00e7\u00f5es por \u00f3bvio?\",\"datePublished\":\"2021-05-27T14:21:20+00:00\",\"mainEntityOfPage\":{\"@id\":\"https:\\\/\\\/www.shavei.org\\\/pt-br\\\/blog\\\/2021\\\/05\\\/27\\\/tomamos-o-muro-das-lamentacoes-por-obvio\\\/\"},\"wordCount\":878,\"commentCount\":0,\"publisher\":{\"@id\":\"https:\\\/\\\/www.shavei.org\\\/#organization\"},\"image\":{\"@id\":\"https:\\\/\\\/www.shavei.org\\\/pt-br\\\/blog\\\/2021\\\/05\\\/27\\\/tomamos-o-muro-das-lamentacoes-por-obvio\\\/#primaryimage\"},\"thumbnailUrl\":\"https:\\\/\\\/www.shaveiisrael.com\\\/wp-content\\\/uploads\\\/2015\\\/05\\\/F130508YS761-300x199.jpg\",\"keywords\":[\"festas|jerusalem|juda\u00edsmo|yom yerushalaim\"],\"articleSection\":[\"JUDA\u00cdSMO&gt;Artigos\"],\"inLanguage\":\"pt-BR\",\"potentialAction\":[{\"@type\":\"CommentAction\",\"name\":\"Comment\",\"target\":[\"https:\\\/\\\/www.shavei.org\\\/pt-br\\\/blog\\\/2021\\\/05\\\/27\\\/tomamos-o-muro-das-lamentacoes-por-obvio\\\/#respond\"]}]},{\"@type\":\"WebPage\",\"@id\":\"https:\\\/\\\/www.shavei.org\\\/pt-br\\\/blog\\\/2021\\\/05\\\/27\\\/tomamos-o-muro-das-lamentacoes-por-obvio\\\/\",\"url\":\"https:\\\/\\\/www.shavei.org\\\/pt-br\\\/blog\\\/2021\\\/05\\\/27\\\/tomamos-o-muro-das-lamentacoes-por-obvio\\\/\",\"name\":\"Tomamos o Muro das Lamenta\u00e7\u00f5es por \u00f3bvio? - Shavei Israel\",\"isPartOf\":{\"@id\":\"https:\\\/\\\/www.shavei.org\\\/#website\"},\"primaryImageOfPage\":{\"@id\":\"https:\\\/\\\/www.shavei.org\\\/pt-br\\\/blog\\\/2021\\\/05\\\/27\\\/tomamos-o-muro-das-lamentacoes-por-obvio\\\/#primaryimage\"},\"image\":{\"@id\":\"https:\\\/\\\/www.shavei.org\\\/pt-br\\\/blog\\\/2021\\\/05\\\/27\\\/tomamos-o-muro-das-lamentacoes-por-obvio\\\/#primaryimage\"},\"thumbnailUrl\":\"https:\\\/\\\/www.shaveiisrael.com\\\/wp-content\\\/uploads\\\/2015\\\/05\\\/F130508YS761-300x199.jpg\",\"datePublished\":\"2021-05-27T14:21:20+00:00\",\"breadcrumb\":{\"@id\":\"https:\\\/\\\/www.shavei.org\\\/pt-br\\\/blog\\\/2021\\\/05\\\/27\\\/tomamos-o-muro-das-lamentacoes-por-obvio\\\/#breadcrumb\"},\"inLanguage\":\"pt-BR\",\"potentialAction\":[{\"@type\":\"ReadAction\",\"target\":[\"https:\\\/\\\/www.shavei.org\\\/pt-br\\\/blog\\\/2021\\\/05\\\/27\\\/tomamos-o-muro-das-lamentacoes-por-obvio\\\/\"]}]},{\"@type\":\"ImageObject\",\"inLanguage\":\"pt-BR\",\"@id\":\"https:\\\/\\\/www.shavei.org\\\/pt-br\\\/blog\\\/2021\\\/05\\\/27\\\/tomamos-o-muro-das-lamentacoes-por-obvio\\\/#primaryimage\",\"url\":\"https:\\\/\\\/www.shaveiisrael.com\\\/wp-content\\\/uploads\\\/2015\\\/05\\\/F130508YS761-300x199.jpg\",\"contentUrl\":\"https:\\\/\\\/www.shaveiisrael.com\\\/wp-content\\\/uploads\\\/2015\\\/05\\\/F130508YS761-300x199.jpg\"},{\"@type\":\"BreadcrumbList\",\"@id\":\"https:\\\/\\\/www.shavei.org\\\/pt-br\\\/blog\\\/2021\\\/05\\\/27\\\/tomamos-o-muro-das-lamentacoes-por-obvio\\\/#breadcrumb\",\"itemListElement\":[{\"@type\":\"ListItem\",\"position\":1,\"name\":\"Home\",\"item\":\"https:\\\/\\\/www.shavei.org\\\/\"},{\"@type\":\"ListItem\",\"position\":2,\"name\":\"Tomamos o Muro das Lamenta\u00e7\u00f5es por \u00f3bvio?\"}]},{\"@type\":\"WebSite\",\"@id\":\"https:\\\/\\\/www.shavei.org\\\/#website\",\"url\":\"https:\\\/\\\/www.shavei.org\\\/\",\"name\":\"Shavei Israel\",\"description\":\"One nation, many faces. We help them all return.\",\"publisher\":{\"@id\":\"https:\\\/\\\/www.shavei.org\\\/#organization\"},\"potentialAction\":[{\"@type\":\"SearchAction\",\"target\":{\"@type\":\"EntryPoint\",\"urlTemplate\":\"https:\\\/\\\/www.shavei.org\\\/?s={search_term_string}\"},\"query-input\":{\"@type\":\"PropertyValueSpecification\",\"valueRequired\":true,\"valueName\":\"search_term_string\"}}],\"inLanguage\":\"pt-BR\"},{\"@type\":\"Organization\",\"@id\":\"https:\\\/\\\/www.shavei.org\\\/#organization\",\"name\":\"Shavei Israel\",\"url\":\"https:\\\/\\\/www.shavei.org\\\/\",\"logo\":{\"@type\":\"ImageObject\",\"inLanguage\":\"pt-BR\",\"@id\":\"https:\\\/\\\/www.shavei.org\\\/#\\\/schema\\\/logo\\\/image\\\/\",\"url\":\"https:\\\/\\\/www.shavei.org\\\/wp-content\\\/uploads\\\/2017\\\/10\\\/shavei-logo.jpg\",\"contentUrl\":\"https:\\\/\\\/www.shavei.org\\\/wp-content\\\/uploads\\\/2017\\\/10\\\/shavei-logo.jpg\",\"width\":300,\"height\":285,\"caption\":\"Shavei Israel\"},\"image\":{\"@id\":\"https:\\\/\\\/www.shavei.org\\\/#\\\/schema\\\/logo\\\/image\\\/\"}},{\"@type\":\"Person\",\"@id\":\"https:\\\/\\\/www.shavei.org\\\/#\\\/schema\\\/person\\\/628be1364b127546c700d93458cf9e4c\",\"name\":\"daniella\",\"image\":{\"@type\":\"ImageObject\",\"inLanguage\":\"pt-BR\",\"@id\":\"https:\\\/\\\/secure.gravatar.com\\\/avatar\\\/bf8b97193609e61ba4fd9bacc2cb0ef6ed3fbf5eb2df25350c1e263020233ff8?s=96&d=mm&r=g\",\"url\":\"https:\\\/\\\/secure.gravatar.com\\\/avatar\\\/bf8b97193609e61ba4fd9bacc2cb0ef6ed3fbf5eb2df25350c1e263020233ff8?s=96&d=mm&r=g\",\"contentUrl\":\"https:\\\/\\\/secure.gravatar.com\\\/avatar\\\/bf8b97193609e61ba4fd9bacc2cb0ef6ed3fbf5eb2df25350c1e263020233ff8?s=96&d=mm&r=g\",\"caption\":\"daniella\"},\"url\":\"https:\\\/\\\/www.shavei.org\\\/pt-br\\\/blog\\\/author\\\/daniella\\\/\"}]}<\/script>\n<!-- \/ Yoast SEO plugin. -->","yoast_head_json":{"title":"Tomamos o Muro das Lamenta\u00e7\u00f5es por \u00f3bvio? - Shavei Israel","robots":{"index":"index","follow":"follow","max-snippet":"max-snippet:-1","max-image-preview":"max-image-preview:large","max-video-preview":"max-video-preview:-1"},"canonical":"https:\/\/www.shavei.org\/pt-br\/blog\/2021\/05\/27\/tomamos-o-muro-das-lamentacoes-por-obvio\/","og_locale":"pt_BR","og_type":"article","og_title":"Tomamos o Muro das Lamenta\u00e7\u00f5es por \u00f3bvio? - Shavei Israel","og_description":"Ergue-se em sil\u00eancio, contemplativo, como uma sentinela que guarda seu posto, projetando for\u00e7a e um sentido dram\u00e1tico de hist\u00f3ria ao mesmo tempo que invoca os nossos anseios mais profundos sobre o destino dos judeus. Como local mais conhecido em toda Jerusal\u00e9m, \u00e9 um s\u00edmbolo que...","og_url":"https:\/\/www.shavei.org\/pt-br\/blog\/2021\/05\/27\/tomamos-o-muro-das-lamentacoes-por-obvio\/","og_site_name":"Shavei Israel","article_published_time":"2021-05-27T14:21:20+00:00","og_image":[{"url":"https:\/\/www.shaveiisrael.com\/wp-content\/uploads\/2015\/05\/F130508YS761-300x199.jpg","type":"","width":"","height":""}],"author":"daniella","twitter_card":"summary_large_image","twitter_misc":{"Escrito por":false,"Est. tempo de leitura":"4 minutos"},"schema":{"@context":"https:\/\/schema.org","@graph":[{"@type":"Article","@id":"https:\/\/www.shavei.org\/pt-br\/blog\/2021\/05\/27\/tomamos-o-muro-das-lamentacoes-por-obvio\/#article","isPartOf":{"@id":"https:\/\/www.shavei.org\/pt-br\/blog\/2021\/05\/27\/tomamos-o-muro-das-lamentacoes-por-obvio\/"},"author":{"name":"daniella","@id":"https:\/\/www.shavei.org\/#\/schema\/person\/628be1364b127546c700d93458cf9e4c"},"headline":"Tomamos o Muro das Lamenta\u00e7\u00f5es por \u00f3bvio?","datePublished":"2021-05-27T14:21:20+00:00","mainEntityOfPage":{"@id":"https:\/\/www.shavei.org\/pt-br\/blog\/2021\/05\/27\/tomamos-o-muro-das-lamentacoes-por-obvio\/"},"wordCount":878,"commentCount":0,"publisher":{"@id":"https:\/\/www.shavei.org\/#organization"},"image":{"@id":"https:\/\/www.shavei.org\/pt-br\/blog\/2021\/05\/27\/tomamos-o-muro-das-lamentacoes-por-obvio\/#primaryimage"},"thumbnailUrl":"https:\/\/www.shaveiisrael.com\/wp-content\/uploads\/2015\/05\/F130508YS761-300x199.jpg","keywords":["festas|jerusalem|juda\u00edsmo|yom yerushalaim"],"articleSection":["JUDA\u00cdSMO&gt;Artigos"],"inLanguage":"pt-BR","potentialAction":[{"@type":"CommentAction","name":"Comment","target":["https:\/\/www.shavei.org\/pt-br\/blog\/2021\/05\/27\/tomamos-o-muro-das-lamentacoes-por-obvio\/#respond"]}]},{"@type":"WebPage","@id":"https:\/\/www.shavei.org\/pt-br\/blog\/2021\/05\/27\/tomamos-o-muro-das-lamentacoes-por-obvio\/","url":"https:\/\/www.shavei.org\/pt-br\/blog\/2021\/05\/27\/tomamos-o-muro-das-lamentacoes-por-obvio\/","name":"Tomamos o Muro das Lamenta\u00e7\u00f5es por \u00f3bvio? - Shavei Israel","isPartOf":{"@id":"https:\/\/www.shavei.org\/#website"},"primaryImageOfPage":{"@id":"https:\/\/www.shavei.org\/pt-br\/blog\/2021\/05\/27\/tomamos-o-muro-das-lamentacoes-por-obvio\/#primaryimage"},"image":{"@id":"https:\/\/www.shavei.org\/pt-br\/blog\/2021\/05\/27\/tomamos-o-muro-das-lamentacoes-por-obvio\/#primaryimage"},"thumbnailUrl":"https:\/\/www.shaveiisrael.com\/wp-content\/uploads\/2015\/05\/F130508YS761-300x199.jpg","datePublished":"2021-05-27T14:21:20+00:00","breadcrumb":{"@id":"https:\/\/www.shavei.org\/pt-br\/blog\/2021\/05\/27\/tomamos-o-muro-das-lamentacoes-por-obvio\/#breadcrumb"},"inLanguage":"pt-BR","potentialAction":[{"@type":"ReadAction","target":["https:\/\/www.shavei.org\/pt-br\/blog\/2021\/05\/27\/tomamos-o-muro-das-lamentacoes-por-obvio\/"]}]},{"@type":"ImageObject","inLanguage":"pt-BR","@id":"https:\/\/www.shavei.org\/pt-br\/blog\/2021\/05\/27\/tomamos-o-muro-das-lamentacoes-por-obvio\/#primaryimage","url":"https:\/\/www.shaveiisrael.com\/wp-content\/uploads\/2015\/05\/F130508YS761-300x199.jpg","contentUrl":"https:\/\/www.shaveiisrael.com\/wp-content\/uploads\/2015\/05\/F130508YS761-300x199.jpg"},{"@type":"BreadcrumbList","@id":"https:\/\/www.shavei.org\/pt-br\/blog\/2021\/05\/27\/tomamos-o-muro-das-lamentacoes-por-obvio\/#breadcrumb","itemListElement":[{"@type":"ListItem","position":1,"name":"Home","item":"https:\/\/www.shavei.org\/"},{"@type":"ListItem","position":2,"name":"Tomamos o Muro das Lamenta\u00e7\u00f5es por \u00f3bvio?"}]},{"@type":"WebSite","@id":"https:\/\/www.shavei.org\/#website","url":"https:\/\/www.shavei.org\/","name":"Shavei Israel","description":"One nation, many faces. We help them all return.","publisher":{"@id":"https:\/\/www.shavei.org\/#organization"},"potentialAction":[{"@type":"SearchAction","target":{"@type":"EntryPoint","urlTemplate":"https:\/\/www.shavei.org\/?s={search_term_string}"},"query-input":{"@type":"PropertyValueSpecification","valueRequired":true,"valueName":"search_term_string"}}],"inLanguage":"pt-BR"},{"@type":"Organization","@id":"https:\/\/www.shavei.org\/#organization","name":"Shavei Israel","url":"https:\/\/www.shavei.org\/","logo":{"@type":"ImageObject","inLanguage":"pt-BR","@id":"https:\/\/www.shavei.org\/#\/schema\/logo\/image\/","url":"https:\/\/www.shavei.org\/wp-content\/uploads\/2017\/10\/shavei-logo.jpg","contentUrl":"https:\/\/www.shavei.org\/wp-content\/uploads\/2017\/10\/shavei-logo.jpg","width":300,"height":285,"caption":"Shavei Israel"},"image":{"@id":"https:\/\/www.shavei.org\/#\/schema\/logo\/image\/"}},{"@type":"Person","@id":"https:\/\/www.shavei.org\/#\/schema\/person\/628be1364b127546c700d93458cf9e4c","name":"daniella","image":{"@type":"ImageObject","inLanguage":"pt-BR","@id":"https:\/\/secure.gravatar.com\/avatar\/bf8b97193609e61ba4fd9bacc2cb0ef6ed3fbf5eb2df25350c1e263020233ff8?s=96&d=mm&r=g","url":"https:\/\/secure.gravatar.com\/avatar\/bf8b97193609e61ba4fd9bacc2cb0ef6ed3fbf5eb2df25350c1e263020233ff8?s=96&d=mm&r=g","contentUrl":"https:\/\/secure.gravatar.com\/avatar\/bf8b97193609e61ba4fd9bacc2cb0ef6ed3fbf5eb2df25350c1e263020233ff8?s=96&d=mm&r=g","caption":"daniella"},"url":"https:\/\/www.shavei.org\/pt-br\/blog\/author\/daniella\/"}]}},"_links":{"self":[{"href":"https:\/\/www.shavei.org\/pt-br\/wp-json\/wp\/v2\/posts\/137806","targetHints":{"allow":["GET"]}}],"collection":[{"href":"https:\/\/www.shavei.org\/pt-br\/wp-json\/wp\/v2\/posts"}],"about":[{"href":"https:\/\/www.shavei.org\/pt-br\/wp-json\/wp\/v2\/types\/post"}],"author":[{"embeddable":true,"href":"https:\/\/www.shavei.org\/pt-br\/wp-json\/wp\/v2\/users\/31"}],"replies":[{"embeddable":true,"href":"https:\/\/www.shavei.org\/pt-br\/wp-json\/wp\/v2\/comments?post=137806"}],"version-history":[{"count":0,"href":"https:\/\/www.shavei.org\/pt-br\/wp-json\/wp\/v2\/posts\/137806\/revisions"}],"wp:attachment":[{"href":"https:\/\/www.shavei.org\/pt-br\/wp-json\/wp\/v2\/media?parent=137806"}],"wp:term":[{"taxonomy":"category","embeddable":true,"href":"https:\/\/www.shavei.org\/pt-br\/wp-json\/wp\/v2\/categories?post=137806"},{"taxonomy":"post_tag","embeddable":true,"href":"https:\/\/www.shavei.org\/pt-br\/wp-json\/wp\/v2\/tags?post=137806"}],"curies":[{"name":"wp","href":"https:\/\/api.w.org\/{rel}","templated":true}]}}