{"id":137796,"date":"2021-05-27T16:21:20","date_gmt":"2021-05-27T14:21:20","guid":{"rendered":"https:\/\/www.shavei.org\/blog\/2021\/05\/27\/quem-comecou-a-guerra-da-independencia-do-estado-de-israel-em-1948\/"},"modified":"2021-05-27T16:21:20","modified_gmt":"2021-05-27T14:21:20","slug":"quem-comecou-a-guerra-da-independencia-do-estado-de-israel-em-1948","status":"publish","type":"post","link":"https:\/\/www.shavei.org\/pt-br\/blog\/2021\/05\/27\/quem-comecou-a-guerra-da-independencia-do-estado-de-israel-em-1948\/","title":{"rendered":"Quem come\u00e7ou a Guerra da Independ\u00eancia do Estado de Israel, em 1948?"},"content":{"rendered":"<p><!--:en--><strong>PERGUNTA &#8211;&gt; Quem come\u00e7ou a Guerra da Independ\u00eancia do Estado de Israel, em 1948?<\/strong><\/p>\n<p><strong><img decoding=\"async\" class=\"alignleft size-medium wp-image-16069\" src=\"https:\/\/www.shaveiisrael.com\/wp-content\/uploads\/2015\/04\/1367590-5-227x300.jpg\" alt=\"1367590-5\" width=\"227\" height=\"300\" \/>RESPOSTA<\/strong> &#8211;&gt; Os \u00e1rabes deixaram claro que iriam sair a guerra para impedir a cria\u00e7\u00e3o de um Estado Judeu. O presidente do Alto Comit\u00ea \u00c1rabe disse que os \u00e1rabes &#8220;lutariam por cada cent\u00edmetro do pa\u00eds&#8221;. Dois dias depois, os&#8221;santos homens&#8221; da Universidade de Al-Azhar no Cairo convocaram o mundo mu\u00e7ulmano para proclamar a Jihad (guerra santa) contra os judeus. Jamal Husseini, porta-voz do Alto Comit\u00ea \u00c1rabe, havia avisado \u00e0 ONU (em 1947) que os \u00e1rabes encharcariam &#8220;o solo do nosso amado pa\u00eds, com a \u00faltima gota de nosso sangue&#8230;.&#8221;.<\/p>\n<p>A previs\u00e3o de Husseini come\u00e7ou a se tornar realidade quase que imediatamente ap\u00f3s a ONU adotar a resolu\u00e7\u00e3o da partilha, em 29 de novembro de 1947. Os \u00e1rabes sairam as ruas, protestando e instigando tumultos que causaram a morte de 62 judeus e 32 \u00e1rabes. A viol\u00eancia continuou a crescer at\u00e9 o final daquele ano.<\/p>\n<p>Os primeiros ataques em grande escala come\u00e7aram em 9 de janeiro de 1948, quando cerca de 1.000 \u00e1rabes atacaram comunidades judaicas no norte da Palestina. Na primeira fase da guerra, que durou de 29 de novembro de 1947, at\u00e9 1 de Abril de 1948, os \u00e1rabes palestinos tomaram a ofensiva, com a ajuda de volunt\u00e1rios dos pa\u00edses vizinhos. Os judeus sofreram pesadas baixas e os caminhos na maioria de suas principais estradas, foram interrompidos.<\/p>\n<p>Em 4 de maio de 1948, a Legi\u00e3o \u00c1rabe atacou Kfar Etzion. Os poucos defensores conseguiram segurar os ataques, mas a legi\u00e3o voltou uma semana depois. Depois de dois dias, os colonos mal equipados e em menor n\u00famero foram surpreendidos. Muitos defensores foram massacrados mesmo depois de terem se rendido. Este ataque foi antes da invas\u00e3o dos ex\u00e9rcitos dos pa\u00edses \u00e1rabes vizinhos que se seguiu a declara\u00e7\u00e3o de independ\u00eancia de Israel.<!--:--><!--:es--><!--:--><!--more--><!--:en--><\/p>\n<p>A ONU culpou os \u00e1rabes pela viol\u00eancia. A Comiss\u00e3o das Na\u00e7\u00f5es Unidas para a Palestina, informou ao Conselho de Seguran\u00e7a, em 16 de fevereiro de 1948, que &#8220;os interesses \u00e1rabes poderosos, tanto dentro como fora da Palestina, est\u00e3o desafiando a resolu\u00e7\u00e3o da Assembl\u00e9ia Geral e est\u00e3o engajados em um esfor\u00e7o deliberado para alterar, atrav\u00e9s da for\u00e7a, a implementa\u00e7\u00e3o por ela prevista.&#8221;<\/p>\n<p>Jamal Husseini disse ao Conselho de Seguran\u00e7a em 16 de abril 1948:<\/p>\n<p>&#8220;O representante da Ag\u00eancia Judaica nos disse ontem que eles n\u00e3o eram os atacantes, que os \u00e1rabes tinham come\u00e7ado a luta. N\u00f3s n\u00e3o negamos isso. Dissemos ao mundo inteiro que n\u00f3s est\u00e1vamos indo para a guerra!&#8221;<\/p>\n<p>Apesar das desvantagens em: n\u00fameros, organiza\u00e7\u00e3o e armas, os judeus come\u00e7aram a tomar a iniciativa de se defender no que seria uma guerra, nas primeiras semanas de abril at\u00e9 a declara\u00e7\u00e3o da independ\u00eancia em 14 de maio. A Hagan\u00e1 (que viria a ser o Ex\u00e9rcito de Israel), ent\u00e3o, capturou v\u00e1rias cidades importantes, incluindo Tiberias e Haifa, e conseguiu abrir, temporariamente, a estrada para Jerusal\u00e9m.<\/p>\n<p>A resolu\u00e7\u00e3o da partilha nunca foi suspensa ou anulada. Assim, Israel, o (novo) Estado judeu na Palestina, nasceu no dia 14 de maio, dia que os brit\u00e2nicos finalmente deixaram o pa\u00eds. Cinco ex\u00e9rcitos \u00e1rabes (Egito, S\u00edria, Transjord\u00e2nia, L\u00edbano e Iraque) imediatamente invadiram Israel, buscando empurrar os judeus para o mar. Suas inten\u00e7\u00f5es foram declaradas por Abd Al-Rahman Azzam Pasha, secret\u00e1rio-geral da Liga \u00c1rabe:<\/p>\n<p>&#8220;Vai ser uma guerra de aniquila\u00e7\u00e3o. Vai ser um massacre importante na hist\u00f3ria que vai ser comentado como os massacres dos mong\u00f3is ou as Cruzadas!&#8221;<\/p>\n<p>Os judeus que estavam moralmente, psicologicamente e fisicamente abatidos, apenas 3 anos depois do terr\u00edvel Holocausto, com a ajuda de D\u00b4us, conseguiram vencer esta guerra e marcar neste ano, oficialmente a volta dos judeus para a terra de seus antepassados!!<!--:--><!--:es--><\/p>\n<p><!--:--><\/p>\n","protected":false},"excerpt":{"rendered":"<p>PERGUNTA &#8211;&gt; Quem come\u00e7ou a Guerra da Independ\u00eancia do Estado de Israel, em 1948? RESPOSTA &#8211;&gt; Os \u00e1rabes deixaram claro que iriam sair a guerra para impedir a cria\u00e7\u00e3o de um Estado Judeu. O presidente do Alto Comit\u00ea \u00c1rabe disse que os \u00e1rabes &#8220;lutariam por&#8230;<\/p>\n","protected":false},"author":31,"featured_media":0,"comment_status":"open","ping_status":"open","sticky":false,"template":"","format":"standard","meta":{"give_campaign_id":0,"_exactmetrics_skip_tracking":false,"_exactmetrics_sitenote_active":false,"_exactmetrics_sitenote_note":"","_exactmetrics_sitenote_category":0,"ngg_post_thumbnail":0,"footnotes":""},"categories":[6936],"tags":[6937],"class_list":["post-137796","post","type-post","status-publish","format-standard","hentry","category-judaismoestado-de-israeljudaismohistoria-do-povo-judeujudaismosessao-perguntas","tag-estado-de-israelhistoria-judaicasessao-perguntasshavei-israel"],"yoast_head":"<!-- This site is optimized with the Yoast SEO plugin v27.4 - https:\/\/yoast.com\/product\/yoast-seo-wordpress\/ -->\n<title>Quem come\u00e7ou a Guerra da Independ\u00eancia do Estado de Israel, em 1948? - Shavei Israel<\/title>\n<meta name=\"robots\" content=\"index, follow, max-snippet:-1, max-image-preview:large, max-video-preview:-1\" \/>\n<link rel=\"canonical\" href=\"https:\/\/www.shavei.org\/pt-br\/blog\/2021\/05\/27\/quem-comecou-a-guerra-da-independencia-do-estado-de-israel-em-1948\/\" \/>\n<meta property=\"og:locale\" content=\"pt_BR\" \/>\n<meta property=\"og:type\" content=\"article\" \/>\n<meta property=\"og:title\" content=\"Quem come\u00e7ou a Guerra da Independ\u00eancia do Estado de Israel, em 1948? - Shavei Israel\" \/>\n<meta property=\"og:description\" content=\"PERGUNTA &#8211;&gt; Quem come\u00e7ou a Guerra da Independ\u00eancia do Estado de Israel, em 1948? RESPOSTA &#8211;&gt; Os \u00e1rabes deixaram claro que iriam sair a guerra para impedir a cria\u00e7\u00e3o de um Estado Judeu. O presidente do Alto Comit\u00ea \u00c1rabe disse que os \u00e1rabes &#8220;lutariam por...\" \/>\n<meta property=\"og:url\" content=\"https:\/\/www.shavei.org\/pt-br\/blog\/2021\/05\/27\/quem-comecou-a-guerra-da-independencia-do-estado-de-israel-em-1948\/\" \/>\n<meta property=\"og:site_name\" content=\"Shavei Israel\" \/>\n<meta property=\"article:published_time\" content=\"2021-05-27T14:21:20+00:00\" \/>\n<meta property=\"og:image\" content=\"https:\/\/www.shaveiisrael.com\/wp-content\/uploads\/2015\/04\/1367590-5-227x300.jpg\" \/>\n<meta name=\"author\" content=\"daniella\" \/>\n<meta name=\"twitter:card\" content=\"summary_large_image\" \/>\n<meta name=\"twitter:label1\" content=\"Escrito por\" \/>\n\t<meta name=\"twitter:data1\" content=\"\" \/>\n\t<meta name=\"twitter:label2\" content=\"Est. tempo de leitura\" \/>\n\t<meta name=\"twitter:data2\" content=\"3 minutos\" \/>\n<script type=\"application\/ld+json\" class=\"yoast-schema-graph\">{\"@context\":\"https:\\\/\\\/schema.org\",\"@graph\":[{\"@type\":\"Article\",\"@id\":\"https:\\\/\\\/www.shavei.org\\\/pt-br\\\/blog\\\/2021\\\/05\\\/27\\\/quem-comecou-a-guerra-da-independencia-do-estado-de-israel-em-1948\\\/#article\",\"isPartOf\":{\"@id\":\"https:\\\/\\\/www.shavei.org\\\/pt-br\\\/blog\\\/2021\\\/05\\\/27\\\/quem-comecou-a-guerra-da-independencia-do-estado-de-israel-em-1948\\\/\"},\"author\":{\"name\":\"daniella\",\"@id\":\"https:\\\/\\\/www.shavei.org\\\/#\\\/schema\\\/person\\\/628be1364b127546c700d93458cf9e4c\"},\"headline\":\"Quem come\u00e7ou a Guerra da Independ\u00eancia do Estado de Israel, em 1948?\",\"datePublished\":\"2021-05-27T14:21:20+00:00\",\"mainEntityOfPage\":{\"@id\":\"https:\\\/\\\/www.shavei.org\\\/pt-br\\\/blog\\\/2021\\\/05\\\/27\\\/quem-comecou-a-guerra-da-independencia-do-estado-de-israel-em-1948\\\/\"},\"wordCount\":663,\"commentCount\":0,\"publisher\":{\"@id\":\"https:\\\/\\\/www.shavei.org\\\/#organization\"},\"image\":{\"@id\":\"https:\\\/\\\/www.shavei.org\\\/pt-br\\\/blog\\\/2021\\\/05\\\/27\\\/quem-comecou-a-guerra-da-independencia-do-estado-de-israel-em-1948\\\/#primaryimage\"},\"thumbnailUrl\":\"https:\\\/\\\/www.shaveiisrael.com\\\/wp-content\\\/uploads\\\/2015\\\/04\\\/1367590-5-227x300.jpg\",\"keywords\":[\"estado de israel|historia judaica|sess\u00e3o perguntas|Shavei Israel\"],\"articleSection\":[\"JUDA\u00cdSMO&gt;Estado de Israel|JUDA\u00cdSMO&gt;Hist\u00f3ria do Povo Judeu|JUDA\u00cdSMO&gt;Sess\u00e3o Perguntas\"],\"inLanguage\":\"pt-BR\",\"potentialAction\":[{\"@type\":\"CommentAction\",\"name\":\"Comment\",\"target\":[\"https:\\\/\\\/www.shavei.org\\\/pt-br\\\/blog\\\/2021\\\/05\\\/27\\\/quem-comecou-a-guerra-da-independencia-do-estado-de-israel-em-1948\\\/#respond\"]}]},{\"@type\":\"WebPage\",\"@id\":\"https:\\\/\\\/www.shavei.org\\\/pt-br\\\/blog\\\/2021\\\/05\\\/27\\\/quem-comecou-a-guerra-da-independencia-do-estado-de-israel-em-1948\\\/\",\"url\":\"https:\\\/\\\/www.shavei.org\\\/pt-br\\\/blog\\\/2021\\\/05\\\/27\\\/quem-comecou-a-guerra-da-independencia-do-estado-de-israel-em-1948\\\/\",\"name\":\"Quem come\u00e7ou a Guerra da Independ\u00eancia do Estado de Israel, em 1948? - Shavei Israel\",\"isPartOf\":{\"@id\":\"https:\\\/\\\/www.shavei.org\\\/#website\"},\"primaryImageOfPage\":{\"@id\":\"https:\\\/\\\/www.shavei.org\\\/pt-br\\\/blog\\\/2021\\\/05\\\/27\\\/quem-comecou-a-guerra-da-independencia-do-estado-de-israel-em-1948\\\/#primaryimage\"},\"image\":{\"@id\":\"https:\\\/\\\/www.shavei.org\\\/pt-br\\\/blog\\\/2021\\\/05\\\/27\\\/quem-comecou-a-guerra-da-independencia-do-estado-de-israel-em-1948\\\/#primaryimage\"},\"thumbnailUrl\":\"https:\\\/\\\/www.shaveiisrael.com\\\/wp-content\\\/uploads\\\/2015\\\/04\\\/1367590-5-227x300.jpg\",\"datePublished\":\"2021-05-27T14:21:20+00:00\",\"breadcrumb\":{\"@id\":\"https:\\\/\\\/www.shavei.org\\\/pt-br\\\/blog\\\/2021\\\/05\\\/27\\\/quem-comecou-a-guerra-da-independencia-do-estado-de-israel-em-1948\\\/#breadcrumb\"},\"inLanguage\":\"pt-BR\",\"potentialAction\":[{\"@type\":\"ReadAction\",\"target\":[\"https:\\\/\\\/www.shavei.org\\\/pt-br\\\/blog\\\/2021\\\/05\\\/27\\\/quem-comecou-a-guerra-da-independencia-do-estado-de-israel-em-1948\\\/\"]}]},{\"@type\":\"ImageObject\",\"inLanguage\":\"pt-BR\",\"@id\":\"https:\\\/\\\/www.shavei.org\\\/pt-br\\\/blog\\\/2021\\\/05\\\/27\\\/quem-comecou-a-guerra-da-independencia-do-estado-de-israel-em-1948\\\/#primaryimage\",\"url\":\"https:\\\/\\\/www.shaveiisrael.com\\\/wp-content\\\/uploads\\\/2015\\\/04\\\/1367590-5-227x300.jpg\",\"contentUrl\":\"https:\\\/\\\/www.shaveiisrael.com\\\/wp-content\\\/uploads\\\/2015\\\/04\\\/1367590-5-227x300.jpg\"},{\"@type\":\"BreadcrumbList\",\"@id\":\"https:\\\/\\\/www.shavei.org\\\/pt-br\\\/blog\\\/2021\\\/05\\\/27\\\/quem-comecou-a-guerra-da-independencia-do-estado-de-israel-em-1948\\\/#breadcrumb\",\"itemListElement\":[{\"@type\":\"ListItem\",\"position\":1,\"name\":\"Home\",\"item\":\"https:\\\/\\\/www.shavei.org\\\/\"},{\"@type\":\"ListItem\",\"position\":2,\"name\":\"Quem come\u00e7ou a Guerra da Independ\u00eancia do Estado de Israel, em 1948?\"}]},{\"@type\":\"WebSite\",\"@id\":\"https:\\\/\\\/www.shavei.org\\\/#website\",\"url\":\"https:\\\/\\\/www.shavei.org\\\/\",\"name\":\"Shavei Israel\",\"description\":\"One nation, many faces. We help them all return.\",\"publisher\":{\"@id\":\"https:\\\/\\\/www.shavei.org\\\/#organization\"},\"potentialAction\":[{\"@type\":\"SearchAction\",\"target\":{\"@type\":\"EntryPoint\",\"urlTemplate\":\"https:\\\/\\\/www.shavei.org\\\/?s={search_term_string}\"},\"query-input\":{\"@type\":\"PropertyValueSpecification\",\"valueRequired\":true,\"valueName\":\"search_term_string\"}}],\"inLanguage\":\"pt-BR\"},{\"@type\":\"Organization\",\"@id\":\"https:\\\/\\\/www.shavei.org\\\/#organization\",\"name\":\"Shavei Israel\",\"url\":\"https:\\\/\\\/www.shavei.org\\\/\",\"logo\":{\"@type\":\"ImageObject\",\"inLanguage\":\"pt-BR\",\"@id\":\"https:\\\/\\\/www.shavei.org\\\/#\\\/schema\\\/logo\\\/image\\\/\",\"url\":\"https:\\\/\\\/www.shavei.org\\\/wp-content\\\/uploads\\\/2017\\\/10\\\/shavei-logo.jpg\",\"contentUrl\":\"https:\\\/\\\/www.shavei.org\\\/wp-content\\\/uploads\\\/2017\\\/10\\\/shavei-logo.jpg\",\"width\":300,\"height\":285,\"caption\":\"Shavei Israel\"},\"image\":{\"@id\":\"https:\\\/\\\/www.shavei.org\\\/#\\\/schema\\\/logo\\\/image\\\/\"}},{\"@type\":\"Person\",\"@id\":\"https:\\\/\\\/www.shavei.org\\\/#\\\/schema\\\/person\\\/628be1364b127546c700d93458cf9e4c\",\"name\":\"daniella\",\"image\":{\"@type\":\"ImageObject\",\"inLanguage\":\"pt-BR\",\"@id\":\"https:\\\/\\\/secure.gravatar.com\\\/avatar\\\/bf8b97193609e61ba4fd9bacc2cb0ef6ed3fbf5eb2df25350c1e263020233ff8?s=96&d=mm&r=g\",\"url\":\"https:\\\/\\\/secure.gravatar.com\\\/avatar\\\/bf8b97193609e61ba4fd9bacc2cb0ef6ed3fbf5eb2df25350c1e263020233ff8?s=96&d=mm&r=g\",\"contentUrl\":\"https:\\\/\\\/secure.gravatar.com\\\/avatar\\\/bf8b97193609e61ba4fd9bacc2cb0ef6ed3fbf5eb2df25350c1e263020233ff8?s=96&d=mm&r=g\",\"caption\":\"daniella\"},\"url\":\"https:\\\/\\\/www.shavei.org\\\/pt-br\\\/blog\\\/author\\\/daniella\\\/\"}]}<\/script>\n<!-- \/ Yoast SEO plugin. -->","yoast_head_json":{"title":"Quem come\u00e7ou a Guerra da Independ\u00eancia do Estado de Israel, em 1948? - Shavei Israel","robots":{"index":"index","follow":"follow","max-snippet":"max-snippet:-1","max-image-preview":"max-image-preview:large","max-video-preview":"max-video-preview:-1"},"canonical":"https:\/\/www.shavei.org\/pt-br\/blog\/2021\/05\/27\/quem-comecou-a-guerra-da-independencia-do-estado-de-israel-em-1948\/","og_locale":"pt_BR","og_type":"article","og_title":"Quem come\u00e7ou a Guerra da Independ\u00eancia do Estado de Israel, em 1948? - Shavei Israel","og_description":"PERGUNTA &#8211;&gt; Quem come\u00e7ou a Guerra da Independ\u00eancia do Estado de Israel, em 1948? RESPOSTA &#8211;&gt; Os \u00e1rabes deixaram claro que iriam sair a guerra para impedir a cria\u00e7\u00e3o de um Estado Judeu. O presidente do Alto Comit\u00ea \u00c1rabe disse que os \u00e1rabes &#8220;lutariam por...","og_url":"https:\/\/www.shavei.org\/pt-br\/blog\/2021\/05\/27\/quem-comecou-a-guerra-da-independencia-do-estado-de-israel-em-1948\/","og_site_name":"Shavei Israel","article_published_time":"2021-05-27T14:21:20+00:00","og_image":[{"url":"https:\/\/www.shaveiisrael.com\/wp-content\/uploads\/2015\/04\/1367590-5-227x300.jpg","type":"","width":"","height":""}],"author":"daniella","twitter_card":"summary_large_image","twitter_misc":{"Escrito por":false,"Est. tempo de leitura":"3 minutos"},"schema":{"@context":"https:\/\/schema.org","@graph":[{"@type":"Article","@id":"https:\/\/www.shavei.org\/pt-br\/blog\/2021\/05\/27\/quem-comecou-a-guerra-da-independencia-do-estado-de-israel-em-1948\/#article","isPartOf":{"@id":"https:\/\/www.shavei.org\/pt-br\/blog\/2021\/05\/27\/quem-comecou-a-guerra-da-independencia-do-estado-de-israel-em-1948\/"},"author":{"name":"daniella","@id":"https:\/\/www.shavei.org\/#\/schema\/person\/628be1364b127546c700d93458cf9e4c"},"headline":"Quem come\u00e7ou a Guerra da Independ\u00eancia do Estado de Israel, em 1948?","datePublished":"2021-05-27T14:21:20+00:00","mainEntityOfPage":{"@id":"https:\/\/www.shavei.org\/pt-br\/blog\/2021\/05\/27\/quem-comecou-a-guerra-da-independencia-do-estado-de-israel-em-1948\/"},"wordCount":663,"commentCount":0,"publisher":{"@id":"https:\/\/www.shavei.org\/#organization"},"image":{"@id":"https:\/\/www.shavei.org\/pt-br\/blog\/2021\/05\/27\/quem-comecou-a-guerra-da-independencia-do-estado-de-israel-em-1948\/#primaryimage"},"thumbnailUrl":"https:\/\/www.shaveiisrael.com\/wp-content\/uploads\/2015\/04\/1367590-5-227x300.jpg","keywords":["estado de israel|historia judaica|sess\u00e3o perguntas|Shavei Israel"],"articleSection":["JUDA\u00cdSMO&gt;Estado de Israel|JUDA\u00cdSMO&gt;Hist\u00f3ria do Povo Judeu|JUDA\u00cdSMO&gt;Sess\u00e3o Perguntas"],"inLanguage":"pt-BR","potentialAction":[{"@type":"CommentAction","name":"Comment","target":["https:\/\/www.shavei.org\/pt-br\/blog\/2021\/05\/27\/quem-comecou-a-guerra-da-independencia-do-estado-de-israel-em-1948\/#respond"]}]},{"@type":"WebPage","@id":"https:\/\/www.shavei.org\/pt-br\/blog\/2021\/05\/27\/quem-comecou-a-guerra-da-independencia-do-estado-de-israel-em-1948\/","url":"https:\/\/www.shavei.org\/pt-br\/blog\/2021\/05\/27\/quem-comecou-a-guerra-da-independencia-do-estado-de-israel-em-1948\/","name":"Quem come\u00e7ou a Guerra da Independ\u00eancia do Estado de Israel, em 1948? - Shavei Israel","isPartOf":{"@id":"https:\/\/www.shavei.org\/#website"},"primaryImageOfPage":{"@id":"https:\/\/www.shavei.org\/pt-br\/blog\/2021\/05\/27\/quem-comecou-a-guerra-da-independencia-do-estado-de-israel-em-1948\/#primaryimage"},"image":{"@id":"https:\/\/www.shavei.org\/pt-br\/blog\/2021\/05\/27\/quem-comecou-a-guerra-da-independencia-do-estado-de-israel-em-1948\/#primaryimage"},"thumbnailUrl":"https:\/\/www.shaveiisrael.com\/wp-content\/uploads\/2015\/04\/1367590-5-227x300.jpg","datePublished":"2021-05-27T14:21:20+00:00","breadcrumb":{"@id":"https:\/\/www.shavei.org\/pt-br\/blog\/2021\/05\/27\/quem-comecou-a-guerra-da-independencia-do-estado-de-israel-em-1948\/#breadcrumb"},"inLanguage":"pt-BR","potentialAction":[{"@type":"ReadAction","target":["https:\/\/www.shavei.org\/pt-br\/blog\/2021\/05\/27\/quem-comecou-a-guerra-da-independencia-do-estado-de-israel-em-1948\/"]}]},{"@type":"ImageObject","inLanguage":"pt-BR","@id":"https:\/\/www.shavei.org\/pt-br\/blog\/2021\/05\/27\/quem-comecou-a-guerra-da-independencia-do-estado-de-israel-em-1948\/#primaryimage","url":"https:\/\/www.shaveiisrael.com\/wp-content\/uploads\/2015\/04\/1367590-5-227x300.jpg","contentUrl":"https:\/\/www.shaveiisrael.com\/wp-content\/uploads\/2015\/04\/1367590-5-227x300.jpg"},{"@type":"BreadcrumbList","@id":"https:\/\/www.shavei.org\/pt-br\/blog\/2021\/05\/27\/quem-comecou-a-guerra-da-independencia-do-estado-de-israel-em-1948\/#breadcrumb","itemListElement":[{"@type":"ListItem","position":1,"name":"Home","item":"https:\/\/www.shavei.org\/"},{"@type":"ListItem","position":2,"name":"Quem come\u00e7ou a Guerra da Independ\u00eancia do Estado de Israel, em 1948?"}]},{"@type":"WebSite","@id":"https:\/\/www.shavei.org\/#website","url":"https:\/\/www.shavei.org\/","name":"Shavei Israel","description":"One nation, many faces. We help them all return.","publisher":{"@id":"https:\/\/www.shavei.org\/#organization"},"potentialAction":[{"@type":"SearchAction","target":{"@type":"EntryPoint","urlTemplate":"https:\/\/www.shavei.org\/?s={search_term_string}"},"query-input":{"@type":"PropertyValueSpecification","valueRequired":true,"valueName":"search_term_string"}}],"inLanguage":"pt-BR"},{"@type":"Organization","@id":"https:\/\/www.shavei.org\/#organization","name":"Shavei Israel","url":"https:\/\/www.shavei.org\/","logo":{"@type":"ImageObject","inLanguage":"pt-BR","@id":"https:\/\/www.shavei.org\/#\/schema\/logo\/image\/","url":"https:\/\/www.shavei.org\/wp-content\/uploads\/2017\/10\/shavei-logo.jpg","contentUrl":"https:\/\/www.shavei.org\/wp-content\/uploads\/2017\/10\/shavei-logo.jpg","width":300,"height":285,"caption":"Shavei Israel"},"image":{"@id":"https:\/\/www.shavei.org\/#\/schema\/logo\/image\/"}},{"@type":"Person","@id":"https:\/\/www.shavei.org\/#\/schema\/person\/628be1364b127546c700d93458cf9e4c","name":"daniella","image":{"@type":"ImageObject","inLanguage":"pt-BR","@id":"https:\/\/secure.gravatar.com\/avatar\/bf8b97193609e61ba4fd9bacc2cb0ef6ed3fbf5eb2df25350c1e263020233ff8?s=96&d=mm&r=g","url":"https:\/\/secure.gravatar.com\/avatar\/bf8b97193609e61ba4fd9bacc2cb0ef6ed3fbf5eb2df25350c1e263020233ff8?s=96&d=mm&r=g","contentUrl":"https:\/\/secure.gravatar.com\/avatar\/bf8b97193609e61ba4fd9bacc2cb0ef6ed3fbf5eb2df25350c1e263020233ff8?s=96&d=mm&r=g","caption":"daniella"},"url":"https:\/\/www.shavei.org\/pt-br\/blog\/author\/daniella\/"}]}},"_links":{"self":[{"href":"https:\/\/www.shavei.org\/pt-br\/wp-json\/wp\/v2\/posts\/137796","targetHints":{"allow":["GET"]}}],"collection":[{"href":"https:\/\/www.shavei.org\/pt-br\/wp-json\/wp\/v2\/posts"}],"about":[{"href":"https:\/\/www.shavei.org\/pt-br\/wp-json\/wp\/v2\/types\/post"}],"author":[{"embeddable":true,"href":"https:\/\/www.shavei.org\/pt-br\/wp-json\/wp\/v2\/users\/31"}],"replies":[{"embeddable":true,"href":"https:\/\/www.shavei.org\/pt-br\/wp-json\/wp\/v2\/comments?post=137796"}],"version-history":[{"count":0,"href":"https:\/\/www.shavei.org\/pt-br\/wp-json\/wp\/v2\/posts\/137796\/revisions"}],"wp:attachment":[{"href":"https:\/\/www.shavei.org\/pt-br\/wp-json\/wp\/v2\/media?parent=137796"}],"wp:term":[{"taxonomy":"category","embeddable":true,"href":"https:\/\/www.shavei.org\/pt-br\/wp-json\/wp\/v2\/categories?post=137796"},{"taxonomy":"post_tag","embeddable":true,"href":"https:\/\/www.shavei.org\/pt-br\/wp-json\/wp\/v2\/tags?post=137796"}],"curies":[{"name":"wp","href":"https:\/\/api.w.org\/{rel}","templated":true}]}}