{"id":137775,"date":"2021-05-27T16:20:48","date_gmt":"2021-05-27T14:20:48","guid":{"rendered":"https:\/\/www.shavei.org\/blog\/2021\/05\/27\/referencias-para-contar-os-anos\/"},"modified":"2021-05-27T16:20:48","modified_gmt":"2021-05-27T14:20:48","slug":"referencias-para-contar-os-anos","status":"publish","type":"post","link":"https:\/\/www.shavei.org\/pt-br\/blog\/2021\/05\/27\/referencias-para-contar-os-anos\/","title":{"rendered":"Refer\u00eancias para contar os anos"},"content":{"rendered":"<p><!--:en--><img decoding=\"async\" class=\"alignleft size-full wp-image-14572\" src=\"https:\/\/www.shaveiisrael.com\/wp-content\/uploads\/2014\/09\/images-71.jpg\" alt=\"images (7)\" width=\"275\" height=\"183\" \/>Na antiguidade, o ponto de partida para a contagem dos anos, variava de cidade para cidade e de uma na\u00e7\u00e3o para outra, pois cada lugar se baseava em um evento hist\u00f3rico significativo diferente. Normalmente, o in\u00edcio do reinado de um novo monarca marcava o \u00ednico dos anos. O &#8220;Ano Um&#8221; desse reino e, assim por adiante o c\u00e1lculo continuava at\u00e9 a coroa\u00e7\u00e3o de um novo rei e uma nova contagem se iniciava. Tais datas eram utilizadas para datar documentos oficiais e para registrar acontecimentos hist\u00f3ricos. A B\u00edblia nos d\u00e1 muitos exemplos de tal uso.<!--:--><!--more--><!--:en--><\/p>\n<p>Os primeiros crist\u00e3os, tamb\u00e9m com base no c\u00e1lculo dos anos de reinado daquele, que eles consideravam o &#8220;rei espiritual&#8221;, afirmavam que o ano de seu nascimentom foi o &#8220;Ano Um&#8221;. O predom\u00ednio da civiliza\u00e7\u00e3o crist\u00e3 no mundo dos neg\u00f3cios resultou que, a contagem dos anos pelos crist\u00e3os tornou-se o calend\u00e1rio mais utilizado no sistema mundial. Enquanto os crist\u00e3os usam o posf\u00e1cio inerentemente religioso, AC e DC, os textos judaicos, normalmente, as substituem por AEC ou DEC, que significam, respectivamente, &#8220;Antes da Era Comum&#8221; e &#8220;Depois da Era Comum.&#8221;<\/p>\n<p>Por muitos s\u00e9culos, os judeus usaram como ponto de partida para contar os anos, o \u00caxodo do Egito, assim como, tamb\u00e9m, utilizavam os anos de reinado do governante da \u00e9poca. Desta maneira, no in\u00edcio da era crist\u00e3, os judeus j\u00e1 estavam no s\u00e9culo XIV de seu calend\u00e1rio. Se houvessem continuado com este sistema hoje em dia (1978), estar\u00edamos na metade do nosso trig\u00e9simo quarto s\u00e9culo em torno do ano 3356.<\/p>\n<p>No entanto, ap\u00f3s a destrui\u00e7\u00e3o do Templo de Jerusal\u00e9m, no ano 70 da Era Comum e a dispers\u00e3o do povo judeu, considerou-se que o uso do \u00caxodo como um ponto de refer\u00eancia para a contagem dos anos estava sendo subst\u00edtuido por outros eventos centrais. A destrui\u00e7\u00e3o do Templo serviu tamb\u00e9m como uma dessas bases e anota\u00e7\u00f5es que se referem a esta data, podem ser encontradas nos documentos da Idade M\u00e9dia. No entanto, o sistema que alcan\u00e7ou popularidade m\u00e1xima entre os judeus, e que \u00e9 aquele utilizado at\u00e9 hoje, n\u00e3o se baseia em um evento ou s\u00edmbolo cujo significado \u00e9 limitado a f\u00e9 de nosso povo, mas uma quest\u00e3o de import\u00e2ncia universal e de aplica\u00e7\u00e3o geral, ou seja, a cria\u00e7\u00e3o do mundo!<\/p>\n<p>O n\u00famero de anos a partir da cria\u00e7\u00e3o foi calculado pelos s\u00e1bios que estudaram todos os padr\u00f5es existentes na \u00e9poca, revisaram todos os registros b\u00edblicos em termos de tempo de vida de um indiv\u00edduo relacionando-os aos anos mencionados nos primeiros cap\u00edtulos do G\u00eanesis e considerando os sete dias da cria\u00e7\u00e3o, equivalentes aos nossos, atuais. Fato que, os sete dias da cria\u00e7\u00e3o podem ter sido per\u00edodos de dura\u00e7\u00e3o prolongada correspondentes a est\u00e1gios, que seria algo como, 90 dias atuais de 24 horas, mesmo de acordo com a Tor\u00e1 no livro de G\u00eanesis. O sol, cuja nascente e poente levamos em considera\u00e7\u00e3o para nossos dias, n\u00e3o havia sido criado at\u00e9 o quarto dia e ainda assim, j\u00e1 fazia parte do primeiro e do segundo dia. De qualquer maneira, este fato n\u00e3o anula o significado espiritual \u00e9tico da cria\u00e7\u00e3o como uma base conceitual para o ano judaico que \u00e9 o que, significa e implica, o n\u00famero 5775 (do ano novo que come\u00e7a esta semana). Demonstra a soberania de D&#8217;us sobre o universo, importante e eloq\u00fcente, e que, neste caso, n\u00e3o exige uma precis\u00e3o cient\u00edfica e t\u00e9cnica de c\u00e1lculo que, na verdade, nem poder\u00e1 alcan\u00e7ar.<\/p>\n<p>&nbsp;<\/p>\n<p><em>Texto retirado do livro &#8220;el ser judio&#8221;, escrito por David Hayi alev\u00ed Donin<\/em><!--:--><\/p>\n","protected":false},"excerpt":{"rendered":"<p>Na antiguidade, o ponto de partida para a contagem dos anos, variava de cidade para cidade e de uma na\u00e7\u00e3o para outra, pois cada lugar se baseava em um evento hist\u00f3rico significativo diferente. Normalmente, o in\u00edcio do reinado de um novo monarca marcava o \u00ednico&#8230;<\/p>\n","protected":false},"author":31,"featured_media":0,"comment_status":"open","ping_status":"open","sticky":false,"template":"","format":"standard","meta":{"give_campaign_id":0,"_exactmetrics_skip_tracking":false,"_exactmetrics_sitenote_active":false,"_exactmetrics_sitenote_note":"","_exactmetrics_sitenote_category":0,"ngg_post_thumbnail":0,"footnotes":""},"categories":[6749],"tags":[6915],"class_list":["post-137775","post","type-post","status-publish","format-standard","hentry","category-judaismoartigos","tag-ano-judaicocalendariojudaismorosh-hashana"],"yoast_head":"<!-- This site is optimized with the Yoast SEO plugin v27.4 - https:\/\/yoast.com\/product\/yoast-seo-wordpress\/ -->\n<title>Refer\u00eancias para contar os anos - Shavei Israel<\/title>\n<meta name=\"robots\" content=\"index, follow, max-snippet:-1, max-image-preview:large, max-video-preview:-1\" \/>\n<link rel=\"canonical\" href=\"https:\/\/www.shavei.org\/pt-br\/blog\/2021\/05\/27\/referencias-para-contar-os-anos\/\" \/>\n<meta property=\"og:locale\" content=\"pt_BR\" \/>\n<meta property=\"og:type\" content=\"article\" \/>\n<meta property=\"og:title\" content=\"Refer\u00eancias para contar os anos - Shavei Israel\" \/>\n<meta property=\"og:description\" content=\"Na antiguidade, o ponto de partida para a contagem dos anos, variava de cidade para cidade e de uma na\u00e7\u00e3o para outra, pois cada lugar se baseava em um evento hist\u00f3rico significativo diferente. Normalmente, o in\u00edcio do reinado de um novo monarca marcava o \u00ednico...\" \/>\n<meta property=\"og:url\" content=\"https:\/\/www.shavei.org\/pt-br\/blog\/2021\/05\/27\/referencias-para-contar-os-anos\/\" \/>\n<meta property=\"og:site_name\" content=\"Shavei Israel\" \/>\n<meta property=\"article:published_time\" content=\"2021-05-27T14:20:48+00:00\" \/>\n<meta property=\"og:image\" content=\"https:\/\/www.shaveiisrael.com\/wp-content\/uploads\/2014\/09\/images-71.jpg\" \/>\n<meta name=\"author\" content=\"daniella\" \/>\n<meta name=\"twitter:card\" content=\"summary_large_image\" \/>\n<meta name=\"twitter:label1\" content=\"Escrito por\" \/>\n\t<meta name=\"twitter:data1\" content=\"\" \/>\n\t<meta name=\"twitter:label2\" content=\"Est. tempo de leitura\" \/>\n\t<meta name=\"twitter:data2\" content=\"3 minutos\" \/>\n<script type=\"application\/ld+json\" class=\"yoast-schema-graph\">{\"@context\":\"https:\\\/\\\/schema.org\",\"@graph\":[{\"@type\":\"Article\",\"@id\":\"https:\\\/\\\/www.shavei.org\\\/pt-br\\\/blog\\\/2021\\\/05\\\/27\\\/referencias-para-contar-os-anos\\\/#article\",\"isPartOf\":{\"@id\":\"https:\\\/\\\/www.shavei.org\\\/pt-br\\\/blog\\\/2021\\\/05\\\/27\\\/referencias-para-contar-os-anos\\\/\"},\"author\":{\"name\":\"daniella\",\"@id\":\"https:\\\/\\\/www.shavei.org\\\/#\\\/schema\\\/person\\\/628be1364b127546c700d93458cf9e4c\"},\"headline\":\"Refer\u00eancias para contar os anos\",\"datePublished\":\"2021-05-27T14:20:48+00:00\",\"mainEntityOfPage\":{\"@id\":\"https:\\\/\\\/www.shavei.org\\\/pt-br\\\/blog\\\/2021\\\/05\\\/27\\\/referencias-para-contar-os-anos\\\/\"},\"wordCount\":646,\"commentCount\":0,\"publisher\":{\"@id\":\"https:\\\/\\\/www.shavei.org\\\/#organization\"},\"image\":{\"@id\":\"https:\\\/\\\/www.shavei.org\\\/pt-br\\\/blog\\\/2021\\\/05\\\/27\\\/referencias-para-contar-os-anos\\\/#primaryimage\"},\"thumbnailUrl\":\"https:\\\/\\\/www.shaveiisrael.com\\\/wp-content\\\/uploads\\\/2014\\\/09\\\/images-71.jpg\",\"keywords\":[\"ano judaico|calendario|juda\u00edsmo|rosh hashana\"],\"articleSection\":[\"JUDA\u00cdSMO&gt;Artigos\"],\"inLanguage\":\"pt-BR\",\"potentialAction\":[{\"@type\":\"CommentAction\",\"name\":\"Comment\",\"target\":[\"https:\\\/\\\/www.shavei.org\\\/pt-br\\\/blog\\\/2021\\\/05\\\/27\\\/referencias-para-contar-os-anos\\\/#respond\"]}]},{\"@type\":\"WebPage\",\"@id\":\"https:\\\/\\\/www.shavei.org\\\/pt-br\\\/blog\\\/2021\\\/05\\\/27\\\/referencias-para-contar-os-anos\\\/\",\"url\":\"https:\\\/\\\/www.shavei.org\\\/pt-br\\\/blog\\\/2021\\\/05\\\/27\\\/referencias-para-contar-os-anos\\\/\",\"name\":\"Refer\u00eancias para contar os anos - Shavei Israel\",\"isPartOf\":{\"@id\":\"https:\\\/\\\/www.shavei.org\\\/#website\"},\"primaryImageOfPage\":{\"@id\":\"https:\\\/\\\/www.shavei.org\\\/pt-br\\\/blog\\\/2021\\\/05\\\/27\\\/referencias-para-contar-os-anos\\\/#primaryimage\"},\"image\":{\"@id\":\"https:\\\/\\\/www.shavei.org\\\/pt-br\\\/blog\\\/2021\\\/05\\\/27\\\/referencias-para-contar-os-anos\\\/#primaryimage\"},\"thumbnailUrl\":\"https:\\\/\\\/www.shaveiisrael.com\\\/wp-content\\\/uploads\\\/2014\\\/09\\\/images-71.jpg\",\"datePublished\":\"2021-05-27T14:20:48+00:00\",\"breadcrumb\":{\"@id\":\"https:\\\/\\\/www.shavei.org\\\/pt-br\\\/blog\\\/2021\\\/05\\\/27\\\/referencias-para-contar-os-anos\\\/#breadcrumb\"},\"inLanguage\":\"pt-BR\",\"potentialAction\":[{\"@type\":\"ReadAction\",\"target\":[\"https:\\\/\\\/www.shavei.org\\\/pt-br\\\/blog\\\/2021\\\/05\\\/27\\\/referencias-para-contar-os-anos\\\/\"]}]},{\"@type\":\"ImageObject\",\"inLanguage\":\"pt-BR\",\"@id\":\"https:\\\/\\\/www.shavei.org\\\/pt-br\\\/blog\\\/2021\\\/05\\\/27\\\/referencias-para-contar-os-anos\\\/#primaryimage\",\"url\":\"https:\\\/\\\/www.shaveiisrael.com\\\/wp-content\\\/uploads\\\/2014\\\/09\\\/images-71.jpg\",\"contentUrl\":\"https:\\\/\\\/www.shaveiisrael.com\\\/wp-content\\\/uploads\\\/2014\\\/09\\\/images-71.jpg\"},{\"@type\":\"BreadcrumbList\",\"@id\":\"https:\\\/\\\/www.shavei.org\\\/pt-br\\\/blog\\\/2021\\\/05\\\/27\\\/referencias-para-contar-os-anos\\\/#breadcrumb\",\"itemListElement\":[{\"@type\":\"ListItem\",\"position\":1,\"name\":\"Home\",\"item\":\"https:\\\/\\\/www.shavei.org\\\/\"},{\"@type\":\"ListItem\",\"position\":2,\"name\":\"Refer\u00eancias para contar os anos\"}]},{\"@type\":\"WebSite\",\"@id\":\"https:\\\/\\\/www.shavei.org\\\/#website\",\"url\":\"https:\\\/\\\/www.shavei.org\\\/\",\"name\":\"Shavei Israel\",\"description\":\"One nation, many faces. We help them all return.\",\"publisher\":{\"@id\":\"https:\\\/\\\/www.shavei.org\\\/#organization\"},\"potentialAction\":[{\"@type\":\"SearchAction\",\"target\":{\"@type\":\"EntryPoint\",\"urlTemplate\":\"https:\\\/\\\/www.shavei.org\\\/?s={search_term_string}\"},\"query-input\":{\"@type\":\"PropertyValueSpecification\",\"valueRequired\":true,\"valueName\":\"search_term_string\"}}],\"inLanguage\":\"pt-BR\"},{\"@type\":\"Organization\",\"@id\":\"https:\\\/\\\/www.shavei.org\\\/#organization\",\"name\":\"Shavei Israel\",\"url\":\"https:\\\/\\\/www.shavei.org\\\/\",\"logo\":{\"@type\":\"ImageObject\",\"inLanguage\":\"pt-BR\",\"@id\":\"https:\\\/\\\/www.shavei.org\\\/#\\\/schema\\\/logo\\\/image\\\/\",\"url\":\"https:\\\/\\\/www.shavei.org\\\/wp-content\\\/uploads\\\/2017\\\/10\\\/shavei-logo.jpg\",\"contentUrl\":\"https:\\\/\\\/www.shavei.org\\\/wp-content\\\/uploads\\\/2017\\\/10\\\/shavei-logo.jpg\",\"width\":300,\"height\":285,\"caption\":\"Shavei Israel\"},\"image\":{\"@id\":\"https:\\\/\\\/www.shavei.org\\\/#\\\/schema\\\/logo\\\/image\\\/\"}},{\"@type\":\"Person\",\"@id\":\"https:\\\/\\\/www.shavei.org\\\/#\\\/schema\\\/person\\\/628be1364b127546c700d93458cf9e4c\",\"name\":\"daniella\",\"image\":{\"@type\":\"ImageObject\",\"inLanguage\":\"pt-BR\",\"@id\":\"https:\\\/\\\/secure.gravatar.com\\\/avatar\\\/bf8b97193609e61ba4fd9bacc2cb0ef6ed3fbf5eb2df25350c1e263020233ff8?s=96&d=mm&r=g\",\"url\":\"https:\\\/\\\/secure.gravatar.com\\\/avatar\\\/bf8b97193609e61ba4fd9bacc2cb0ef6ed3fbf5eb2df25350c1e263020233ff8?s=96&d=mm&r=g\",\"contentUrl\":\"https:\\\/\\\/secure.gravatar.com\\\/avatar\\\/bf8b97193609e61ba4fd9bacc2cb0ef6ed3fbf5eb2df25350c1e263020233ff8?s=96&d=mm&r=g\",\"caption\":\"daniella\"},\"url\":\"https:\\\/\\\/www.shavei.org\\\/pt-br\\\/blog\\\/author\\\/daniella\\\/\"}]}<\/script>\n<!-- \/ Yoast SEO plugin. -->","yoast_head_json":{"title":"Refer\u00eancias para contar os anos - Shavei Israel","robots":{"index":"index","follow":"follow","max-snippet":"max-snippet:-1","max-image-preview":"max-image-preview:large","max-video-preview":"max-video-preview:-1"},"canonical":"https:\/\/www.shavei.org\/pt-br\/blog\/2021\/05\/27\/referencias-para-contar-os-anos\/","og_locale":"pt_BR","og_type":"article","og_title":"Refer\u00eancias para contar os anos - Shavei Israel","og_description":"Na antiguidade, o ponto de partida para a contagem dos anos, variava de cidade para cidade e de uma na\u00e7\u00e3o para outra, pois cada lugar se baseava em um evento hist\u00f3rico significativo diferente. Normalmente, o in\u00edcio do reinado de um novo monarca marcava o \u00ednico...","og_url":"https:\/\/www.shavei.org\/pt-br\/blog\/2021\/05\/27\/referencias-para-contar-os-anos\/","og_site_name":"Shavei Israel","article_published_time":"2021-05-27T14:20:48+00:00","og_image":[{"url":"https:\/\/www.shaveiisrael.com\/wp-content\/uploads\/2014\/09\/images-71.jpg","type":"","width":"","height":""}],"author":"daniella","twitter_card":"summary_large_image","twitter_misc":{"Escrito por":false,"Est. tempo de leitura":"3 minutos"},"schema":{"@context":"https:\/\/schema.org","@graph":[{"@type":"Article","@id":"https:\/\/www.shavei.org\/pt-br\/blog\/2021\/05\/27\/referencias-para-contar-os-anos\/#article","isPartOf":{"@id":"https:\/\/www.shavei.org\/pt-br\/blog\/2021\/05\/27\/referencias-para-contar-os-anos\/"},"author":{"name":"daniella","@id":"https:\/\/www.shavei.org\/#\/schema\/person\/628be1364b127546c700d93458cf9e4c"},"headline":"Refer\u00eancias para contar os anos","datePublished":"2021-05-27T14:20:48+00:00","mainEntityOfPage":{"@id":"https:\/\/www.shavei.org\/pt-br\/blog\/2021\/05\/27\/referencias-para-contar-os-anos\/"},"wordCount":646,"commentCount":0,"publisher":{"@id":"https:\/\/www.shavei.org\/#organization"},"image":{"@id":"https:\/\/www.shavei.org\/pt-br\/blog\/2021\/05\/27\/referencias-para-contar-os-anos\/#primaryimage"},"thumbnailUrl":"https:\/\/www.shaveiisrael.com\/wp-content\/uploads\/2014\/09\/images-71.jpg","keywords":["ano judaico|calendario|juda\u00edsmo|rosh hashana"],"articleSection":["JUDA\u00cdSMO&gt;Artigos"],"inLanguage":"pt-BR","potentialAction":[{"@type":"CommentAction","name":"Comment","target":["https:\/\/www.shavei.org\/pt-br\/blog\/2021\/05\/27\/referencias-para-contar-os-anos\/#respond"]}]},{"@type":"WebPage","@id":"https:\/\/www.shavei.org\/pt-br\/blog\/2021\/05\/27\/referencias-para-contar-os-anos\/","url":"https:\/\/www.shavei.org\/pt-br\/blog\/2021\/05\/27\/referencias-para-contar-os-anos\/","name":"Refer\u00eancias para contar os anos - Shavei Israel","isPartOf":{"@id":"https:\/\/www.shavei.org\/#website"},"primaryImageOfPage":{"@id":"https:\/\/www.shavei.org\/pt-br\/blog\/2021\/05\/27\/referencias-para-contar-os-anos\/#primaryimage"},"image":{"@id":"https:\/\/www.shavei.org\/pt-br\/blog\/2021\/05\/27\/referencias-para-contar-os-anos\/#primaryimage"},"thumbnailUrl":"https:\/\/www.shaveiisrael.com\/wp-content\/uploads\/2014\/09\/images-71.jpg","datePublished":"2021-05-27T14:20:48+00:00","breadcrumb":{"@id":"https:\/\/www.shavei.org\/pt-br\/blog\/2021\/05\/27\/referencias-para-contar-os-anos\/#breadcrumb"},"inLanguage":"pt-BR","potentialAction":[{"@type":"ReadAction","target":["https:\/\/www.shavei.org\/pt-br\/blog\/2021\/05\/27\/referencias-para-contar-os-anos\/"]}]},{"@type":"ImageObject","inLanguage":"pt-BR","@id":"https:\/\/www.shavei.org\/pt-br\/blog\/2021\/05\/27\/referencias-para-contar-os-anos\/#primaryimage","url":"https:\/\/www.shaveiisrael.com\/wp-content\/uploads\/2014\/09\/images-71.jpg","contentUrl":"https:\/\/www.shaveiisrael.com\/wp-content\/uploads\/2014\/09\/images-71.jpg"},{"@type":"BreadcrumbList","@id":"https:\/\/www.shavei.org\/pt-br\/blog\/2021\/05\/27\/referencias-para-contar-os-anos\/#breadcrumb","itemListElement":[{"@type":"ListItem","position":1,"name":"Home","item":"https:\/\/www.shavei.org\/"},{"@type":"ListItem","position":2,"name":"Refer\u00eancias para contar os anos"}]},{"@type":"WebSite","@id":"https:\/\/www.shavei.org\/#website","url":"https:\/\/www.shavei.org\/","name":"Shavei Israel","description":"One nation, many faces. We help them all return.","publisher":{"@id":"https:\/\/www.shavei.org\/#organization"},"potentialAction":[{"@type":"SearchAction","target":{"@type":"EntryPoint","urlTemplate":"https:\/\/www.shavei.org\/?s={search_term_string}"},"query-input":{"@type":"PropertyValueSpecification","valueRequired":true,"valueName":"search_term_string"}}],"inLanguage":"pt-BR"},{"@type":"Organization","@id":"https:\/\/www.shavei.org\/#organization","name":"Shavei Israel","url":"https:\/\/www.shavei.org\/","logo":{"@type":"ImageObject","inLanguage":"pt-BR","@id":"https:\/\/www.shavei.org\/#\/schema\/logo\/image\/","url":"https:\/\/www.shavei.org\/wp-content\/uploads\/2017\/10\/shavei-logo.jpg","contentUrl":"https:\/\/www.shavei.org\/wp-content\/uploads\/2017\/10\/shavei-logo.jpg","width":300,"height":285,"caption":"Shavei Israel"},"image":{"@id":"https:\/\/www.shavei.org\/#\/schema\/logo\/image\/"}},{"@type":"Person","@id":"https:\/\/www.shavei.org\/#\/schema\/person\/628be1364b127546c700d93458cf9e4c","name":"daniella","image":{"@type":"ImageObject","inLanguage":"pt-BR","@id":"https:\/\/secure.gravatar.com\/avatar\/bf8b97193609e61ba4fd9bacc2cb0ef6ed3fbf5eb2df25350c1e263020233ff8?s=96&d=mm&r=g","url":"https:\/\/secure.gravatar.com\/avatar\/bf8b97193609e61ba4fd9bacc2cb0ef6ed3fbf5eb2df25350c1e263020233ff8?s=96&d=mm&r=g","contentUrl":"https:\/\/secure.gravatar.com\/avatar\/bf8b97193609e61ba4fd9bacc2cb0ef6ed3fbf5eb2df25350c1e263020233ff8?s=96&d=mm&r=g","caption":"daniella"},"url":"https:\/\/www.shavei.org\/pt-br\/blog\/author\/daniella\/"}]}},"_links":{"self":[{"href":"https:\/\/www.shavei.org\/pt-br\/wp-json\/wp\/v2\/posts\/137775","targetHints":{"allow":["GET"]}}],"collection":[{"href":"https:\/\/www.shavei.org\/pt-br\/wp-json\/wp\/v2\/posts"}],"about":[{"href":"https:\/\/www.shavei.org\/pt-br\/wp-json\/wp\/v2\/types\/post"}],"author":[{"embeddable":true,"href":"https:\/\/www.shavei.org\/pt-br\/wp-json\/wp\/v2\/users\/31"}],"replies":[{"embeddable":true,"href":"https:\/\/www.shavei.org\/pt-br\/wp-json\/wp\/v2\/comments?post=137775"}],"version-history":[{"count":0,"href":"https:\/\/www.shavei.org\/pt-br\/wp-json\/wp\/v2\/posts\/137775\/revisions"}],"wp:attachment":[{"href":"https:\/\/www.shavei.org\/pt-br\/wp-json\/wp\/v2\/media?parent=137775"}],"wp:term":[{"taxonomy":"category","embeddable":true,"href":"https:\/\/www.shavei.org\/pt-br\/wp-json\/wp\/v2\/categories?post=137775"},{"taxonomy":"post_tag","embeddable":true,"href":"https:\/\/www.shavei.org\/pt-br\/wp-json\/wp\/v2\/tags?post=137775"}],"curies":[{"name":"wp","href":"https:\/\/api.w.org\/{rel}","templated":true}]}}