{"id":137723,"date":"2021-05-27T16:19:14","date_gmt":"2021-05-27T14:19:14","guid":{"rendered":"https:\/\/www.shavei.org\/blog\/2021\/05\/27\/parem-de-arruinar-a-memoria-do-holocausto\/"},"modified":"2021-05-27T16:19:14","modified_gmt":"2021-05-27T14:19:14","slug":"parem-de-arruinar-a-memoria-do-holocausto","status":"publish","type":"post","link":"https:\/\/www.shavei.org\/pt-br\/blog\/2021\/05\/27\/parem-de-arruinar-a-memoria-do-holocausto\/","title":{"rendered":"Parem de arruinar a mem\u00f3ria do Holocausto"},"content":{"rendered":"<p><!--:en-->No m\u00eas de janeiro passado foi o 67\u00b0 anivers\u00e1rio da liberta\u00e7\u00e3o de Aushwitz pela Divis\u00e3o Rifle n\u00b0 322 da armada vermelha nos nebulosos dias da Segunda Guerra Mundial.<img decoding=\"async\" class=\" wp-image-26955 alignright\" src=\"https:\/\/casadosanussim.shavei.org\/wp-content\/uploads\/2012\/02\/yellowstar-300x284.jpg\" alt=\"yellowstar\" width=\"156\" height=\"148\" \/><\/p>\n<p>Esta epopeia, permitiu ao mundo vislumbrar a potencial obscuridade da alma humana, quando os soldados sovi\u00e9ticos se enfrentaram cara a cara com a irrefut\u00e1vel deprava\u00e7\u00e3o do genoc\u00eddio alem\u00e3o contra o povo judeu.<!--:--><!--:es--><!--:--><!--more--><!--:en--><\/p>\n<p>As tropas encontraram mais de 7000 pessoas doentes e esquel\u00e9ticas lutando para sobreviver, assim como evid\u00eancia crua do alcance dos crimes nazistas. Centenas de milhares de objetos de homens e mulheres, e mais de 14000 libras de pelo humano, tudo prova consistente do assassinato massivo que ocorrera ali. Em toda a hist\u00f3ria moderna, o ataque alem\u00e3o aos judeus se destacou por sua crueldade sistem\u00e1tica e sua barbaridade.<\/p>\n<p>Cerca de sete d\u00e9cadas depois, a mem\u00f3ria deste horror encontra-se cada vez mais em risco. Mais e mais pessoas tentam utilizar o Holocausto de forma a diluir seu significado. De fato, a calamidade que sofreu o povo judeu, perdendo mais de um ter\u00e7o de sua popula\u00e7\u00e3o pelas chamas do \u00f3dio hitleriano, est\u00e1 sendo posta de lado para dar lugar a uma mensagem mais ampla e &#8220;universalista&#8221;.<\/p>\n<p>Isto n\u00e3o pode ser permitido. Por melhor inten\u00e7\u00e3o que tenha tal esfor\u00e7o, n\u00e3o podemos permitir que a li\u00e7\u00e3o do Holocausto seja compartilhada com uma determinada agenda.<\/p>\n<p>Lamentavelmente, um exemplo central deste enfoque pode ser visto em v\u00e1rias das comemora\u00e7\u00f5es que foram realizadas como parte do Dia Internacional da Recorda\u00e7\u00e3o do Holocausto. Em 2005, a Assembleia Geral das Na\u00e7\u00f5es Unidas designou o 27 de janeiro como o dia da recorda\u00e7\u00e3o anual das v\u00edtimas dos nazistas. Cada ano, eventos e cerim\u00f4nias s\u00e3o realizadas ao redor do mundo com o apoio e a participa\u00e7\u00e3o de governos e grupos civis.<\/p>\n<p>Muitos destes encontros, d\u00e3o enfase a trag\u00e9dia que sofreu o povo judeu. Por\u00e9m outros, parecem mudar a dire\u00e7\u00e3o, desdenhando as v\u00edtimas para enfrentar distintos tipos de intoler\u00e2ncia moderna.<\/p>\n<p>Tomem, por exemplo, o Dia do Holocausto na Ingraterra, que teve como tema principal este ano: &#8220;Fale mais alto, fale mais claro&#8221;. Foi organizado por um grupo chamado Holocaust Memorial Day Trust (HMDT), apoiado financeiramente pelo governo ingl\u00eas. Por incr\u00edvel que possa parecer, na p\u00e1gina web da HMDT n\u00e3o existe men\u00e7\u00e3o alguma a palavra &#8220;judeu&#8221; em refer\u00eancia ao Holocausto. Requer um pouco de paci\u00eancia, e muitos cliques com o mouse, para encontrar material que explique o que sofreu o povo judeu.<\/p>\n<p>O site incentiva as pessoas a assinar uma lista pedindo para &#8220;terminar com a linguagem do \u00f3dio&#8221;, referindo-se aos holocaustos ocorridos em Camboya, Ruanda, Bosnia e Darfur, como se a &#8220;Sho\u00e1&#8221; (Holocausto em hebraico) tivesse sido um entre outros tantos. O resultado, sem d\u00favida, \u00e9 que aqueles que n\u00e3o conhecem bem a hist\u00f3ria podem chegar a pensar que n\u00e3o existe nada de exepcional no sofrimento judaico.<\/p>\n<p>Similarmente, as Na\u00e7\u00f5es Unidas tem come\u00e7ado a ter este tipo de enfoque. Recentemente, o Secret\u00e1rio Geral da ONU, Ban Kimoon, visitou uma sinagoga em Nova Yorque, onde disse: &#8220;As Na\u00e7\u00f5es Unidas d\u00e3o muita import\u00e2ncia n\u00e3o apenas ao Dia da Recorda\u00e7\u00e3o do Holocausto, mas tamb\u00e9m em prol de educar o mundo sobre a li\u00e7\u00e3o universal que o mesmo nos brinda&#8221;.<\/p>\n<p>&#8220;O Holocausto&#8221;, disse, &#8220;afetou a muitos grupos, e a muitas profiss\u00f5es, \u00e9 vital que novas plat\u00e9ias escutem a hist\u00f3ria&#8221;.<\/p>\n<p>Podemos assegurar que vale a pena difundir a &#8220;li\u00e7\u00e3o universal&#8221; do Holocausto. Por\u00e9m, o que acontece com as li\u00e7\u00f5es particulares? O Holocausto foi principalmente uma tentativa dos alem\u00e3es e seus colaboradores de aniquilar o povo judeu. Ressaltou a vulnerabilidade da vida judia no ex\u00edlio e o perigo que o antisemitismo desenfreado pode causar quando afeta as massas. A simples verdade n\u00e3o pode ser deixada de lado, minimizada ou passada por cima.<\/p>\n<p>Existem mensagens morais e hist\u00f3ricas que podem ser deduzidas do Holocuasto? Obviamente, por\u00e9m n\u00e3o se pode justificar minimizar a particularidade da devasta\u00e7\u00e3o que sofreu o povo judeu. Para ser mais simples, o Holocausto n\u00e3o \u00e9 um tema para conversa ou debate\u00a0 e n\u00e3o devemos permitir que se converta em tal.<\/p>\n<p>\u00c9 crucial combater o \u00f3dio e a discrimina\u00e7\u00e3o, mas que n\u00e3o seja as custas da mem\u00f3ria dos seis milh\u00f5es de judeu v\u00edtimas do Holocausto.<!--:--><!--:es--><\/p>\n<p><!--:--><\/p>\n","protected":false},"excerpt":{"rendered":"<p>No m\u00eas de janeiro passado foi o 67\u00b0 anivers\u00e1rio da liberta\u00e7\u00e3o de Aushwitz pela Divis\u00e3o Rifle n\u00b0 322 da armada vermelha nos nebulosos dias da Segunda Guerra Mundial. Esta epopeia, permitiu ao mundo vislumbrar a potencial obscuridade da alma humana, quando os soldados sovi\u00e9ticos se&#8230;<\/p>\n","protected":false},"author":31,"featured_media":0,"comment_status":"open","ping_status":"open","sticky":false,"template":"","format":"standard","meta":{"give_campaign_id":0,"_exactmetrics_skip_tracking":false,"_exactmetrics_sitenote_active":false,"_exactmetrics_sitenote_note":"","_exactmetrics_sitenote_category":0,"ngg_post_thumbnail":0,"footnotes":""},"categories":[6749],"tags":[6879],"class_list":["post-137723","post","type-post","status-publish","format-standard","hentry","category-judaismoartigos","tag-holocaustoyom-hashoa"],"yoast_head":"<!-- This site is optimized with the Yoast SEO plugin v27.4 - https:\/\/yoast.com\/product\/yoast-seo-wordpress\/ -->\n<title>Parem de arruinar a mem\u00f3ria do Holocausto - Shavei Israel<\/title>\n<meta name=\"robots\" content=\"index, follow, max-snippet:-1, max-image-preview:large, max-video-preview:-1\" \/>\n<link rel=\"canonical\" href=\"https:\/\/www.shavei.org\/pt-br\/blog\/2021\/05\/27\/parem-de-arruinar-a-memoria-do-holocausto\/\" \/>\n<meta property=\"og:locale\" content=\"pt_BR\" \/>\n<meta property=\"og:type\" content=\"article\" \/>\n<meta property=\"og:title\" content=\"Parem de arruinar a mem\u00f3ria do Holocausto - Shavei Israel\" \/>\n<meta property=\"og:description\" content=\"No m\u00eas de janeiro passado foi o 67\u00b0 anivers\u00e1rio da liberta\u00e7\u00e3o de Aushwitz pela Divis\u00e3o Rifle n\u00b0 322 da armada vermelha nos nebulosos dias da Segunda Guerra Mundial. Esta epopeia, permitiu ao mundo vislumbrar a potencial obscuridade da alma humana, quando os soldados sovi\u00e9ticos se...\" \/>\n<meta property=\"og:url\" content=\"https:\/\/www.shavei.org\/pt-br\/blog\/2021\/05\/27\/parem-de-arruinar-a-memoria-do-holocausto\/\" \/>\n<meta property=\"og:site_name\" content=\"Shavei Israel\" \/>\n<meta property=\"article:published_time\" content=\"2021-05-27T14:19:14+00:00\" \/>\n<meta property=\"og:image\" content=\"https:\/\/casadosanussim.shavei.org\/wp-content\/uploads\/2012\/02\/yellowstar-300x284.jpg\" \/>\n<meta name=\"author\" content=\"daniella\" \/>\n<meta name=\"twitter:card\" content=\"summary_large_image\" \/>\n<meta name=\"twitter:label1\" content=\"Escrito por\" \/>\n\t<meta name=\"twitter:data1\" content=\"\" \/>\n\t<meta name=\"twitter:label2\" content=\"Est. tempo de leitura\" \/>\n\t<meta name=\"twitter:data2\" content=\"4 minutos\" \/>\n<script type=\"application\/ld+json\" class=\"yoast-schema-graph\">{\"@context\":\"https:\\\/\\\/schema.org\",\"@graph\":[{\"@type\":\"Article\",\"@id\":\"https:\\\/\\\/www.shavei.org\\\/pt-br\\\/blog\\\/2021\\\/05\\\/27\\\/parem-de-arruinar-a-memoria-do-holocausto\\\/#article\",\"isPartOf\":{\"@id\":\"https:\\\/\\\/www.shavei.org\\\/pt-br\\\/blog\\\/2021\\\/05\\\/27\\\/parem-de-arruinar-a-memoria-do-holocausto\\\/\"},\"author\":{\"name\":\"daniella\",\"@id\":\"https:\\\/\\\/www.shavei.org\\\/#\\\/schema\\\/person\\\/628be1364b127546c700d93458cf9e4c\"},\"headline\":\"Parem de arruinar a mem\u00f3ria do Holocausto\",\"datePublished\":\"2021-05-27T14:19:14+00:00\",\"mainEntityOfPage\":{\"@id\":\"https:\\\/\\\/www.shavei.org\\\/pt-br\\\/blog\\\/2021\\\/05\\\/27\\\/parem-de-arruinar-a-memoria-do-holocausto\\\/\"},\"wordCount\":764,\"commentCount\":0,\"publisher\":{\"@id\":\"https:\\\/\\\/www.shavei.org\\\/#organization\"},\"image\":{\"@id\":\"https:\\\/\\\/www.shavei.org\\\/pt-br\\\/blog\\\/2021\\\/05\\\/27\\\/parem-de-arruinar-a-memoria-do-holocausto\\\/#primaryimage\"},\"thumbnailUrl\":\"https:\\\/\\\/casadosanussim.shavei.org\\\/wp-content\\\/uploads\\\/2012\\\/02\\\/yellowstar-300x284.jpg\",\"keywords\":[\"holocausto|yom hashoa\"],\"articleSection\":[\"JUDA\u00cdSMO&gt;Artigos\"],\"inLanguage\":\"pt-BR\",\"potentialAction\":[{\"@type\":\"CommentAction\",\"name\":\"Comment\",\"target\":[\"https:\\\/\\\/www.shavei.org\\\/pt-br\\\/blog\\\/2021\\\/05\\\/27\\\/parem-de-arruinar-a-memoria-do-holocausto\\\/#respond\"]}]},{\"@type\":\"WebPage\",\"@id\":\"https:\\\/\\\/www.shavei.org\\\/pt-br\\\/blog\\\/2021\\\/05\\\/27\\\/parem-de-arruinar-a-memoria-do-holocausto\\\/\",\"url\":\"https:\\\/\\\/www.shavei.org\\\/pt-br\\\/blog\\\/2021\\\/05\\\/27\\\/parem-de-arruinar-a-memoria-do-holocausto\\\/\",\"name\":\"Parem de arruinar a mem\u00f3ria do Holocausto - Shavei Israel\",\"isPartOf\":{\"@id\":\"https:\\\/\\\/www.shavei.org\\\/#website\"},\"primaryImageOfPage\":{\"@id\":\"https:\\\/\\\/www.shavei.org\\\/pt-br\\\/blog\\\/2021\\\/05\\\/27\\\/parem-de-arruinar-a-memoria-do-holocausto\\\/#primaryimage\"},\"image\":{\"@id\":\"https:\\\/\\\/www.shavei.org\\\/pt-br\\\/blog\\\/2021\\\/05\\\/27\\\/parem-de-arruinar-a-memoria-do-holocausto\\\/#primaryimage\"},\"thumbnailUrl\":\"https:\\\/\\\/casadosanussim.shavei.org\\\/wp-content\\\/uploads\\\/2012\\\/02\\\/yellowstar-300x284.jpg\",\"datePublished\":\"2021-05-27T14:19:14+00:00\",\"breadcrumb\":{\"@id\":\"https:\\\/\\\/www.shavei.org\\\/pt-br\\\/blog\\\/2021\\\/05\\\/27\\\/parem-de-arruinar-a-memoria-do-holocausto\\\/#breadcrumb\"},\"inLanguage\":\"pt-BR\",\"potentialAction\":[{\"@type\":\"ReadAction\",\"target\":[\"https:\\\/\\\/www.shavei.org\\\/pt-br\\\/blog\\\/2021\\\/05\\\/27\\\/parem-de-arruinar-a-memoria-do-holocausto\\\/\"]}]},{\"@type\":\"ImageObject\",\"inLanguage\":\"pt-BR\",\"@id\":\"https:\\\/\\\/www.shavei.org\\\/pt-br\\\/blog\\\/2021\\\/05\\\/27\\\/parem-de-arruinar-a-memoria-do-holocausto\\\/#primaryimage\",\"url\":\"https:\\\/\\\/casadosanussim.shavei.org\\\/wp-content\\\/uploads\\\/2012\\\/02\\\/yellowstar-300x284.jpg\",\"contentUrl\":\"https:\\\/\\\/casadosanussim.shavei.org\\\/wp-content\\\/uploads\\\/2012\\\/02\\\/yellowstar-300x284.jpg\"},{\"@type\":\"BreadcrumbList\",\"@id\":\"https:\\\/\\\/www.shavei.org\\\/pt-br\\\/blog\\\/2021\\\/05\\\/27\\\/parem-de-arruinar-a-memoria-do-holocausto\\\/#breadcrumb\",\"itemListElement\":[{\"@type\":\"ListItem\",\"position\":1,\"name\":\"Home\",\"item\":\"https:\\\/\\\/www.shavei.org\\\/\"},{\"@type\":\"ListItem\",\"position\":2,\"name\":\"Parem de arruinar a mem\u00f3ria do Holocausto\"}]},{\"@type\":\"WebSite\",\"@id\":\"https:\\\/\\\/www.shavei.org\\\/#website\",\"url\":\"https:\\\/\\\/www.shavei.org\\\/\",\"name\":\"Shavei Israel\",\"description\":\"One nation, many faces. We help them all return.\",\"publisher\":{\"@id\":\"https:\\\/\\\/www.shavei.org\\\/#organization\"},\"potentialAction\":[{\"@type\":\"SearchAction\",\"target\":{\"@type\":\"EntryPoint\",\"urlTemplate\":\"https:\\\/\\\/www.shavei.org\\\/?s={search_term_string}\"},\"query-input\":{\"@type\":\"PropertyValueSpecification\",\"valueRequired\":true,\"valueName\":\"search_term_string\"}}],\"inLanguage\":\"pt-BR\"},{\"@type\":\"Organization\",\"@id\":\"https:\\\/\\\/www.shavei.org\\\/#organization\",\"name\":\"Shavei Israel\",\"url\":\"https:\\\/\\\/www.shavei.org\\\/\",\"logo\":{\"@type\":\"ImageObject\",\"inLanguage\":\"pt-BR\",\"@id\":\"https:\\\/\\\/www.shavei.org\\\/#\\\/schema\\\/logo\\\/image\\\/\",\"url\":\"https:\\\/\\\/www.shavei.org\\\/wp-content\\\/uploads\\\/2017\\\/10\\\/shavei-logo.jpg\",\"contentUrl\":\"https:\\\/\\\/www.shavei.org\\\/wp-content\\\/uploads\\\/2017\\\/10\\\/shavei-logo.jpg\",\"width\":300,\"height\":285,\"caption\":\"Shavei Israel\"},\"image\":{\"@id\":\"https:\\\/\\\/www.shavei.org\\\/#\\\/schema\\\/logo\\\/image\\\/\"}},{\"@type\":\"Person\",\"@id\":\"https:\\\/\\\/www.shavei.org\\\/#\\\/schema\\\/person\\\/628be1364b127546c700d93458cf9e4c\",\"name\":\"daniella\",\"image\":{\"@type\":\"ImageObject\",\"inLanguage\":\"pt-BR\",\"@id\":\"https:\\\/\\\/secure.gravatar.com\\\/avatar\\\/bf8b97193609e61ba4fd9bacc2cb0ef6ed3fbf5eb2df25350c1e263020233ff8?s=96&d=mm&r=g\",\"url\":\"https:\\\/\\\/secure.gravatar.com\\\/avatar\\\/bf8b97193609e61ba4fd9bacc2cb0ef6ed3fbf5eb2df25350c1e263020233ff8?s=96&d=mm&r=g\",\"contentUrl\":\"https:\\\/\\\/secure.gravatar.com\\\/avatar\\\/bf8b97193609e61ba4fd9bacc2cb0ef6ed3fbf5eb2df25350c1e263020233ff8?s=96&d=mm&r=g\",\"caption\":\"daniella\"},\"url\":\"https:\\\/\\\/www.shavei.org\\\/pt-br\\\/blog\\\/author\\\/daniella\\\/\"}]}<\/script>\n<!-- \/ Yoast SEO plugin. -->","yoast_head_json":{"title":"Parem de arruinar a mem\u00f3ria do Holocausto - Shavei Israel","robots":{"index":"index","follow":"follow","max-snippet":"max-snippet:-1","max-image-preview":"max-image-preview:large","max-video-preview":"max-video-preview:-1"},"canonical":"https:\/\/www.shavei.org\/pt-br\/blog\/2021\/05\/27\/parem-de-arruinar-a-memoria-do-holocausto\/","og_locale":"pt_BR","og_type":"article","og_title":"Parem de arruinar a mem\u00f3ria do Holocausto - Shavei Israel","og_description":"No m\u00eas de janeiro passado foi o 67\u00b0 anivers\u00e1rio da liberta\u00e7\u00e3o de Aushwitz pela Divis\u00e3o Rifle n\u00b0 322 da armada vermelha nos nebulosos dias da Segunda Guerra Mundial. Esta epopeia, permitiu ao mundo vislumbrar a potencial obscuridade da alma humana, quando os soldados sovi\u00e9ticos se...","og_url":"https:\/\/www.shavei.org\/pt-br\/blog\/2021\/05\/27\/parem-de-arruinar-a-memoria-do-holocausto\/","og_site_name":"Shavei Israel","article_published_time":"2021-05-27T14:19:14+00:00","og_image":[{"url":"https:\/\/casadosanussim.shavei.org\/wp-content\/uploads\/2012\/02\/yellowstar-300x284.jpg","type":"","width":"","height":""}],"author":"daniella","twitter_card":"summary_large_image","twitter_misc":{"Escrito por":false,"Est. tempo de leitura":"4 minutos"},"schema":{"@context":"https:\/\/schema.org","@graph":[{"@type":"Article","@id":"https:\/\/www.shavei.org\/pt-br\/blog\/2021\/05\/27\/parem-de-arruinar-a-memoria-do-holocausto\/#article","isPartOf":{"@id":"https:\/\/www.shavei.org\/pt-br\/blog\/2021\/05\/27\/parem-de-arruinar-a-memoria-do-holocausto\/"},"author":{"name":"daniella","@id":"https:\/\/www.shavei.org\/#\/schema\/person\/628be1364b127546c700d93458cf9e4c"},"headline":"Parem de arruinar a mem\u00f3ria do Holocausto","datePublished":"2021-05-27T14:19:14+00:00","mainEntityOfPage":{"@id":"https:\/\/www.shavei.org\/pt-br\/blog\/2021\/05\/27\/parem-de-arruinar-a-memoria-do-holocausto\/"},"wordCount":764,"commentCount":0,"publisher":{"@id":"https:\/\/www.shavei.org\/#organization"},"image":{"@id":"https:\/\/www.shavei.org\/pt-br\/blog\/2021\/05\/27\/parem-de-arruinar-a-memoria-do-holocausto\/#primaryimage"},"thumbnailUrl":"https:\/\/casadosanussim.shavei.org\/wp-content\/uploads\/2012\/02\/yellowstar-300x284.jpg","keywords":["holocausto|yom hashoa"],"articleSection":["JUDA\u00cdSMO&gt;Artigos"],"inLanguage":"pt-BR","potentialAction":[{"@type":"CommentAction","name":"Comment","target":["https:\/\/www.shavei.org\/pt-br\/blog\/2021\/05\/27\/parem-de-arruinar-a-memoria-do-holocausto\/#respond"]}]},{"@type":"WebPage","@id":"https:\/\/www.shavei.org\/pt-br\/blog\/2021\/05\/27\/parem-de-arruinar-a-memoria-do-holocausto\/","url":"https:\/\/www.shavei.org\/pt-br\/blog\/2021\/05\/27\/parem-de-arruinar-a-memoria-do-holocausto\/","name":"Parem de arruinar a mem\u00f3ria do Holocausto - Shavei Israel","isPartOf":{"@id":"https:\/\/www.shavei.org\/#website"},"primaryImageOfPage":{"@id":"https:\/\/www.shavei.org\/pt-br\/blog\/2021\/05\/27\/parem-de-arruinar-a-memoria-do-holocausto\/#primaryimage"},"image":{"@id":"https:\/\/www.shavei.org\/pt-br\/blog\/2021\/05\/27\/parem-de-arruinar-a-memoria-do-holocausto\/#primaryimage"},"thumbnailUrl":"https:\/\/casadosanussim.shavei.org\/wp-content\/uploads\/2012\/02\/yellowstar-300x284.jpg","datePublished":"2021-05-27T14:19:14+00:00","breadcrumb":{"@id":"https:\/\/www.shavei.org\/pt-br\/blog\/2021\/05\/27\/parem-de-arruinar-a-memoria-do-holocausto\/#breadcrumb"},"inLanguage":"pt-BR","potentialAction":[{"@type":"ReadAction","target":["https:\/\/www.shavei.org\/pt-br\/blog\/2021\/05\/27\/parem-de-arruinar-a-memoria-do-holocausto\/"]}]},{"@type":"ImageObject","inLanguage":"pt-BR","@id":"https:\/\/www.shavei.org\/pt-br\/blog\/2021\/05\/27\/parem-de-arruinar-a-memoria-do-holocausto\/#primaryimage","url":"https:\/\/casadosanussim.shavei.org\/wp-content\/uploads\/2012\/02\/yellowstar-300x284.jpg","contentUrl":"https:\/\/casadosanussim.shavei.org\/wp-content\/uploads\/2012\/02\/yellowstar-300x284.jpg"},{"@type":"BreadcrumbList","@id":"https:\/\/www.shavei.org\/pt-br\/blog\/2021\/05\/27\/parem-de-arruinar-a-memoria-do-holocausto\/#breadcrumb","itemListElement":[{"@type":"ListItem","position":1,"name":"Home","item":"https:\/\/www.shavei.org\/"},{"@type":"ListItem","position":2,"name":"Parem de arruinar a mem\u00f3ria do Holocausto"}]},{"@type":"WebSite","@id":"https:\/\/www.shavei.org\/#website","url":"https:\/\/www.shavei.org\/","name":"Shavei Israel","description":"One nation, many faces. We help them all return.","publisher":{"@id":"https:\/\/www.shavei.org\/#organization"},"potentialAction":[{"@type":"SearchAction","target":{"@type":"EntryPoint","urlTemplate":"https:\/\/www.shavei.org\/?s={search_term_string}"},"query-input":{"@type":"PropertyValueSpecification","valueRequired":true,"valueName":"search_term_string"}}],"inLanguage":"pt-BR"},{"@type":"Organization","@id":"https:\/\/www.shavei.org\/#organization","name":"Shavei Israel","url":"https:\/\/www.shavei.org\/","logo":{"@type":"ImageObject","inLanguage":"pt-BR","@id":"https:\/\/www.shavei.org\/#\/schema\/logo\/image\/","url":"https:\/\/www.shavei.org\/wp-content\/uploads\/2017\/10\/shavei-logo.jpg","contentUrl":"https:\/\/www.shavei.org\/wp-content\/uploads\/2017\/10\/shavei-logo.jpg","width":300,"height":285,"caption":"Shavei Israel"},"image":{"@id":"https:\/\/www.shavei.org\/#\/schema\/logo\/image\/"}},{"@type":"Person","@id":"https:\/\/www.shavei.org\/#\/schema\/person\/628be1364b127546c700d93458cf9e4c","name":"daniella","image":{"@type":"ImageObject","inLanguage":"pt-BR","@id":"https:\/\/secure.gravatar.com\/avatar\/bf8b97193609e61ba4fd9bacc2cb0ef6ed3fbf5eb2df25350c1e263020233ff8?s=96&d=mm&r=g","url":"https:\/\/secure.gravatar.com\/avatar\/bf8b97193609e61ba4fd9bacc2cb0ef6ed3fbf5eb2df25350c1e263020233ff8?s=96&d=mm&r=g","contentUrl":"https:\/\/secure.gravatar.com\/avatar\/bf8b97193609e61ba4fd9bacc2cb0ef6ed3fbf5eb2df25350c1e263020233ff8?s=96&d=mm&r=g","caption":"daniella"},"url":"https:\/\/www.shavei.org\/pt-br\/blog\/author\/daniella\/"}]}},"_links":{"self":[{"href":"https:\/\/www.shavei.org\/pt-br\/wp-json\/wp\/v2\/posts\/137723","targetHints":{"allow":["GET"]}}],"collection":[{"href":"https:\/\/www.shavei.org\/pt-br\/wp-json\/wp\/v2\/posts"}],"about":[{"href":"https:\/\/www.shavei.org\/pt-br\/wp-json\/wp\/v2\/types\/post"}],"author":[{"embeddable":true,"href":"https:\/\/www.shavei.org\/pt-br\/wp-json\/wp\/v2\/users\/31"}],"replies":[{"embeddable":true,"href":"https:\/\/www.shavei.org\/pt-br\/wp-json\/wp\/v2\/comments?post=137723"}],"version-history":[{"count":0,"href":"https:\/\/www.shavei.org\/pt-br\/wp-json\/wp\/v2\/posts\/137723\/revisions"}],"wp:attachment":[{"href":"https:\/\/www.shavei.org\/pt-br\/wp-json\/wp\/v2\/media?parent=137723"}],"wp:term":[{"taxonomy":"category","embeddable":true,"href":"https:\/\/www.shavei.org\/pt-br\/wp-json\/wp\/v2\/categories?post=137723"},{"taxonomy":"post_tag","embeddable":true,"href":"https:\/\/www.shavei.org\/pt-br\/wp-json\/wp\/v2\/tags?post=137723"}],"curies":[{"name":"wp","href":"https:\/\/api.w.org\/{rel}","templated":true}]}}