{"id":137686,"date":"2021-05-27T16:18:37","date_gmt":"2021-05-27T14:18:37","guid":{"rendered":"https:\/\/www.shavei.org\/blog\/2021\/05\/27\/premio-o-sionista-do-ano\/"},"modified":"2021-05-27T16:18:37","modified_gmt":"2021-05-27T14:18:37","slug":"premio-o-sionista-do-ano","status":"publish","type":"post","link":"https:\/\/www.shavei.org\/pt-br\/blog\/2021\/05\/27\/premio-o-sionista-do-ano\/","title":{"rendered":"Pr\u00eamio \u201cO Sionista do Ano\u201d"},"content":{"rendered":"<p>O Movimento de Liberta\u00e7\u00e3o Nacional do Povo Judeu est\u00e1 passando por maus momentos.<\/p>\n<p>Seja pra que lado for, o Sionismo e seus valores est\u00e3o em queda. A Aliah est\u00e1 diminuindo, assentar na terra santa j\u00e1 n\u00e3o est\u00e1 em moda, e as institui\u00e7\u00f5es sionistas cl\u00e1ssicas sofrem ataques por promover o aspecto judaico do estado.<\/p>\n<p>Recentemente, o Ministro de Absor\u00e7\u00e3o anunciou que uma irris\u00f3ria soma de 19700 pessoas escolheram imigrar para Israel em 2007, representado um total diminuto de dois d\u00e9cimos de 1% dos judeus da Di\u00e1spora. Este percentual \u00e9 o menor dos \u00faltimos 20 anos.<\/p>\n<p>O governo de Israel nunca esteve t\u00e3o impotente para enfrentar um ataque externo e inclusive temas b\u00e1sicos e fundamentais como a unidade de Jerusal\u00e9m s\u00e3o temas de controv\u00e9rsia pol\u00edtica mais do que de consenso popular.<\/p>\n<p>De fato, inclusive o \u201cmui\u201d amigo de Israel na Comunidade Internacional, o Primeiro Ministro Ehud Olmert, afirmou ao jornal Jerusal\u00e9m Post, que devemos nos acostumar a ver o futuro do pa\u00eds em base aos limites fronteiri\u00e7os de 67, e Jerusal\u00e9m dividida.<\/p>\n<p>Foguetes seguem caindo em Sderot e no Neguev, Iran continua enriquecendo ur\u00e2nio e nossos l\u00edderes parecem n\u00e3o se importar com nada.<\/p>\n<p>At\u00e9 mesmo no que diz respeito \u00e0 criatividade, o Sionismo est\u00e1 perdendo terreno, a m\u00eddia israelense e os campos universit\u00e1rios se tornaram celeiros do p\u00f3s-sionismo radical. O editor do maior jornal israelense em hebraico, alega que Israel foi \u201cviolada\u201d pol\u00edtica e diplomaticamente e que praticamente ningu\u00e9m se incomoda com o fato.<\/p>\n<p>Entretanto, na Universidade Hebraica de Jerusal\u00e9m, um estudante graduado recebeu honrarias por uma pesquisa que fez, na qual conclui que os soldados israelenses s\u00e3o racistas porque n\u00e3o violam as mulheres palestinas (Jornal Makor Rishon, 23 de dezembro).<\/p>\n<p>Ser\u00e1 que estamos enlouquecendo?<\/p>\n<p>Parece at\u00e9 que John Adams, um dos fundadores dos Estados Unidos, n\u00e3o estava t\u00e3o errado quando questionou a resist\u00eancia do poder nas sociedades livres. \u201cA democracia nunca dura muito\u201d, escreveu, \u201crapidamente \u00e9 desperdi\u00e7ada, fica exausta e se auto-elimina. Nunca existiu uma democracia que n\u00e3o tenha cometido suic\u00eddio\u201d, disse Adams.<\/p>\n<p>Por\u00e9m, esta n\u00e3o tem porque ser nossa realidade. Apesar de que tantas coisas se encontram mal ao nosso redor, o mais importante \u00e9 centrarmos nas coisas boas desse pa\u00eds e celebrar os frutos do Sionismo.<\/p>\n<p>Em vez de nos curvarmos ao cinismo e de nos prostrarmos \u00e0 derrota, devemos redobrar nossos esfor\u00e7os por alentar o ideal sionista de Israel e de sua juventude, promovendo valores b\u00e1sicos como amor pelo pa\u00eds, patriotismo e orgulho judaico, que devem se tornar prioridade m\u00e1xima, particularmente porque estes princ\u00edpios s\u00e3o essenciais para Israel e seu futuro.<\/p>\n<p>Se uma recente pesquisa for correta, e ela afirma que um ter\u00e7o da juventude israelense est\u00e1 pensando em viver no exterior, ent\u00e3o algo saiu terrivelmente errado na forma com que n\u00f3s, enquanto uma sociedade, inculcamos algumas de nossas opini\u00f5es mais b\u00e1sicas e fundamentais.<\/p>\n<p>Eventualmente, que existem v\u00e1rias formas de mudar isso, desde revisar o sistema de educa\u00e7\u00e3o, reenfatizar os s\u00edmbolos nacionais, at\u00e9 transformar o discurso p\u00fablico.<\/p>\n<p>Entretanto, existe uma id\u00e9ia relativamente simples e direta, que pode ter um impacto mais imediato e direto: que Israel comece a repartir pr\u00eamios ao \u201csionista do ano\u201d.<\/p>\n<p>\u00c9 verdade, que j\u00e1 temos o Pr\u00eamio Israel, que \u00e9 entregue no Dia da Independ\u00eancia em uma cerim\u00f4nia televisionada e conta com a participa\u00e7\u00e3o de distintas figuras pol\u00edticas. Por\u00e9m o Pr\u00eamio Israel, como declara o seu pr\u00f3prio site oficial, tem por objetivo premiar aqueles que \u201ctenham demonstrado excel\u00eancia e tenham inovado em seu campo de trabalho ou que tenham realizado uma contribui\u00e7\u00e3o exclusiva \u00e0 sociedade israelense\u201d. Isto pode incluir artistas, cientistas e especialistas acad\u00eamicos, todos eles importantes e merecem um destac\u00e1vel reconhecimento. Por\u00e9m, o Pr\u00eamio falha por n\u00e3o ressaltar excepcionais e relevantes realiza\u00e7\u00f5es de verdadeiro Sionismo e isto \u00e9 um erro que deve ser corrigido.<\/p>\n<p>Se o que uma na\u00e7\u00e3o decide honrar, demonstra uma grande mensagem com respeito aos seus valores, ent\u00e3o o que podemos dizer do fato de n\u00e3o rendermos nenhum tributo \u00e0 ideologia que fez surgir o estado de Israel?<\/p>\n<p>Com a entrega do pr\u00eamio \u201co sionista do ano\u201d a indiv\u00edduos, organiza\u00e7\u00f5es ou comunidades, Israel transmitir\u00e1 importantes mensagens direcionadas a cont\u00ednua vitalidade do Sionismo e de sua import\u00e2ncia vital para o futuro do pa\u00eds.<\/p>\n<p>Isso permitir\u00e1 ao jovem compreender que nossa sociedade e nossas institui\u00e7\u00f5es nacionais d\u00e3o grande valor n\u00e3o apenas aos benef\u00edcios na \u00e1rea de alta tecnologia, mas tamb\u00e9m, em \u00e1reas tais como o servi\u00e7o p\u00fablico.<\/p>\n<p>A Broadway tem os Pr\u00eamios \u201cTony\u201d, Hollywood tem o \u201cOscar\u201d e a televis\u00e3o o \u201cEmmy\u201d, \u00e9 tempo de Jerusal\u00e9m come\u00e7ar a distribuir o \u201cPr\u00eamio Herzl\u201d.<\/p>\n<p><!--:--><\/p>\n","protected":false},"excerpt":{"rendered":"<p>O Movimento de Liberta\u00e7\u00e3o Nacional do Povo Judeu est\u00e1 passando por maus momentos. Seja pra que lado for, o Sionismo e seus valores est\u00e3o em queda. A Aliah est\u00e1 diminuindo, assentar na terra santa j\u00e1 n\u00e3o est\u00e1 em moda, e as institui\u00e7\u00f5es sionistas cl\u00e1ssicas sofrem&#8230;<\/p>\n","protected":false},"author":31,"featured_media":0,"comment_status":"open","ping_status":"open","sticky":false,"template":"","format":"standard","meta":{"give_campaign_id":0,"_exactmetrics_skip_tracking":false,"_exactmetrics_sitenote_active":false,"_exactmetrics_sitenote_note":"","_exactmetrics_sitenote_category":0,"ngg_post_thumbnail":0,"footnotes":""},"categories":[6749],"tags":[6849],"class_list":["post-137686","post","type-post","status-publish","format-standard","hentry","category-judaismoartigos","tag-alyahestado-de-israelsionismo"],"yoast_head":"<!-- This site is optimized with the Yoast SEO plugin v27.4 - https:\/\/yoast.com\/product\/yoast-seo-wordpress\/ -->\n<title>Pr\u00eamio \u201cO Sionista do Ano\u201d - Shavei Israel<\/title>\n<meta name=\"robots\" content=\"index, follow, max-snippet:-1, max-image-preview:large, max-video-preview:-1\" \/>\n<link rel=\"canonical\" href=\"https:\/\/www.shavei.org\/pt-br\/blog\/2021\/05\/27\/premio-o-sionista-do-ano\/\" \/>\n<meta property=\"og:locale\" content=\"pt_BR\" \/>\n<meta property=\"og:type\" content=\"article\" \/>\n<meta property=\"og:title\" content=\"Pr\u00eamio \u201cO Sionista do Ano\u201d - Shavei Israel\" \/>\n<meta property=\"og:description\" content=\"O Movimento de Liberta\u00e7\u00e3o Nacional do Povo Judeu est\u00e1 passando por maus momentos. Seja pra que lado for, o Sionismo e seus valores est\u00e3o em queda. A Aliah est\u00e1 diminuindo, assentar na terra santa j\u00e1 n\u00e3o est\u00e1 em moda, e as institui\u00e7\u00f5es sionistas cl\u00e1ssicas sofrem...\" \/>\n<meta property=\"og:url\" content=\"https:\/\/www.shavei.org\/pt-br\/blog\/2021\/05\/27\/premio-o-sionista-do-ano\/\" \/>\n<meta property=\"og:site_name\" content=\"Shavei Israel\" \/>\n<meta property=\"article:published_time\" content=\"2021-05-27T14:18:37+00:00\" \/>\n<meta name=\"author\" content=\"daniella\" \/>\n<meta name=\"twitter:card\" content=\"summary_large_image\" \/>\n<meta name=\"twitter:label1\" content=\"Escrito por\" \/>\n\t<meta name=\"twitter:data1\" content=\"\" \/>\n\t<meta name=\"twitter:label2\" content=\"Est. tempo de leitura\" \/>\n\t<meta name=\"twitter:data2\" content=\"4 minutos\" \/>\n<script type=\"application\/ld+json\" class=\"yoast-schema-graph\">{\"@context\":\"https:\\\/\\\/schema.org\",\"@graph\":[{\"@type\":\"Article\",\"@id\":\"https:\\\/\\\/www.shavei.org\\\/pt-br\\\/blog\\\/2021\\\/05\\\/27\\\/premio-o-sionista-do-ano\\\/#article\",\"isPartOf\":{\"@id\":\"https:\\\/\\\/www.shavei.org\\\/pt-br\\\/blog\\\/2021\\\/05\\\/27\\\/premio-o-sionista-do-ano\\\/\"},\"author\":{\"name\":\"daniella\",\"@id\":\"https:\\\/\\\/www.shavei.org\\\/#\\\/schema\\\/person\\\/628be1364b127546c700d93458cf9e4c\"},\"headline\":\"Pr\u00eamio \u201cO Sionista do Ano\u201d\",\"datePublished\":\"2021-05-27T14:18:37+00:00\",\"mainEntityOfPage\":{\"@id\":\"https:\\\/\\\/www.shavei.org\\\/pt-br\\\/blog\\\/2021\\\/05\\\/27\\\/premio-o-sionista-do-ano\\\/\"},\"wordCount\":832,\"commentCount\":0,\"publisher\":{\"@id\":\"https:\\\/\\\/www.shavei.org\\\/#organization\"},\"keywords\":[\"Alyah|estado de israel|sionismo\"],\"articleSection\":[\"JUDA\u00cdSMO&gt;Artigos\"],\"inLanguage\":\"pt-BR\",\"potentialAction\":[{\"@type\":\"CommentAction\",\"name\":\"Comment\",\"target\":[\"https:\\\/\\\/www.shavei.org\\\/pt-br\\\/blog\\\/2021\\\/05\\\/27\\\/premio-o-sionista-do-ano\\\/#respond\"]}]},{\"@type\":\"WebPage\",\"@id\":\"https:\\\/\\\/www.shavei.org\\\/pt-br\\\/blog\\\/2021\\\/05\\\/27\\\/premio-o-sionista-do-ano\\\/\",\"url\":\"https:\\\/\\\/www.shavei.org\\\/pt-br\\\/blog\\\/2021\\\/05\\\/27\\\/premio-o-sionista-do-ano\\\/\",\"name\":\"Pr\u00eamio \u201cO Sionista do Ano\u201d - Shavei Israel\",\"isPartOf\":{\"@id\":\"https:\\\/\\\/www.shavei.org\\\/#website\"},\"datePublished\":\"2021-05-27T14:18:37+00:00\",\"breadcrumb\":{\"@id\":\"https:\\\/\\\/www.shavei.org\\\/pt-br\\\/blog\\\/2021\\\/05\\\/27\\\/premio-o-sionista-do-ano\\\/#breadcrumb\"},\"inLanguage\":\"pt-BR\",\"potentialAction\":[{\"@type\":\"ReadAction\",\"target\":[\"https:\\\/\\\/www.shavei.org\\\/pt-br\\\/blog\\\/2021\\\/05\\\/27\\\/premio-o-sionista-do-ano\\\/\"]}]},{\"@type\":\"BreadcrumbList\",\"@id\":\"https:\\\/\\\/www.shavei.org\\\/pt-br\\\/blog\\\/2021\\\/05\\\/27\\\/premio-o-sionista-do-ano\\\/#breadcrumb\",\"itemListElement\":[{\"@type\":\"ListItem\",\"position\":1,\"name\":\"Home\",\"item\":\"https:\\\/\\\/www.shavei.org\\\/\"},{\"@type\":\"ListItem\",\"position\":2,\"name\":\"Pr\u00eamio \u201cO Sionista do Ano\u201d\"}]},{\"@type\":\"WebSite\",\"@id\":\"https:\\\/\\\/www.shavei.org\\\/#website\",\"url\":\"https:\\\/\\\/www.shavei.org\\\/\",\"name\":\"Shavei Israel\",\"description\":\"One nation, many faces. We help them all return.\",\"publisher\":{\"@id\":\"https:\\\/\\\/www.shavei.org\\\/#organization\"},\"potentialAction\":[{\"@type\":\"SearchAction\",\"target\":{\"@type\":\"EntryPoint\",\"urlTemplate\":\"https:\\\/\\\/www.shavei.org\\\/?s={search_term_string}\"},\"query-input\":{\"@type\":\"PropertyValueSpecification\",\"valueRequired\":true,\"valueName\":\"search_term_string\"}}],\"inLanguage\":\"pt-BR\"},{\"@type\":\"Organization\",\"@id\":\"https:\\\/\\\/www.shavei.org\\\/#organization\",\"name\":\"Shavei Israel\",\"url\":\"https:\\\/\\\/www.shavei.org\\\/\",\"logo\":{\"@type\":\"ImageObject\",\"inLanguage\":\"pt-BR\",\"@id\":\"https:\\\/\\\/www.shavei.org\\\/#\\\/schema\\\/logo\\\/image\\\/\",\"url\":\"https:\\\/\\\/www.shavei.org\\\/wp-content\\\/uploads\\\/2017\\\/10\\\/shavei-logo.jpg\",\"contentUrl\":\"https:\\\/\\\/www.shavei.org\\\/wp-content\\\/uploads\\\/2017\\\/10\\\/shavei-logo.jpg\",\"width\":300,\"height\":285,\"caption\":\"Shavei Israel\"},\"image\":{\"@id\":\"https:\\\/\\\/www.shavei.org\\\/#\\\/schema\\\/logo\\\/image\\\/\"}},{\"@type\":\"Person\",\"@id\":\"https:\\\/\\\/www.shavei.org\\\/#\\\/schema\\\/person\\\/628be1364b127546c700d93458cf9e4c\",\"name\":\"daniella\",\"image\":{\"@type\":\"ImageObject\",\"inLanguage\":\"pt-BR\",\"@id\":\"https:\\\/\\\/secure.gravatar.com\\\/avatar\\\/bf8b97193609e61ba4fd9bacc2cb0ef6ed3fbf5eb2df25350c1e263020233ff8?s=96&d=mm&r=g\",\"url\":\"https:\\\/\\\/secure.gravatar.com\\\/avatar\\\/bf8b97193609e61ba4fd9bacc2cb0ef6ed3fbf5eb2df25350c1e263020233ff8?s=96&d=mm&r=g\",\"contentUrl\":\"https:\\\/\\\/secure.gravatar.com\\\/avatar\\\/bf8b97193609e61ba4fd9bacc2cb0ef6ed3fbf5eb2df25350c1e263020233ff8?s=96&d=mm&r=g\",\"caption\":\"daniella\"},\"url\":\"https:\\\/\\\/www.shavei.org\\\/pt-br\\\/blog\\\/author\\\/daniella\\\/\"}]}<\/script>\n<!-- \/ Yoast SEO plugin. -->","yoast_head_json":{"title":"Pr\u00eamio \u201cO Sionista do Ano\u201d - Shavei Israel","robots":{"index":"index","follow":"follow","max-snippet":"max-snippet:-1","max-image-preview":"max-image-preview:large","max-video-preview":"max-video-preview:-1"},"canonical":"https:\/\/www.shavei.org\/pt-br\/blog\/2021\/05\/27\/premio-o-sionista-do-ano\/","og_locale":"pt_BR","og_type":"article","og_title":"Pr\u00eamio \u201cO Sionista do Ano\u201d - Shavei Israel","og_description":"O Movimento de Liberta\u00e7\u00e3o Nacional do Povo Judeu est\u00e1 passando por maus momentos. Seja pra que lado for, o Sionismo e seus valores est\u00e3o em queda. A Aliah est\u00e1 diminuindo, assentar na terra santa j\u00e1 n\u00e3o est\u00e1 em moda, e as institui\u00e7\u00f5es sionistas cl\u00e1ssicas sofrem...","og_url":"https:\/\/www.shavei.org\/pt-br\/blog\/2021\/05\/27\/premio-o-sionista-do-ano\/","og_site_name":"Shavei Israel","article_published_time":"2021-05-27T14:18:37+00:00","author":"daniella","twitter_card":"summary_large_image","twitter_misc":{"Escrito por":false,"Est. tempo de leitura":"4 minutos"},"schema":{"@context":"https:\/\/schema.org","@graph":[{"@type":"Article","@id":"https:\/\/www.shavei.org\/pt-br\/blog\/2021\/05\/27\/premio-o-sionista-do-ano\/#article","isPartOf":{"@id":"https:\/\/www.shavei.org\/pt-br\/blog\/2021\/05\/27\/premio-o-sionista-do-ano\/"},"author":{"name":"daniella","@id":"https:\/\/www.shavei.org\/#\/schema\/person\/628be1364b127546c700d93458cf9e4c"},"headline":"Pr\u00eamio \u201cO Sionista do Ano\u201d","datePublished":"2021-05-27T14:18:37+00:00","mainEntityOfPage":{"@id":"https:\/\/www.shavei.org\/pt-br\/blog\/2021\/05\/27\/premio-o-sionista-do-ano\/"},"wordCount":832,"commentCount":0,"publisher":{"@id":"https:\/\/www.shavei.org\/#organization"},"keywords":["Alyah|estado de israel|sionismo"],"articleSection":["JUDA\u00cdSMO&gt;Artigos"],"inLanguage":"pt-BR","potentialAction":[{"@type":"CommentAction","name":"Comment","target":["https:\/\/www.shavei.org\/pt-br\/blog\/2021\/05\/27\/premio-o-sionista-do-ano\/#respond"]}]},{"@type":"WebPage","@id":"https:\/\/www.shavei.org\/pt-br\/blog\/2021\/05\/27\/premio-o-sionista-do-ano\/","url":"https:\/\/www.shavei.org\/pt-br\/blog\/2021\/05\/27\/premio-o-sionista-do-ano\/","name":"Pr\u00eamio \u201cO Sionista do Ano\u201d - Shavei Israel","isPartOf":{"@id":"https:\/\/www.shavei.org\/#website"},"datePublished":"2021-05-27T14:18:37+00:00","breadcrumb":{"@id":"https:\/\/www.shavei.org\/pt-br\/blog\/2021\/05\/27\/premio-o-sionista-do-ano\/#breadcrumb"},"inLanguage":"pt-BR","potentialAction":[{"@type":"ReadAction","target":["https:\/\/www.shavei.org\/pt-br\/blog\/2021\/05\/27\/premio-o-sionista-do-ano\/"]}]},{"@type":"BreadcrumbList","@id":"https:\/\/www.shavei.org\/pt-br\/blog\/2021\/05\/27\/premio-o-sionista-do-ano\/#breadcrumb","itemListElement":[{"@type":"ListItem","position":1,"name":"Home","item":"https:\/\/www.shavei.org\/"},{"@type":"ListItem","position":2,"name":"Pr\u00eamio \u201cO Sionista do Ano\u201d"}]},{"@type":"WebSite","@id":"https:\/\/www.shavei.org\/#website","url":"https:\/\/www.shavei.org\/","name":"Shavei Israel","description":"One nation, many faces. We help them all return.","publisher":{"@id":"https:\/\/www.shavei.org\/#organization"},"potentialAction":[{"@type":"SearchAction","target":{"@type":"EntryPoint","urlTemplate":"https:\/\/www.shavei.org\/?s={search_term_string}"},"query-input":{"@type":"PropertyValueSpecification","valueRequired":true,"valueName":"search_term_string"}}],"inLanguage":"pt-BR"},{"@type":"Organization","@id":"https:\/\/www.shavei.org\/#organization","name":"Shavei Israel","url":"https:\/\/www.shavei.org\/","logo":{"@type":"ImageObject","inLanguage":"pt-BR","@id":"https:\/\/www.shavei.org\/#\/schema\/logo\/image\/","url":"https:\/\/www.shavei.org\/wp-content\/uploads\/2017\/10\/shavei-logo.jpg","contentUrl":"https:\/\/www.shavei.org\/wp-content\/uploads\/2017\/10\/shavei-logo.jpg","width":300,"height":285,"caption":"Shavei Israel"},"image":{"@id":"https:\/\/www.shavei.org\/#\/schema\/logo\/image\/"}},{"@type":"Person","@id":"https:\/\/www.shavei.org\/#\/schema\/person\/628be1364b127546c700d93458cf9e4c","name":"daniella","image":{"@type":"ImageObject","inLanguage":"pt-BR","@id":"https:\/\/secure.gravatar.com\/avatar\/bf8b97193609e61ba4fd9bacc2cb0ef6ed3fbf5eb2df25350c1e263020233ff8?s=96&d=mm&r=g","url":"https:\/\/secure.gravatar.com\/avatar\/bf8b97193609e61ba4fd9bacc2cb0ef6ed3fbf5eb2df25350c1e263020233ff8?s=96&d=mm&r=g","contentUrl":"https:\/\/secure.gravatar.com\/avatar\/bf8b97193609e61ba4fd9bacc2cb0ef6ed3fbf5eb2df25350c1e263020233ff8?s=96&d=mm&r=g","caption":"daniella"},"url":"https:\/\/www.shavei.org\/pt-br\/blog\/author\/daniella\/"}]}},"_links":{"self":[{"href":"https:\/\/www.shavei.org\/pt-br\/wp-json\/wp\/v2\/posts\/137686","targetHints":{"allow":["GET"]}}],"collection":[{"href":"https:\/\/www.shavei.org\/pt-br\/wp-json\/wp\/v2\/posts"}],"about":[{"href":"https:\/\/www.shavei.org\/pt-br\/wp-json\/wp\/v2\/types\/post"}],"author":[{"embeddable":true,"href":"https:\/\/www.shavei.org\/pt-br\/wp-json\/wp\/v2\/users\/31"}],"replies":[{"embeddable":true,"href":"https:\/\/www.shavei.org\/pt-br\/wp-json\/wp\/v2\/comments?post=137686"}],"version-history":[{"count":0,"href":"https:\/\/www.shavei.org\/pt-br\/wp-json\/wp\/v2\/posts\/137686\/revisions"}],"wp:attachment":[{"href":"https:\/\/www.shavei.org\/pt-br\/wp-json\/wp\/v2\/media?parent=137686"}],"wp:term":[{"taxonomy":"category","embeddable":true,"href":"https:\/\/www.shavei.org\/pt-br\/wp-json\/wp\/v2\/categories?post=137686"},{"taxonomy":"post_tag","embeddable":true,"href":"https:\/\/www.shavei.org\/pt-br\/wp-json\/wp\/v2\/tags?post=137686"}],"curies":[{"name":"wp","href":"https:\/\/api.w.org\/{rel}","templated":true}]}}