{"id":137629,"date":"2021-05-27T16:17:00","date_gmt":"2021-05-27T14:17:00","guid":{"rendered":"https:\/\/www.shavei.org\/blog\/2021\/05\/27\/o-gaon-de-vilna-e-a-identidade-judaica\/"},"modified":"2021-05-27T16:17:00","modified_gmt":"2021-05-27T14:17:00","slug":"o-gaon-de-vilna-e-a-identidade-judaica","status":"publish","type":"post","link":"https:\/\/www.shavei.org\/pt-br\/blog\/2021\/05\/27\/o-gaon-de-vilna-e-a-identidade-judaica\/","title":{"rendered":"O Gaon de Vilna e a identidade judaica"},"content":{"rendered":"<p><a href=\"https:\/\/somber-ball.flywheelsites.com\/wp-content\/uploads\/2016\/02\/333.jpg\" rel=\"attachment wp-att-674\"><img decoding=\"async\" class=\"alignleft size-full wp-image-674\" src=\"https:\/\/somber-ball.flywheelsites.com\/wp-content\/uploads\/2016\/02\/333.jpg\" alt=\"333\" width=\"219\" height=\"299\" \/><\/a>Foi ha quase 215 anos atr\u00e1s, em 19 de Tishrei, durante os dias de Sucot, que o rabino Eliahu, o Gaon (g\u00eanio, em hebraico) de Vilna devolveu sua alma ao Criador.<\/p>\n<p>A maioria dos judeus contempor\u00e2neos j\u00e1 deve ter ouvido falar deste prodigo estudioso, seu vasto conhecimento e seu compromisso profundo em explorar todos os aspectos do conhecimento e da educa\u00e7\u00e3o judaica.<\/p>\n<p>Mas poucos est\u00e3o familiarizados com a forma pela qual o mesmo contribuiu para o renascimento intelectual, espiritual e f\u00edsico do Estado judaico moderno um s\u00e9culo antes de Tehodor Herzl levantar a bandeira do sionismo pol\u00edtico.<\/p>\n<p>E \u00e0 luz de alguns dos desafios enfrentados atualmente por Israel na arena internacional, vale a pena analisar a revolu\u00e7\u00e3o do Gaon e algumas li\u00e7\u00f5es relevantes para hoje.<\/p>\n<p>Na verdade, muito foi escrito sobre o desempenho escolar do Gaon de Vilna. Como o professor Jay M. Harris, de Harvard, disse uma vez, o Gaon de Vilna &#8220;estabeleceu uma forma revolucion\u00e1ria de estudo no mundo rab\u00ednico&#8221;.<\/p>\n<p>O mesmo, reavivou o estudo do Talmud hierosolimitana e outros textos antigos, tentou criar harmonia entre as diferentes passagens que confundiam estudiosos em outras gera\u00e7\u00f5es e meticulosamente tra\u00e7ou as fontes dos pareceres do Shulchan Aruch (C\u00f3digo da Lei Judaica). Ele atravessou o vasto mar de tradi\u00e7\u00f5es judaicas, corrigindo as inconsist\u00eancias e fazendo as emendas necess\u00e1rias, impulsionado por um desejo de verdade e exatid\u00e3o.<\/p>\n<p>Um homem profundamente humilde, o Gaon de Vilna, nunca tinha tido qualquer posi\u00e7\u00e3o p\u00fablica ou comunit\u00e1ria, completamente devotando-se aos textos de nosso povo. Mas a sua influ\u00eancia se estendeu muito al\u00e9m dos livros, em parte gra\u00e7as a uma ideia simples, mesmo que de muito peso mas que defendeu apaixonadamente: o povo judeu n\u00e3o deve ser passivo em trazer a sua pr\u00f3pria reden\u00e7\u00e3o.<\/p>\n<p>Embora essa cren\u00e7a foi contra o que a maioria dos judeus europeus pensavam naquele momento, de qualquer maneira, o Gaon incentivou seus alunos a fazer ali\u00e1, o que muitos fizeram em tr\u00eas grandes ondas que come\u00e7aram em 1808.<\/p>\n<p>Eventualmente, milhares de disc\u00edpulos e suas fam\u00edlias se mudaram para a terra de Israel. Como resultado, em meados do s\u00e9culo XIX, a maioria da popula\u00e7\u00e3o de Jerusal\u00e9m era judaica, pela primeira vez desde a invas\u00e3o romana, e assim permanece desde ent\u00e3o.<\/p>\n<p>Tudo gra\u00e7as \u00e0 vis\u00e3o de um \u00fanico estudioso em uma sala de estudos na Litu\u00e2nia.<\/p>\n<p>A forte convic\u00e7\u00e3o do Gaon de Vilna sobre a necessidade de o povo judeu realizar coisas pr\u00e1ticas sobre suas queixas sobre a sua antiga casa, foram excelentemente expressas no volume chamado de Kol Hathor, que foi escrito por seu aluno Rabino Hillel de Shklov.<\/p>\n<p>O livro cita as palavras do profeta Isa\u00edas (54:2-3), que disse: &#8221; Expanda (Archivi em hebraico) o lugar de sua tenda e estenda a sombra de seus quartos sem poupar-las &#8230; porque voc\u00ea vai espalhar-se para a direita e para a esquerda e seus descendentes herdar\u00e3o as na\u00e7\u00f5es, e fara habit\u00e1veis as cidades assoladas.&#8221;<\/p>\n<p>Kol Hathor diz em nome do Gaon de Vilna que estes versos s\u00e3o a chave para a reden\u00e7\u00e3o judaica, porque o que o profeta Isa\u00edas chamou de &#8220;Archivi&#8221; \u00e9 um mandamento &#8211; uma chamada para a\u00e7\u00e3o em todo o mundo judeu se mudar para Israel e se estabelecer em todos os lugares da Terra.<\/p>\n<p>Ele, assustadoramente, nota que a \u00fanica alternativa para &#8220;Archivi&#8221; o crescimento judaico e a expans\u00e3o, \u00e9 &#8220;Achrivi&#8221; (hebraico para destrui\u00e7\u00e3o). Em outras palavras, n\u00e3o h\u00e1 nenhuma possibilidade de recuo.<\/p>\n<p>Finalmente, o Gaon diz, &#8220;sabemos de antem\u00e3o que todos os tesouros preciosos inclu\u00eddos na b\u00ean\u00e7\u00e3o de Archava (Expans\u00e3o) s\u00f3 vir\u00e3o se o povo de Israel primeiro realizar as a\u00e7\u00f5es em um despertar da terra.&#8221;<\/p>\n<p>Com estas palavras, o Gaon de Vilna estabeleceu um claro desafio para cada um dos judeus no mundo, delineando a nossa tarefa de n\u00e3o sentar-se passivamente e esperar a reden\u00e7\u00e3o no ex\u00edlio, mas agir e traz\u00ea-la para n\u00f3s.<\/p>\n<p>Atrav\u00e9s desta nova abordagem, o Gaon tornou-se o precursor do sionismo moderno, um forte defensor do ativismo judaico e um restaurador da auto-confian\u00e7a e da auto-estima dos judeus.<\/p>\n<p>Viu e superou o imposs\u00edvel. Impulsionado por uma cren\u00e7a na justi\u00e7a da causa e uma profunda f\u00e9 no Criador, ele deixou para tr\u00e1s um legado de reivindica\u00e7\u00e3o judaica e restaura\u00e7\u00e3o.<\/p>\n<p>Depois de s\u00e9culos de ex\u00edlio e persegui\u00e7\u00e3o, o Gaon de Vilna nos ensinou uma li\u00e7\u00e3o muito importante, uma muito especial para estes dias: o povo judeu n\u00e3o \u00e9 um prisioneiro do destino, mas sim um s\u00f3cio de D&#8217;s na forma\u00e7\u00e3o deste!<\/p>\n<p>Uma li\u00e7\u00e3o que todos devem aprender.<\/p>\n","protected":false},"excerpt":{"rendered":"<p>Foi ha quase 215 anos atr\u00e1s, em 19 de Tishrei, durante os dias de Sucot, que o rabino Eliahu, o Gaon (g\u00eanio, em hebraico) de Vilna devolveu sua alma ao Criador. A maioria dos judeus contempor\u00e2neos j\u00e1 deve ter ouvido falar deste prodigo estudioso, seu&#8230;<\/p>\n","protected":false},"author":31,"featured_media":0,"comment_status":"open","ping_status":"open","sticky":false,"template":"","format":"standard","meta":{"give_campaign_id":0,"_exactmetrics_skip_tracking":false,"_exactmetrics_sitenote_active":false,"_exactmetrics_sitenote_note":"","_exactmetrics_sitenote_category":0,"ngg_post_thumbnail":0,"footnotes":""},"categories":[6790],"tags":[6791],"class_list":["post-137629","post","type-post","status-publish","format-standard","hentry","category-judaismoartigosbnei-anussimpersonalidades","tag-judaismopersonalidadesrabinos"],"yoast_head":"<!-- This site is optimized with the Yoast SEO plugin v27.4 - https:\/\/yoast.com\/product\/yoast-seo-wordpress\/ -->\n<title>O Gaon de Vilna e a identidade judaica - Shavei Israel<\/title>\n<meta name=\"robots\" content=\"index, follow, max-snippet:-1, max-image-preview:large, max-video-preview:-1\" \/>\n<link rel=\"canonical\" href=\"https:\/\/www.shavei.org\/pt-br\/blog\/2021\/05\/27\/o-gaon-de-vilna-e-a-identidade-judaica\/\" \/>\n<meta property=\"og:locale\" content=\"pt_BR\" \/>\n<meta property=\"og:type\" content=\"article\" \/>\n<meta property=\"og:title\" content=\"O Gaon de Vilna e a identidade judaica - Shavei Israel\" \/>\n<meta property=\"og:description\" content=\"Foi ha quase 215 anos atr\u00e1s, em 19 de Tishrei, durante os dias de Sucot, que o rabino Eliahu, o Gaon (g\u00eanio, em hebraico) de Vilna devolveu sua alma ao Criador. A maioria dos judeus contempor\u00e2neos j\u00e1 deve ter ouvido falar deste prodigo estudioso, seu...\" \/>\n<meta property=\"og:url\" content=\"https:\/\/www.shavei.org\/pt-br\/blog\/2021\/05\/27\/o-gaon-de-vilna-e-a-identidade-judaica\/\" \/>\n<meta property=\"og:site_name\" content=\"Shavei Israel\" \/>\n<meta property=\"article:published_time\" content=\"2021-05-27T14:17:00+00:00\" \/>\n<meta property=\"og:image\" content=\"https:\/\/somber-ball.flywheelsites.com\/wp-content\/uploads\/2016\/02\/333.jpg\" \/>\n<meta name=\"author\" content=\"daniella\" \/>\n<meta name=\"twitter:card\" content=\"summary_large_image\" \/>\n<meta name=\"twitter:label1\" content=\"Escrito por\" \/>\n\t<meta name=\"twitter:data1\" content=\"\" \/>\n\t<meta name=\"twitter:label2\" content=\"Est. tempo de leitura\" \/>\n\t<meta name=\"twitter:data2\" content=\"4 minutos\" \/>\n<script type=\"application\/ld+json\" class=\"yoast-schema-graph\">{\"@context\":\"https:\\\/\\\/schema.org\",\"@graph\":[{\"@type\":\"Article\",\"@id\":\"https:\\\/\\\/www.shavei.org\\\/pt-br\\\/blog\\\/2021\\\/05\\\/27\\\/o-gaon-de-vilna-e-a-identidade-judaica\\\/#article\",\"isPartOf\":{\"@id\":\"https:\\\/\\\/www.shavei.org\\\/pt-br\\\/blog\\\/2021\\\/05\\\/27\\\/o-gaon-de-vilna-e-a-identidade-judaica\\\/\"},\"author\":{\"name\":\"daniella\",\"@id\":\"https:\\\/\\\/www.shavei.org\\\/#\\\/schema\\\/person\\\/628be1364b127546c700d93458cf9e4c\"},\"headline\":\"O Gaon de Vilna e a identidade judaica\",\"datePublished\":\"2021-05-27T14:17:00+00:00\",\"mainEntityOfPage\":{\"@id\":\"https:\\\/\\\/www.shavei.org\\\/pt-br\\\/blog\\\/2021\\\/05\\\/27\\\/o-gaon-de-vilna-e-a-identidade-judaica\\\/\"},\"wordCount\":820,\"commentCount\":0,\"publisher\":{\"@id\":\"https:\\\/\\\/www.shavei.org\\\/#organization\"},\"image\":{\"@id\":\"https:\\\/\\\/www.shavei.org\\\/pt-br\\\/blog\\\/2021\\\/05\\\/27\\\/o-gaon-de-vilna-e-a-identidade-judaica\\\/#primaryimage\"},\"thumbnailUrl\":\"https:\\\/\\\/somber-ball.flywheelsites.com\\\/wp-content\\\/uploads\\\/2016\\\/02\\\/333.jpg\",\"keywords\":[\"juda\u00edsmo|Personalidades|Rabinos\"],\"articleSection\":[\"JUDA\u00cdSMO&gt;Artigos|BNEI ANUSSIM&gt;Personalidades\"],\"inLanguage\":\"pt-BR\",\"potentialAction\":[{\"@type\":\"CommentAction\",\"name\":\"Comment\",\"target\":[\"https:\\\/\\\/www.shavei.org\\\/pt-br\\\/blog\\\/2021\\\/05\\\/27\\\/o-gaon-de-vilna-e-a-identidade-judaica\\\/#respond\"]}]},{\"@type\":\"WebPage\",\"@id\":\"https:\\\/\\\/www.shavei.org\\\/pt-br\\\/blog\\\/2021\\\/05\\\/27\\\/o-gaon-de-vilna-e-a-identidade-judaica\\\/\",\"url\":\"https:\\\/\\\/www.shavei.org\\\/pt-br\\\/blog\\\/2021\\\/05\\\/27\\\/o-gaon-de-vilna-e-a-identidade-judaica\\\/\",\"name\":\"O Gaon de Vilna e a identidade judaica - Shavei Israel\",\"isPartOf\":{\"@id\":\"https:\\\/\\\/www.shavei.org\\\/#website\"},\"primaryImageOfPage\":{\"@id\":\"https:\\\/\\\/www.shavei.org\\\/pt-br\\\/blog\\\/2021\\\/05\\\/27\\\/o-gaon-de-vilna-e-a-identidade-judaica\\\/#primaryimage\"},\"image\":{\"@id\":\"https:\\\/\\\/www.shavei.org\\\/pt-br\\\/blog\\\/2021\\\/05\\\/27\\\/o-gaon-de-vilna-e-a-identidade-judaica\\\/#primaryimage\"},\"thumbnailUrl\":\"https:\\\/\\\/somber-ball.flywheelsites.com\\\/wp-content\\\/uploads\\\/2016\\\/02\\\/333.jpg\",\"datePublished\":\"2021-05-27T14:17:00+00:00\",\"breadcrumb\":{\"@id\":\"https:\\\/\\\/www.shavei.org\\\/pt-br\\\/blog\\\/2021\\\/05\\\/27\\\/o-gaon-de-vilna-e-a-identidade-judaica\\\/#breadcrumb\"},\"inLanguage\":\"pt-BR\",\"potentialAction\":[{\"@type\":\"ReadAction\",\"target\":[\"https:\\\/\\\/www.shavei.org\\\/pt-br\\\/blog\\\/2021\\\/05\\\/27\\\/o-gaon-de-vilna-e-a-identidade-judaica\\\/\"]}]},{\"@type\":\"ImageObject\",\"inLanguage\":\"pt-BR\",\"@id\":\"https:\\\/\\\/www.shavei.org\\\/pt-br\\\/blog\\\/2021\\\/05\\\/27\\\/o-gaon-de-vilna-e-a-identidade-judaica\\\/#primaryimage\",\"url\":\"https:\\\/\\\/somber-ball.flywheelsites.com\\\/wp-content\\\/uploads\\\/2016\\\/02\\\/333.jpg\",\"contentUrl\":\"https:\\\/\\\/somber-ball.flywheelsites.com\\\/wp-content\\\/uploads\\\/2016\\\/02\\\/333.jpg\"},{\"@type\":\"BreadcrumbList\",\"@id\":\"https:\\\/\\\/www.shavei.org\\\/pt-br\\\/blog\\\/2021\\\/05\\\/27\\\/o-gaon-de-vilna-e-a-identidade-judaica\\\/#breadcrumb\",\"itemListElement\":[{\"@type\":\"ListItem\",\"position\":1,\"name\":\"Home\",\"item\":\"https:\\\/\\\/www.shavei.org\\\/\"},{\"@type\":\"ListItem\",\"position\":2,\"name\":\"O Gaon de Vilna e a identidade judaica\"}]},{\"@type\":\"WebSite\",\"@id\":\"https:\\\/\\\/www.shavei.org\\\/#website\",\"url\":\"https:\\\/\\\/www.shavei.org\\\/\",\"name\":\"Shavei Israel\",\"description\":\"One nation, many faces. We help them all return.\",\"publisher\":{\"@id\":\"https:\\\/\\\/www.shavei.org\\\/#organization\"},\"potentialAction\":[{\"@type\":\"SearchAction\",\"target\":{\"@type\":\"EntryPoint\",\"urlTemplate\":\"https:\\\/\\\/www.shavei.org\\\/?s={search_term_string}\"},\"query-input\":{\"@type\":\"PropertyValueSpecification\",\"valueRequired\":true,\"valueName\":\"search_term_string\"}}],\"inLanguage\":\"pt-BR\"},{\"@type\":\"Organization\",\"@id\":\"https:\\\/\\\/www.shavei.org\\\/#organization\",\"name\":\"Shavei Israel\",\"url\":\"https:\\\/\\\/www.shavei.org\\\/\",\"logo\":{\"@type\":\"ImageObject\",\"inLanguage\":\"pt-BR\",\"@id\":\"https:\\\/\\\/www.shavei.org\\\/#\\\/schema\\\/logo\\\/image\\\/\",\"url\":\"https:\\\/\\\/www.shavei.org\\\/wp-content\\\/uploads\\\/2017\\\/10\\\/shavei-logo.jpg\",\"contentUrl\":\"https:\\\/\\\/www.shavei.org\\\/wp-content\\\/uploads\\\/2017\\\/10\\\/shavei-logo.jpg\",\"width\":300,\"height\":285,\"caption\":\"Shavei Israel\"},\"image\":{\"@id\":\"https:\\\/\\\/www.shavei.org\\\/#\\\/schema\\\/logo\\\/image\\\/\"}},{\"@type\":\"Person\",\"@id\":\"https:\\\/\\\/www.shavei.org\\\/#\\\/schema\\\/person\\\/628be1364b127546c700d93458cf9e4c\",\"name\":\"daniella\",\"image\":{\"@type\":\"ImageObject\",\"inLanguage\":\"pt-BR\",\"@id\":\"https:\\\/\\\/secure.gravatar.com\\\/avatar\\\/bf8b97193609e61ba4fd9bacc2cb0ef6ed3fbf5eb2df25350c1e263020233ff8?s=96&d=mm&r=g\",\"url\":\"https:\\\/\\\/secure.gravatar.com\\\/avatar\\\/bf8b97193609e61ba4fd9bacc2cb0ef6ed3fbf5eb2df25350c1e263020233ff8?s=96&d=mm&r=g\",\"contentUrl\":\"https:\\\/\\\/secure.gravatar.com\\\/avatar\\\/bf8b97193609e61ba4fd9bacc2cb0ef6ed3fbf5eb2df25350c1e263020233ff8?s=96&d=mm&r=g\",\"caption\":\"daniella\"},\"url\":\"https:\\\/\\\/www.shavei.org\\\/pt-br\\\/blog\\\/author\\\/daniella\\\/\"}]}<\/script>\n<!-- \/ Yoast SEO plugin. -->","yoast_head_json":{"title":"O Gaon de Vilna e a identidade judaica - Shavei Israel","robots":{"index":"index","follow":"follow","max-snippet":"max-snippet:-1","max-image-preview":"max-image-preview:large","max-video-preview":"max-video-preview:-1"},"canonical":"https:\/\/www.shavei.org\/pt-br\/blog\/2021\/05\/27\/o-gaon-de-vilna-e-a-identidade-judaica\/","og_locale":"pt_BR","og_type":"article","og_title":"O Gaon de Vilna e a identidade judaica - Shavei Israel","og_description":"Foi ha quase 215 anos atr\u00e1s, em 19 de Tishrei, durante os dias de Sucot, que o rabino Eliahu, o Gaon (g\u00eanio, em hebraico) de Vilna devolveu sua alma ao Criador. A maioria dos judeus contempor\u00e2neos j\u00e1 deve ter ouvido falar deste prodigo estudioso, seu...","og_url":"https:\/\/www.shavei.org\/pt-br\/blog\/2021\/05\/27\/o-gaon-de-vilna-e-a-identidade-judaica\/","og_site_name":"Shavei Israel","article_published_time":"2021-05-27T14:17:00+00:00","og_image":[{"url":"https:\/\/somber-ball.flywheelsites.com\/wp-content\/uploads\/2016\/02\/333.jpg","type":"","width":"","height":""}],"author":"daniella","twitter_card":"summary_large_image","twitter_misc":{"Escrito por":false,"Est. tempo de leitura":"4 minutos"},"schema":{"@context":"https:\/\/schema.org","@graph":[{"@type":"Article","@id":"https:\/\/www.shavei.org\/pt-br\/blog\/2021\/05\/27\/o-gaon-de-vilna-e-a-identidade-judaica\/#article","isPartOf":{"@id":"https:\/\/www.shavei.org\/pt-br\/blog\/2021\/05\/27\/o-gaon-de-vilna-e-a-identidade-judaica\/"},"author":{"name":"daniella","@id":"https:\/\/www.shavei.org\/#\/schema\/person\/628be1364b127546c700d93458cf9e4c"},"headline":"O Gaon de Vilna e a identidade judaica","datePublished":"2021-05-27T14:17:00+00:00","mainEntityOfPage":{"@id":"https:\/\/www.shavei.org\/pt-br\/blog\/2021\/05\/27\/o-gaon-de-vilna-e-a-identidade-judaica\/"},"wordCount":820,"commentCount":0,"publisher":{"@id":"https:\/\/www.shavei.org\/#organization"},"image":{"@id":"https:\/\/www.shavei.org\/pt-br\/blog\/2021\/05\/27\/o-gaon-de-vilna-e-a-identidade-judaica\/#primaryimage"},"thumbnailUrl":"https:\/\/somber-ball.flywheelsites.com\/wp-content\/uploads\/2016\/02\/333.jpg","keywords":["juda\u00edsmo|Personalidades|Rabinos"],"articleSection":["JUDA\u00cdSMO&gt;Artigos|BNEI ANUSSIM&gt;Personalidades"],"inLanguage":"pt-BR","potentialAction":[{"@type":"CommentAction","name":"Comment","target":["https:\/\/www.shavei.org\/pt-br\/blog\/2021\/05\/27\/o-gaon-de-vilna-e-a-identidade-judaica\/#respond"]}]},{"@type":"WebPage","@id":"https:\/\/www.shavei.org\/pt-br\/blog\/2021\/05\/27\/o-gaon-de-vilna-e-a-identidade-judaica\/","url":"https:\/\/www.shavei.org\/pt-br\/blog\/2021\/05\/27\/o-gaon-de-vilna-e-a-identidade-judaica\/","name":"O Gaon de Vilna e a identidade judaica - Shavei Israel","isPartOf":{"@id":"https:\/\/www.shavei.org\/#website"},"primaryImageOfPage":{"@id":"https:\/\/www.shavei.org\/pt-br\/blog\/2021\/05\/27\/o-gaon-de-vilna-e-a-identidade-judaica\/#primaryimage"},"image":{"@id":"https:\/\/www.shavei.org\/pt-br\/blog\/2021\/05\/27\/o-gaon-de-vilna-e-a-identidade-judaica\/#primaryimage"},"thumbnailUrl":"https:\/\/somber-ball.flywheelsites.com\/wp-content\/uploads\/2016\/02\/333.jpg","datePublished":"2021-05-27T14:17:00+00:00","breadcrumb":{"@id":"https:\/\/www.shavei.org\/pt-br\/blog\/2021\/05\/27\/o-gaon-de-vilna-e-a-identidade-judaica\/#breadcrumb"},"inLanguage":"pt-BR","potentialAction":[{"@type":"ReadAction","target":["https:\/\/www.shavei.org\/pt-br\/blog\/2021\/05\/27\/o-gaon-de-vilna-e-a-identidade-judaica\/"]}]},{"@type":"ImageObject","inLanguage":"pt-BR","@id":"https:\/\/www.shavei.org\/pt-br\/blog\/2021\/05\/27\/o-gaon-de-vilna-e-a-identidade-judaica\/#primaryimage","url":"https:\/\/somber-ball.flywheelsites.com\/wp-content\/uploads\/2016\/02\/333.jpg","contentUrl":"https:\/\/somber-ball.flywheelsites.com\/wp-content\/uploads\/2016\/02\/333.jpg"},{"@type":"BreadcrumbList","@id":"https:\/\/www.shavei.org\/pt-br\/blog\/2021\/05\/27\/o-gaon-de-vilna-e-a-identidade-judaica\/#breadcrumb","itemListElement":[{"@type":"ListItem","position":1,"name":"Home","item":"https:\/\/www.shavei.org\/"},{"@type":"ListItem","position":2,"name":"O Gaon de Vilna e a identidade judaica"}]},{"@type":"WebSite","@id":"https:\/\/www.shavei.org\/#website","url":"https:\/\/www.shavei.org\/","name":"Shavei Israel","description":"One nation, many faces. We help them all return.","publisher":{"@id":"https:\/\/www.shavei.org\/#organization"},"potentialAction":[{"@type":"SearchAction","target":{"@type":"EntryPoint","urlTemplate":"https:\/\/www.shavei.org\/?s={search_term_string}"},"query-input":{"@type":"PropertyValueSpecification","valueRequired":true,"valueName":"search_term_string"}}],"inLanguage":"pt-BR"},{"@type":"Organization","@id":"https:\/\/www.shavei.org\/#organization","name":"Shavei Israel","url":"https:\/\/www.shavei.org\/","logo":{"@type":"ImageObject","inLanguage":"pt-BR","@id":"https:\/\/www.shavei.org\/#\/schema\/logo\/image\/","url":"https:\/\/www.shavei.org\/wp-content\/uploads\/2017\/10\/shavei-logo.jpg","contentUrl":"https:\/\/www.shavei.org\/wp-content\/uploads\/2017\/10\/shavei-logo.jpg","width":300,"height":285,"caption":"Shavei Israel"},"image":{"@id":"https:\/\/www.shavei.org\/#\/schema\/logo\/image\/"}},{"@type":"Person","@id":"https:\/\/www.shavei.org\/#\/schema\/person\/628be1364b127546c700d93458cf9e4c","name":"daniella","image":{"@type":"ImageObject","inLanguage":"pt-BR","@id":"https:\/\/secure.gravatar.com\/avatar\/bf8b97193609e61ba4fd9bacc2cb0ef6ed3fbf5eb2df25350c1e263020233ff8?s=96&d=mm&r=g","url":"https:\/\/secure.gravatar.com\/avatar\/bf8b97193609e61ba4fd9bacc2cb0ef6ed3fbf5eb2df25350c1e263020233ff8?s=96&d=mm&r=g","contentUrl":"https:\/\/secure.gravatar.com\/avatar\/bf8b97193609e61ba4fd9bacc2cb0ef6ed3fbf5eb2df25350c1e263020233ff8?s=96&d=mm&r=g","caption":"daniella"},"url":"https:\/\/www.shavei.org\/pt-br\/blog\/author\/daniella\/"}]}},"_links":{"self":[{"href":"https:\/\/www.shavei.org\/pt-br\/wp-json\/wp\/v2\/posts\/137629","targetHints":{"allow":["GET"]}}],"collection":[{"href":"https:\/\/www.shavei.org\/pt-br\/wp-json\/wp\/v2\/posts"}],"about":[{"href":"https:\/\/www.shavei.org\/pt-br\/wp-json\/wp\/v2\/types\/post"}],"author":[{"embeddable":true,"href":"https:\/\/www.shavei.org\/pt-br\/wp-json\/wp\/v2\/users\/31"}],"replies":[{"embeddable":true,"href":"https:\/\/www.shavei.org\/pt-br\/wp-json\/wp\/v2\/comments?post=137629"}],"version-history":[{"count":0,"href":"https:\/\/www.shavei.org\/pt-br\/wp-json\/wp\/v2\/posts\/137629\/revisions"}],"wp:attachment":[{"href":"https:\/\/www.shavei.org\/pt-br\/wp-json\/wp\/v2\/media?parent=137629"}],"wp:term":[{"taxonomy":"category","embeddable":true,"href":"https:\/\/www.shavei.org\/pt-br\/wp-json\/wp\/v2\/categories?post=137629"},{"taxonomy":"post_tag","embeddable":true,"href":"https:\/\/www.shavei.org\/pt-br\/wp-json\/wp\/v2\/tags?post=137629"}],"curies":[{"name":"wp","href":"https:\/\/api.w.org\/{rel}","templated":true}]}}