{"id":137621,"date":"2021-05-27T16:17:00","date_gmt":"2021-05-27T14:17:00","guid":{"rendered":"https:\/\/www.shavei.org\/blog\/2021\/05\/27\/o-pai-do-sionismo-sefaradita\/"},"modified":"2021-05-27T16:17:00","modified_gmt":"2021-05-27T14:17:00","slug":"o-pai-do-sionismo-sefaradita","status":"publish","type":"post","link":"https:\/\/www.shavei.org\/pt-br\/blog\/2021\/05\/27\/o-pai-do-sionismo-sefaradita\/","title":{"rendered":"O pai do sionismo sefaradita"},"content":{"rendered":"<p>O sionismo moderno \u00e9 uma cria\u00e7\u00e3o Ashkenazi, ou pelo menos o que a maioria das pessoas pensam. Afinal de contas, a Organiza\u00e7\u00e3o Sionista Mundial foi fundada na Europa em 1897 e dominada por judeus Ashkenazim, que tamb\u00e9m formaram as massas dos pioneiros que constru\u00edram a terra e, em seguida, declararam a cria\u00e7\u00e3o do Estado.<\/p>\n<p><!--more--><\/p>\n<p>Assim que n\u00e3o dever\u00edamos ficar surpresos ao ler hist\u00f3rias da cria\u00e7\u00e3o do movimento sionismo no in\u00edcio do s\u00e9culo XX, sem encontrar a palavra sefaradita, sem que seja, as vezes, em uma breve passagem.<\/p>\n<p>Mas ignorar a contribui\u00e7\u00e3o dos judeus sefaraditas para retornar a Zion, \u00e9 uma grave injusti\u00e7a, n\u00e3o s\u00f3 para com os nosso irm\u00e3os orientais mas com a pr\u00f3pria hist\u00f3ria judaica em si. Embora tenha passado despercebido, o papel dos sefaraditas em preservar o desejo sionista ao longo dos s\u00e9culos, esta tem sido indispens\u00e1vel. Por exemplo, o rabino e poeta espanhol do s\u00e9culo XII, o rabino Yehuda Halevi, cujo poema &#8220;O meu cora\u00e7\u00e3o est\u00e1 no leste&#8221; ainda soa hoje.<\/p>\n<p>Embora seu nome n\u00e3o se<a href=\"https:\/\/somber-ball.flywheelsites.com\/wp-content\/uploads\/2016\/02\/19_ot1.jpg\" rel=\"attachment wp-att-645\"><img decoding=\"async\" class=\"alignleft size-full wp-image-645\" src=\"https:\/\/somber-ball.flywheelsites.com\/wp-content\/uploads\/2016\/02\/19_ot1.jpg\" alt=\"19_ot1\" width=\"300\" height=\"198\" \/><\/a>ja familiar para a maioria dos israelenses, seu legado intelectual lan\u00e7ou as bases para o renascimento do moderno Estado de Israel.<\/p>\n<p>Apesar de ter nascido em Sarajevo, em 1798, os anos de forma\u00e7\u00e3o do Rabino Alcalai foram passados em Jerusal\u00e9m, onde estudou mais profundamente antigos textos do misticismo judaico.<\/p>\n<p>Aos 27 anos, ele foi oferecido o cargo de rabino na cidade de Zemun, que agora faz parte da capital s\u00e9rvia de Belgrado. Neste ponto, no entanto, estava dentro dos limites do Imp\u00e9rio Austro H\u00fangaro e com fronteira a S\u00e9rvia ocupada pela Turquia.<\/p>\n<p>O nacionalismo estava em ascens\u00e3o nos B\u00e1lc\u00e3s. S\u00e9rvios e outros estavam sob a m\u00e3o forte do controle otomano. Isso teve um efeito profundo sobre o rabino Alcalai, pois seus vizinhos s\u00e9rvios queriam a liberta\u00e7\u00e3o e cada vez mais pressionavam para a independ\u00eancia. Como o professor Arthur Hertzberg no livro The Zionist Idea: A Historical Analysis and Reader, prop\u00f5e: &#8220;as id\u00e9ias de liberta\u00e7\u00e3o nacional e restaura\u00e7\u00e3o vieram \u00e0 mente do Rabino Alkalai devido ao ambiente que se formava em seu tempo e lugar.&#8221;<\/p>\n<p>Apos uma d\u00e9cada, em 1834, publicou um livreto chamado Shem\u00e1 Israel propondo algo que foi ent\u00e3o considerado radical: construir assentamentos judeus na terra de Israel como um prel\u00fadio para a reden\u00e7\u00e3o.<\/p>\n<p>Em outras palavras, o rabino Alcalai advogava pela a\u00e7\u00e3o humana para trazer a emancipa\u00e7\u00e3o nacional judaica.<\/p>\n<p>Essa no\u00e7\u00e3o, ia contra a sabedoria convencional, que acreditava que os judeus deveriam aguardar passivamente a chegada do messias.<a href=\"https:\/\/somber-ball.flywheelsites.com\/wp-content\/uploads\/2016\/02\/alk_00_001_s2.jpg\" rel=\"attachment wp-att-646\"><img decoding=\"async\" class=\"size-full wp-image-646 alignright\" src=\"https:\/\/somber-ball.flywheelsites.com\/wp-content\/uploads\/2016\/02\/alk_00_001_s2.jpg\" alt=\"alk_00_001_s2\" width=\"300\" height=\"255\" \/><\/a><\/p>\n<p>No entanto, ele desenvolveu o conceito, escreveu mais livros e panfletos e viajou pela Europa para espalhar a mensagem.<\/p>\n<p>Em seu trabalho de 1845, Minchas Yehudah, o rabino Alcalai escreveu, &#8220;na primeira conquista sob Josu\u00e9, o Todo-Poderoso trouxe os israelitas para uma terra preparada: as casas estavam cheias de coisas \u00fateis, teve seus po\u00e7os de \u00e1gua, e vinhedos e oliveiras estavam cheios de frutas. Esta nova reden\u00e7\u00e3o &#8211; infelizmente pelos pecados &#8211; sera diferente: Nossa terra est\u00e1 cheia de lixo e desolada, teremos que construir casas, cavar po\u00e7os, plantar vinhas e oliveiras&#8221;.<\/p>\n<p>A &#8220;reden\u00e7\u00e3o&#8221;, escreveu ele, &#8220;deve vir lentamente. A terra deve, gradualmente, ser constru\u00edda e preparada.&#8221;<\/p>\n<p>Para conseguir isso, o rabino Alcalai sugeriu coisas novas e altamente prof\u00e9ticas, que inclu\u00edam o lan\u00e7amento de um fundo nacional para comprar terras em Israel, a cria\u00e7\u00e3o de uma &#8220;Grande Assembl\u00e9ia&#8221;, encarregada dos assuntos judeus nacionais, e intensifica\u00e7\u00e3o dos esfor\u00e7os para reavivar a l\u00edngua hebraica na conversa.<\/p>\n<p>No momento em que v\u00e1rios judeus estavam come\u00e7ando a se desesperar ap\u00f3s s\u00e9culos de persegui\u00e7\u00e3o, o rabino Alcalai ofereceu uma esperan\u00e7a concreta.<\/p>\n<p>Mais importante ainda, salientou aos judeus medidas pr\u00e1ticas que poderiam ser tomadas, conferindo poderes aos judeus de todo o mundo para participar de um ato de auto-reden\u00e7\u00e3o nacional que engendraria a miseric\u00f3rdia Divina. Em 1874, aos 76 anos, o rabino Alcalai e sua esposa fizeram ali\u00e1, estabelecendo-se em Jerusal\u00e9m e cumprindo seu sonho tao acalentado. Quatro anos depois, ele morreu.<\/p>\n<p>Observando suas id\u00e9ias, podemos facilmente lev\u00e1-las em considera\u00e7\u00e3o, j\u00e1 que muitas se tornaram parte da nossa realidade. Mas isso s\u00f3 sublinha o sucesso do rabino Alcalai, pois estamos colhendo os frutos de seu trabalho.<\/p>\n<p>Na verdade, a influ\u00eancia deste s\u00e1bio sefaradita pode ter sido maior do que sabemos.<\/p>\n<p>Em uma dessas reviravoltas curiosas do destino que mesmo o maior romancista nao teria imaginado, um dos disc\u00edpulos mais fervorosos do rabino Alcalai, era um homem chamado Simon Loeb Herzl, cujo neto, Theodore, mais tarde, alteraria o curso da hist\u00f3ria sionista e judaica.<\/p>\n<p>Poderia Simon voltar para casa da sinagoga no Shabat, muito animado com o serm\u00e3o do rabino sobre a necessidade de os judeus voltarem a Si\u00e3o, e ter compartilhado esta paix\u00e3o com seus descendentes? Pode ser que as id\u00e9ias que lemos nos escritos do rabino foram passadas para seu famoso descendente? A resposta a esta pergunta, como de muitos outras, foi perdida na hist\u00f3ria. Mas o impacto do rabino Yehuda Alcalai, e de outros judeus sefaraditas, n\u00e3o pode e n\u00e3o deve sofrer um destino semelhante.<\/p>\n<p>Eles tiveram um papel central no drama sionista, e n\u00f3s devemos isso a eles, preservando sua mem\u00f3ria e legado que nos foi deixado, porque, mesmo mais de um s\u00e9culo depois, as palavras do rabino alcalino tem o poder de nos guiar e inspirar-nos em nossa miss\u00e3o nacional.<\/p>\n<p>&#8220;N\u00f3s, como povo, somos apropriadamente chamados de Israel&#8221;, escreveu certa vez, &#8220;s\u00f3 na terra de Israel &#8230; mesmo que esta aventura come\u00e7ara modestamente, seu futuro sera genial.&#8221;<\/p>\n","protected":false},"excerpt":{"rendered":"<p>O sionismo moderno \u00e9 uma cria\u00e7\u00e3o Ashkenazi, ou pelo menos o que a maioria das pessoas pensam. Afinal de contas, a Organiza\u00e7\u00e3o Sionista Mundial foi fundada na Europa em 1897 e dominada por judeus Ashkenazim, que tamb\u00e9m formaram as massas dos pioneiros que constru\u00edram a&#8230;<\/p>\n","protected":false},"author":31,"featured_media":0,"comment_status":"open","ping_status":"open","sticky":false,"template":"","format":"standard","meta":{"give_campaign_id":0,"_exactmetrics_skip_tracking":false,"_exactmetrics_sitenote_active":false,"_exactmetrics_sitenote_note":"","_exactmetrics_sitenote_category":0,"ngg_post_thumbnail":0,"footnotes":""},"categories":[6779],"tags":[6780],"class_list":["post-137621","post","type-post","status-publish","format-standard","hentry","category-judaismoestado-de-israelbnei-anussimpersonalidades","tag-estado-de-israelpersonalidadesrabinossefaradimsionismo"],"yoast_head":"<!-- This site is optimized with the Yoast SEO plugin v27.4 - https:\/\/yoast.com\/product\/yoast-seo-wordpress\/ -->\n<title>O pai do sionismo sefaradita - Shavei Israel<\/title>\n<meta name=\"robots\" content=\"index, follow, max-snippet:-1, max-image-preview:large, max-video-preview:-1\" \/>\n<link rel=\"canonical\" href=\"https:\/\/www.shavei.org\/pt-br\/blog\/2021\/05\/27\/o-pai-do-sionismo-sefaradita\/\" \/>\n<meta property=\"og:locale\" content=\"pt_BR\" \/>\n<meta property=\"og:type\" content=\"article\" \/>\n<meta property=\"og:title\" content=\"O pai do sionismo sefaradita - Shavei Israel\" \/>\n<meta property=\"og:description\" content=\"O sionismo moderno \u00e9 uma cria\u00e7\u00e3o Ashkenazi, ou pelo menos o que a maioria das pessoas pensam. Afinal de contas, a Organiza\u00e7\u00e3o Sionista Mundial foi fundada na Europa em 1897 e dominada por judeus Ashkenazim, que tamb\u00e9m formaram as massas dos pioneiros que constru\u00edram a...\" \/>\n<meta property=\"og:url\" content=\"https:\/\/www.shavei.org\/pt-br\/blog\/2021\/05\/27\/o-pai-do-sionismo-sefaradita\/\" \/>\n<meta property=\"og:site_name\" content=\"Shavei Israel\" \/>\n<meta property=\"article:published_time\" content=\"2021-05-27T14:17:00+00:00\" \/>\n<meta property=\"og:image\" content=\"https:\/\/somber-ball.flywheelsites.com\/wp-content\/uploads\/2016\/02\/19_ot1.jpg\" \/>\n<meta name=\"author\" content=\"daniella\" \/>\n<meta name=\"twitter:card\" content=\"summary_large_image\" \/>\n<meta name=\"twitter:label1\" content=\"Escrito por\" \/>\n\t<meta name=\"twitter:data1\" content=\"\" \/>\n\t<meta name=\"twitter:label2\" content=\"Est. tempo de leitura\" \/>\n\t<meta name=\"twitter:data2\" content=\"5 minutos\" \/>\n<script type=\"application\/ld+json\" class=\"yoast-schema-graph\">{\"@context\":\"https:\\\/\\\/schema.org\",\"@graph\":[{\"@type\":\"Article\",\"@id\":\"https:\\\/\\\/www.shavei.org\\\/pt-br\\\/blog\\\/2021\\\/05\\\/27\\\/o-pai-do-sionismo-sefaradita\\\/#article\",\"isPartOf\":{\"@id\":\"https:\\\/\\\/www.shavei.org\\\/pt-br\\\/blog\\\/2021\\\/05\\\/27\\\/o-pai-do-sionismo-sefaradita\\\/\"},\"author\":{\"name\":\"daniella\",\"@id\":\"https:\\\/\\\/www.shavei.org\\\/#\\\/schema\\\/person\\\/628be1364b127546c700d93458cf9e4c\"},\"headline\":\"O pai do sionismo sefaradita\",\"datePublished\":\"2021-05-27T14:17:00+00:00\",\"mainEntityOfPage\":{\"@id\":\"https:\\\/\\\/www.shavei.org\\\/pt-br\\\/blog\\\/2021\\\/05\\\/27\\\/o-pai-do-sionismo-sefaradita\\\/\"},\"wordCount\":979,\"commentCount\":0,\"publisher\":{\"@id\":\"https:\\\/\\\/www.shavei.org\\\/#organization\"},\"image\":{\"@id\":\"https:\\\/\\\/www.shavei.org\\\/pt-br\\\/blog\\\/2021\\\/05\\\/27\\\/o-pai-do-sionismo-sefaradita\\\/#primaryimage\"},\"thumbnailUrl\":\"https:\\\/\\\/somber-ball.flywheelsites.com\\\/wp-content\\\/uploads\\\/2016\\\/02\\\/19_ot1.jpg\",\"keywords\":[\"estado de israel|Personalidades|Rabinos|Sefaradim|sionismo\"],\"articleSection\":[\"JUDA\u00cdSMO&gt;Estado de Israel|BNEI ANUSSIM&gt;Personalidades\"],\"inLanguage\":\"pt-BR\",\"potentialAction\":[{\"@type\":\"CommentAction\",\"name\":\"Comment\",\"target\":[\"https:\\\/\\\/www.shavei.org\\\/pt-br\\\/blog\\\/2021\\\/05\\\/27\\\/o-pai-do-sionismo-sefaradita\\\/#respond\"]}]},{\"@type\":\"WebPage\",\"@id\":\"https:\\\/\\\/www.shavei.org\\\/pt-br\\\/blog\\\/2021\\\/05\\\/27\\\/o-pai-do-sionismo-sefaradita\\\/\",\"url\":\"https:\\\/\\\/www.shavei.org\\\/pt-br\\\/blog\\\/2021\\\/05\\\/27\\\/o-pai-do-sionismo-sefaradita\\\/\",\"name\":\"O pai do sionismo sefaradita - Shavei Israel\",\"isPartOf\":{\"@id\":\"https:\\\/\\\/www.shavei.org\\\/#website\"},\"primaryImageOfPage\":{\"@id\":\"https:\\\/\\\/www.shavei.org\\\/pt-br\\\/blog\\\/2021\\\/05\\\/27\\\/o-pai-do-sionismo-sefaradita\\\/#primaryimage\"},\"image\":{\"@id\":\"https:\\\/\\\/www.shavei.org\\\/pt-br\\\/blog\\\/2021\\\/05\\\/27\\\/o-pai-do-sionismo-sefaradita\\\/#primaryimage\"},\"thumbnailUrl\":\"https:\\\/\\\/somber-ball.flywheelsites.com\\\/wp-content\\\/uploads\\\/2016\\\/02\\\/19_ot1.jpg\",\"datePublished\":\"2021-05-27T14:17:00+00:00\",\"breadcrumb\":{\"@id\":\"https:\\\/\\\/www.shavei.org\\\/pt-br\\\/blog\\\/2021\\\/05\\\/27\\\/o-pai-do-sionismo-sefaradita\\\/#breadcrumb\"},\"inLanguage\":\"pt-BR\",\"potentialAction\":[{\"@type\":\"ReadAction\",\"target\":[\"https:\\\/\\\/www.shavei.org\\\/pt-br\\\/blog\\\/2021\\\/05\\\/27\\\/o-pai-do-sionismo-sefaradita\\\/\"]}]},{\"@type\":\"ImageObject\",\"inLanguage\":\"pt-BR\",\"@id\":\"https:\\\/\\\/www.shavei.org\\\/pt-br\\\/blog\\\/2021\\\/05\\\/27\\\/o-pai-do-sionismo-sefaradita\\\/#primaryimage\",\"url\":\"https:\\\/\\\/somber-ball.flywheelsites.com\\\/wp-content\\\/uploads\\\/2016\\\/02\\\/19_ot1.jpg\",\"contentUrl\":\"https:\\\/\\\/somber-ball.flywheelsites.com\\\/wp-content\\\/uploads\\\/2016\\\/02\\\/19_ot1.jpg\"},{\"@type\":\"BreadcrumbList\",\"@id\":\"https:\\\/\\\/www.shavei.org\\\/pt-br\\\/blog\\\/2021\\\/05\\\/27\\\/o-pai-do-sionismo-sefaradita\\\/#breadcrumb\",\"itemListElement\":[{\"@type\":\"ListItem\",\"position\":1,\"name\":\"Home\",\"item\":\"https:\\\/\\\/www.shavei.org\\\/\"},{\"@type\":\"ListItem\",\"position\":2,\"name\":\"O pai do sionismo sefaradita\"}]},{\"@type\":\"WebSite\",\"@id\":\"https:\\\/\\\/www.shavei.org\\\/#website\",\"url\":\"https:\\\/\\\/www.shavei.org\\\/\",\"name\":\"Shavei Israel\",\"description\":\"One nation, many faces. We help them all return.\",\"publisher\":{\"@id\":\"https:\\\/\\\/www.shavei.org\\\/#organization\"},\"potentialAction\":[{\"@type\":\"SearchAction\",\"target\":{\"@type\":\"EntryPoint\",\"urlTemplate\":\"https:\\\/\\\/www.shavei.org\\\/?s={search_term_string}\"},\"query-input\":{\"@type\":\"PropertyValueSpecification\",\"valueRequired\":true,\"valueName\":\"search_term_string\"}}],\"inLanguage\":\"pt-BR\"},{\"@type\":\"Organization\",\"@id\":\"https:\\\/\\\/www.shavei.org\\\/#organization\",\"name\":\"Shavei Israel\",\"url\":\"https:\\\/\\\/www.shavei.org\\\/\",\"logo\":{\"@type\":\"ImageObject\",\"inLanguage\":\"pt-BR\",\"@id\":\"https:\\\/\\\/www.shavei.org\\\/#\\\/schema\\\/logo\\\/image\\\/\",\"url\":\"https:\\\/\\\/www.shavei.org\\\/wp-content\\\/uploads\\\/2017\\\/10\\\/shavei-logo.jpg\",\"contentUrl\":\"https:\\\/\\\/www.shavei.org\\\/wp-content\\\/uploads\\\/2017\\\/10\\\/shavei-logo.jpg\",\"width\":300,\"height\":285,\"caption\":\"Shavei Israel\"},\"image\":{\"@id\":\"https:\\\/\\\/www.shavei.org\\\/#\\\/schema\\\/logo\\\/image\\\/\"}},{\"@type\":\"Person\",\"@id\":\"https:\\\/\\\/www.shavei.org\\\/#\\\/schema\\\/person\\\/628be1364b127546c700d93458cf9e4c\",\"name\":\"daniella\",\"image\":{\"@type\":\"ImageObject\",\"inLanguage\":\"pt-BR\",\"@id\":\"https:\\\/\\\/secure.gravatar.com\\\/avatar\\\/bf8b97193609e61ba4fd9bacc2cb0ef6ed3fbf5eb2df25350c1e263020233ff8?s=96&d=mm&r=g\",\"url\":\"https:\\\/\\\/secure.gravatar.com\\\/avatar\\\/bf8b97193609e61ba4fd9bacc2cb0ef6ed3fbf5eb2df25350c1e263020233ff8?s=96&d=mm&r=g\",\"contentUrl\":\"https:\\\/\\\/secure.gravatar.com\\\/avatar\\\/bf8b97193609e61ba4fd9bacc2cb0ef6ed3fbf5eb2df25350c1e263020233ff8?s=96&d=mm&r=g\",\"caption\":\"daniella\"},\"url\":\"https:\\\/\\\/www.shavei.org\\\/pt-br\\\/blog\\\/author\\\/daniella\\\/\"}]}<\/script>\n<!-- \/ Yoast SEO plugin. -->","yoast_head_json":{"title":"O pai do sionismo sefaradita - Shavei Israel","robots":{"index":"index","follow":"follow","max-snippet":"max-snippet:-1","max-image-preview":"max-image-preview:large","max-video-preview":"max-video-preview:-1"},"canonical":"https:\/\/www.shavei.org\/pt-br\/blog\/2021\/05\/27\/o-pai-do-sionismo-sefaradita\/","og_locale":"pt_BR","og_type":"article","og_title":"O pai do sionismo sefaradita - Shavei Israel","og_description":"O sionismo moderno \u00e9 uma cria\u00e7\u00e3o Ashkenazi, ou pelo menos o que a maioria das pessoas pensam. Afinal de contas, a Organiza\u00e7\u00e3o Sionista Mundial foi fundada na Europa em 1897 e dominada por judeus Ashkenazim, que tamb\u00e9m formaram as massas dos pioneiros que constru\u00edram a...","og_url":"https:\/\/www.shavei.org\/pt-br\/blog\/2021\/05\/27\/o-pai-do-sionismo-sefaradita\/","og_site_name":"Shavei Israel","article_published_time":"2021-05-27T14:17:00+00:00","og_image":[{"url":"https:\/\/somber-ball.flywheelsites.com\/wp-content\/uploads\/2016\/02\/19_ot1.jpg","type":"","width":"","height":""}],"author":"daniella","twitter_card":"summary_large_image","twitter_misc":{"Escrito por":false,"Est. tempo de leitura":"5 minutos"},"schema":{"@context":"https:\/\/schema.org","@graph":[{"@type":"Article","@id":"https:\/\/www.shavei.org\/pt-br\/blog\/2021\/05\/27\/o-pai-do-sionismo-sefaradita\/#article","isPartOf":{"@id":"https:\/\/www.shavei.org\/pt-br\/blog\/2021\/05\/27\/o-pai-do-sionismo-sefaradita\/"},"author":{"name":"daniella","@id":"https:\/\/www.shavei.org\/#\/schema\/person\/628be1364b127546c700d93458cf9e4c"},"headline":"O pai do sionismo sefaradita","datePublished":"2021-05-27T14:17:00+00:00","mainEntityOfPage":{"@id":"https:\/\/www.shavei.org\/pt-br\/blog\/2021\/05\/27\/o-pai-do-sionismo-sefaradita\/"},"wordCount":979,"commentCount":0,"publisher":{"@id":"https:\/\/www.shavei.org\/#organization"},"image":{"@id":"https:\/\/www.shavei.org\/pt-br\/blog\/2021\/05\/27\/o-pai-do-sionismo-sefaradita\/#primaryimage"},"thumbnailUrl":"https:\/\/somber-ball.flywheelsites.com\/wp-content\/uploads\/2016\/02\/19_ot1.jpg","keywords":["estado de israel|Personalidades|Rabinos|Sefaradim|sionismo"],"articleSection":["JUDA\u00cdSMO&gt;Estado de Israel|BNEI ANUSSIM&gt;Personalidades"],"inLanguage":"pt-BR","potentialAction":[{"@type":"CommentAction","name":"Comment","target":["https:\/\/www.shavei.org\/pt-br\/blog\/2021\/05\/27\/o-pai-do-sionismo-sefaradita\/#respond"]}]},{"@type":"WebPage","@id":"https:\/\/www.shavei.org\/pt-br\/blog\/2021\/05\/27\/o-pai-do-sionismo-sefaradita\/","url":"https:\/\/www.shavei.org\/pt-br\/blog\/2021\/05\/27\/o-pai-do-sionismo-sefaradita\/","name":"O pai do sionismo sefaradita - Shavei Israel","isPartOf":{"@id":"https:\/\/www.shavei.org\/#website"},"primaryImageOfPage":{"@id":"https:\/\/www.shavei.org\/pt-br\/blog\/2021\/05\/27\/o-pai-do-sionismo-sefaradita\/#primaryimage"},"image":{"@id":"https:\/\/www.shavei.org\/pt-br\/blog\/2021\/05\/27\/o-pai-do-sionismo-sefaradita\/#primaryimage"},"thumbnailUrl":"https:\/\/somber-ball.flywheelsites.com\/wp-content\/uploads\/2016\/02\/19_ot1.jpg","datePublished":"2021-05-27T14:17:00+00:00","breadcrumb":{"@id":"https:\/\/www.shavei.org\/pt-br\/blog\/2021\/05\/27\/o-pai-do-sionismo-sefaradita\/#breadcrumb"},"inLanguage":"pt-BR","potentialAction":[{"@type":"ReadAction","target":["https:\/\/www.shavei.org\/pt-br\/blog\/2021\/05\/27\/o-pai-do-sionismo-sefaradita\/"]}]},{"@type":"ImageObject","inLanguage":"pt-BR","@id":"https:\/\/www.shavei.org\/pt-br\/blog\/2021\/05\/27\/o-pai-do-sionismo-sefaradita\/#primaryimage","url":"https:\/\/somber-ball.flywheelsites.com\/wp-content\/uploads\/2016\/02\/19_ot1.jpg","contentUrl":"https:\/\/somber-ball.flywheelsites.com\/wp-content\/uploads\/2016\/02\/19_ot1.jpg"},{"@type":"BreadcrumbList","@id":"https:\/\/www.shavei.org\/pt-br\/blog\/2021\/05\/27\/o-pai-do-sionismo-sefaradita\/#breadcrumb","itemListElement":[{"@type":"ListItem","position":1,"name":"Home","item":"https:\/\/www.shavei.org\/"},{"@type":"ListItem","position":2,"name":"O pai do sionismo sefaradita"}]},{"@type":"WebSite","@id":"https:\/\/www.shavei.org\/#website","url":"https:\/\/www.shavei.org\/","name":"Shavei Israel","description":"One nation, many faces. We help them all return.","publisher":{"@id":"https:\/\/www.shavei.org\/#organization"},"potentialAction":[{"@type":"SearchAction","target":{"@type":"EntryPoint","urlTemplate":"https:\/\/www.shavei.org\/?s={search_term_string}"},"query-input":{"@type":"PropertyValueSpecification","valueRequired":true,"valueName":"search_term_string"}}],"inLanguage":"pt-BR"},{"@type":"Organization","@id":"https:\/\/www.shavei.org\/#organization","name":"Shavei Israel","url":"https:\/\/www.shavei.org\/","logo":{"@type":"ImageObject","inLanguage":"pt-BR","@id":"https:\/\/www.shavei.org\/#\/schema\/logo\/image\/","url":"https:\/\/www.shavei.org\/wp-content\/uploads\/2017\/10\/shavei-logo.jpg","contentUrl":"https:\/\/www.shavei.org\/wp-content\/uploads\/2017\/10\/shavei-logo.jpg","width":300,"height":285,"caption":"Shavei Israel"},"image":{"@id":"https:\/\/www.shavei.org\/#\/schema\/logo\/image\/"}},{"@type":"Person","@id":"https:\/\/www.shavei.org\/#\/schema\/person\/628be1364b127546c700d93458cf9e4c","name":"daniella","image":{"@type":"ImageObject","inLanguage":"pt-BR","@id":"https:\/\/secure.gravatar.com\/avatar\/bf8b97193609e61ba4fd9bacc2cb0ef6ed3fbf5eb2df25350c1e263020233ff8?s=96&d=mm&r=g","url":"https:\/\/secure.gravatar.com\/avatar\/bf8b97193609e61ba4fd9bacc2cb0ef6ed3fbf5eb2df25350c1e263020233ff8?s=96&d=mm&r=g","contentUrl":"https:\/\/secure.gravatar.com\/avatar\/bf8b97193609e61ba4fd9bacc2cb0ef6ed3fbf5eb2df25350c1e263020233ff8?s=96&d=mm&r=g","caption":"daniella"},"url":"https:\/\/www.shavei.org\/pt-br\/blog\/author\/daniella\/"}]}},"_links":{"self":[{"href":"https:\/\/www.shavei.org\/pt-br\/wp-json\/wp\/v2\/posts\/137621","targetHints":{"allow":["GET"]}}],"collection":[{"href":"https:\/\/www.shavei.org\/pt-br\/wp-json\/wp\/v2\/posts"}],"about":[{"href":"https:\/\/www.shavei.org\/pt-br\/wp-json\/wp\/v2\/types\/post"}],"author":[{"embeddable":true,"href":"https:\/\/www.shavei.org\/pt-br\/wp-json\/wp\/v2\/users\/31"}],"replies":[{"embeddable":true,"href":"https:\/\/www.shavei.org\/pt-br\/wp-json\/wp\/v2\/comments?post=137621"}],"version-history":[{"count":0,"href":"https:\/\/www.shavei.org\/pt-br\/wp-json\/wp\/v2\/posts\/137621\/revisions"}],"wp:attachment":[{"href":"https:\/\/www.shavei.org\/pt-br\/wp-json\/wp\/v2\/media?parent=137621"}],"wp:term":[{"taxonomy":"category","embeddable":true,"href":"https:\/\/www.shavei.org\/pt-br\/wp-json\/wp\/v2\/categories?post=137621"},{"taxonomy":"post_tag","embeddable":true,"href":"https:\/\/www.shavei.org\/pt-br\/wp-json\/wp\/v2\/tags?post=137621"}],"curies":[{"name":"wp","href":"https:\/\/api.w.org\/{rel}","templated":true}]}}