{"id":137602,"date":"2021-05-27T16:16:19","date_gmt":"2021-05-27T14:16:19","guid":{"rendered":"https:\/\/www.shavei.org\/blog\/2021\/05\/27\/piratas-judeus-no-caribe\/"},"modified":"2021-05-27T16:16:19","modified_gmt":"2021-05-27T14:16:19","slug":"piratas-judeus-no-caribe","status":"publish","type":"post","link":"https:\/\/www.shavei.org\/pt-br\/blog\/2021\/05\/27\/piratas-judeus-no-caribe\/","title":{"rendered":"Piratas Judeus no Caribe"},"content":{"rendered":"<p><strong>OS EXPULSOS DA ESPANHA<\/strong><\/p>\n<p>Os judeus expulsos da Espanha haviam se refugiado em Portugal apenar para assistirem seus batizados for\u00e7ados menos de cinco anos depois. De l\u00e1, tiveram que fugir, como podiam,em dire\u00e7\u00e3o aos Pa\u00edses Baixos, especialmente para a cidade de Amsterd\u00e3, que logo se tornou a Nova Jerusal\u00e9m.<\/p>\n<p>Mas outros, aproveita<a href=\"https:\/\/somber-ball.flywheelsites.com\/wp-content\/uploads\/2016\/02\/jews_of_caribbean_042_700.jpg\" rel=\"attachment wp-att-509\"><img decoding=\"async\" class=\"alignleft size-full wp-image-509\" src=\"https:\/\/somber-ball.flywheelsites.com\/wp-content\/uploads\/2016\/02\/jews_of_caribbean_042_700.jpg\" alt=\"jews_of_caribbean_042_700\" width=\"300\" height=\"240\" \/><\/a>ndo a nova situa\u00e7\u00e3o, atravessaram as fronteiras hispano-lusitanas e voltaram, dessa vez como &#8220;crist\u00e3os-novos&#8221;, \u00e0 sua antiga terra natal. Estes eram chamados de &#8220;Portugueses&#8221;, apesar de falar a l\u00edngua espanhola perfeitamente e at\u00e9 mesmo terem nascido no reino de Castela.<\/p>\n<p>Os encontramos nos arquivos da Inquisi\u00e7\u00e3o, quando esta segue descobrindo as fam\u00edlias que continuam observando as pr\u00e1ticas judaicas em segredo, e as executando nas fogueiras em incont\u00e1veis &#8216;Autos de F\u00e9&#8217; .<\/p>\n<p><strong>OS &#8220;PORTUGUESES&#8221;<\/strong><\/p>\n<p>Tamb\u00e9m alguns dos que n\u00e3o praticavam o juda\u00edsmo, ou n\u00e3o foram descobertos pela Inquisi\u00e7\u00e3o, chamavam a aten\u00e7\u00e3o e despertavam a inveja de seus vizinhos &#8220;Crist\u00f5es Velhos&#8221;. Ao contr\u00e1rio destes \u00faltimos, que gostavam de sentar-se em tabernas tomando uns tragos, os &#8220;Portugueses&#8221; aproveitavam muito bem o seu tempo e sua intelig\u00eancia para recuperar seus bens perdidos na expuls\u00e3o, e talvez desta maneira vingar-se daqueles que as haviam comprado quase que de gra\u00e7a nos tr\u00eas meses que tiveram para vender seus bens antes da expuls\u00e3o. Alguns se estabeleceram na Calle de las Sierpes em Sevilha, n\u00e3o muito longe da Torre del Oro, aonde a carga chegava das \u00cdndias, para assim, poderem se ocupar com o com\u00e9rcio crescente na \u00e1rea.<\/p>\n<p>Outros deles embarcaram ao &#8216;Novo Mundo&#8217;, onde haviam soldados bravos e cru\u00e9is, mas poucos comerciantes quese encarregavam de enviar a enorme riqueza saqueada da &#8220;\u00edndios&#8221; \u00e0 &#8216;Madre Patria&#8217;. L\u00e1, acreditavam estar seguros, longe da Inquisi\u00e7\u00e3o que havia se estabelecido em Castela,10 anos antes da viagem das &#8220;Tres Carabelas&#8221;.<\/p>\n<p><strong>OS MERCADORES DO &#8216;NOVO MUNDO&#8217;<\/strong><\/p>\n<p>Mas o Santo Of\u00edcio, logo percebeu que de acordo com a mensagem do inquisidor que visitou tais lugares, que &#8220;a cidade de Lima est\u00e1 cheia de judeus. Tudo passa por suas m\u00e3os, de brocades a t\u00fanicas, de diamantes a sementes de cominho, as p\u00e9rolas mais preciosas ou o mais vil negro da Guin\u00e9&#8221;. Tamb\u00e9m em Potosi na Bol\u00edvia, aonde havia uma montanha de prata, de acordo com o relat\u00f3rio do Inquisidor &#8220;estava todo o com\u00e9rcio quase que exclusivamente nas m\u00e3os dos cripto- judeus&#8221;.<\/p>\n<p>N\u00e3o apenas os inquisidores queixaram-se, como tamb\u00e9m os brit\u00e2nico, que tinham acabado de &#8216;conquistar&#8217; a ilha de Santiago, que havia sido propriedade da fam\u00edlia de Colombo, afirmavam que &#8220;os descendentes daqueles que crucificaram Jesus aben\u00e7oado, comem o nosso com\u00e9rcio e dos nossos filhos. Eles compram toda a carga dos navio mercantes, dividem de acordo com as quotas pagas e distribuem os produtos por meio de agentes em cada uma das col\u00f4nias&#8221;.<\/p>\n<p>No com\u00e9rcio o com\u00e9rcio era com seus companheiros judeus escondidos na Pen\u00ednsula, mas depois se atreveram a contrabandear com judeus ingleses e judeus holandeses (antes e depois das guerras e dos embargos, ou burlando- los), \u00e0s vezes com navios arrendados de propriet\u00e1rios judeus da Antu\u00e9rpia ou Amsterd\u00e3. Elaboraram um sistema de &#8220;letras de c\u00e2mbio&#8221; e todos vinham a eles para negociar de forma mais segura.<\/p>\n<p><strong>VENDA DE INFORMA\u00c7\u00c3O<a href=\"https:\/\/somber-ball.flywheelsites.com\/wp-content\/uploads\/2016\/02\/jews_of_caribbean_051_700.jpg\" rel=\"attachment wp-att-510\"><img decoding=\"async\" class=\"size-full wp-image-510 alignright\" src=\"https:\/\/somber-ball.flywheelsites.com\/wp-content\/uploads\/2016\/02\/jews_of_caribbean_051_700.jpg\" alt=\"jews_of_caribbean_051_700\" width=\"300\" height=\"240\" \/><\/a><\/strong><\/p>\n<p>Parece que este dom\u00ednio do com\u00e9rcio, levou alguns deles a se vingar mais cruelmente dos espanh\u00f3is que haviam levado seus av\u00f4s, e que ainda continuavam perseguindo judeus nas Am\u00e9ricas, disponibilizando informa\u00e7\u00e3o das cargas de seus navios \u00e0 seus inimigos holandeses ou ingleses.<\/p>\n<p>Tanto os brit\u00e2nicos como os franceses e os holandeses, j\u00e1 desde o s\u00e9culo XVI, em todo o s\u00e9culo XVII e no in\u00edcio do s\u00e9culo XVIII, levando em conta os saques perpetuados pelos espanh\u00f3is no &#8216;Novo Mundo&#8217; e querendo estes, tamb\u00e9m, tirar a sua vantagem, tinham iniciado uma guerra. Com as tr\u00e9guas mais ou menos respeitadas por ambos os lados, a guerra tomou lugar contra centros espanh\u00f3is na Am\u00e9rica, desde a Fl\u00f3rida at\u00e9 Buenos Aires e at\u00e9 mesmo, seguindo os passos de Magalh\u00e3es, a costa do Peru, que foi atacada por brit\u00e2nico e holandeses. Assim como Barbados, Ilhas S\u00e3o Crist\u00f3v\u00e3o e S\u00e3o Tom\u00e1s se convertem em ninhos de piratas. E, especialmente, a ilha de Santiago, agora nas m\u00e3os inglesas rebatizada de Jamaica, tornou-se o grande centro dos piratas que atacavam continuamente os portos e navios espanh\u00f3is.<\/p>\n<p><strong>OS &#8216;PORTUGALES&#8217; DA JAMAICA<\/strong><\/p>\n<p>Parece que nesta ilha, j\u00e1 havia um grupo de cripto-judeus chamados de &#8220;Portugales&#8221;. Eles haviam se instalado na ilha j\u00e1 em 1510, na sua primeira capital, Sevilha, que foi abandonada depois de duas d\u00e9cadas por problemas de sa\u00fade. Certamente, estes &#8216;cripto-judeus&#8217; se mudaram para Santiago, que mais tarde seria chamada pelos brit\u00e2nicos de Kingston.<\/p>\n<p>Quando o Lord Protector Cromwell enviou suas tropas para o Caribe com a inten\u00e7\u00e3o de instigar as frotas para as \u00edndias espanholas, parece que os cripto-judeus jamaicanos intervieram, depois de sua embara\u00e7osa derrota na &#8216;Espa\u00f1ola&#8217;, na \u2018Expedi\u00e7\u00e3o do Oeste\u2019 aonde conquistaram a ilha Jamaica. O evento, que causou o in\u00edcio da guerra anglo-espanhola, durou entre 1655 e 1660.<\/p>\n<p><strong><a href=\"https:\/\/somber-ball.flywheelsites.com\/wp-content\/uploads\/2016\/02\/images-4.jpg\" rel=\"attachment wp-att-508\"><img decoding=\"async\" class=\"alignleft size-full wp-image-508\" src=\"https:\/\/somber-ball.flywheelsites.com\/wp-content\/uploads\/2016\/02\/images-4.jpg\" alt=\"images-4\" width=\"260\" height=\"194\" \/><\/a>OS PIRATAS JUDEUS<\/strong><\/p>\n<p>Bem, aparentemente, haviam ainda v\u00e1rios piratas, como os irm\u00e3os Abra\u00e3o e Mois\u00e9s Cohen Henriques, Yaakov Koriel e David Abravanel, judeus &#8216;Portugueses&#8217; a servi\u00e7o dos holandeses ou dos ingleses, lutando contra os espanh\u00f3is que haviam levado seus pais e ainda continuavam a persegui-los com o seu &#8216;Santo Of\u00edcio&#8217;. Estes piratas mantinham o Shabat, montavam sinagogas em solos arenosos para os servi\u00e7os e possu\u00edam veleiros chamados de &#8220;A Rainha Ester&#8221;, &#8220;O Profeta Samuel&#8221; ou &#8220;Escudo de Abra\u00e3o&#8221;, desde o Recife (no nordeste do Brasil) at\u00e9 as Guianas e as ilhas do Caribe.<\/p>\n<p>Existem diversas pesquisas sobre os judeus do Caribe, verdadeiros Bnei Anussim que retornaram orgulhosamente \u00e0s suas ra\u00edzes judaicas. Mas, certamente, exige-se estudo muito mais detalhado de como eles vieram e como se estabeleceram em cada ilha e em cada comunidade. Tanto quanto as atividades comerciais e religiosas que praticavam. Ficaremos muito felizes, \u00e9 claro, em receber novos dados e informa\u00e7\u00f5es.<\/p>\n","protected":false},"excerpt":{"rendered":"<p>OS EXPULSOS DA ESPANHA Os judeus expulsos da Espanha haviam se refugiado em Portugal apenar para assistirem seus batizados for\u00e7ados menos de cinco anos depois. De l\u00e1, tiveram que fugir, como podiam,em dire\u00e7\u00e3o aos Pa\u00edses Baixos, especialmente para a cidade de Amsterd\u00e3, que logo se&#8230;<\/p>\n","protected":false},"author":31,"featured_media":0,"comment_status":"open","ping_status":"open","sticky":false,"template":"","format":"standard","meta":{"give_campaign_id":0,"_exactmetrics_skip_tracking":false,"_exactmetrics_sitenote_active":false,"_exactmetrics_sitenote_note":"","_exactmetrics_sitenote_category":0,"ngg_post_thumbnail":0,"footnotes":""},"categories":[6756],"tags":[6757],"class_list":["post-137602","post","type-post","status-publish","format-standard","hentry","category-bnei-anussimartigos-sobre-os-bnei-anussimjudaismohistoria-do-povo-judeu","tag-bnei-anussimcaribeespanhahistoria-judaicajamaicapiratasportugal"],"yoast_head":"<!-- This site is optimized with the Yoast SEO plugin v27.4 - https:\/\/yoast.com\/product\/yoast-seo-wordpress\/ -->\n<title>Piratas Judeus no Caribe - Shavei Israel<\/title>\n<meta name=\"robots\" content=\"index, follow, max-snippet:-1, max-image-preview:large, max-video-preview:-1\" \/>\n<link rel=\"canonical\" href=\"https:\/\/www.shavei.org\/pt-br\/blog\/2021\/05\/27\/piratas-judeus-no-caribe\/\" \/>\n<meta property=\"og:locale\" content=\"pt_BR\" \/>\n<meta property=\"og:type\" content=\"article\" \/>\n<meta property=\"og:title\" content=\"Piratas Judeus no Caribe - Shavei Israel\" \/>\n<meta property=\"og:description\" content=\"OS EXPULSOS DA ESPANHA Os judeus expulsos da Espanha haviam se refugiado em Portugal apenar para assistirem seus batizados for\u00e7ados menos de cinco anos depois. De l\u00e1, tiveram que fugir, como podiam,em dire\u00e7\u00e3o aos Pa\u00edses Baixos, especialmente para a cidade de Amsterd\u00e3, que logo se...\" \/>\n<meta property=\"og:url\" content=\"https:\/\/www.shavei.org\/pt-br\/blog\/2021\/05\/27\/piratas-judeus-no-caribe\/\" \/>\n<meta property=\"og:site_name\" content=\"Shavei Israel\" \/>\n<meta property=\"article:published_time\" content=\"2021-05-27T14:16:19+00:00\" \/>\n<meta property=\"og:image\" content=\"https:\/\/somber-ball.flywheelsites.com\/wp-content\/uploads\/2016\/02\/jews_of_caribbean_042_700.jpg\" \/>\n<meta name=\"author\" content=\"daniella\" \/>\n<meta name=\"twitter:card\" content=\"summary_large_image\" \/>\n<meta name=\"twitter:label1\" content=\"Escrito por\" \/>\n\t<meta name=\"twitter:data1\" content=\"\" \/>\n\t<meta name=\"twitter:label2\" content=\"Est. tempo de leitura\" \/>\n\t<meta name=\"twitter:data2\" content=\"5 minutos\" \/>\n<script type=\"application\/ld+json\" class=\"yoast-schema-graph\">{\"@context\":\"https:\\\/\\\/schema.org\",\"@graph\":[{\"@type\":\"Article\",\"@id\":\"https:\\\/\\\/www.shavei.org\\\/pt-br\\\/blog\\\/2021\\\/05\\\/27\\\/piratas-judeus-no-caribe\\\/#article\",\"isPartOf\":{\"@id\":\"https:\\\/\\\/www.shavei.org\\\/pt-br\\\/blog\\\/2021\\\/05\\\/27\\\/piratas-judeus-no-caribe\\\/\"},\"author\":{\"name\":\"daniella\",\"@id\":\"https:\\\/\\\/www.shavei.org\\\/#\\\/schema\\\/person\\\/628be1364b127546c700d93458cf9e4c\"},\"headline\":\"Piratas Judeus no Caribe\",\"datePublished\":\"2021-05-27T14:16:19+00:00\",\"mainEntityOfPage\":{\"@id\":\"https:\\\/\\\/www.shavei.org\\\/pt-br\\\/blog\\\/2021\\\/05\\\/27\\\/piratas-judeus-no-caribe\\\/\"},\"wordCount\":1057,\"commentCount\":0,\"publisher\":{\"@id\":\"https:\\\/\\\/www.shavei.org\\\/#organization\"},\"image\":{\"@id\":\"https:\\\/\\\/www.shavei.org\\\/pt-br\\\/blog\\\/2021\\\/05\\\/27\\\/piratas-judeus-no-caribe\\\/#primaryimage\"},\"thumbnailUrl\":\"https:\\\/\\\/somber-ball.flywheelsites.com\\\/wp-content\\\/uploads\\\/2016\\\/02\\\/jews_of_caribbean_042_700.jpg\",\"keywords\":[\"Bnei Anussim|caribe|Espanha|historia judaica|jamaica|piratas|Portugal\"],\"articleSection\":[\"BNEI ANUSSIM&gt;Artigos sobre os Bnei Anussim|JUDA\u00cdSMO&gt;Hist\u00f3ria do Povo Judeu\"],\"inLanguage\":\"pt-BR\",\"potentialAction\":[{\"@type\":\"CommentAction\",\"name\":\"Comment\",\"target\":[\"https:\\\/\\\/www.shavei.org\\\/pt-br\\\/blog\\\/2021\\\/05\\\/27\\\/piratas-judeus-no-caribe\\\/#respond\"]}]},{\"@type\":\"WebPage\",\"@id\":\"https:\\\/\\\/www.shavei.org\\\/pt-br\\\/blog\\\/2021\\\/05\\\/27\\\/piratas-judeus-no-caribe\\\/\",\"url\":\"https:\\\/\\\/www.shavei.org\\\/pt-br\\\/blog\\\/2021\\\/05\\\/27\\\/piratas-judeus-no-caribe\\\/\",\"name\":\"Piratas Judeus no Caribe - Shavei Israel\",\"isPartOf\":{\"@id\":\"https:\\\/\\\/www.shavei.org\\\/#website\"},\"primaryImageOfPage\":{\"@id\":\"https:\\\/\\\/www.shavei.org\\\/pt-br\\\/blog\\\/2021\\\/05\\\/27\\\/piratas-judeus-no-caribe\\\/#primaryimage\"},\"image\":{\"@id\":\"https:\\\/\\\/www.shavei.org\\\/pt-br\\\/blog\\\/2021\\\/05\\\/27\\\/piratas-judeus-no-caribe\\\/#primaryimage\"},\"thumbnailUrl\":\"https:\\\/\\\/somber-ball.flywheelsites.com\\\/wp-content\\\/uploads\\\/2016\\\/02\\\/jews_of_caribbean_042_700.jpg\",\"datePublished\":\"2021-05-27T14:16:19+00:00\",\"breadcrumb\":{\"@id\":\"https:\\\/\\\/www.shavei.org\\\/pt-br\\\/blog\\\/2021\\\/05\\\/27\\\/piratas-judeus-no-caribe\\\/#breadcrumb\"},\"inLanguage\":\"pt-BR\",\"potentialAction\":[{\"@type\":\"ReadAction\",\"target\":[\"https:\\\/\\\/www.shavei.org\\\/pt-br\\\/blog\\\/2021\\\/05\\\/27\\\/piratas-judeus-no-caribe\\\/\"]}]},{\"@type\":\"ImageObject\",\"inLanguage\":\"pt-BR\",\"@id\":\"https:\\\/\\\/www.shavei.org\\\/pt-br\\\/blog\\\/2021\\\/05\\\/27\\\/piratas-judeus-no-caribe\\\/#primaryimage\",\"url\":\"https:\\\/\\\/somber-ball.flywheelsites.com\\\/wp-content\\\/uploads\\\/2016\\\/02\\\/jews_of_caribbean_042_700.jpg\",\"contentUrl\":\"https:\\\/\\\/somber-ball.flywheelsites.com\\\/wp-content\\\/uploads\\\/2016\\\/02\\\/jews_of_caribbean_042_700.jpg\"},{\"@type\":\"BreadcrumbList\",\"@id\":\"https:\\\/\\\/www.shavei.org\\\/pt-br\\\/blog\\\/2021\\\/05\\\/27\\\/piratas-judeus-no-caribe\\\/#breadcrumb\",\"itemListElement\":[{\"@type\":\"ListItem\",\"position\":1,\"name\":\"Home\",\"item\":\"https:\\\/\\\/www.shavei.org\\\/\"},{\"@type\":\"ListItem\",\"position\":2,\"name\":\"Piratas Judeus no Caribe\"}]},{\"@type\":\"WebSite\",\"@id\":\"https:\\\/\\\/www.shavei.org\\\/#website\",\"url\":\"https:\\\/\\\/www.shavei.org\\\/\",\"name\":\"Shavei Israel\",\"description\":\"One nation, many faces. We help them all return.\",\"publisher\":{\"@id\":\"https:\\\/\\\/www.shavei.org\\\/#organization\"},\"potentialAction\":[{\"@type\":\"SearchAction\",\"target\":{\"@type\":\"EntryPoint\",\"urlTemplate\":\"https:\\\/\\\/www.shavei.org\\\/?s={search_term_string}\"},\"query-input\":{\"@type\":\"PropertyValueSpecification\",\"valueRequired\":true,\"valueName\":\"search_term_string\"}}],\"inLanguage\":\"pt-BR\"},{\"@type\":\"Organization\",\"@id\":\"https:\\\/\\\/www.shavei.org\\\/#organization\",\"name\":\"Shavei Israel\",\"url\":\"https:\\\/\\\/www.shavei.org\\\/\",\"logo\":{\"@type\":\"ImageObject\",\"inLanguage\":\"pt-BR\",\"@id\":\"https:\\\/\\\/www.shavei.org\\\/#\\\/schema\\\/logo\\\/image\\\/\",\"url\":\"https:\\\/\\\/www.shavei.org\\\/wp-content\\\/uploads\\\/2017\\\/10\\\/shavei-logo.jpg\",\"contentUrl\":\"https:\\\/\\\/www.shavei.org\\\/wp-content\\\/uploads\\\/2017\\\/10\\\/shavei-logo.jpg\",\"width\":300,\"height\":285,\"caption\":\"Shavei Israel\"},\"image\":{\"@id\":\"https:\\\/\\\/www.shavei.org\\\/#\\\/schema\\\/logo\\\/image\\\/\"}},{\"@type\":\"Person\",\"@id\":\"https:\\\/\\\/www.shavei.org\\\/#\\\/schema\\\/person\\\/628be1364b127546c700d93458cf9e4c\",\"name\":\"daniella\",\"image\":{\"@type\":\"ImageObject\",\"inLanguage\":\"pt-BR\",\"@id\":\"https:\\\/\\\/secure.gravatar.com\\\/avatar\\\/bf8b97193609e61ba4fd9bacc2cb0ef6ed3fbf5eb2df25350c1e263020233ff8?s=96&d=mm&r=g\",\"url\":\"https:\\\/\\\/secure.gravatar.com\\\/avatar\\\/bf8b97193609e61ba4fd9bacc2cb0ef6ed3fbf5eb2df25350c1e263020233ff8?s=96&d=mm&r=g\",\"contentUrl\":\"https:\\\/\\\/secure.gravatar.com\\\/avatar\\\/bf8b97193609e61ba4fd9bacc2cb0ef6ed3fbf5eb2df25350c1e263020233ff8?s=96&d=mm&r=g\",\"caption\":\"daniella\"},\"url\":\"https:\\\/\\\/www.shavei.org\\\/pt-br\\\/blog\\\/author\\\/daniella\\\/\"}]}<\/script>\n<!-- \/ Yoast SEO plugin. -->","yoast_head_json":{"title":"Piratas Judeus no Caribe - Shavei Israel","robots":{"index":"index","follow":"follow","max-snippet":"max-snippet:-1","max-image-preview":"max-image-preview:large","max-video-preview":"max-video-preview:-1"},"canonical":"https:\/\/www.shavei.org\/pt-br\/blog\/2021\/05\/27\/piratas-judeus-no-caribe\/","og_locale":"pt_BR","og_type":"article","og_title":"Piratas Judeus no Caribe - Shavei Israel","og_description":"OS EXPULSOS DA ESPANHA Os judeus expulsos da Espanha haviam se refugiado em Portugal apenar para assistirem seus batizados for\u00e7ados menos de cinco anos depois. De l\u00e1, tiveram que fugir, como podiam,em dire\u00e7\u00e3o aos Pa\u00edses Baixos, especialmente para a cidade de Amsterd\u00e3, que logo se...","og_url":"https:\/\/www.shavei.org\/pt-br\/blog\/2021\/05\/27\/piratas-judeus-no-caribe\/","og_site_name":"Shavei Israel","article_published_time":"2021-05-27T14:16:19+00:00","og_image":[{"url":"https:\/\/somber-ball.flywheelsites.com\/wp-content\/uploads\/2016\/02\/jews_of_caribbean_042_700.jpg","type":"","width":"","height":""}],"author":"daniella","twitter_card":"summary_large_image","twitter_misc":{"Escrito por":false,"Est. tempo de leitura":"5 minutos"},"schema":{"@context":"https:\/\/schema.org","@graph":[{"@type":"Article","@id":"https:\/\/www.shavei.org\/pt-br\/blog\/2021\/05\/27\/piratas-judeus-no-caribe\/#article","isPartOf":{"@id":"https:\/\/www.shavei.org\/pt-br\/blog\/2021\/05\/27\/piratas-judeus-no-caribe\/"},"author":{"name":"daniella","@id":"https:\/\/www.shavei.org\/#\/schema\/person\/628be1364b127546c700d93458cf9e4c"},"headline":"Piratas Judeus no Caribe","datePublished":"2021-05-27T14:16:19+00:00","mainEntityOfPage":{"@id":"https:\/\/www.shavei.org\/pt-br\/blog\/2021\/05\/27\/piratas-judeus-no-caribe\/"},"wordCount":1057,"commentCount":0,"publisher":{"@id":"https:\/\/www.shavei.org\/#organization"},"image":{"@id":"https:\/\/www.shavei.org\/pt-br\/blog\/2021\/05\/27\/piratas-judeus-no-caribe\/#primaryimage"},"thumbnailUrl":"https:\/\/somber-ball.flywheelsites.com\/wp-content\/uploads\/2016\/02\/jews_of_caribbean_042_700.jpg","keywords":["Bnei Anussim|caribe|Espanha|historia judaica|jamaica|piratas|Portugal"],"articleSection":["BNEI ANUSSIM&gt;Artigos sobre os Bnei Anussim|JUDA\u00cdSMO&gt;Hist\u00f3ria do Povo Judeu"],"inLanguage":"pt-BR","potentialAction":[{"@type":"CommentAction","name":"Comment","target":["https:\/\/www.shavei.org\/pt-br\/blog\/2021\/05\/27\/piratas-judeus-no-caribe\/#respond"]}]},{"@type":"WebPage","@id":"https:\/\/www.shavei.org\/pt-br\/blog\/2021\/05\/27\/piratas-judeus-no-caribe\/","url":"https:\/\/www.shavei.org\/pt-br\/blog\/2021\/05\/27\/piratas-judeus-no-caribe\/","name":"Piratas Judeus no Caribe - Shavei Israel","isPartOf":{"@id":"https:\/\/www.shavei.org\/#website"},"primaryImageOfPage":{"@id":"https:\/\/www.shavei.org\/pt-br\/blog\/2021\/05\/27\/piratas-judeus-no-caribe\/#primaryimage"},"image":{"@id":"https:\/\/www.shavei.org\/pt-br\/blog\/2021\/05\/27\/piratas-judeus-no-caribe\/#primaryimage"},"thumbnailUrl":"https:\/\/somber-ball.flywheelsites.com\/wp-content\/uploads\/2016\/02\/jews_of_caribbean_042_700.jpg","datePublished":"2021-05-27T14:16:19+00:00","breadcrumb":{"@id":"https:\/\/www.shavei.org\/pt-br\/blog\/2021\/05\/27\/piratas-judeus-no-caribe\/#breadcrumb"},"inLanguage":"pt-BR","potentialAction":[{"@type":"ReadAction","target":["https:\/\/www.shavei.org\/pt-br\/blog\/2021\/05\/27\/piratas-judeus-no-caribe\/"]}]},{"@type":"ImageObject","inLanguage":"pt-BR","@id":"https:\/\/www.shavei.org\/pt-br\/blog\/2021\/05\/27\/piratas-judeus-no-caribe\/#primaryimage","url":"https:\/\/somber-ball.flywheelsites.com\/wp-content\/uploads\/2016\/02\/jews_of_caribbean_042_700.jpg","contentUrl":"https:\/\/somber-ball.flywheelsites.com\/wp-content\/uploads\/2016\/02\/jews_of_caribbean_042_700.jpg"},{"@type":"BreadcrumbList","@id":"https:\/\/www.shavei.org\/pt-br\/blog\/2021\/05\/27\/piratas-judeus-no-caribe\/#breadcrumb","itemListElement":[{"@type":"ListItem","position":1,"name":"Home","item":"https:\/\/www.shavei.org\/"},{"@type":"ListItem","position":2,"name":"Piratas Judeus no Caribe"}]},{"@type":"WebSite","@id":"https:\/\/www.shavei.org\/#website","url":"https:\/\/www.shavei.org\/","name":"Shavei Israel","description":"One nation, many faces. We help them all return.","publisher":{"@id":"https:\/\/www.shavei.org\/#organization"},"potentialAction":[{"@type":"SearchAction","target":{"@type":"EntryPoint","urlTemplate":"https:\/\/www.shavei.org\/?s={search_term_string}"},"query-input":{"@type":"PropertyValueSpecification","valueRequired":true,"valueName":"search_term_string"}}],"inLanguage":"pt-BR"},{"@type":"Organization","@id":"https:\/\/www.shavei.org\/#organization","name":"Shavei Israel","url":"https:\/\/www.shavei.org\/","logo":{"@type":"ImageObject","inLanguage":"pt-BR","@id":"https:\/\/www.shavei.org\/#\/schema\/logo\/image\/","url":"https:\/\/www.shavei.org\/wp-content\/uploads\/2017\/10\/shavei-logo.jpg","contentUrl":"https:\/\/www.shavei.org\/wp-content\/uploads\/2017\/10\/shavei-logo.jpg","width":300,"height":285,"caption":"Shavei Israel"},"image":{"@id":"https:\/\/www.shavei.org\/#\/schema\/logo\/image\/"}},{"@type":"Person","@id":"https:\/\/www.shavei.org\/#\/schema\/person\/628be1364b127546c700d93458cf9e4c","name":"daniella","image":{"@type":"ImageObject","inLanguage":"pt-BR","@id":"https:\/\/secure.gravatar.com\/avatar\/bf8b97193609e61ba4fd9bacc2cb0ef6ed3fbf5eb2df25350c1e263020233ff8?s=96&d=mm&r=g","url":"https:\/\/secure.gravatar.com\/avatar\/bf8b97193609e61ba4fd9bacc2cb0ef6ed3fbf5eb2df25350c1e263020233ff8?s=96&d=mm&r=g","contentUrl":"https:\/\/secure.gravatar.com\/avatar\/bf8b97193609e61ba4fd9bacc2cb0ef6ed3fbf5eb2df25350c1e263020233ff8?s=96&d=mm&r=g","caption":"daniella"},"url":"https:\/\/www.shavei.org\/pt-br\/blog\/author\/daniella\/"}]}},"_links":{"self":[{"href":"https:\/\/www.shavei.org\/pt-br\/wp-json\/wp\/v2\/posts\/137602","targetHints":{"allow":["GET"]}}],"collection":[{"href":"https:\/\/www.shavei.org\/pt-br\/wp-json\/wp\/v2\/posts"}],"about":[{"href":"https:\/\/www.shavei.org\/pt-br\/wp-json\/wp\/v2\/types\/post"}],"author":[{"embeddable":true,"href":"https:\/\/www.shavei.org\/pt-br\/wp-json\/wp\/v2\/users\/31"}],"replies":[{"embeddable":true,"href":"https:\/\/www.shavei.org\/pt-br\/wp-json\/wp\/v2\/comments?post=137602"}],"version-history":[{"count":0,"href":"https:\/\/www.shavei.org\/pt-br\/wp-json\/wp\/v2\/posts\/137602\/revisions"}],"wp:attachment":[{"href":"https:\/\/www.shavei.org\/pt-br\/wp-json\/wp\/v2\/media?parent=137602"}],"wp:term":[{"taxonomy":"category","embeddable":true,"href":"https:\/\/www.shavei.org\/pt-br\/wp-json\/wp\/v2\/categories?post=137602"},{"taxonomy":"post_tag","embeddable":true,"href":"https:\/\/www.shavei.org\/pt-br\/wp-json\/wp\/v2\/tags?post=137602"}],"curies":[{"name":"wp","href":"https:\/\/api.w.org\/{rel}","templated":true}]}}