{"id":137601,"date":"2021-05-27T16:16:19","date_gmt":"2021-05-27T14:16:19","guid":{"rendered":"https:\/\/www.shavei.org\/blog\/2021\/05\/27\/a-biblia-dos-anussim\/"},"modified":"2021-05-27T16:16:19","modified_gmt":"2021-05-27T14:16:19","slug":"a-biblia-dos-anussim","status":"publish","type":"post","link":"https:\/\/www.shavei.org\/pt-br\/blog\/2021\/05\/27\/a-biblia-dos-anussim\/","title":{"rendered":"A B\u00edblia dos Anussim"},"content":{"rendered":"<p><strong>LADINAR E ALJAMIAR<\/strong><\/p>\n<p>Parece que durante s\u00e9culos os judeus espanh\u00f3is trataram de &#8220;ladinar&#8221; os textos sagrados originais em hebraico para o castelhano. O verbo &#8220;ladinar&#8221; significa &#8211; traduzir em ladino, ou l\u00edngua rom\u00e2nica falada nos pa\u00edses ib\u00e9ricos. Para isso se poderia utilizar de duas possibilidades: o aljamiado, ou seja, escrever a tradu\u00e7\u00e3o espanhola em letras hebraicas ou \u00e1rabes (do \u00e1rabe &#8220;Achami&#8221; &#8211; estrangeiro) ou escrevendo diretamente no alfabeto latino.<\/p>\n<p>Tudo isso sugere que, embora o interesse nos textos judaicos sagrados fosse grande, j\u00e1 h\u00e1 muito tempo o hebraico original n\u00e3o era acess\u00edvel, pelo menos n\u00e3o no n\u00edvel popular (a maioria dos judeus de Castela n\u00e3o falavam hebraico).<\/p>\n<p>Estes mesmos judeus ap\u00f3s terem sido expulsos pelos Reis Cat\u00f3licos, em 1492, continuaram falando o castelhano e sentiam a necessidade de estudar os textos sagrados neste mesmo idioma.<\/p>\n<p><strong>&#8216;ESPANH\u00d3IS E PORTUGUESES&#8217;<\/strong><\/p>\n<p>Aqueles que chegam em Portugal na esperan\u00e7a de encontrar um novo lar onde pudessem praticar sua f\u00e9 ancestral, s\u00e3o for\u00e7ados pelo rei D. Manuel a se converter ao cristianismo. Muitos conseguem fugir para a Holanda aonde, embora chamados de &#8216;Portugueses&#8217;, continuaram falando o castelhano, inclusive, por v\u00e1rias d\u00e9cadas.<\/p>\n<p><a href=\"https:\/\/somber-ball.flywheelsites.com\/wp-content\/uploads\/2016\/02\/a1.png\" rel=\"attachment wp-att-502\"><img decoding=\"async\" class=\"alignleft size-full wp-image-502\" src=\"https:\/\/somber-ball.flywheelsites.com\/wp-content\/uploads\/2016\/02\/a1.png\" alt=\"a1\" width=\"300\" height=\"285\" \/><\/a>Contudo, o neto dos Reis Cat\u00f3licos, Carlos, torna-se regente dos Pa\u00edses Baixos, antes mesmo de se tornar rei de Castela e imperador da \u00c1ustria, e os exilados &#8216;Portugueses&#8217; come\u00e7aram a sentir a persegui\u00e7\u00e3o religiosa. Muitos destes continuaram sua jornada rumo a It\u00e1lia continental e de l\u00e1 ao Imp\u00e9rio Otomano para a seguran\u00e7a que Suleiman, o Magn\u00edfico, lhes conferia.<\/p>\n<p><strong>FERRARA<\/strong><\/p>\n<p>Uma das cidades italianas que abriram suas portas para estes fugitivos foi Ferrara, a primeira cidade moderna da Europa, \u00e0s margens do Rio P\u00f3. Esta tinha uma reputa\u00e7\u00e3o como protetora dos expulsos da Espanha, j\u00e1 que em 1498 o Duque H\u00e9rcules I d&#8217;Este, havia publicado um privil\u00e9gio para os judeus espanh\u00f3is. Tamb\u00e9m chegou a esta cidade a fam\u00edlia Abravanel e muitos outros judeus que tinham sido expulsos do reino de N\u00e1poles, quando Charles I, em 1541, procede com a expuls\u00e3o definitiva dos judeus, assinada por seu av\u00f4 Fernando, o Cat\u00f3lico. A partir de 1534, quem governou Ferrara foi o Duque Ercole II (ou H\u00e9rcules) d&#8217;Este, filho de Alfonso I e da maquiav\u00e9lica valenciana Lucr\u00e9cia B\u00f3rgia (ou Borgia, em italiano).<\/p>\n<p>Mais de cem anos ap\u00f3s a inven\u00e7\u00e3o da imprensa por Johannes Gutenberg, por volta de 1450, j\u00e1 haviam centenas de bimpressoras em toda a Europa. Em 1553, dois exilados que haviam chegado em Ferrara, o &#8220;espanhol&#8221; Jeronimo de Vargas e o &#8216;Portugu\u00eas&#8217; Duarte Pinhel, de acordo com seus nomes &#8220;crist\u00e3os&#8221;, ou Yomtov At\u00edas e Abra\u00e3o Usque, em seus nomes hebraicos, imprimiram um Tanach (a B\u00edblia judaica), t\u00e3o necess\u00e1rio para os fugitivos, na nova impressora hebraica que Usque tinha acabado de adquirir.<\/p>\n<p><strong>A B\u00cdBLIA DE FERRARA<a href=\"https:\/\/somber-ball.flywheelsites.com\/wp-content\/uploads\/2016\/02\/b.png\" rel=\"attachment wp-att-503\"><img decoding=\"async\" class=\"size-full wp-image-503 alignright\" src=\"https:\/\/somber-ball.flywheelsites.com\/wp-content\/uploads\/2016\/02\/b.png\" alt=\"b\" width=\"300\" height=\"289\" \/><\/a><\/strong><\/p>\n<p>Este Tanach \u00e9 conhecido como &#8220;A B\u00edblia de Ferrara&#8221;.<\/p>\n<p>O subt\u00edtulo do livro diz:<\/p>\n<p>&#8220;B\u00edblia em L\u00edngua Espanhola traduzida palavra por palavra do Hebraico verdadeiro por muitos excelentes estudiosos, Vista e examinada pelo Santo Of\u00edcio da Inquisi\u00e7\u00e3o. Com o ilustr\u00edssimo privil\u00e9gio do Senhor Duque de Ferrara&#8221;.<\/p>\n<p>Pouco tempo depois, em 1569, o crist\u00e3o Casiodoro de Reina a usou como um importante recurso para a tradu\u00e7\u00e3o chamada de a &#8220;B\u00edblia do Urso&#8221; ou &#8220;B\u00edblia Reina-Valera&#8221;. E assim afirma Reina em seu pref\u00e1cio, onde ele diz:<\/p>\n<p>&#8220;Da velha tradu\u00e7\u00e3o espanhola do Antigo Testamento, impressa em Ferrara, que nos ajudou com tais necessidades mais do que qualquer outra que vimos at\u00e9 agora, n\u00e3o somente porque ela se mostrou mais bem sucedida do que outras em casos semelhantes, mas por nos dar o significado original e natural das palavras em hebreu, e as diferen\u00e7as dos tempos verbais, como est\u00e3o no mesmo texto,uma obra digna de maior valor (\u00e0 ju\u00edzo de todos os que a entendem) dentre as quais existem hoje: e por este apoio t\u00e3o singular, do qual as outras tradu\u00e7\u00f5es n\u00e3o gozaram, esperamos que a nossa n\u00e3o seja, pelo menos, inferior \u00e0 qualquer uma delas&#8221;.<\/p>\n<p><strong><a href=\"https:\/\/somber-ball.flywheelsites.com\/wp-content\/uploads\/2016\/02\/c1.png\" rel=\"attachment wp-att-504\"><img decoding=\"async\" class=\"alignleft size-full wp-image-504\" src=\"https:\/\/somber-ball.flywheelsites.com\/wp-content\/uploads\/2016\/02\/c1.png\" alt=\"c1\" width=\"300\" height=\"189\" \/><\/a>A B\u00cdBLIA ANUSSIM<\/strong><\/p>\n<p>A edi\u00e7\u00e3o foi impressa com pouco mais de 400 p\u00e1ginas de 4\u00b0, com duas colunas cada p\u00e1gina e tipo de letra g\u00f3tica, que era a mais popular na \u00e9poca.<\/p>\n<p>Em sua introdu\u00e7\u00e3o, Abraham Usque e Yomtov At\u00edas exp\u00f5em que, a tradu\u00e7\u00e3o \u00e9 feita &#8216;verbo por verbo&#8217;, ou seja, palavra por palavra, &#8216;e sem trocar uma palavra por duas, o que \u00e9 muito dif\u00edcil (para o leitor). Tamb\u00e9m buscam preservar a ordem das palavras do texto hebraico &#8220;nem antecipar e nem postergar umas as outras&#8230; mesmo que, para alguns, a linguagem possa parecer estranha e b\u00e1rbaro, muito diferente da polida que se usa em nosso tempo&#8221;. Eles afirmam tamb\u00e9m que nela usaram &#8220;a linguagem utilizada pelos antigos hebreus espanh\u00f3is: que, apesar de algo parecer estranho mesmo para o hebraico, tem suas bases na antiguidade&#8221;.<\/p>\n<p>A edi\u00e7\u00e3o saiu duplicada pois alguns livros foram assinados por Jeronimo de Vargas e Duarte Pinhel e dedicados ao Duque Ercole, e outros os nomes eram Abraham Usque e Yomtov At\u00edas e dedicados a Do\u00f1a Gracia Nac\u00ed (Nasi), o que demonstra a dupla personalidade dos infelizes exilados. Por um lado, sua lealdade ao duque e a identidade falsa de novos crist\u00e3os, e po outro, o agradecimento a princesa judia pelo apoio e suas verdadeiras identidades de judeus observantes.<\/p>\n<p>Usque continuou publicando at\u00e9 1558, livros de ora\u00e7\u00e3o e de juda\u00edsmo em castelhano para Crist\u00e3os Novos que passavam por Ferrara, Veneza e outras cidades italianas em suas jornadas ao Imp\u00e9rio Otomano, onde podiam retornar \u00e0 sua f\u00e9 ancestral abertamente. Para ele, estes necessitavam destes livros para instru\u00ed-los no juda\u00edsmo, uma vez que os que tinham haviam perdido ou tinha sido danificados.<a href=\"https:\/\/somber-ball.flywheelsites.com\/wp-content\/uploads\/2016\/02\/d.png\" rel=\"attachment wp-att-505\"><img decoding=\"async\" class=\"size-full wp-image-505 alignright\" src=\"https:\/\/somber-ball.flywheelsites.com\/wp-content\/uploads\/2016\/02\/d.png\" alt=\"d\" width=\"300\" height=\"279\" \/><\/a><\/p>\n<p>Esta mesma B\u00edblia de Ferrara oferecia em seu pref\u00e1cio para &#8216;o leitor&#8217; uma lista dos livros que comp\u00f5em a B\u00edblia com a tradu\u00e7\u00e3o hebraica, a especifica\u00e7\u00e3o de cada cap\u00edtulo desde o livro de Bereshit at\u00e9 Neemias (situado ap\u00f3s Divre Hayamim), a lista do Salmos em ordem alfab\u00e9tica em castelhano, os eventos e festas no ano de acordo com o livro &#8220;Seder Olam&#8221;, e muitos outros detalhes da hist\u00f3ria do povo de Israel inclu\u00eddos no Tanach e mesmo de ap\u00f3s \u2018la desolaci\u00f3n de la Casa\u2019 (A Destrui\u00e7\u00e3o do Segundo Templo de Jerusal\u00e9m). Ao falar sobre os mais recentes eventos, a data se referia como \u2018la desolaci\u00f3n de la Casa\u2019, ou seguindo a &#8220;cria\u00e7\u00e3o do mundo&#8221;, para n\u00e3o seguir o calend\u00e1rio crist\u00e3o. Ele tamb\u00e9m incluiu a lista de &#8216;Haftarot&#8217; (Haf\u1e6darot &#8211; trechos de livros dos Profetas que se l\u00ea aos s\u00e1bados na sinagoga ap\u00f3s a leitura da por\u00e7\u00e3o semanal da Tor\u00e1). Indica as conclus\u00f5es &#8216;petuch\u00e1&#8217; (ponto) e &#8216;setum\u00e1&#8217; (ponto que segue) tradicionais judaicas, com um C mai\u00fasculo, e no lugar do Tetragrama escreve um A mai\u00fasculo pontilhado (letra inicial do tradicional nome usado pelos judeus para se referir ao Criador: A&#8217;donay). Usa tamb\u00e9m a express\u00e3o judaica &#8216;Dio&#8217; (Deu) sem o &#8216;s&#8217; no final, para assim n\u00e3o escrever o nome inteiro.<\/p>\n<p>Chega at\u00e9 a indicar um calend\u00e1rio que mostra se as Parashiot (Trechos semanais da Tor\u00e1) se leem em conjunto ou separadamente, desde o ano 5313 (1553) at\u00e9 5380 (1620), sendo assim, um per\u00edodo de 67 anos, talvez mais do que suficiente, em sua opini\u00e3o, para voltar a aprender hebraico e voltar a vida judaica plenamente.<\/p>\n<p>Encontramos, portanto, nesta B\u00edblia, n\u00e3o apenas um enorme tesouro de tradu\u00e7\u00f5es precisas das palavras hebraicas para o castelhano, algumas t\u00e3o frequentes nesta mas t\u00e3o raras hoje em dia, como &#8216;Barrag\u00e1n&#8217;, que significa &#8220;forte&#8221;, ou o verbo &#8216;muchiguarse&#8217; que significa &#8216;multiplicar-se&#8217; e muitas outras express\u00f5es de museu, mas tamb\u00e9m, encontramos aqui uma fonte abundante de \u00e1gua para saciar a sede dos que procuram ver a perspectiva judaica das passagens b\u00edblicas. Uma vez que, muitas vezes, como indicado no p\u00f3prio pr\u00f3logo, acrescenta-se uma ou duas palavras entre par\u00eanteses para dar a interpreta\u00e7\u00e3o correta sobre a passagem, sempre partindo do ponto de vista rab\u00ednico e, geralmente, de acordo com a tradu\u00e7\u00e3o do aramaico feita pelo s\u00e1bio Onkelos.<\/p>\n<p>Dever\u00edamos nos dedicar, acredito eu, em publicar este preciosa B\u00edblia, agora com letras mais confort\u00e1veis para a leitura do que as letras g\u00f3ticas que permitem confundir o &#8216;s&#8217; com o &#8216;f&#8221; e vice- versa e, onde o &#8216;u&#8217; e &#8216;v &#8216; est\u00e3o escritas da mesma forma, para assim, disponibilizar ao p\u00fablico os tesouros escondidos nesta j\u00f3ia dos Sefaradim Anussim.<\/p>\n<p><em>Voc\u00ea pode conferir a vers\u00e3o facsimile no seguinte link: https:\/\/www.larramendi.es\/i18n\/catalogo_imagenes\/grupo.cmd?path=1001869&amp;posicion=1<\/em><\/p>\n","protected":false},"excerpt":{"rendered":"<p>LADINAR E ALJAMIAR Parece que durante s\u00e9culos os judeus espanh\u00f3is trataram de &#8220;ladinar&#8221; os textos sagrados originais em hebraico para o castelhano. O verbo &#8220;ladinar&#8221; significa &#8211; traduzir em ladino, ou l\u00edngua rom\u00e2nica falada nos pa\u00edses ib\u00e9ricos. Para isso se poderia utilizar de duas possibilidades:&#8230;<\/p>\n","protected":false},"author":31,"featured_media":0,"comment_status":"open","ping_status":"open","sticky":false,"template":"","format":"standard","meta":{"give_campaign_id":0,"_exactmetrics_skip_tracking":false,"_exactmetrics_sitenote_active":false,"_exactmetrics_sitenote_note":"","_exactmetrics_sitenote_category":0,"ngg_post_thumbnail":0,"footnotes":""},"categories":[6754],"tags":[6755],"class_list":["post-137601","post","type-post","status-publish","format-standard","hentry","category-bnei-anussimartigos-sobre-os-bnei-anussimbnei-anussimladino","tag-bnei-anussimespanhaladinomarranostora"],"yoast_head":"<!-- This site is optimized with the Yoast SEO plugin v27.4 - https:\/\/yoast.com\/product\/yoast-seo-wordpress\/ -->\n<title>A B\u00edblia dos Anussim - Shavei Israel<\/title>\n<meta name=\"robots\" content=\"index, follow, max-snippet:-1, max-image-preview:large, max-video-preview:-1\" \/>\n<link rel=\"canonical\" href=\"https:\/\/www.shavei.org\/pt-br\/blog\/2021\/05\/27\/a-biblia-dos-anussim\/\" \/>\n<meta property=\"og:locale\" content=\"pt_BR\" \/>\n<meta property=\"og:type\" content=\"article\" \/>\n<meta property=\"og:title\" content=\"A B\u00edblia dos Anussim - Shavei Israel\" \/>\n<meta property=\"og:description\" content=\"LADINAR E ALJAMIAR Parece que durante s\u00e9culos os judeus espanh\u00f3is trataram de &#8220;ladinar&#8221; os textos sagrados originais em hebraico para o castelhano. O verbo &#8220;ladinar&#8221; significa &#8211; traduzir em ladino, ou l\u00edngua rom\u00e2nica falada nos pa\u00edses ib\u00e9ricos. Para isso se poderia utilizar de duas possibilidades:...\" \/>\n<meta property=\"og:url\" content=\"https:\/\/www.shavei.org\/pt-br\/blog\/2021\/05\/27\/a-biblia-dos-anussim\/\" \/>\n<meta property=\"og:site_name\" content=\"Shavei Israel\" \/>\n<meta property=\"article:published_time\" content=\"2021-05-27T14:16:19+00:00\" \/>\n<meta property=\"og:image\" content=\"https:\/\/somber-ball.flywheelsites.com\/wp-content\/uploads\/2016\/02\/a1.png\" \/>\n<meta name=\"author\" content=\"daniella\" \/>\n<meta name=\"twitter:card\" content=\"summary_large_image\" \/>\n<meta name=\"twitter:label1\" content=\"Escrito por\" \/>\n\t<meta name=\"twitter:data1\" content=\"\" \/>\n\t<meta name=\"twitter:label2\" content=\"Est. tempo de leitura\" \/>\n\t<meta name=\"twitter:data2\" content=\"8 minutos\" \/>\n<script type=\"application\/ld+json\" class=\"yoast-schema-graph\">{\"@context\":\"https:\\\/\\\/schema.org\",\"@graph\":[{\"@type\":\"Article\",\"@id\":\"https:\\\/\\\/www.shavei.org\\\/pt-br\\\/blog\\\/2021\\\/05\\\/27\\\/a-biblia-dos-anussim\\\/#article\",\"isPartOf\":{\"@id\":\"https:\\\/\\\/www.shavei.org\\\/pt-br\\\/blog\\\/2021\\\/05\\\/27\\\/a-biblia-dos-anussim\\\/\"},\"author\":{\"name\":\"daniella\",\"@id\":\"https:\\\/\\\/www.shavei.org\\\/#\\\/schema\\\/person\\\/628be1364b127546c700d93458cf9e4c\"},\"headline\":\"A B\u00edblia dos Anussim\",\"datePublished\":\"2021-05-27T14:16:19+00:00\",\"mainEntityOfPage\":{\"@id\":\"https:\\\/\\\/www.shavei.org\\\/pt-br\\\/blog\\\/2021\\\/05\\\/27\\\/a-biblia-dos-anussim\\\/\"},\"wordCount\":1516,\"commentCount\":0,\"publisher\":{\"@id\":\"https:\\\/\\\/www.shavei.org\\\/#organization\"},\"image\":{\"@id\":\"https:\\\/\\\/www.shavei.org\\\/pt-br\\\/blog\\\/2021\\\/05\\\/27\\\/a-biblia-dos-anussim\\\/#primaryimage\"},\"thumbnailUrl\":\"https:\\\/\\\/somber-ball.flywheelsites.com\\\/wp-content\\\/uploads\\\/2016\\\/02\\\/a1.png\",\"keywords\":[\"Bnei Anussim|Espanha|Ladino|Marranos|Tor\u00e1\"],\"articleSection\":[\"BNEI ANUSSIM&gt;Artigos sobre os Bnei Anussim|BNEI ANUSSIM&gt;Ladino\"],\"inLanguage\":\"pt-BR\",\"potentialAction\":[{\"@type\":\"CommentAction\",\"name\":\"Comment\",\"target\":[\"https:\\\/\\\/www.shavei.org\\\/pt-br\\\/blog\\\/2021\\\/05\\\/27\\\/a-biblia-dos-anussim\\\/#respond\"]}]},{\"@type\":\"WebPage\",\"@id\":\"https:\\\/\\\/www.shavei.org\\\/pt-br\\\/blog\\\/2021\\\/05\\\/27\\\/a-biblia-dos-anussim\\\/\",\"url\":\"https:\\\/\\\/www.shavei.org\\\/pt-br\\\/blog\\\/2021\\\/05\\\/27\\\/a-biblia-dos-anussim\\\/\",\"name\":\"A B\u00edblia dos Anussim - Shavei Israel\",\"isPartOf\":{\"@id\":\"https:\\\/\\\/www.shavei.org\\\/#website\"},\"primaryImageOfPage\":{\"@id\":\"https:\\\/\\\/www.shavei.org\\\/pt-br\\\/blog\\\/2021\\\/05\\\/27\\\/a-biblia-dos-anussim\\\/#primaryimage\"},\"image\":{\"@id\":\"https:\\\/\\\/www.shavei.org\\\/pt-br\\\/blog\\\/2021\\\/05\\\/27\\\/a-biblia-dos-anussim\\\/#primaryimage\"},\"thumbnailUrl\":\"https:\\\/\\\/somber-ball.flywheelsites.com\\\/wp-content\\\/uploads\\\/2016\\\/02\\\/a1.png\",\"datePublished\":\"2021-05-27T14:16:19+00:00\",\"breadcrumb\":{\"@id\":\"https:\\\/\\\/www.shavei.org\\\/pt-br\\\/blog\\\/2021\\\/05\\\/27\\\/a-biblia-dos-anussim\\\/#breadcrumb\"},\"inLanguage\":\"pt-BR\",\"potentialAction\":[{\"@type\":\"ReadAction\",\"target\":[\"https:\\\/\\\/www.shavei.org\\\/pt-br\\\/blog\\\/2021\\\/05\\\/27\\\/a-biblia-dos-anussim\\\/\"]}]},{\"@type\":\"ImageObject\",\"inLanguage\":\"pt-BR\",\"@id\":\"https:\\\/\\\/www.shavei.org\\\/pt-br\\\/blog\\\/2021\\\/05\\\/27\\\/a-biblia-dos-anussim\\\/#primaryimage\",\"url\":\"https:\\\/\\\/somber-ball.flywheelsites.com\\\/wp-content\\\/uploads\\\/2016\\\/02\\\/a1.png\",\"contentUrl\":\"https:\\\/\\\/somber-ball.flywheelsites.com\\\/wp-content\\\/uploads\\\/2016\\\/02\\\/a1.png\"},{\"@type\":\"BreadcrumbList\",\"@id\":\"https:\\\/\\\/www.shavei.org\\\/pt-br\\\/blog\\\/2021\\\/05\\\/27\\\/a-biblia-dos-anussim\\\/#breadcrumb\",\"itemListElement\":[{\"@type\":\"ListItem\",\"position\":1,\"name\":\"Home\",\"item\":\"https:\\\/\\\/www.shavei.org\\\/\"},{\"@type\":\"ListItem\",\"position\":2,\"name\":\"A B\u00edblia dos Anussim\"}]},{\"@type\":\"WebSite\",\"@id\":\"https:\\\/\\\/www.shavei.org\\\/#website\",\"url\":\"https:\\\/\\\/www.shavei.org\\\/\",\"name\":\"Shavei Israel\",\"description\":\"One nation, many faces. We help them all return.\",\"publisher\":{\"@id\":\"https:\\\/\\\/www.shavei.org\\\/#organization\"},\"potentialAction\":[{\"@type\":\"SearchAction\",\"target\":{\"@type\":\"EntryPoint\",\"urlTemplate\":\"https:\\\/\\\/www.shavei.org\\\/?s={search_term_string}\"},\"query-input\":{\"@type\":\"PropertyValueSpecification\",\"valueRequired\":true,\"valueName\":\"search_term_string\"}}],\"inLanguage\":\"pt-BR\"},{\"@type\":\"Organization\",\"@id\":\"https:\\\/\\\/www.shavei.org\\\/#organization\",\"name\":\"Shavei Israel\",\"url\":\"https:\\\/\\\/www.shavei.org\\\/\",\"logo\":{\"@type\":\"ImageObject\",\"inLanguage\":\"pt-BR\",\"@id\":\"https:\\\/\\\/www.shavei.org\\\/#\\\/schema\\\/logo\\\/image\\\/\",\"url\":\"https:\\\/\\\/www.shavei.org\\\/wp-content\\\/uploads\\\/2017\\\/10\\\/shavei-logo.jpg\",\"contentUrl\":\"https:\\\/\\\/www.shavei.org\\\/wp-content\\\/uploads\\\/2017\\\/10\\\/shavei-logo.jpg\",\"width\":300,\"height\":285,\"caption\":\"Shavei Israel\"},\"image\":{\"@id\":\"https:\\\/\\\/www.shavei.org\\\/#\\\/schema\\\/logo\\\/image\\\/\"}},{\"@type\":\"Person\",\"@id\":\"https:\\\/\\\/www.shavei.org\\\/#\\\/schema\\\/person\\\/628be1364b127546c700d93458cf9e4c\",\"name\":\"daniella\",\"image\":{\"@type\":\"ImageObject\",\"inLanguage\":\"pt-BR\",\"@id\":\"https:\\\/\\\/secure.gravatar.com\\\/avatar\\\/bf8b97193609e61ba4fd9bacc2cb0ef6ed3fbf5eb2df25350c1e263020233ff8?s=96&d=mm&r=g\",\"url\":\"https:\\\/\\\/secure.gravatar.com\\\/avatar\\\/bf8b97193609e61ba4fd9bacc2cb0ef6ed3fbf5eb2df25350c1e263020233ff8?s=96&d=mm&r=g\",\"contentUrl\":\"https:\\\/\\\/secure.gravatar.com\\\/avatar\\\/bf8b97193609e61ba4fd9bacc2cb0ef6ed3fbf5eb2df25350c1e263020233ff8?s=96&d=mm&r=g\",\"caption\":\"daniella\"},\"url\":\"https:\\\/\\\/www.shavei.org\\\/pt-br\\\/blog\\\/author\\\/daniella\\\/\"}]}<\/script>\n<!-- \/ Yoast SEO plugin. -->","yoast_head_json":{"title":"A B\u00edblia dos Anussim - Shavei Israel","robots":{"index":"index","follow":"follow","max-snippet":"max-snippet:-1","max-image-preview":"max-image-preview:large","max-video-preview":"max-video-preview:-1"},"canonical":"https:\/\/www.shavei.org\/pt-br\/blog\/2021\/05\/27\/a-biblia-dos-anussim\/","og_locale":"pt_BR","og_type":"article","og_title":"A B\u00edblia dos Anussim - Shavei Israel","og_description":"LADINAR E ALJAMIAR Parece que durante s\u00e9culos os judeus espanh\u00f3is trataram de &#8220;ladinar&#8221; os textos sagrados originais em hebraico para o castelhano. O verbo &#8220;ladinar&#8221; significa &#8211; traduzir em ladino, ou l\u00edngua rom\u00e2nica falada nos pa\u00edses ib\u00e9ricos. Para isso se poderia utilizar de duas possibilidades:...","og_url":"https:\/\/www.shavei.org\/pt-br\/blog\/2021\/05\/27\/a-biblia-dos-anussim\/","og_site_name":"Shavei Israel","article_published_time":"2021-05-27T14:16:19+00:00","og_image":[{"url":"https:\/\/somber-ball.flywheelsites.com\/wp-content\/uploads\/2016\/02\/a1.png","type":"","width":"","height":""}],"author":"daniella","twitter_card":"summary_large_image","twitter_misc":{"Escrito por":false,"Est. tempo de leitura":"8 minutos"},"schema":{"@context":"https:\/\/schema.org","@graph":[{"@type":"Article","@id":"https:\/\/www.shavei.org\/pt-br\/blog\/2021\/05\/27\/a-biblia-dos-anussim\/#article","isPartOf":{"@id":"https:\/\/www.shavei.org\/pt-br\/blog\/2021\/05\/27\/a-biblia-dos-anussim\/"},"author":{"name":"daniella","@id":"https:\/\/www.shavei.org\/#\/schema\/person\/628be1364b127546c700d93458cf9e4c"},"headline":"A B\u00edblia dos Anussim","datePublished":"2021-05-27T14:16:19+00:00","mainEntityOfPage":{"@id":"https:\/\/www.shavei.org\/pt-br\/blog\/2021\/05\/27\/a-biblia-dos-anussim\/"},"wordCount":1516,"commentCount":0,"publisher":{"@id":"https:\/\/www.shavei.org\/#organization"},"image":{"@id":"https:\/\/www.shavei.org\/pt-br\/blog\/2021\/05\/27\/a-biblia-dos-anussim\/#primaryimage"},"thumbnailUrl":"https:\/\/somber-ball.flywheelsites.com\/wp-content\/uploads\/2016\/02\/a1.png","keywords":["Bnei Anussim|Espanha|Ladino|Marranos|Tor\u00e1"],"articleSection":["BNEI ANUSSIM&gt;Artigos sobre os Bnei Anussim|BNEI ANUSSIM&gt;Ladino"],"inLanguage":"pt-BR","potentialAction":[{"@type":"CommentAction","name":"Comment","target":["https:\/\/www.shavei.org\/pt-br\/blog\/2021\/05\/27\/a-biblia-dos-anussim\/#respond"]}]},{"@type":"WebPage","@id":"https:\/\/www.shavei.org\/pt-br\/blog\/2021\/05\/27\/a-biblia-dos-anussim\/","url":"https:\/\/www.shavei.org\/pt-br\/blog\/2021\/05\/27\/a-biblia-dos-anussim\/","name":"A B\u00edblia dos Anussim - Shavei Israel","isPartOf":{"@id":"https:\/\/www.shavei.org\/#website"},"primaryImageOfPage":{"@id":"https:\/\/www.shavei.org\/pt-br\/blog\/2021\/05\/27\/a-biblia-dos-anussim\/#primaryimage"},"image":{"@id":"https:\/\/www.shavei.org\/pt-br\/blog\/2021\/05\/27\/a-biblia-dos-anussim\/#primaryimage"},"thumbnailUrl":"https:\/\/somber-ball.flywheelsites.com\/wp-content\/uploads\/2016\/02\/a1.png","datePublished":"2021-05-27T14:16:19+00:00","breadcrumb":{"@id":"https:\/\/www.shavei.org\/pt-br\/blog\/2021\/05\/27\/a-biblia-dos-anussim\/#breadcrumb"},"inLanguage":"pt-BR","potentialAction":[{"@type":"ReadAction","target":["https:\/\/www.shavei.org\/pt-br\/blog\/2021\/05\/27\/a-biblia-dos-anussim\/"]}]},{"@type":"ImageObject","inLanguage":"pt-BR","@id":"https:\/\/www.shavei.org\/pt-br\/blog\/2021\/05\/27\/a-biblia-dos-anussim\/#primaryimage","url":"https:\/\/somber-ball.flywheelsites.com\/wp-content\/uploads\/2016\/02\/a1.png","contentUrl":"https:\/\/somber-ball.flywheelsites.com\/wp-content\/uploads\/2016\/02\/a1.png"},{"@type":"BreadcrumbList","@id":"https:\/\/www.shavei.org\/pt-br\/blog\/2021\/05\/27\/a-biblia-dos-anussim\/#breadcrumb","itemListElement":[{"@type":"ListItem","position":1,"name":"Home","item":"https:\/\/www.shavei.org\/"},{"@type":"ListItem","position":2,"name":"A B\u00edblia dos Anussim"}]},{"@type":"WebSite","@id":"https:\/\/www.shavei.org\/#website","url":"https:\/\/www.shavei.org\/","name":"Shavei Israel","description":"One nation, many faces. We help them all return.","publisher":{"@id":"https:\/\/www.shavei.org\/#organization"},"potentialAction":[{"@type":"SearchAction","target":{"@type":"EntryPoint","urlTemplate":"https:\/\/www.shavei.org\/?s={search_term_string}"},"query-input":{"@type":"PropertyValueSpecification","valueRequired":true,"valueName":"search_term_string"}}],"inLanguage":"pt-BR"},{"@type":"Organization","@id":"https:\/\/www.shavei.org\/#organization","name":"Shavei Israel","url":"https:\/\/www.shavei.org\/","logo":{"@type":"ImageObject","inLanguage":"pt-BR","@id":"https:\/\/www.shavei.org\/#\/schema\/logo\/image\/","url":"https:\/\/www.shavei.org\/wp-content\/uploads\/2017\/10\/shavei-logo.jpg","contentUrl":"https:\/\/www.shavei.org\/wp-content\/uploads\/2017\/10\/shavei-logo.jpg","width":300,"height":285,"caption":"Shavei Israel"},"image":{"@id":"https:\/\/www.shavei.org\/#\/schema\/logo\/image\/"}},{"@type":"Person","@id":"https:\/\/www.shavei.org\/#\/schema\/person\/628be1364b127546c700d93458cf9e4c","name":"daniella","image":{"@type":"ImageObject","inLanguage":"pt-BR","@id":"https:\/\/secure.gravatar.com\/avatar\/bf8b97193609e61ba4fd9bacc2cb0ef6ed3fbf5eb2df25350c1e263020233ff8?s=96&d=mm&r=g","url":"https:\/\/secure.gravatar.com\/avatar\/bf8b97193609e61ba4fd9bacc2cb0ef6ed3fbf5eb2df25350c1e263020233ff8?s=96&d=mm&r=g","contentUrl":"https:\/\/secure.gravatar.com\/avatar\/bf8b97193609e61ba4fd9bacc2cb0ef6ed3fbf5eb2df25350c1e263020233ff8?s=96&d=mm&r=g","caption":"daniella"},"url":"https:\/\/www.shavei.org\/pt-br\/blog\/author\/daniella\/"}]}},"_links":{"self":[{"href":"https:\/\/www.shavei.org\/pt-br\/wp-json\/wp\/v2\/posts\/137601","targetHints":{"allow":["GET"]}}],"collection":[{"href":"https:\/\/www.shavei.org\/pt-br\/wp-json\/wp\/v2\/posts"}],"about":[{"href":"https:\/\/www.shavei.org\/pt-br\/wp-json\/wp\/v2\/types\/post"}],"author":[{"embeddable":true,"href":"https:\/\/www.shavei.org\/pt-br\/wp-json\/wp\/v2\/users\/31"}],"replies":[{"embeddable":true,"href":"https:\/\/www.shavei.org\/pt-br\/wp-json\/wp\/v2\/comments?post=137601"}],"version-history":[{"count":0,"href":"https:\/\/www.shavei.org\/pt-br\/wp-json\/wp\/v2\/posts\/137601\/revisions"}],"wp:attachment":[{"href":"https:\/\/www.shavei.org\/pt-br\/wp-json\/wp\/v2\/media?parent=137601"}],"wp:term":[{"taxonomy":"category","embeddable":true,"href":"https:\/\/www.shavei.org\/pt-br\/wp-json\/wp\/v2\/categories?post=137601"},{"taxonomy":"post_tag","embeddable":true,"href":"https:\/\/www.shavei.org\/pt-br\/wp-json\/wp\/v2\/tags?post=137601"}],"curies":[{"name":"wp","href":"https:\/\/api.w.org\/{rel}","templated":true}]}}