{"id":137596,"date":"2021-05-27T16:16:19","date_gmt":"2021-05-27T14:16:19","guid":{"rendered":"https:\/\/www.shavei.org\/blog\/2021\/05\/27\/dina-uma-garota-da-comunidade-bnei-menashe-e-que-e-cega-se-apresenta-no-palco-com-estrela-pop-israelense\/"},"modified":"2021-05-27T16:16:19","modified_gmt":"2021-05-27T14:16:19","slug":"dina-uma-garota-da-comunidade-bnei-menashe-e-que-e-cega-se-apresenta-no-palco-com-estrela-pop-israelense","status":"publish","type":"post","link":"https:\/\/www.shavei.org\/pt-br\/blog\/2021\/05\/27\/dina-uma-garota-da-comunidade-bnei-menashe-e-que-e-cega-se-apresenta-no-palco-com-estrela-pop-israelense\/","title":{"rendered":"Dina: uma garota da comunidade Bnei Menashe e que \u00e9 cega, se apresenta no palco com estrela pop israelense!"},"content":{"rendered":"<p>Dina Samte tinha apenas 17 anos quando nos encontramos pela primeira vez em 2010. A jovem cantora e tecladista da comunidade Bnei Mensahe &#8211; que fez Ali\u00e1 com sua fam\u00edlia da \u00cdndia, em 2007 &#8211; n\u00e3o nos impressionou somente por sua bela voz expressiva e sua experi\u00eancia como tecladista, mas tamb\u00e9m pelo fato de ser\u00a0totalmente autodidata, sendo cega de nascen\u00e7a.<\/p>\n<div id=\"attachment_482\" style=\"width: 310px\" class=\"wp-caption alignleft\"><a href=\"https:\/\/somber-ball.flywheelsites.com\/wp-content\/uploads\/2016\/02\/20151215060147.jpg\" rel=\"attachment wp-att-482\"><img decoding=\"async\" aria-describedby=\"caption-attachment-482\" class=\"wp-image-482 size-medium\" src=\"https:\/\/somber-ball.flywheelsites.com\/wp-content\/uploads\/2016\/02\/20151215060147.jpg?w=300\" alt=\"Dina Samte com a banda Shalva\" width=\"300\" height=\"201\" \/><\/a><p id=\"caption-attachment-482\" class=\"wp-caption-text\">Dina Samte com a banda Shalva<\/p><\/div>\n<p>Dina j\u00e1 estava tocando em casamentos dos Bnei Menashe e em Bar\/Bat\u00a0Mitzva, mas, h\u00e1 cinco anos, ela nos havia dito que seu objetivo era se tornar uma cantora profissional e chegar ao &#8220;grande palco&#8221;. Acima de tudo, ela sonhava cantar junto com o astro pop israelense, Moshe Peretz, que tem sido o seu \u00eddolo e inspira\u00e7\u00e3o desde: &#8220;a primeira vez que liguei o r\u00e1dio israelense e o escutei\u00a0cantar&#8221;, diz ela. &#8220;Eu tinha apenas dez anos de idade e, embora n\u00e3o entendia uma palavra do hebraico, suas can\u00e7\u00f5es me tocaram profundamente. Eu poderia at\u00e9 dizer que aprendi hebraico, ouvindo suas can\u00e7\u00f5es. Mas nunca imaginei que teria a oportunidade de conhec\u00ea-lo e cantar com ele.&#8221;<\/p>\n<p>No entanto, em dezembro de 2015, Dina mal podia conter sua excita\u00e7\u00e3o quando subiu ao palco na frente de 600 pessoas na cidade de Modi&#8217;in, para cantar uma m\u00fasica com Moshe Peretz.<\/p>\n<p>A oportunidade veio em um concerto beneficente para Shalva, uma organiza\u00e7\u00e3o sem fins lucrativos de Israel para crian\u00e7as com necessidades especiais. Por acaso, Peretz foi o convidado especial. Dina, por outro lado, tem sido membro da banda Shalva desde 2013. A banda inclui tanto crian\u00e7as que se beneficiam dos programas da Shalva, quanto funcion\u00e1rios da organiza\u00e7\u00e3o. Desde que entrou para o grupo, Dina tornou-se a solista, se apresentando por\u00a0todo Israel e tamb\u00e9m no exterior, especialmente nos EUA e no Reino Unido.<\/p>\n<p>Dina nunca havia escutado falar da banda at\u00e9 que o guitarrista da Shalva quase trope\u00e7ou (literalmente) nela, quanda\u00a0andava cantarolando para si mesma, a caminho da Escola para Cegos, em Jerusal\u00e9m, onde estudava. O\u00a0guitarrista reconheceu imediatamente aquilo que os f\u00e3s de Dina, das celebra\u00e7\u00f5es na comunidade Bnei Mensahe, j\u00e1 sabiam. &#8220;Precisamos de voc\u00ea&#8221;, disse a Dina. Uma semana depois, ela estava dentro da banda.<\/p>\n<p>Dina Samte \u00e9 uma verdadeira hist\u00f3ria de sucesso na comunidade Bnei Mensahw. Dina cresceu em Churachandpur, no estado indiano de Manipur, aonde existem institui\u00e7\u00f5es\u00a0limitada para o ensino a pessoas\u00a0cegas. &#8220;N\u00e3o recebi qualquer tipo de educa\u00e7\u00e3o formal,&#8221; disse ela. Contudo, sua aptid\u00e3o para a m\u00fasica rapidamente se tornou evidente e seu pai lhe comprou um pequeno teclado quando ela tinha apenas 9 anos de idade.<\/p>\n<p>Dina diz que a vida na \u00cdndia foi &#8220;muito dif\u00edcil para mim. Por causa da minha cegueira, eu ficava em casa a maior parte do tempo. N\u00e3o tinha amigos e sempre estava sozinha. Agora em Israel, gra\u00e7as a Shavei Israel, sou realmente feliz. Aprendi a &#8220;ver&#8221; atrav\u00e9s da minha m\u00fasica&#8221;, diz ela.<\/p>\n<p>Dina vive em um apartamento com quatro outras meninas que tamb\u00e9m t\u00eam vis\u00e3o limitada. &#8220;N\u00f3s administramos a casa, as compras e todas as quest\u00f5es financeiras&#8221;, diz, com orgulho. No\u00a0Shabat, volta\u00a0para casa para visitar sua fam\u00edlia em Kiryat Arba.<\/p>\n<p>A\u00a0m\u00fasica de Din\u00e1 se focava, originalmente, no &#8220;anseio dos Bnei Mensahe\u00a0por Si\u00e3o\u00a0e seu amor pela Terra de Israel&#8221;, diz ela. Agora que ela est\u00e1 aqui e bem integrada (fala fluentemente hebraico), espera usar sua m\u00fasica para ajudar outros jovens israelitas com necessidades especiais. Reza\u00a0diariamente para que &#8220;mais pessoas de Bnei Menache possam ser capazes de realizar este\u00a0sonho e chegar a Israel. Agrade\u00e7o a Shavei Israel pelo\u00a0trabalho que fazem com muito amor e por ajudar a mim e a outros, a fazer Ali\u00e1&#8221;.<\/p>\n<p>V\u00e3o haver mais shows com Moshe Peretz? Dina espera que sim. &#8220;A \u00fanica coisa que faltou foi um\u00a0tempo para conversarmos\u00a0pessoalmente depois do show&#8221;, diz ela. &#8220;Nunca lhe disse\u00a0que sou uma grande f\u00e3! Mas percebi que ele\u00a0estava muito feliz por estar cantando comigo&#8221;. Depois da apresenta\u00e7\u00e3o em conjunto, Dina se juntou ao p\u00fablico para dan\u00e7ar no restante do show de seu\u00a0\u00eddolo.<\/p>\n<p><strong>Abaixo\u00a0um pequeno v\u00eddeo da apresenta\u00e7\u00e3o de Dina em Modi&#8217;in com Moshe Peretz.<\/strong><\/p>\n<p>https:\/\/www.youtube.com\/watch?v=EjXdXEBQ_Yw<\/p>\n","protected":false},"excerpt":{"rendered":"<p>Dina Samte tinha apenas 17 anos quando nos encontramos pela primeira vez em 2010. A jovem cantora e tecladista da comunidade Bnei Mensahe &#8211; que fez Ali\u00e1 com sua fam\u00edlia da \u00cdndia, em 2007 &#8211; n\u00e3o nos impressionou somente por sua bela voz expressiva e&#8230;<\/p>\n","protected":false},"author":31,"featured_media":0,"comment_status":"open","ping_status":"open","sticky":false,"template":"","format":"standard","meta":{"give_campaign_id":0,"_exactmetrics_skip_tracking":false,"_exactmetrics_sitenote_active":false,"_exactmetrics_sitenote_note":"","_exactmetrics_sitenote_category":0,"ngg_post_thumbnail":0,"footnotes":""},"categories":[6747],"tags":[6748],"class_list":["post-137596","post","type-post","status-publish","format-standard","hentry","category-judaismomusica-e-artebnei-anussimretorno-de-outras-comunidades","tag-artebnei-menashecancoesmusicashow"],"yoast_head":"<!-- This site is optimized with the Yoast SEO plugin v27.4 - https:\/\/yoast.com\/product\/yoast-seo-wordpress\/ -->\n<title>Dina: uma garota da comunidade Bnei Menashe e que \u00e9 cega, se apresenta no palco com estrela pop israelense! - Shavei Israel<\/title>\n<meta name=\"robots\" content=\"index, follow, max-snippet:-1, max-image-preview:large, max-video-preview:-1\" \/>\n<link rel=\"canonical\" href=\"https:\/\/www.shavei.org\/pt-br\/blog\/2021\/05\/27\/dina-uma-garota-da-comunidade-bnei-menashe-e-que-e-cega-se-apresenta-no-palco-com-estrela-pop-israelense\/\" \/>\n<meta property=\"og:locale\" content=\"pt_BR\" \/>\n<meta property=\"og:type\" content=\"article\" \/>\n<meta property=\"og:title\" content=\"Dina: uma garota da comunidade Bnei Menashe e que \u00e9 cega, se apresenta no palco com estrela pop israelense! - Shavei Israel\" \/>\n<meta property=\"og:description\" content=\"Dina Samte tinha apenas 17 anos quando nos encontramos pela primeira vez em 2010. A jovem cantora e tecladista da comunidade Bnei Mensahe &#8211; que fez Ali\u00e1 com sua fam\u00edlia da \u00cdndia, em 2007 &#8211; n\u00e3o nos impressionou somente por sua bela voz expressiva e...\" \/>\n<meta property=\"og:url\" content=\"https:\/\/www.shavei.org\/pt-br\/blog\/2021\/05\/27\/dina-uma-garota-da-comunidade-bnei-menashe-e-que-e-cega-se-apresenta-no-palco-com-estrela-pop-israelense\/\" \/>\n<meta property=\"og:site_name\" content=\"Shavei Israel\" \/>\n<meta property=\"article:published_time\" content=\"2021-05-27T14:16:19+00:00\" \/>\n<meta property=\"og:image\" content=\"https:\/\/somber-ball.flywheelsites.com\/wp-content\/uploads\/2016\/02\/20151215060147.jpg?w=300\" \/>\n<meta name=\"author\" content=\"daniella\" \/>\n<meta name=\"twitter:card\" content=\"summary_large_image\" \/>\n<meta name=\"twitter:label1\" content=\"Escrito por\" \/>\n\t<meta name=\"twitter:data1\" content=\"\" \/>\n\t<meta name=\"twitter:label2\" content=\"Est. tempo de leitura\" \/>\n\t<meta name=\"twitter:data2\" content=\"4 minutos\" \/>\n<script type=\"application\/ld+json\" class=\"yoast-schema-graph\">{\"@context\":\"https:\\\/\\\/schema.org\",\"@graph\":[{\"@type\":\"Article\",\"@id\":\"https:\\\/\\\/www.shavei.org\\\/pt-br\\\/blog\\\/2021\\\/05\\\/27\\\/dina-uma-garota-da-comunidade-bnei-menashe-e-que-e-cega-se-apresenta-no-palco-com-estrela-pop-israelense\\\/#article\",\"isPartOf\":{\"@id\":\"https:\\\/\\\/www.shavei.org\\\/pt-br\\\/blog\\\/2021\\\/05\\\/27\\\/dina-uma-garota-da-comunidade-bnei-menashe-e-que-e-cega-se-apresenta-no-palco-com-estrela-pop-israelense\\\/\"},\"author\":{\"name\":\"daniella\",\"@id\":\"https:\\\/\\\/www.shavei.org\\\/#\\\/schema\\\/person\\\/628be1364b127546c700d93458cf9e4c\"},\"headline\":\"Dina: uma garota da comunidade Bnei Menashe e que \u00e9 cega, se apresenta no palco com estrela pop israelense!\",\"datePublished\":\"2021-05-27T14:16:19+00:00\",\"mainEntityOfPage\":{\"@id\":\"https:\\\/\\\/www.shavei.org\\\/pt-br\\\/blog\\\/2021\\\/05\\\/27\\\/dina-uma-garota-da-comunidade-bnei-menashe-e-que-e-cega-se-apresenta-no-palco-com-estrela-pop-israelense\\\/\"},\"wordCount\":763,\"commentCount\":0,\"publisher\":{\"@id\":\"https:\\\/\\\/www.shavei.org\\\/#organization\"},\"image\":{\"@id\":\"https:\\\/\\\/www.shavei.org\\\/pt-br\\\/blog\\\/2021\\\/05\\\/27\\\/dina-uma-garota-da-comunidade-bnei-menashe-e-que-e-cega-se-apresenta-no-palco-com-estrela-pop-israelense\\\/#primaryimage\"},\"thumbnailUrl\":\"https:\\\/\\\/somber-ball.flywheelsites.com\\\/wp-content\\\/uploads\\\/2016\\\/02\\\/20151215060147.jpg?w=300\",\"keywords\":[\"arte|Bnei Menashe|can\u00e7\u00f5es|musica|show\"],\"articleSection\":[\"JUDA\u00cdSMO&gt;M\u00fasica e Arte|BNEI ANUSSIM&gt;Retorno de outras comunidades\"],\"inLanguage\":\"pt-BR\",\"potentialAction\":[{\"@type\":\"CommentAction\",\"name\":\"Comment\",\"target\":[\"https:\\\/\\\/www.shavei.org\\\/pt-br\\\/blog\\\/2021\\\/05\\\/27\\\/dina-uma-garota-da-comunidade-bnei-menashe-e-que-e-cega-se-apresenta-no-palco-com-estrela-pop-israelense\\\/#respond\"]}]},{\"@type\":\"WebPage\",\"@id\":\"https:\\\/\\\/www.shavei.org\\\/pt-br\\\/blog\\\/2021\\\/05\\\/27\\\/dina-uma-garota-da-comunidade-bnei-menashe-e-que-e-cega-se-apresenta-no-palco-com-estrela-pop-israelense\\\/\",\"url\":\"https:\\\/\\\/www.shavei.org\\\/pt-br\\\/blog\\\/2021\\\/05\\\/27\\\/dina-uma-garota-da-comunidade-bnei-menashe-e-que-e-cega-se-apresenta-no-palco-com-estrela-pop-israelense\\\/\",\"name\":\"Dina: uma garota da comunidade Bnei Menashe e que \u00e9 cega, se apresenta no palco com estrela pop israelense! - Shavei Israel\",\"isPartOf\":{\"@id\":\"https:\\\/\\\/www.shavei.org\\\/#website\"},\"primaryImageOfPage\":{\"@id\":\"https:\\\/\\\/www.shavei.org\\\/pt-br\\\/blog\\\/2021\\\/05\\\/27\\\/dina-uma-garota-da-comunidade-bnei-menashe-e-que-e-cega-se-apresenta-no-palco-com-estrela-pop-israelense\\\/#primaryimage\"},\"image\":{\"@id\":\"https:\\\/\\\/www.shavei.org\\\/pt-br\\\/blog\\\/2021\\\/05\\\/27\\\/dina-uma-garota-da-comunidade-bnei-menashe-e-que-e-cega-se-apresenta-no-palco-com-estrela-pop-israelense\\\/#primaryimage\"},\"thumbnailUrl\":\"https:\\\/\\\/somber-ball.flywheelsites.com\\\/wp-content\\\/uploads\\\/2016\\\/02\\\/20151215060147.jpg?w=300\",\"datePublished\":\"2021-05-27T14:16:19+00:00\",\"breadcrumb\":{\"@id\":\"https:\\\/\\\/www.shavei.org\\\/pt-br\\\/blog\\\/2021\\\/05\\\/27\\\/dina-uma-garota-da-comunidade-bnei-menashe-e-que-e-cega-se-apresenta-no-palco-com-estrela-pop-israelense\\\/#breadcrumb\"},\"inLanguage\":\"pt-BR\",\"potentialAction\":[{\"@type\":\"ReadAction\",\"target\":[\"https:\\\/\\\/www.shavei.org\\\/pt-br\\\/blog\\\/2021\\\/05\\\/27\\\/dina-uma-garota-da-comunidade-bnei-menashe-e-que-e-cega-se-apresenta-no-palco-com-estrela-pop-israelense\\\/\"]}]},{\"@type\":\"ImageObject\",\"inLanguage\":\"pt-BR\",\"@id\":\"https:\\\/\\\/www.shavei.org\\\/pt-br\\\/blog\\\/2021\\\/05\\\/27\\\/dina-uma-garota-da-comunidade-bnei-menashe-e-que-e-cega-se-apresenta-no-palco-com-estrela-pop-israelense\\\/#primaryimage\",\"url\":\"https:\\\/\\\/somber-ball.flywheelsites.com\\\/wp-content\\\/uploads\\\/2016\\\/02\\\/20151215060147.jpg?w=300\",\"contentUrl\":\"https:\\\/\\\/somber-ball.flywheelsites.com\\\/wp-content\\\/uploads\\\/2016\\\/02\\\/20151215060147.jpg?w=300\"},{\"@type\":\"BreadcrumbList\",\"@id\":\"https:\\\/\\\/www.shavei.org\\\/pt-br\\\/blog\\\/2021\\\/05\\\/27\\\/dina-uma-garota-da-comunidade-bnei-menashe-e-que-e-cega-se-apresenta-no-palco-com-estrela-pop-israelense\\\/#breadcrumb\",\"itemListElement\":[{\"@type\":\"ListItem\",\"position\":1,\"name\":\"Home\",\"item\":\"https:\\\/\\\/www.shavei.org\\\/\"},{\"@type\":\"ListItem\",\"position\":2,\"name\":\"Dina: uma garota da comunidade Bnei Menashe e que \u00e9 cega, se apresenta no palco com estrela pop israelense!\"}]},{\"@type\":\"WebSite\",\"@id\":\"https:\\\/\\\/www.shavei.org\\\/#website\",\"url\":\"https:\\\/\\\/www.shavei.org\\\/\",\"name\":\"Shavei Israel\",\"description\":\"One nation, many faces. We help them all return.\",\"publisher\":{\"@id\":\"https:\\\/\\\/www.shavei.org\\\/#organization\"},\"potentialAction\":[{\"@type\":\"SearchAction\",\"target\":{\"@type\":\"EntryPoint\",\"urlTemplate\":\"https:\\\/\\\/www.shavei.org\\\/?s={search_term_string}\"},\"query-input\":{\"@type\":\"PropertyValueSpecification\",\"valueRequired\":true,\"valueName\":\"search_term_string\"}}],\"inLanguage\":\"pt-BR\"},{\"@type\":\"Organization\",\"@id\":\"https:\\\/\\\/www.shavei.org\\\/#organization\",\"name\":\"Shavei Israel\",\"url\":\"https:\\\/\\\/www.shavei.org\\\/\",\"logo\":{\"@type\":\"ImageObject\",\"inLanguage\":\"pt-BR\",\"@id\":\"https:\\\/\\\/www.shavei.org\\\/#\\\/schema\\\/logo\\\/image\\\/\",\"url\":\"https:\\\/\\\/www.shavei.org\\\/wp-content\\\/uploads\\\/2017\\\/10\\\/shavei-logo.jpg\",\"contentUrl\":\"https:\\\/\\\/www.shavei.org\\\/wp-content\\\/uploads\\\/2017\\\/10\\\/shavei-logo.jpg\",\"width\":300,\"height\":285,\"caption\":\"Shavei Israel\"},\"image\":{\"@id\":\"https:\\\/\\\/www.shavei.org\\\/#\\\/schema\\\/logo\\\/image\\\/\"}},{\"@type\":\"Person\",\"@id\":\"https:\\\/\\\/www.shavei.org\\\/#\\\/schema\\\/person\\\/628be1364b127546c700d93458cf9e4c\",\"name\":\"daniella\",\"image\":{\"@type\":\"ImageObject\",\"inLanguage\":\"pt-BR\",\"@id\":\"https:\\\/\\\/secure.gravatar.com\\\/avatar\\\/bf8b97193609e61ba4fd9bacc2cb0ef6ed3fbf5eb2df25350c1e263020233ff8?s=96&d=mm&r=g\",\"url\":\"https:\\\/\\\/secure.gravatar.com\\\/avatar\\\/bf8b97193609e61ba4fd9bacc2cb0ef6ed3fbf5eb2df25350c1e263020233ff8?s=96&d=mm&r=g\",\"contentUrl\":\"https:\\\/\\\/secure.gravatar.com\\\/avatar\\\/bf8b97193609e61ba4fd9bacc2cb0ef6ed3fbf5eb2df25350c1e263020233ff8?s=96&d=mm&r=g\",\"caption\":\"daniella\"},\"url\":\"https:\\\/\\\/www.shavei.org\\\/pt-br\\\/blog\\\/author\\\/daniella\\\/\"}]}<\/script>\n<!-- \/ Yoast SEO plugin. -->","yoast_head_json":{"title":"Dina: uma garota da comunidade Bnei Menashe e que \u00e9 cega, se apresenta no palco com estrela pop israelense! - Shavei Israel","robots":{"index":"index","follow":"follow","max-snippet":"max-snippet:-1","max-image-preview":"max-image-preview:large","max-video-preview":"max-video-preview:-1"},"canonical":"https:\/\/www.shavei.org\/pt-br\/blog\/2021\/05\/27\/dina-uma-garota-da-comunidade-bnei-menashe-e-que-e-cega-se-apresenta-no-palco-com-estrela-pop-israelense\/","og_locale":"pt_BR","og_type":"article","og_title":"Dina: uma garota da comunidade Bnei Menashe e que \u00e9 cega, se apresenta no palco com estrela pop israelense! - Shavei Israel","og_description":"Dina Samte tinha apenas 17 anos quando nos encontramos pela primeira vez em 2010. A jovem cantora e tecladista da comunidade Bnei Mensahe &#8211; que fez Ali\u00e1 com sua fam\u00edlia da \u00cdndia, em 2007 &#8211; n\u00e3o nos impressionou somente por sua bela voz expressiva e...","og_url":"https:\/\/www.shavei.org\/pt-br\/blog\/2021\/05\/27\/dina-uma-garota-da-comunidade-bnei-menashe-e-que-e-cega-se-apresenta-no-palco-com-estrela-pop-israelense\/","og_site_name":"Shavei Israel","article_published_time":"2021-05-27T14:16:19+00:00","og_image":[{"url":"https:\/\/somber-ball.flywheelsites.com\/wp-content\/uploads\/2016\/02\/20151215060147.jpg?w=300","type":"","width":"","height":""}],"author":"daniella","twitter_card":"summary_large_image","twitter_misc":{"Escrito por":false,"Est. tempo de leitura":"4 minutos"},"schema":{"@context":"https:\/\/schema.org","@graph":[{"@type":"Article","@id":"https:\/\/www.shavei.org\/pt-br\/blog\/2021\/05\/27\/dina-uma-garota-da-comunidade-bnei-menashe-e-que-e-cega-se-apresenta-no-palco-com-estrela-pop-israelense\/#article","isPartOf":{"@id":"https:\/\/www.shavei.org\/pt-br\/blog\/2021\/05\/27\/dina-uma-garota-da-comunidade-bnei-menashe-e-que-e-cega-se-apresenta-no-palco-com-estrela-pop-israelense\/"},"author":{"name":"daniella","@id":"https:\/\/www.shavei.org\/#\/schema\/person\/628be1364b127546c700d93458cf9e4c"},"headline":"Dina: uma garota da comunidade Bnei Menashe e que \u00e9 cega, se apresenta no palco com estrela pop israelense!","datePublished":"2021-05-27T14:16:19+00:00","mainEntityOfPage":{"@id":"https:\/\/www.shavei.org\/pt-br\/blog\/2021\/05\/27\/dina-uma-garota-da-comunidade-bnei-menashe-e-que-e-cega-se-apresenta-no-palco-com-estrela-pop-israelense\/"},"wordCount":763,"commentCount":0,"publisher":{"@id":"https:\/\/www.shavei.org\/#organization"},"image":{"@id":"https:\/\/www.shavei.org\/pt-br\/blog\/2021\/05\/27\/dina-uma-garota-da-comunidade-bnei-menashe-e-que-e-cega-se-apresenta-no-palco-com-estrela-pop-israelense\/#primaryimage"},"thumbnailUrl":"https:\/\/somber-ball.flywheelsites.com\/wp-content\/uploads\/2016\/02\/20151215060147.jpg?w=300","keywords":["arte|Bnei Menashe|can\u00e7\u00f5es|musica|show"],"articleSection":["JUDA\u00cdSMO&gt;M\u00fasica e Arte|BNEI ANUSSIM&gt;Retorno de outras comunidades"],"inLanguage":"pt-BR","potentialAction":[{"@type":"CommentAction","name":"Comment","target":["https:\/\/www.shavei.org\/pt-br\/blog\/2021\/05\/27\/dina-uma-garota-da-comunidade-bnei-menashe-e-que-e-cega-se-apresenta-no-palco-com-estrela-pop-israelense\/#respond"]}]},{"@type":"WebPage","@id":"https:\/\/www.shavei.org\/pt-br\/blog\/2021\/05\/27\/dina-uma-garota-da-comunidade-bnei-menashe-e-que-e-cega-se-apresenta-no-palco-com-estrela-pop-israelense\/","url":"https:\/\/www.shavei.org\/pt-br\/blog\/2021\/05\/27\/dina-uma-garota-da-comunidade-bnei-menashe-e-que-e-cega-se-apresenta-no-palco-com-estrela-pop-israelense\/","name":"Dina: uma garota da comunidade Bnei Menashe e que \u00e9 cega, se apresenta no palco com estrela pop israelense! - Shavei Israel","isPartOf":{"@id":"https:\/\/www.shavei.org\/#website"},"primaryImageOfPage":{"@id":"https:\/\/www.shavei.org\/pt-br\/blog\/2021\/05\/27\/dina-uma-garota-da-comunidade-bnei-menashe-e-que-e-cega-se-apresenta-no-palco-com-estrela-pop-israelense\/#primaryimage"},"image":{"@id":"https:\/\/www.shavei.org\/pt-br\/blog\/2021\/05\/27\/dina-uma-garota-da-comunidade-bnei-menashe-e-que-e-cega-se-apresenta-no-palco-com-estrela-pop-israelense\/#primaryimage"},"thumbnailUrl":"https:\/\/somber-ball.flywheelsites.com\/wp-content\/uploads\/2016\/02\/20151215060147.jpg?w=300","datePublished":"2021-05-27T14:16:19+00:00","breadcrumb":{"@id":"https:\/\/www.shavei.org\/pt-br\/blog\/2021\/05\/27\/dina-uma-garota-da-comunidade-bnei-menashe-e-que-e-cega-se-apresenta-no-palco-com-estrela-pop-israelense\/#breadcrumb"},"inLanguage":"pt-BR","potentialAction":[{"@type":"ReadAction","target":["https:\/\/www.shavei.org\/pt-br\/blog\/2021\/05\/27\/dina-uma-garota-da-comunidade-bnei-menashe-e-que-e-cega-se-apresenta-no-palco-com-estrela-pop-israelense\/"]}]},{"@type":"ImageObject","inLanguage":"pt-BR","@id":"https:\/\/www.shavei.org\/pt-br\/blog\/2021\/05\/27\/dina-uma-garota-da-comunidade-bnei-menashe-e-que-e-cega-se-apresenta-no-palco-com-estrela-pop-israelense\/#primaryimage","url":"https:\/\/somber-ball.flywheelsites.com\/wp-content\/uploads\/2016\/02\/20151215060147.jpg?w=300","contentUrl":"https:\/\/somber-ball.flywheelsites.com\/wp-content\/uploads\/2016\/02\/20151215060147.jpg?w=300"},{"@type":"BreadcrumbList","@id":"https:\/\/www.shavei.org\/pt-br\/blog\/2021\/05\/27\/dina-uma-garota-da-comunidade-bnei-menashe-e-que-e-cega-se-apresenta-no-palco-com-estrela-pop-israelense\/#breadcrumb","itemListElement":[{"@type":"ListItem","position":1,"name":"Home","item":"https:\/\/www.shavei.org\/"},{"@type":"ListItem","position":2,"name":"Dina: uma garota da comunidade Bnei Menashe e que \u00e9 cega, se apresenta no palco com estrela pop israelense!"}]},{"@type":"WebSite","@id":"https:\/\/www.shavei.org\/#website","url":"https:\/\/www.shavei.org\/","name":"Shavei Israel","description":"One nation, many faces. We help them all return.","publisher":{"@id":"https:\/\/www.shavei.org\/#organization"},"potentialAction":[{"@type":"SearchAction","target":{"@type":"EntryPoint","urlTemplate":"https:\/\/www.shavei.org\/?s={search_term_string}"},"query-input":{"@type":"PropertyValueSpecification","valueRequired":true,"valueName":"search_term_string"}}],"inLanguage":"pt-BR"},{"@type":"Organization","@id":"https:\/\/www.shavei.org\/#organization","name":"Shavei Israel","url":"https:\/\/www.shavei.org\/","logo":{"@type":"ImageObject","inLanguage":"pt-BR","@id":"https:\/\/www.shavei.org\/#\/schema\/logo\/image\/","url":"https:\/\/www.shavei.org\/wp-content\/uploads\/2017\/10\/shavei-logo.jpg","contentUrl":"https:\/\/www.shavei.org\/wp-content\/uploads\/2017\/10\/shavei-logo.jpg","width":300,"height":285,"caption":"Shavei Israel"},"image":{"@id":"https:\/\/www.shavei.org\/#\/schema\/logo\/image\/"}},{"@type":"Person","@id":"https:\/\/www.shavei.org\/#\/schema\/person\/628be1364b127546c700d93458cf9e4c","name":"daniella","image":{"@type":"ImageObject","inLanguage":"pt-BR","@id":"https:\/\/secure.gravatar.com\/avatar\/bf8b97193609e61ba4fd9bacc2cb0ef6ed3fbf5eb2df25350c1e263020233ff8?s=96&d=mm&r=g","url":"https:\/\/secure.gravatar.com\/avatar\/bf8b97193609e61ba4fd9bacc2cb0ef6ed3fbf5eb2df25350c1e263020233ff8?s=96&d=mm&r=g","contentUrl":"https:\/\/secure.gravatar.com\/avatar\/bf8b97193609e61ba4fd9bacc2cb0ef6ed3fbf5eb2df25350c1e263020233ff8?s=96&d=mm&r=g","caption":"daniella"},"url":"https:\/\/www.shavei.org\/pt-br\/blog\/author\/daniella\/"}]}},"_links":{"self":[{"href":"https:\/\/www.shavei.org\/pt-br\/wp-json\/wp\/v2\/posts\/137596","targetHints":{"allow":["GET"]}}],"collection":[{"href":"https:\/\/www.shavei.org\/pt-br\/wp-json\/wp\/v2\/posts"}],"about":[{"href":"https:\/\/www.shavei.org\/pt-br\/wp-json\/wp\/v2\/types\/post"}],"author":[{"embeddable":true,"href":"https:\/\/www.shavei.org\/pt-br\/wp-json\/wp\/v2\/users\/31"}],"replies":[{"embeddable":true,"href":"https:\/\/www.shavei.org\/pt-br\/wp-json\/wp\/v2\/comments?post=137596"}],"version-history":[{"count":0,"href":"https:\/\/www.shavei.org\/pt-br\/wp-json\/wp\/v2\/posts\/137596\/revisions"}],"wp:attachment":[{"href":"https:\/\/www.shavei.org\/pt-br\/wp-json\/wp\/v2\/media?parent=137596"}],"wp:term":[{"taxonomy":"category","embeddable":true,"href":"https:\/\/www.shavei.org\/pt-br\/wp-json\/wp\/v2\/categories?post=137596"},{"taxonomy":"post_tag","embeddable":true,"href":"https:\/\/www.shavei.org\/pt-br\/wp-json\/wp\/v2\/tags?post=137596"}],"curies":[{"name":"wp","href":"https:\/\/api.w.org\/{rel}","templated":true}]}}