{"id":137583,"date":"2021-05-27T16:15:30","date_gmt":"2021-05-27T14:15:30","guid":{"rendered":"https:\/\/www.shavei.org\/blog\/2021\/05\/27\/a-shavei-israel-abre-sua-primeira-estacao-de-radio-na-internet-em-portugues\/"},"modified":"2021-05-27T16:15:30","modified_gmt":"2021-05-27T14:15:30","slug":"a-shavei-israel-abre-sua-primeira-estacao-de-radio-na-internet-em-portugues","status":"publish","type":"post","link":"https:\/\/www.shavei.org\/pt-br\/blog\/2021\/05\/27\/a-shavei-israel-abre-sua-primeira-estacao-de-radio-na-internet-em-portugues\/","title":{"rendered":"A Shavei Israel abre sua Primeira Esta\u00e7\u00e3o de R\u00e1dio na Internet &#8211; EM PORTUGU\u00caS!"},"content":{"rendered":"<p><a href=\"https:\/\/somber-ball.flywheelsites.com\/wp-content\/uploads\/2016\/01\/radioshabel-1-300x194.jpg\" rel=\"attachment wp-att-401\"><img decoding=\"async\" class=\"alignleft size-full wp-image-401\" src=\"https:\/\/somber-ball.flywheelsites.com\/wp-content\/uploads\/2016\/01\/radioshabel-1-300x194.jpg\" alt=\"RadioShabel-1-300x194\" width=\"300\" height=\"194\" \/><\/a>A Shavei Israel abriu a sua primeira esta\u00e7\u00e3o de r\u00e1dio na internet. Se voc\u00ea fala Portugu\u00eas, o endere\u00e7o \u00e9 www.radioshabel.com, e, se trata do \u00faltimo projeto do emiss\u00e1rio da Shavei Israel, o Rabino Elisha Salas. O site oferece m\u00fasica judaica e aulas 24 horas por dia (com excess\u00e3o do Shabat), e pode ser acessadopor qualquer computador, celular ou tablet.<\/p>\n<p>O Rabino Salas tem dois objetivos com a esta\u00e7\u00e3o: em primeiro lugar, atingir os Bnei Anussim de Portugal e Brasil de uma nova maneira. E segundo, ajudar os turistas que est\u00e3o planejando visitar Belmonte, cidade aonde o Rabino Salas vive, encontrar abrigo e planejar melhor seu itiner\u00e1rio.RadioShabel 1A Shavei Israel abriu a sua primeira esta\u00e7\u00e3o de r\u00e1dio na internet. Se voc\u00ea fala Portugu\u00eas, o endere\u00e7o \u00e9 www.radioshabel.com, e, se trata do \u00faltimo projeto do emiss\u00e1rio da Shavei Israel, o Rabino Elisha Salas. O site oferece m\u00fasica judaica e aulas 24 horas por dia (com excess\u00e3o do Shabat), e pode ser acessadopor qualquer computador, celular ou tablet.<\/p>\n<p>Para esta finalidade, o site fornece informa\u00e7\u00f5es sobre o Beit Anussim, uma casa judaica na aldeia aonde os visitantes podem pernoitar e receber comida kosher. O Rabino Salas tamb\u00e9m realiza suas aulas no Beit Anussim e \u00e9 ali que os Bnei Anussim de Belmonte se re\u00fanem para o Shabat. O site Radioshabel oferece informa\u00e7\u00f5es sobre atividades dos Bnei Anussim, sua sinagoga, a Comunidade Judaica de Belmonte, os hor\u00e1rios do Shabat e os produtos kosher locais que possuem certificados (o Rabino Salas fornece a supervis\u00e3o local).<\/p>\n<p>Uma visita r\u00e1pido a programa\u00e7\u00e3o da Radioshabel mostra uma mistura de apresenta\u00e7\u00f5es rotativas: m\u00fasicas judaicas, portuguesas, brasileiras e chilenas; o programa semanal &#8220;Caf\u00e9 com o Rabino&#8221;, no qual o Rabino Salas responde a perguntas; outra aula semanal de Tor\u00e1 com o Rabino; e um show para come\u00e7ar a conectar-se com o Shabat, atrav\u00e9s de m\u00fasica e ensinamentos.<\/p>\n<p>O site Radioshabel tamb\u00e9m possui uma se\u00e7\u00e3o de bate-papo online; links para v\u00eddeos e fotos de Portugal e de outras comunidades onde a Shavei Israel atua; as \u00faltimas not\u00edcias de interesse para os Bnei Anussim que falam portugu\u00eas; e o link de um hotel nas proximidades que oferece refei\u00e7\u00f5es kosher.<\/p>\n<p>E este \u00e9 apenas o come\u00e7o! Haver\u00e3o mais aulas, not\u00edcias e v\u00eddeos (assim como do Machon Miriam, o Instituto de convers\u00e3o e retorno em Espanhol e Portugu\u00eas da Shavei Israel), tudo isso em breve.<\/p>\n<p>Se voc\u00ea pretende visitar Portugal, ou quer ouvir o que a comunidade local est\u00e1 escutando hoje, clique em www.radioshabel.com e difrute!<\/p>\n","protected":false},"excerpt":{"rendered":"<p>A Shavei Israel abriu a sua primeira esta\u00e7\u00e3o de r\u00e1dio na internet. Se voc\u00ea fala Portugu\u00eas, o endere\u00e7o \u00e9 www.radioshabel.com, e, se trata do \u00faltimo projeto do emiss\u00e1rio da Shavei Israel, o Rabino Elisha Salas. O site oferece m\u00fasica judaica e aulas 24 horas por&#8230;<\/p>\n","protected":false},"author":31,"featured_media":0,"comment_status":"open","ping_status":"open","sticky":false,"template":"","format":"standard","meta":{"give_campaign_id":0,"_exactmetrics_skip_tracking":false,"_exactmetrics_sitenote_active":false,"_exactmetrics_sitenote_note":"","_exactmetrics_sitenote_category":0,"ngg_post_thumbnail":0,"footnotes":""},"categories":[6732],"tags":[6733],"class_list":["post-137583","post","type-post","status-publish","format-standard","hentry","category-bnei-anussimartigos-sobre-as-atividades-da-shavei-israeljudaismomusica-e-arte","tag-bnei-anussimcancoesmusica-e-arteportuguesradioshabell"],"yoast_head":"<!-- This site is optimized with the Yoast SEO plugin v27.4 - https:\/\/yoast.com\/product\/yoast-seo-wordpress\/ -->\n<title>A Shavei Israel abre sua Primeira Esta\u00e7\u00e3o de R\u00e1dio na Internet - EM PORTUGU\u00caS! - Shavei Israel<\/title>\n<meta name=\"robots\" content=\"index, follow, max-snippet:-1, max-image-preview:large, max-video-preview:-1\" \/>\n<link rel=\"canonical\" href=\"https:\/\/www.shavei.org\/pt-br\/blog\/2021\/05\/27\/a-shavei-israel-abre-sua-primeira-estacao-de-radio-na-internet-em-portugues\/\" \/>\n<meta property=\"og:locale\" content=\"pt_BR\" \/>\n<meta property=\"og:type\" content=\"article\" \/>\n<meta property=\"og:title\" content=\"A Shavei Israel abre sua Primeira Esta\u00e7\u00e3o de R\u00e1dio na Internet - EM PORTUGU\u00caS! - Shavei Israel\" \/>\n<meta property=\"og:description\" content=\"A Shavei Israel abriu a sua primeira esta\u00e7\u00e3o de r\u00e1dio na internet. Se voc\u00ea fala Portugu\u00eas, o endere\u00e7o \u00e9 www.radioshabel.com, e, se trata do \u00faltimo projeto do emiss\u00e1rio da Shavei Israel, o Rabino Elisha Salas. O site oferece m\u00fasica judaica e aulas 24 horas por...\" \/>\n<meta property=\"og:url\" content=\"https:\/\/www.shavei.org\/pt-br\/blog\/2021\/05\/27\/a-shavei-israel-abre-sua-primeira-estacao-de-radio-na-internet-em-portugues\/\" \/>\n<meta property=\"og:site_name\" content=\"Shavei Israel\" \/>\n<meta property=\"article:published_time\" content=\"2021-05-27T14:15:30+00:00\" \/>\n<meta property=\"og:image\" content=\"https:\/\/somber-ball.flywheelsites.com\/wp-content\/uploads\/2016\/01\/radioshabel-1-300x194.jpg\" \/>\n<meta name=\"author\" content=\"daniella\" \/>\n<meta name=\"twitter:card\" content=\"summary_large_image\" \/>\n<meta name=\"twitter:label1\" content=\"Escrito por\" \/>\n\t<meta name=\"twitter:data1\" content=\"\" \/>\n\t<meta name=\"twitter:label2\" content=\"Est. tempo de leitura\" \/>\n\t<meta name=\"twitter:data2\" content=\"2 minutos\" \/>\n<script type=\"application\/ld+json\" class=\"yoast-schema-graph\">{\"@context\":\"https:\\\/\\\/schema.org\",\"@graph\":[{\"@type\":\"Article\",\"@id\":\"https:\\\/\\\/www.shavei.org\\\/pt-br\\\/blog\\\/2021\\\/05\\\/27\\\/a-shavei-israel-abre-sua-primeira-estacao-de-radio-na-internet-em-portugues\\\/#article\",\"isPartOf\":{\"@id\":\"https:\\\/\\\/www.shavei.org\\\/pt-br\\\/blog\\\/2021\\\/05\\\/27\\\/a-shavei-israel-abre-sua-primeira-estacao-de-radio-na-internet-em-portugues\\\/\"},\"author\":{\"name\":\"daniella\",\"@id\":\"https:\\\/\\\/www.shavei.org\\\/#\\\/schema\\\/person\\\/628be1364b127546c700d93458cf9e4c\"},\"headline\":\"A Shavei Israel abre sua Primeira Esta\u00e7\u00e3o de R\u00e1dio na Internet &#8211; EM PORTUGU\u00caS!\",\"datePublished\":\"2021-05-27T14:15:30+00:00\",\"mainEntityOfPage\":{\"@id\":\"https:\\\/\\\/www.shavei.org\\\/pt-br\\\/blog\\\/2021\\\/05\\\/27\\\/a-shavei-israel-abre-sua-primeira-estacao-de-radio-na-internet-em-portugues\\\/\"},\"wordCount\":472,\"commentCount\":0,\"publisher\":{\"@id\":\"https:\\\/\\\/www.shavei.org\\\/#organization\"},\"image\":{\"@id\":\"https:\\\/\\\/www.shavei.org\\\/pt-br\\\/blog\\\/2021\\\/05\\\/27\\\/a-shavei-israel-abre-sua-primeira-estacao-de-radio-na-internet-em-portugues\\\/#primaryimage\"},\"thumbnailUrl\":\"https:\\\/\\\/somber-ball.flywheelsites.com\\\/wp-content\\\/uploads\\\/2016\\\/01\\\/radioshabel-1-300x194.jpg\",\"keywords\":[\"Bnei Anussim|can\u00e7\u00f5es|m\u00fasica e arte|Portugu\u00eas|R\u00e1dio|Shabell\"],\"articleSection\":[\"BNEI ANUSSIM&gt;Artigos sobre as Atividades da Shavei Israel|JUDA\u00cdSMO&gt;M\u00fasica e Arte\"],\"inLanguage\":\"pt-BR\",\"potentialAction\":[{\"@type\":\"CommentAction\",\"name\":\"Comment\",\"target\":[\"https:\\\/\\\/www.shavei.org\\\/pt-br\\\/blog\\\/2021\\\/05\\\/27\\\/a-shavei-israel-abre-sua-primeira-estacao-de-radio-na-internet-em-portugues\\\/#respond\"]}]},{\"@type\":\"WebPage\",\"@id\":\"https:\\\/\\\/www.shavei.org\\\/pt-br\\\/blog\\\/2021\\\/05\\\/27\\\/a-shavei-israel-abre-sua-primeira-estacao-de-radio-na-internet-em-portugues\\\/\",\"url\":\"https:\\\/\\\/www.shavei.org\\\/pt-br\\\/blog\\\/2021\\\/05\\\/27\\\/a-shavei-israel-abre-sua-primeira-estacao-de-radio-na-internet-em-portugues\\\/\",\"name\":\"A Shavei Israel abre sua Primeira Esta\u00e7\u00e3o de R\u00e1dio na Internet - EM PORTUGU\u00caS! - Shavei Israel\",\"isPartOf\":{\"@id\":\"https:\\\/\\\/www.shavei.org\\\/#website\"},\"primaryImageOfPage\":{\"@id\":\"https:\\\/\\\/www.shavei.org\\\/pt-br\\\/blog\\\/2021\\\/05\\\/27\\\/a-shavei-israel-abre-sua-primeira-estacao-de-radio-na-internet-em-portugues\\\/#primaryimage\"},\"image\":{\"@id\":\"https:\\\/\\\/www.shavei.org\\\/pt-br\\\/blog\\\/2021\\\/05\\\/27\\\/a-shavei-israel-abre-sua-primeira-estacao-de-radio-na-internet-em-portugues\\\/#primaryimage\"},\"thumbnailUrl\":\"https:\\\/\\\/somber-ball.flywheelsites.com\\\/wp-content\\\/uploads\\\/2016\\\/01\\\/radioshabel-1-300x194.jpg\",\"datePublished\":\"2021-05-27T14:15:30+00:00\",\"breadcrumb\":{\"@id\":\"https:\\\/\\\/www.shavei.org\\\/pt-br\\\/blog\\\/2021\\\/05\\\/27\\\/a-shavei-israel-abre-sua-primeira-estacao-de-radio-na-internet-em-portugues\\\/#breadcrumb\"},\"inLanguage\":\"pt-BR\",\"potentialAction\":[{\"@type\":\"ReadAction\",\"target\":[\"https:\\\/\\\/www.shavei.org\\\/pt-br\\\/blog\\\/2021\\\/05\\\/27\\\/a-shavei-israel-abre-sua-primeira-estacao-de-radio-na-internet-em-portugues\\\/\"]}]},{\"@type\":\"ImageObject\",\"inLanguage\":\"pt-BR\",\"@id\":\"https:\\\/\\\/www.shavei.org\\\/pt-br\\\/blog\\\/2021\\\/05\\\/27\\\/a-shavei-israel-abre-sua-primeira-estacao-de-radio-na-internet-em-portugues\\\/#primaryimage\",\"url\":\"https:\\\/\\\/somber-ball.flywheelsites.com\\\/wp-content\\\/uploads\\\/2016\\\/01\\\/radioshabel-1-300x194.jpg\",\"contentUrl\":\"https:\\\/\\\/somber-ball.flywheelsites.com\\\/wp-content\\\/uploads\\\/2016\\\/01\\\/radioshabel-1-300x194.jpg\"},{\"@type\":\"BreadcrumbList\",\"@id\":\"https:\\\/\\\/www.shavei.org\\\/pt-br\\\/blog\\\/2021\\\/05\\\/27\\\/a-shavei-israel-abre-sua-primeira-estacao-de-radio-na-internet-em-portugues\\\/#breadcrumb\",\"itemListElement\":[{\"@type\":\"ListItem\",\"position\":1,\"name\":\"Home\",\"item\":\"https:\\\/\\\/www.shavei.org\\\/\"},{\"@type\":\"ListItem\",\"position\":2,\"name\":\"A Shavei Israel abre sua Primeira Esta\u00e7\u00e3o de R\u00e1dio na Internet &#8211; EM PORTUGU\u00caS!\"}]},{\"@type\":\"WebSite\",\"@id\":\"https:\\\/\\\/www.shavei.org\\\/#website\",\"url\":\"https:\\\/\\\/www.shavei.org\\\/\",\"name\":\"Shavei Israel\",\"description\":\"One nation, many faces. We help them all return.\",\"publisher\":{\"@id\":\"https:\\\/\\\/www.shavei.org\\\/#organization\"},\"potentialAction\":[{\"@type\":\"SearchAction\",\"target\":{\"@type\":\"EntryPoint\",\"urlTemplate\":\"https:\\\/\\\/www.shavei.org\\\/?s={search_term_string}\"},\"query-input\":{\"@type\":\"PropertyValueSpecification\",\"valueRequired\":true,\"valueName\":\"search_term_string\"}}],\"inLanguage\":\"pt-BR\"},{\"@type\":\"Organization\",\"@id\":\"https:\\\/\\\/www.shavei.org\\\/#organization\",\"name\":\"Shavei Israel\",\"url\":\"https:\\\/\\\/www.shavei.org\\\/\",\"logo\":{\"@type\":\"ImageObject\",\"inLanguage\":\"pt-BR\",\"@id\":\"https:\\\/\\\/www.shavei.org\\\/#\\\/schema\\\/logo\\\/image\\\/\",\"url\":\"https:\\\/\\\/www.shavei.org\\\/wp-content\\\/uploads\\\/2017\\\/10\\\/shavei-logo.jpg\",\"contentUrl\":\"https:\\\/\\\/www.shavei.org\\\/wp-content\\\/uploads\\\/2017\\\/10\\\/shavei-logo.jpg\",\"width\":300,\"height\":285,\"caption\":\"Shavei Israel\"},\"image\":{\"@id\":\"https:\\\/\\\/www.shavei.org\\\/#\\\/schema\\\/logo\\\/image\\\/\"}},{\"@type\":\"Person\",\"@id\":\"https:\\\/\\\/www.shavei.org\\\/#\\\/schema\\\/person\\\/628be1364b127546c700d93458cf9e4c\",\"name\":\"daniella\",\"image\":{\"@type\":\"ImageObject\",\"inLanguage\":\"pt-BR\",\"@id\":\"https:\\\/\\\/secure.gravatar.com\\\/avatar\\\/bf8b97193609e61ba4fd9bacc2cb0ef6ed3fbf5eb2df25350c1e263020233ff8?s=96&d=mm&r=g\",\"url\":\"https:\\\/\\\/secure.gravatar.com\\\/avatar\\\/bf8b97193609e61ba4fd9bacc2cb0ef6ed3fbf5eb2df25350c1e263020233ff8?s=96&d=mm&r=g\",\"contentUrl\":\"https:\\\/\\\/secure.gravatar.com\\\/avatar\\\/bf8b97193609e61ba4fd9bacc2cb0ef6ed3fbf5eb2df25350c1e263020233ff8?s=96&d=mm&r=g\",\"caption\":\"daniella\"},\"url\":\"https:\\\/\\\/www.shavei.org\\\/pt-br\\\/blog\\\/author\\\/daniella\\\/\"}]}<\/script>\n<!-- \/ Yoast SEO plugin. -->","yoast_head_json":{"title":"A Shavei Israel abre sua Primeira Esta\u00e7\u00e3o de R\u00e1dio na Internet - EM PORTUGU\u00caS! - Shavei Israel","robots":{"index":"index","follow":"follow","max-snippet":"max-snippet:-1","max-image-preview":"max-image-preview:large","max-video-preview":"max-video-preview:-1"},"canonical":"https:\/\/www.shavei.org\/pt-br\/blog\/2021\/05\/27\/a-shavei-israel-abre-sua-primeira-estacao-de-radio-na-internet-em-portugues\/","og_locale":"pt_BR","og_type":"article","og_title":"A Shavei Israel abre sua Primeira Esta\u00e7\u00e3o de R\u00e1dio na Internet - EM PORTUGU\u00caS! - Shavei Israel","og_description":"A Shavei Israel abriu a sua primeira esta\u00e7\u00e3o de r\u00e1dio na internet. Se voc\u00ea fala Portugu\u00eas, o endere\u00e7o \u00e9 www.radioshabel.com, e, se trata do \u00faltimo projeto do emiss\u00e1rio da Shavei Israel, o Rabino Elisha Salas. O site oferece m\u00fasica judaica e aulas 24 horas por...","og_url":"https:\/\/www.shavei.org\/pt-br\/blog\/2021\/05\/27\/a-shavei-israel-abre-sua-primeira-estacao-de-radio-na-internet-em-portugues\/","og_site_name":"Shavei Israel","article_published_time":"2021-05-27T14:15:30+00:00","og_image":[{"url":"https:\/\/somber-ball.flywheelsites.com\/wp-content\/uploads\/2016\/01\/radioshabel-1-300x194.jpg","type":"","width":"","height":""}],"author":"daniella","twitter_card":"summary_large_image","twitter_misc":{"Escrito por":false,"Est. tempo de leitura":"2 minutos"},"schema":{"@context":"https:\/\/schema.org","@graph":[{"@type":"Article","@id":"https:\/\/www.shavei.org\/pt-br\/blog\/2021\/05\/27\/a-shavei-israel-abre-sua-primeira-estacao-de-radio-na-internet-em-portugues\/#article","isPartOf":{"@id":"https:\/\/www.shavei.org\/pt-br\/blog\/2021\/05\/27\/a-shavei-israel-abre-sua-primeira-estacao-de-radio-na-internet-em-portugues\/"},"author":{"name":"daniella","@id":"https:\/\/www.shavei.org\/#\/schema\/person\/628be1364b127546c700d93458cf9e4c"},"headline":"A Shavei Israel abre sua Primeira Esta\u00e7\u00e3o de R\u00e1dio na Internet &#8211; EM PORTUGU\u00caS!","datePublished":"2021-05-27T14:15:30+00:00","mainEntityOfPage":{"@id":"https:\/\/www.shavei.org\/pt-br\/blog\/2021\/05\/27\/a-shavei-israel-abre-sua-primeira-estacao-de-radio-na-internet-em-portugues\/"},"wordCount":472,"commentCount":0,"publisher":{"@id":"https:\/\/www.shavei.org\/#organization"},"image":{"@id":"https:\/\/www.shavei.org\/pt-br\/blog\/2021\/05\/27\/a-shavei-israel-abre-sua-primeira-estacao-de-radio-na-internet-em-portugues\/#primaryimage"},"thumbnailUrl":"https:\/\/somber-ball.flywheelsites.com\/wp-content\/uploads\/2016\/01\/radioshabel-1-300x194.jpg","keywords":["Bnei Anussim|can\u00e7\u00f5es|m\u00fasica e arte|Portugu\u00eas|R\u00e1dio|Shabell"],"articleSection":["BNEI ANUSSIM&gt;Artigos sobre as Atividades da Shavei Israel|JUDA\u00cdSMO&gt;M\u00fasica e Arte"],"inLanguage":"pt-BR","potentialAction":[{"@type":"CommentAction","name":"Comment","target":["https:\/\/www.shavei.org\/pt-br\/blog\/2021\/05\/27\/a-shavei-israel-abre-sua-primeira-estacao-de-radio-na-internet-em-portugues\/#respond"]}]},{"@type":"WebPage","@id":"https:\/\/www.shavei.org\/pt-br\/blog\/2021\/05\/27\/a-shavei-israel-abre-sua-primeira-estacao-de-radio-na-internet-em-portugues\/","url":"https:\/\/www.shavei.org\/pt-br\/blog\/2021\/05\/27\/a-shavei-israel-abre-sua-primeira-estacao-de-radio-na-internet-em-portugues\/","name":"A Shavei Israel abre sua Primeira Esta\u00e7\u00e3o de R\u00e1dio na Internet - EM PORTUGU\u00caS! - Shavei Israel","isPartOf":{"@id":"https:\/\/www.shavei.org\/#website"},"primaryImageOfPage":{"@id":"https:\/\/www.shavei.org\/pt-br\/blog\/2021\/05\/27\/a-shavei-israel-abre-sua-primeira-estacao-de-radio-na-internet-em-portugues\/#primaryimage"},"image":{"@id":"https:\/\/www.shavei.org\/pt-br\/blog\/2021\/05\/27\/a-shavei-israel-abre-sua-primeira-estacao-de-radio-na-internet-em-portugues\/#primaryimage"},"thumbnailUrl":"https:\/\/somber-ball.flywheelsites.com\/wp-content\/uploads\/2016\/01\/radioshabel-1-300x194.jpg","datePublished":"2021-05-27T14:15:30+00:00","breadcrumb":{"@id":"https:\/\/www.shavei.org\/pt-br\/blog\/2021\/05\/27\/a-shavei-israel-abre-sua-primeira-estacao-de-radio-na-internet-em-portugues\/#breadcrumb"},"inLanguage":"pt-BR","potentialAction":[{"@type":"ReadAction","target":["https:\/\/www.shavei.org\/pt-br\/blog\/2021\/05\/27\/a-shavei-israel-abre-sua-primeira-estacao-de-radio-na-internet-em-portugues\/"]}]},{"@type":"ImageObject","inLanguage":"pt-BR","@id":"https:\/\/www.shavei.org\/pt-br\/blog\/2021\/05\/27\/a-shavei-israel-abre-sua-primeira-estacao-de-radio-na-internet-em-portugues\/#primaryimage","url":"https:\/\/somber-ball.flywheelsites.com\/wp-content\/uploads\/2016\/01\/radioshabel-1-300x194.jpg","contentUrl":"https:\/\/somber-ball.flywheelsites.com\/wp-content\/uploads\/2016\/01\/radioshabel-1-300x194.jpg"},{"@type":"BreadcrumbList","@id":"https:\/\/www.shavei.org\/pt-br\/blog\/2021\/05\/27\/a-shavei-israel-abre-sua-primeira-estacao-de-radio-na-internet-em-portugues\/#breadcrumb","itemListElement":[{"@type":"ListItem","position":1,"name":"Home","item":"https:\/\/www.shavei.org\/"},{"@type":"ListItem","position":2,"name":"A Shavei Israel abre sua Primeira Esta\u00e7\u00e3o de R\u00e1dio na Internet &#8211; EM PORTUGU\u00caS!"}]},{"@type":"WebSite","@id":"https:\/\/www.shavei.org\/#website","url":"https:\/\/www.shavei.org\/","name":"Shavei Israel","description":"One nation, many faces. We help them all return.","publisher":{"@id":"https:\/\/www.shavei.org\/#organization"},"potentialAction":[{"@type":"SearchAction","target":{"@type":"EntryPoint","urlTemplate":"https:\/\/www.shavei.org\/?s={search_term_string}"},"query-input":{"@type":"PropertyValueSpecification","valueRequired":true,"valueName":"search_term_string"}}],"inLanguage":"pt-BR"},{"@type":"Organization","@id":"https:\/\/www.shavei.org\/#organization","name":"Shavei Israel","url":"https:\/\/www.shavei.org\/","logo":{"@type":"ImageObject","inLanguage":"pt-BR","@id":"https:\/\/www.shavei.org\/#\/schema\/logo\/image\/","url":"https:\/\/www.shavei.org\/wp-content\/uploads\/2017\/10\/shavei-logo.jpg","contentUrl":"https:\/\/www.shavei.org\/wp-content\/uploads\/2017\/10\/shavei-logo.jpg","width":300,"height":285,"caption":"Shavei Israel"},"image":{"@id":"https:\/\/www.shavei.org\/#\/schema\/logo\/image\/"}},{"@type":"Person","@id":"https:\/\/www.shavei.org\/#\/schema\/person\/628be1364b127546c700d93458cf9e4c","name":"daniella","image":{"@type":"ImageObject","inLanguage":"pt-BR","@id":"https:\/\/secure.gravatar.com\/avatar\/bf8b97193609e61ba4fd9bacc2cb0ef6ed3fbf5eb2df25350c1e263020233ff8?s=96&d=mm&r=g","url":"https:\/\/secure.gravatar.com\/avatar\/bf8b97193609e61ba4fd9bacc2cb0ef6ed3fbf5eb2df25350c1e263020233ff8?s=96&d=mm&r=g","contentUrl":"https:\/\/secure.gravatar.com\/avatar\/bf8b97193609e61ba4fd9bacc2cb0ef6ed3fbf5eb2df25350c1e263020233ff8?s=96&d=mm&r=g","caption":"daniella"},"url":"https:\/\/www.shavei.org\/pt-br\/blog\/author\/daniella\/"}]}},"_links":{"self":[{"href":"https:\/\/www.shavei.org\/pt-br\/wp-json\/wp\/v2\/posts\/137583","targetHints":{"allow":["GET"]}}],"collection":[{"href":"https:\/\/www.shavei.org\/pt-br\/wp-json\/wp\/v2\/posts"}],"about":[{"href":"https:\/\/www.shavei.org\/pt-br\/wp-json\/wp\/v2\/types\/post"}],"author":[{"embeddable":true,"href":"https:\/\/www.shavei.org\/pt-br\/wp-json\/wp\/v2\/users\/31"}],"replies":[{"embeddable":true,"href":"https:\/\/www.shavei.org\/pt-br\/wp-json\/wp\/v2\/comments?post=137583"}],"version-history":[{"count":0,"href":"https:\/\/www.shavei.org\/pt-br\/wp-json\/wp\/v2\/posts\/137583\/revisions"}],"wp:attachment":[{"href":"https:\/\/www.shavei.org\/pt-br\/wp-json\/wp\/v2\/media?parent=137583"}],"wp:term":[{"taxonomy":"category","embeddable":true,"href":"https:\/\/www.shavei.org\/pt-br\/wp-json\/wp\/v2\/categories?post=137583"},{"taxonomy":"post_tag","embeddable":true,"href":"https:\/\/www.shavei.org\/pt-br\/wp-json\/wp\/v2\/tags?post=137583"}],"curies":[{"name":"wp","href":"https:\/\/api.w.org\/{rel}","templated":true}]}}