{"id":105828,"date":"2019-10-10T12:34:54","date_gmt":"2019-10-10T10:34:54","guid":{"rendered":"https:\/\/www.shavei.org\/convivio-na-shavei-israel-pelo-novo-ano-judaico\/"},"modified":"2019-10-10T12:36:13","modified_gmt":"2019-10-10T10:36:13","slug":"convivio-na-shavei-israel-pelo-novo-ano-judaico","status":"publish","type":"post","link":"https:\/\/www.shavei.org\/pt-br\/blog\/2019\/10\/10\/convivio-na-shavei-israel-pelo-novo-ano-judaico\/","title":{"rendered":"Conv\u00edvio na Shavei Israel pelo novo ano judaico"},"content":{"rendered":"\n<p>Mesmo a tempo do nosso conv\u00edvio anual do\nAno Novo Judaico, o Centro Ma&#8217;ani da Shavei Israel, com o apoio do Minist\u00e9rio\nda Cultura e Desporto de Israel, inaugurou a bela exposi\u00e7\u00e3o de fotos <em>Da\n\u00cdndia para Israel: uma jornada fotogr\u00e1fica,<\/em> com obras magn\u00edficas dos\nfot\u00f3grafos Laura Ben-David e Dr. Yehuda Schwartz.<\/p>\n\n\n\n<p>As fotos s\u00e3o dedicadas \u00e0s comunidades Bnei\nMenashe de Manipur e Mizoram e a sua ali\u00e1 para Israel, e representam alguns dos\ncap\u00edtulos mais importantes da sua hist\u00f3ria: a vida na \u00cdndia, nas suas aldeias\ntradicionais, a longa jornada at\u00e9 ao Estado de Israel, o in\u00edcio das suas novas\nvidas na Terra Santa, casamentos, servi\u00e7o no Tzahal, (For\u00e7as de Defesa de\nIsrael), aprendizagem da Tor\u00e1, e muitos outros eventos felizes.<\/p>\n\n\n\n<p>A abertura da exposi\u00e7\u00e3o incluiu um brinde\nfestivo do Ano Novo judaico e discursos por parte do presidente e fundador da\nShavei Israel, Michael Freund, de emiss\u00e1rios e funcion\u00e1rios da organiza\u00e7\u00e3o e, \u00e9\nclaro, dos talentosos fot\u00f3grafos.<\/p>\n\n\n\n<p>Gostaria de organizar esta bela e\ninspiradora exposi\u00e7\u00e3o na sua sinagoga ou centro comunit\u00e1rio? Entre em contacto\ne ajud\u00e1-lo-emos a p\u00f4r isso em pr\u00e1tica! Escreva para office@shavei.org para\nobter mais informa\u00e7\u00f5es.<\/p>\n\n\n\n<ul class=\"wp-block-gallery columns-3 is-cropped wp-block-gallery-1 is-layout-flex wp-block-gallery-is-layout-flex\"><li class=\"blocks-gallery-item\"><figure><img decoding=\"async\" width=\"1600\" height=\"1200\" src=\"https:\/\/i1.wp.com\/fluttering-quail.flywheelsites.com\/wp-content\/uploads\/2019\/10\/cb532215-9df0-4ab5-aed1-965cf275f717.jpg?fit=1024%2C768&amp;ssl=1\" alt=\"\" data-id=\"105681\" data-link=\"https:\/\/www.shavei.org\/?attachment_id=105681\" class=\"wp-image-105681\" srcset=\"https:\/\/www.shavei.org\/wp-content\/uploads\/2019\/10\/cb532215-9df0-4ab5-aed1-965cf275f717.jpg 1600w, https:\/\/www.shavei.org\/wp-content\/uploads\/2019\/10\/cb532215-9df0-4ab5-aed1-965cf275f717-300x225.jpg 300w, https:\/\/www.shavei.org\/wp-content\/uploads\/2019\/10\/cb532215-9df0-4ab5-aed1-965cf275f717-1024x768.jpg 1024w, https:\/\/www.shavei.org\/wp-content\/uploads\/2019\/10\/cb532215-9df0-4ab5-aed1-965cf275f717-800x600.jpg 800w, https:\/\/www.shavei.org\/wp-content\/uploads\/2019\/10\/cb532215-9df0-4ab5-aed1-965cf275f717-700x525.jpg 700w\" sizes=\"(max-width: 1600px) 100vw, 1600px\" \/><\/figure><\/li><li class=\"blocks-gallery-item\"><figure><img decoding=\"async\" width=\"1600\" height=\"1200\" src=\"https:\/\/i0.wp.com\/fluttering-quail.flywheelsites.com\/wp-content\/uploads\/2019\/10\/d6fb5cd1-539b-4f8b-bc21-3cdba1196d17.jpg?fit=1024%2C768&amp;ssl=1\" alt=\"\" data-id=\"105689\" data-link=\"https:\/\/www.shavei.org\/?attachment_id=105689\" class=\"wp-image-105689\" srcset=\"https:\/\/www.shavei.org\/wp-content\/uploads\/2019\/10\/d6fb5cd1-539b-4f8b-bc21-3cdba1196d17.jpg 1600w, https:\/\/www.shavei.org\/wp-content\/uploads\/2019\/10\/d6fb5cd1-539b-4f8b-bc21-3cdba1196d17-300x225.jpg 300w, https:\/\/www.shavei.org\/wp-content\/uploads\/2019\/10\/d6fb5cd1-539b-4f8b-bc21-3cdba1196d17-1024x768.jpg 1024w, https:\/\/www.shavei.org\/wp-content\/uploads\/2019\/10\/d6fb5cd1-539b-4f8b-bc21-3cdba1196d17-800x600.jpg 800w, https:\/\/www.shavei.org\/wp-content\/uploads\/2019\/10\/d6fb5cd1-539b-4f8b-bc21-3cdba1196d17-700x525.jpg 700w\" sizes=\"(max-width: 1600px) 100vw, 1600px\" \/><\/figure><\/li><li class=\"blocks-gallery-item\"><figure><img decoding=\"async\" width=\"1600\" height=\"1200\" src=\"https:\/\/i2.wp.com\/fluttering-quail.flywheelsites.com\/wp-content\/uploads\/2019\/10\/7f2fe4d5-522b-4c1c-9f58-4eb0036df5ba.jpg?fit=1024%2C768&amp;ssl=1\" alt=\"\" data-id=\"105697\" data-link=\"https:\/\/www.shavei.org\/?attachment_id=105697\" class=\"wp-image-105697\" srcset=\"https:\/\/www.shavei.org\/wp-content\/uploads\/2019\/10\/7f2fe4d5-522b-4c1c-9f58-4eb0036df5ba.jpg 1600w, https:\/\/www.shavei.org\/wp-content\/uploads\/2019\/10\/7f2fe4d5-522b-4c1c-9f58-4eb0036df5ba-300x225.jpg 300w, https:\/\/www.shavei.org\/wp-content\/uploads\/2019\/10\/7f2fe4d5-522b-4c1c-9f58-4eb0036df5ba-1024x768.jpg 1024w, https:\/\/www.shavei.org\/wp-content\/uploads\/2019\/10\/7f2fe4d5-522b-4c1c-9f58-4eb0036df5ba-800x600.jpg 800w, https:\/\/www.shavei.org\/wp-content\/uploads\/2019\/10\/7f2fe4d5-522b-4c1c-9f58-4eb0036df5ba-700x525.jpg 700w\" sizes=\"(max-width: 1600px) 100vw, 1600px\" \/><\/figure><\/li><li class=\"blocks-gallery-item\"><figure><img decoding=\"async\" width=\"1600\" height=\"1200\" src=\"https:\/\/i0.wp.com\/fluttering-quail.flywheelsites.com\/wp-content\/uploads\/2019\/10\/8ad385b6-8869-4a71-bd70-3bcbcc7fc65e.jpg?fit=1024%2C768&amp;ssl=1\" alt=\"\" data-id=\"105705\" data-link=\"https:\/\/www.shavei.org\/?attachment_id=105705\" class=\"wp-image-105705\" srcset=\"https:\/\/www.shavei.org\/wp-content\/uploads\/2019\/10\/8ad385b6-8869-4a71-bd70-3bcbcc7fc65e.jpg 1600w, https:\/\/www.shavei.org\/wp-content\/uploads\/2019\/10\/8ad385b6-8869-4a71-bd70-3bcbcc7fc65e-300x225.jpg 300w, https:\/\/www.shavei.org\/wp-content\/uploads\/2019\/10\/8ad385b6-8869-4a71-bd70-3bcbcc7fc65e-1024x768.jpg 1024w, https:\/\/www.shavei.org\/wp-content\/uploads\/2019\/10\/8ad385b6-8869-4a71-bd70-3bcbcc7fc65e-800x600.jpg 800w, https:\/\/www.shavei.org\/wp-content\/uploads\/2019\/10\/8ad385b6-8869-4a71-bd70-3bcbcc7fc65e-700x525.jpg 700w\" sizes=\"(max-width: 1600px) 100vw, 1600px\" \/><\/figure><\/li><li class=\"blocks-gallery-item\"><figure><img decoding=\"async\" width=\"1600\" height=\"1200\" src=\"https:\/\/i1.wp.com\/fluttering-quail.flywheelsites.com\/wp-content\/uploads\/2019\/10\/79f1d8f8-f020-48e1-a72c-0628e8bc7f49.jpg?fit=1024%2C768&amp;ssl=1\" alt=\"\" data-id=\"105713\" data-link=\"https:\/\/www.shavei.org\/?attachment_id=105713\" class=\"wp-image-105713\" srcset=\"https:\/\/www.shavei.org\/wp-content\/uploads\/2019\/10\/79f1d8f8-f020-48e1-a72c-0628e8bc7f49.jpg 1600w, https:\/\/www.shavei.org\/wp-content\/uploads\/2019\/10\/79f1d8f8-f020-48e1-a72c-0628e8bc7f49-300x225.jpg 300w, https:\/\/www.shavei.org\/wp-content\/uploads\/2019\/10\/79f1d8f8-f020-48e1-a72c-0628e8bc7f49-1024x768.jpg 1024w, https:\/\/www.shavei.org\/wp-content\/uploads\/2019\/10\/79f1d8f8-f020-48e1-a72c-0628e8bc7f49-800x600.jpg 800w, https:\/\/www.shavei.org\/wp-content\/uploads\/2019\/10\/79f1d8f8-f020-48e1-a72c-0628e8bc7f49-700x525.jpg 700w\" sizes=\"(max-width: 1600px) 100vw, 1600px\" \/><\/figure><\/li><li class=\"blocks-gallery-item\"><figure><img decoding=\"async\" width=\"1600\" height=\"1200\" src=\"https:\/\/i1.wp.com\/fluttering-quail.flywheelsites.com\/wp-content\/uploads\/2019\/10\/af937d4f-8150-4a86-98cd-751208568883.jpg?fit=1024%2C768&amp;ssl=1\" alt=\"\" data-id=\"105721\" data-link=\"https:\/\/www.shavei.org\/?attachment_id=105721\" class=\"wp-image-105721\" srcset=\"https:\/\/www.shavei.org\/wp-content\/uploads\/2019\/10\/af937d4f-8150-4a86-98cd-751208568883.jpg 1600w, https:\/\/www.shavei.org\/wp-content\/uploads\/2019\/10\/af937d4f-8150-4a86-98cd-751208568883-300x225.jpg 300w, https:\/\/www.shavei.org\/wp-content\/uploads\/2019\/10\/af937d4f-8150-4a86-98cd-751208568883-1024x768.jpg 1024w, https:\/\/www.shavei.org\/wp-content\/uploads\/2019\/10\/af937d4f-8150-4a86-98cd-751208568883-800x600.jpg 800w, https:\/\/www.shavei.org\/wp-content\/uploads\/2019\/10\/af937d4f-8150-4a86-98cd-751208568883-700x525.jpg 700w\" sizes=\"(max-width: 1600px) 100vw, 1600px\" \/><\/figure><\/li><li class=\"blocks-gallery-item\"><figure><img decoding=\"async\" width=\"1600\" height=\"1098\" src=\"https:\/\/i0.wp.com\/fluttering-quail.flywheelsites.com\/wp-content\/uploads\/2019\/10\/b6b8b4de-329b-435d-8a92-9e52dfa47675.jpg?fit=1024%2C703&amp;ssl=1\" alt=\"\" data-id=\"105729\" data-link=\"https:\/\/www.shavei.org\/?attachment_id=105729\" class=\"wp-image-105729\" srcset=\"https:\/\/www.shavei.org\/wp-content\/uploads\/2019\/10\/b6b8b4de-329b-435d-8a92-9e52dfa47675.jpg 1600w, https:\/\/www.shavei.org\/wp-content\/uploads\/2019\/10\/b6b8b4de-329b-435d-8a92-9e52dfa47675-300x206.jpg 300w, https:\/\/www.shavei.org\/wp-content\/uploads\/2019\/10\/b6b8b4de-329b-435d-8a92-9e52dfa47675-1024x703.jpg 1024w, https:\/\/www.shavei.org\/wp-content\/uploads\/2019\/10\/b6b8b4de-329b-435d-8a92-9e52dfa47675-700x480.jpg 700w\" sizes=\"(max-width: 1600px) 100vw, 1600px\" \/><\/figure><\/li><\/ul>\n","protected":false},"excerpt":{"rendered":"<p>Mesmo a tempo do nosso conv\u00edvio anual do Ano Novo Judaico, o Centro Ma&#8217;ani da Shavei Israel, com o apoio do Minist\u00e9rio da Cultura e Desporto de Israel, inaugurou a bela exposi\u00e7\u00e3o de fotos Da \u00cdndia para Israel: uma jornada fotogr\u00e1fica, com obras magn\u00edficas dos&#8230;<\/p>\n","protected":false},"author":12,"featured_media":105733,"comment_status":"open","ping_status":"open","sticky":false,"template":"","format":"standard","meta":{"give_campaign_id":0,"_exactmetrics_skip_tracking":false,"_exactmetrics_sitenote_active":false,"_exactmetrics_sitenote_note":"","_exactmetrics_sitenote_category":0,"ngg_post_thumbnail":0,"footnotes":""},"categories":[1892,1937,2026,2027],"tags":[294,2030,389],"class_list":["post-105828","post","type-post","status-publish","format-standard","has-post-thumbnail","hentry","category-bnei-menashe-images-pt-br","category-features-pt-br","category-holidays-festivals","category-maani-center-pt-br","tag-bnei-menashe","tag-exposicao-de-fotos","tag-judaismo"],"yoast_head":"<!-- This site is optimized with the Yoast SEO plugin v27.4 - https:\/\/yoast.com\/product\/yoast-seo-wordpress\/ -->\n<title>Conv\u00edvio na Shavei Israel pelo novo ano judaico - Shavei Israel<\/title>\n<meta name=\"robots\" content=\"index, follow, max-snippet:-1, max-image-preview:large, max-video-preview:-1\" \/>\n<link rel=\"canonical\" href=\"https:\/\/www.shavei.org\/pt-br\/blog\/2019\/10\/10\/convivio-na-shavei-israel-pelo-novo-ano-judaico\/\" \/>\n<meta property=\"og:locale\" content=\"pt_BR\" \/>\n<meta property=\"og:type\" content=\"article\" \/>\n<meta property=\"og:title\" content=\"Conv\u00edvio na Shavei Israel pelo novo ano judaico - Shavei Israel\" \/>\n<meta property=\"og:description\" content=\"Mesmo a tempo do nosso conv\u00edvio anual do Ano Novo Judaico, o Centro Ma&#8217;ani da Shavei Israel, com o apoio do Minist\u00e9rio da Cultura e Desporto de Israel, inaugurou a bela exposi\u00e7\u00e3o de fotos Da \u00cdndia para Israel: uma jornada fotogr\u00e1fica, com obras magn\u00edficas dos...\" \/>\n<meta property=\"og:url\" content=\"https:\/\/www.shavei.org\/pt-br\/blog\/2019\/10\/10\/convivio-na-shavei-israel-pelo-novo-ano-judaico\/\" \/>\n<meta property=\"og:site_name\" content=\"Shavei Israel\" \/>\n<meta property=\"article:published_time\" content=\"2019-10-10T10:34:54+00:00\" \/>\n<meta property=\"article:modified_time\" content=\"2019-10-10T10:36:13+00:00\" \/>\n<meta property=\"og:image\" content=\"https:\/\/www.shavei.org\/wp-content\/uploads\/2019\/10\/b6b8b4de-329b-435d-8a92-9e52dfa47675.jpg\" \/>\n\t<meta property=\"og:image:width\" content=\"1600\" \/>\n\t<meta property=\"og:image:height\" content=\"1098\" \/>\n\t<meta property=\"og:image:type\" content=\"image\/jpeg\" \/>\n<meta name=\"author\" content=\"Esther Surikova\" \/>\n<meta name=\"twitter:card\" content=\"summary_large_image\" \/>\n<meta name=\"twitter:label1\" content=\"Escrito por\" \/>\n\t<meta name=\"twitter:data1\" content=\"\" \/>\n\t<meta name=\"twitter:label2\" content=\"Est. tempo de leitura\" \/>\n\t<meta name=\"twitter:data2\" content=\"1 minuto\" \/>\n<script type=\"application\/ld+json\" class=\"yoast-schema-graph\">{\"@context\":\"https:\\\/\\\/schema.org\",\"@graph\":[{\"@type\":\"Article\",\"@id\":\"https:\\\/\\\/www.shavei.org\\\/pt-br\\\/blog\\\/2019\\\/10\\\/10\\\/convivio-na-shavei-israel-pelo-novo-ano-judaico\\\/#article\",\"isPartOf\":{\"@id\":\"https:\\\/\\\/www.shavei.org\\\/pt-br\\\/blog\\\/2019\\\/10\\\/10\\\/convivio-na-shavei-israel-pelo-novo-ano-judaico\\\/\"},\"author\":{\"name\":\"Esther Surikova\",\"@id\":\"https:\\\/\\\/www.shavei.org\\\/#\\\/schema\\\/person\\\/a3dbd79b0bdde54a5c86376e2e68d67d\"},\"headline\":\"Conv\u00edvio na Shavei Israel pelo novo ano judaico\",\"datePublished\":\"2019-10-10T10:34:54+00:00\",\"dateModified\":\"2019-10-10T10:36:13+00:00\",\"mainEntityOfPage\":{\"@id\":\"https:\\\/\\\/www.shavei.org\\\/pt-br\\\/blog\\\/2019\\\/10\\\/10\\\/convivio-na-shavei-israel-pelo-novo-ano-judaico\\\/\"},\"wordCount\":224,\"commentCount\":0,\"publisher\":{\"@id\":\"https:\\\/\\\/www.shavei.org\\\/#organization\"},\"image\":{\"@id\":\"https:\\\/\\\/www.shavei.org\\\/pt-br\\\/blog\\\/2019\\\/10\\\/10\\\/convivio-na-shavei-israel-pelo-novo-ano-judaico\\\/#primaryimage\"},\"thumbnailUrl\":\"https:\\\/\\\/www.shavei.org\\\/wp-content\\\/uploads\\\/2019\\\/10\\\/b6b8b4de-329b-435d-8a92-9e52dfa47675.jpg\",\"keywords\":[\"Bnei Menashe\",\"exposi\u00e7\u00e3o de fotos\",\"juda\u00edsmo\"],\"articleSection\":[\"Bnei Menashe Images\",\"Features\",\"Holidays &amp; Festivals\",\"MaAni Center\"],\"inLanguage\":\"pt-BR\",\"potentialAction\":[{\"@type\":\"CommentAction\",\"name\":\"Comment\",\"target\":[\"https:\\\/\\\/www.shavei.org\\\/pt-br\\\/blog\\\/2019\\\/10\\\/10\\\/convivio-na-shavei-israel-pelo-novo-ano-judaico\\\/#respond\"]}]},{\"@type\":\"WebPage\",\"@id\":\"https:\\\/\\\/www.shavei.org\\\/pt-br\\\/blog\\\/2019\\\/10\\\/10\\\/convivio-na-shavei-israel-pelo-novo-ano-judaico\\\/\",\"url\":\"https:\\\/\\\/www.shavei.org\\\/pt-br\\\/blog\\\/2019\\\/10\\\/10\\\/convivio-na-shavei-israel-pelo-novo-ano-judaico\\\/\",\"name\":\"Conv\u00edvio na Shavei Israel pelo novo ano judaico - Shavei Israel\",\"isPartOf\":{\"@id\":\"https:\\\/\\\/www.shavei.org\\\/#website\"},\"primaryImageOfPage\":{\"@id\":\"https:\\\/\\\/www.shavei.org\\\/pt-br\\\/blog\\\/2019\\\/10\\\/10\\\/convivio-na-shavei-israel-pelo-novo-ano-judaico\\\/#primaryimage\"},\"image\":{\"@id\":\"https:\\\/\\\/www.shavei.org\\\/pt-br\\\/blog\\\/2019\\\/10\\\/10\\\/convivio-na-shavei-israel-pelo-novo-ano-judaico\\\/#primaryimage\"},\"thumbnailUrl\":\"https:\\\/\\\/www.shavei.org\\\/wp-content\\\/uploads\\\/2019\\\/10\\\/b6b8b4de-329b-435d-8a92-9e52dfa47675.jpg\",\"datePublished\":\"2019-10-10T10:34:54+00:00\",\"dateModified\":\"2019-10-10T10:36:13+00:00\",\"breadcrumb\":{\"@id\":\"https:\\\/\\\/www.shavei.org\\\/pt-br\\\/blog\\\/2019\\\/10\\\/10\\\/convivio-na-shavei-israel-pelo-novo-ano-judaico\\\/#breadcrumb\"},\"inLanguage\":\"pt-BR\",\"potentialAction\":[{\"@type\":\"ReadAction\",\"target\":[\"https:\\\/\\\/www.shavei.org\\\/pt-br\\\/blog\\\/2019\\\/10\\\/10\\\/convivio-na-shavei-israel-pelo-novo-ano-judaico\\\/\"]}]},{\"@type\":\"ImageObject\",\"inLanguage\":\"pt-BR\",\"@id\":\"https:\\\/\\\/www.shavei.org\\\/pt-br\\\/blog\\\/2019\\\/10\\\/10\\\/convivio-na-shavei-israel-pelo-novo-ano-judaico\\\/#primaryimage\",\"url\":\"https:\\\/\\\/www.shavei.org\\\/wp-content\\\/uploads\\\/2019\\\/10\\\/b6b8b4de-329b-435d-8a92-9e52dfa47675.jpg\",\"contentUrl\":\"https:\\\/\\\/www.shavei.org\\\/wp-content\\\/uploads\\\/2019\\\/10\\\/b6b8b4de-329b-435d-8a92-9e52dfa47675.jpg\",\"width\":1600,\"height\":1098},{\"@type\":\"BreadcrumbList\",\"@id\":\"https:\\\/\\\/www.shavei.org\\\/pt-br\\\/blog\\\/2019\\\/10\\\/10\\\/convivio-na-shavei-israel-pelo-novo-ano-judaico\\\/#breadcrumb\",\"itemListElement\":[{\"@type\":\"ListItem\",\"position\":1,\"name\":\"Home\",\"item\":\"https:\\\/\\\/www.shavei.org\\\/\"},{\"@type\":\"ListItem\",\"position\":2,\"name\":\"Conv\u00edvio na Shavei Israel pelo novo ano judaico\"}]},{\"@type\":\"WebSite\",\"@id\":\"https:\\\/\\\/www.shavei.org\\\/#website\",\"url\":\"https:\\\/\\\/www.shavei.org\\\/\",\"name\":\"Shavei Israel\",\"description\":\"One nation, many faces. We help them all return.\",\"publisher\":{\"@id\":\"https:\\\/\\\/www.shavei.org\\\/#organization\"},\"potentialAction\":[{\"@type\":\"SearchAction\",\"target\":{\"@type\":\"EntryPoint\",\"urlTemplate\":\"https:\\\/\\\/www.shavei.org\\\/?s={search_term_string}\"},\"query-input\":{\"@type\":\"PropertyValueSpecification\",\"valueRequired\":true,\"valueName\":\"search_term_string\"}}],\"inLanguage\":\"pt-BR\"},{\"@type\":\"Organization\",\"@id\":\"https:\\\/\\\/www.shavei.org\\\/#organization\",\"name\":\"Shavei Israel\",\"url\":\"https:\\\/\\\/www.shavei.org\\\/\",\"logo\":{\"@type\":\"ImageObject\",\"inLanguage\":\"pt-BR\",\"@id\":\"https:\\\/\\\/www.shavei.org\\\/#\\\/schema\\\/logo\\\/image\\\/\",\"url\":\"https:\\\/\\\/www.shavei.org\\\/wp-content\\\/uploads\\\/2017\\\/10\\\/shavei-logo.jpg\",\"contentUrl\":\"https:\\\/\\\/www.shavei.org\\\/wp-content\\\/uploads\\\/2017\\\/10\\\/shavei-logo.jpg\",\"width\":300,\"height\":285,\"caption\":\"Shavei Israel\"},\"image\":{\"@id\":\"https:\\\/\\\/www.shavei.org\\\/#\\\/schema\\\/logo\\\/image\\\/\"}},{\"@type\":\"Person\",\"@id\":\"https:\\\/\\\/www.shavei.org\\\/#\\\/schema\\\/person\\\/a3dbd79b0bdde54a5c86376e2e68d67d\",\"name\":\"Esther Surikova\",\"image\":{\"@type\":\"ImageObject\",\"inLanguage\":\"pt-BR\",\"@id\":\"https:\\\/\\\/secure.gravatar.com\\\/avatar\\\/08c55b4b5c2104f00e0109d19776522c0ec6e8bfec6b55d6ebf151b85dc50c47?s=96&d=mm&r=g\",\"url\":\"https:\\\/\\\/secure.gravatar.com\\\/avatar\\\/08c55b4b5c2104f00e0109d19776522c0ec6e8bfec6b55d6ebf151b85dc50c47?s=96&d=mm&r=g\",\"contentUrl\":\"https:\\\/\\\/secure.gravatar.com\\\/avatar\\\/08c55b4b5c2104f00e0109d19776522c0ec6e8bfec6b55d6ebf151b85dc50c47?s=96&d=mm&r=g\",\"caption\":\"Esther Surikova\"},\"url\":\"https:\\\/\\\/www.shavei.org\\\/pt-br\\\/blog\\\/author\\\/esther\\\/\"}]}<\/script>\n<!-- \/ Yoast SEO plugin. -->","yoast_head_json":{"title":"Conv\u00edvio na Shavei Israel pelo novo ano judaico - Shavei Israel","robots":{"index":"index","follow":"follow","max-snippet":"max-snippet:-1","max-image-preview":"max-image-preview:large","max-video-preview":"max-video-preview:-1"},"canonical":"https:\/\/www.shavei.org\/pt-br\/blog\/2019\/10\/10\/convivio-na-shavei-israel-pelo-novo-ano-judaico\/","og_locale":"pt_BR","og_type":"article","og_title":"Conv\u00edvio na Shavei Israel pelo novo ano judaico - Shavei Israel","og_description":"Mesmo a tempo do nosso conv\u00edvio anual do Ano Novo Judaico, o Centro Ma&#8217;ani da Shavei Israel, com o apoio do Minist\u00e9rio da Cultura e Desporto de Israel, inaugurou a bela exposi\u00e7\u00e3o de fotos Da \u00cdndia para Israel: uma jornada fotogr\u00e1fica, com obras magn\u00edficas dos...","og_url":"https:\/\/www.shavei.org\/pt-br\/blog\/2019\/10\/10\/convivio-na-shavei-israel-pelo-novo-ano-judaico\/","og_site_name":"Shavei Israel","article_published_time":"2019-10-10T10:34:54+00:00","article_modified_time":"2019-10-10T10:36:13+00:00","og_image":[{"width":1600,"height":1098,"url":"https:\/\/www.shavei.org\/wp-content\/uploads\/2019\/10\/b6b8b4de-329b-435d-8a92-9e52dfa47675.jpg","type":"image\/jpeg"}],"author":"Esther Surikova","twitter_card":"summary_large_image","twitter_misc":{"Escrito por":false,"Est. tempo de leitura":"1 minuto"},"schema":{"@context":"https:\/\/schema.org","@graph":[{"@type":"Article","@id":"https:\/\/www.shavei.org\/pt-br\/blog\/2019\/10\/10\/convivio-na-shavei-israel-pelo-novo-ano-judaico\/#article","isPartOf":{"@id":"https:\/\/www.shavei.org\/pt-br\/blog\/2019\/10\/10\/convivio-na-shavei-israel-pelo-novo-ano-judaico\/"},"author":{"name":"Esther Surikova","@id":"https:\/\/www.shavei.org\/#\/schema\/person\/a3dbd79b0bdde54a5c86376e2e68d67d"},"headline":"Conv\u00edvio na Shavei Israel pelo novo ano judaico","datePublished":"2019-10-10T10:34:54+00:00","dateModified":"2019-10-10T10:36:13+00:00","mainEntityOfPage":{"@id":"https:\/\/www.shavei.org\/pt-br\/blog\/2019\/10\/10\/convivio-na-shavei-israel-pelo-novo-ano-judaico\/"},"wordCount":224,"commentCount":0,"publisher":{"@id":"https:\/\/www.shavei.org\/#organization"},"image":{"@id":"https:\/\/www.shavei.org\/pt-br\/blog\/2019\/10\/10\/convivio-na-shavei-israel-pelo-novo-ano-judaico\/#primaryimage"},"thumbnailUrl":"https:\/\/www.shavei.org\/wp-content\/uploads\/2019\/10\/b6b8b4de-329b-435d-8a92-9e52dfa47675.jpg","keywords":["Bnei Menashe","exposi\u00e7\u00e3o de fotos","juda\u00edsmo"],"articleSection":["Bnei Menashe Images","Features","Holidays &amp; Festivals","MaAni Center"],"inLanguage":"pt-BR","potentialAction":[{"@type":"CommentAction","name":"Comment","target":["https:\/\/www.shavei.org\/pt-br\/blog\/2019\/10\/10\/convivio-na-shavei-israel-pelo-novo-ano-judaico\/#respond"]}]},{"@type":"WebPage","@id":"https:\/\/www.shavei.org\/pt-br\/blog\/2019\/10\/10\/convivio-na-shavei-israel-pelo-novo-ano-judaico\/","url":"https:\/\/www.shavei.org\/pt-br\/blog\/2019\/10\/10\/convivio-na-shavei-israel-pelo-novo-ano-judaico\/","name":"Conv\u00edvio na Shavei Israel pelo novo ano judaico - Shavei Israel","isPartOf":{"@id":"https:\/\/www.shavei.org\/#website"},"primaryImageOfPage":{"@id":"https:\/\/www.shavei.org\/pt-br\/blog\/2019\/10\/10\/convivio-na-shavei-israel-pelo-novo-ano-judaico\/#primaryimage"},"image":{"@id":"https:\/\/www.shavei.org\/pt-br\/blog\/2019\/10\/10\/convivio-na-shavei-israel-pelo-novo-ano-judaico\/#primaryimage"},"thumbnailUrl":"https:\/\/www.shavei.org\/wp-content\/uploads\/2019\/10\/b6b8b4de-329b-435d-8a92-9e52dfa47675.jpg","datePublished":"2019-10-10T10:34:54+00:00","dateModified":"2019-10-10T10:36:13+00:00","breadcrumb":{"@id":"https:\/\/www.shavei.org\/pt-br\/blog\/2019\/10\/10\/convivio-na-shavei-israel-pelo-novo-ano-judaico\/#breadcrumb"},"inLanguage":"pt-BR","potentialAction":[{"@type":"ReadAction","target":["https:\/\/www.shavei.org\/pt-br\/blog\/2019\/10\/10\/convivio-na-shavei-israel-pelo-novo-ano-judaico\/"]}]},{"@type":"ImageObject","inLanguage":"pt-BR","@id":"https:\/\/www.shavei.org\/pt-br\/blog\/2019\/10\/10\/convivio-na-shavei-israel-pelo-novo-ano-judaico\/#primaryimage","url":"https:\/\/www.shavei.org\/wp-content\/uploads\/2019\/10\/b6b8b4de-329b-435d-8a92-9e52dfa47675.jpg","contentUrl":"https:\/\/www.shavei.org\/wp-content\/uploads\/2019\/10\/b6b8b4de-329b-435d-8a92-9e52dfa47675.jpg","width":1600,"height":1098},{"@type":"BreadcrumbList","@id":"https:\/\/www.shavei.org\/pt-br\/blog\/2019\/10\/10\/convivio-na-shavei-israel-pelo-novo-ano-judaico\/#breadcrumb","itemListElement":[{"@type":"ListItem","position":1,"name":"Home","item":"https:\/\/www.shavei.org\/"},{"@type":"ListItem","position":2,"name":"Conv\u00edvio na Shavei Israel pelo novo ano judaico"}]},{"@type":"WebSite","@id":"https:\/\/www.shavei.org\/#website","url":"https:\/\/www.shavei.org\/","name":"Shavei Israel","description":"One nation, many faces. We help them all return.","publisher":{"@id":"https:\/\/www.shavei.org\/#organization"},"potentialAction":[{"@type":"SearchAction","target":{"@type":"EntryPoint","urlTemplate":"https:\/\/www.shavei.org\/?s={search_term_string}"},"query-input":{"@type":"PropertyValueSpecification","valueRequired":true,"valueName":"search_term_string"}}],"inLanguage":"pt-BR"},{"@type":"Organization","@id":"https:\/\/www.shavei.org\/#organization","name":"Shavei Israel","url":"https:\/\/www.shavei.org\/","logo":{"@type":"ImageObject","inLanguage":"pt-BR","@id":"https:\/\/www.shavei.org\/#\/schema\/logo\/image\/","url":"https:\/\/www.shavei.org\/wp-content\/uploads\/2017\/10\/shavei-logo.jpg","contentUrl":"https:\/\/www.shavei.org\/wp-content\/uploads\/2017\/10\/shavei-logo.jpg","width":300,"height":285,"caption":"Shavei Israel"},"image":{"@id":"https:\/\/www.shavei.org\/#\/schema\/logo\/image\/"}},{"@type":"Person","@id":"https:\/\/www.shavei.org\/#\/schema\/person\/a3dbd79b0bdde54a5c86376e2e68d67d","name":"Esther Surikova","image":{"@type":"ImageObject","inLanguage":"pt-BR","@id":"https:\/\/secure.gravatar.com\/avatar\/08c55b4b5c2104f00e0109d19776522c0ec6e8bfec6b55d6ebf151b85dc50c47?s=96&d=mm&r=g","url":"https:\/\/secure.gravatar.com\/avatar\/08c55b4b5c2104f00e0109d19776522c0ec6e8bfec6b55d6ebf151b85dc50c47?s=96&d=mm&r=g","contentUrl":"https:\/\/secure.gravatar.com\/avatar\/08c55b4b5c2104f00e0109d19776522c0ec6e8bfec6b55d6ebf151b85dc50c47?s=96&d=mm&r=g","caption":"Esther Surikova"},"url":"https:\/\/www.shavei.org\/pt-br\/blog\/author\/esther\/"}]}},"_links":{"self":[{"href":"https:\/\/www.shavei.org\/pt-br\/wp-json\/wp\/v2\/posts\/105828","targetHints":{"allow":["GET"]}}],"collection":[{"href":"https:\/\/www.shavei.org\/pt-br\/wp-json\/wp\/v2\/posts"}],"about":[{"href":"https:\/\/www.shavei.org\/pt-br\/wp-json\/wp\/v2\/types\/post"}],"author":[{"embeddable":true,"href":"https:\/\/www.shavei.org\/pt-br\/wp-json\/wp\/v2\/users\/12"}],"replies":[{"embeddable":true,"href":"https:\/\/www.shavei.org\/pt-br\/wp-json\/wp\/v2\/comments?post=105828"}],"version-history":[{"count":4,"href":"https:\/\/www.shavei.org\/pt-br\/wp-json\/wp\/v2\/posts\/105828\/revisions"}],"predecessor-version":[{"id":105832,"href":"https:\/\/www.shavei.org\/pt-br\/wp-json\/wp\/v2\/posts\/105828\/revisions\/105832"}],"wp:featuredmedia":[{"embeddable":true,"href":"https:\/\/www.shavei.org\/pt-br\/wp-json\/wp\/v2\/media\/105733"}],"wp:attachment":[{"href":"https:\/\/www.shavei.org\/pt-br\/wp-json\/wp\/v2\/media?parent=105828"}],"wp:term":[{"taxonomy":"category","embeddable":true,"href":"https:\/\/www.shavei.org\/pt-br\/wp-json\/wp\/v2\/categories?post=105828"},{"taxonomy":"post_tag","embeddable":true,"href":"https:\/\/www.shavei.org\/pt-br\/wp-json\/wp\/v2\/tags?post=105828"}],"curies":[{"name":"wp","href":"https:\/\/api.w.org\/{rel}","templated":true}]}}