{"id":100848,"date":"2019-07-09T15:37:15","date_gmt":"2019-07-09T13:37:15","guid":{"rendered":"https:\/\/www.shavei.org\/emocjonalne-polaczenie-shaveia-z-rajdem-zycia\/"},"modified":"2019-07-09T16:15:43","modified_gmt":"2019-07-09T14:15:43","slug":"emocjonalne-polaczenie-shaveia-z-rajdem-zycia","status":"publish","type":"post","link":"https:\/\/www.shavei.org\/pl\/blog\/2019\/07\/09\/emocjonalne-polaczenie-shaveia-z-rajdem-zycia\/","title":{"rendered":"EMOCJONALNE PO\u0141\u0104CZENIE SHAVEIA Z &#8222;RAJDEM \u017bYCIA\u201d"},"content":{"rendered":"\n<p>Podczas corocznego Festiwalu Kultury \u017bydowskiej w\nKrakowie odby\u0142o si\u0119 wiele pi\u0119knych i wa\u017cnych wydarze\u0144.<\/p>\n\n\n\n<p>Mia\u0142y one na celu zachowanie autentycznych osi\u0105gni\u0119\u0107 kulturalnych lokalnej spo\u0142eczno\u015bci \u017cydowskiej i podzielenie si\u0119 nimi z szerok\u0105 publiczno\u015bci\u0105. Jednym z wyczyn\u00f3w by\u0142a &#8222;Rajd \u017bycia\u201d\u00a0 &#8211; 60-kilometrowa jazda rowerem z Auschwitz do Krakowa.<\/p>\n\n\n\n<p><\/p>\n\n\n\n<p>W tym roku, jak i w poprzednich latach, wys\u0142annik Shavei Israel, rabin Avi Baumol, uczestniczy\u0142 w tej przeja\u017cd\u017cce razem z tr\u00f3jk\u0105 swoich dzieci.<\/p>\n\n\n\n<p><\/p>\n\n\n\n<p>&#8222;Jazda by\u0142a spektakularna, chocia\u017c by\u0142em tylko na ceremonii otwarcia\u201d &#8211; przyznaje Rabbi Baumol. &#8222;M\u00f3j syn, \u017co\u0142nierz, jecha\u0142 w mundurze, a ja opowiada\u0142em o tym, co znaczy dla mnie jazda mojego syna, kt\u00f3ry na co dzie\u0144 broni pa\u0144stwa Izrael. Zosta\u0142 on nazwany na cze\u015b\u0107 mojego wujka, kt\u00f3rego zamordowano. To by\u0142o bardzo symboliczne \u201d.<\/p>\n\n\n\n<p><\/p>\n\n\n\n<p>Zdj\u0119cia dzi\u0119ki uprzejmo\u015bci JCC Krak\u00f3w<\/p>\n\n\n\n<ul class=\"wp-block-gallery columns-4 is-cropped wp-block-gallery-1 is-layout-flex wp-block-gallery-is-layout-flex\"><li class=\"blocks-gallery-item\"><figure><img decoding=\"async\" width=\"1600\" height=\"1066\" src=\"https:\/\/i2.wp.com\/fluttering-quail.flywheelsites.com\/wp-content\/uploads\/2019\/07\/4d1bb149-1d90-4f87-924c-371fdc6a9834-1.jpg?fit=1024%2C682&amp;ssl=1\" alt=\"\" data-id=\"100520\" data-link=\"https:\/\/www.shavei.org\/?attachment_id=100520\" class=\"wp-image-100520\" srcset=\"https:\/\/www.shavei.org\/wp-content\/uploads\/2019\/07\/4d1bb149-1d90-4f87-924c-371fdc6a9834-1.jpg 1600w, https:\/\/www.shavei.org\/wp-content\/uploads\/2019\/07\/4d1bb149-1d90-4f87-924c-371fdc6a9834-1-300x200.jpg 300w, https:\/\/www.shavei.org\/wp-content\/uploads\/2019\/07\/4d1bb149-1d90-4f87-924c-371fdc6a9834-1-1024x682.jpg 1024w, https:\/\/www.shavei.org\/wp-content\/uploads\/2019\/07\/4d1bb149-1d90-4f87-924c-371fdc6a9834-1-700x466.jpg 700w\" sizes=\"(max-width: 1600px) 100vw, 1600px\" \/><\/figure><\/li><li class=\"blocks-gallery-item\"><figure><img decoding=\"async\" width=\"1772\" height=\"1181\" src=\"https:\/\/i2.wp.com\/fluttering-quail.flywheelsites.com\/wp-content\/uploads\/2019\/07\/65419969_3029144270436974_181117392187817984_o.jpg?fit=1024%2C682&amp;ssl=1\" alt=\"\" data-id=\"100528\" data-link=\"https:\/\/www.shavei.org\/?attachment_id=100528\" class=\"wp-image-100528\" srcset=\"https:\/\/www.shavei.org\/wp-content\/uploads\/2019\/07\/65419969_3029144270436974_181117392187817984_o.jpg 1772w, https:\/\/www.shavei.org\/wp-content\/uploads\/2019\/07\/65419969_3029144270436974_181117392187817984_o-300x200.jpg 300w, https:\/\/www.shavei.org\/wp-content\/uploads\/2019\/07\/65419969_3029144270436974_181117392187817984_o-1024x682.jpg 1024w, https:\/\/www.shavei.org\/wp-content\/uploads\/2019\/07\/65419969_3029144270436974_181117392187817984_o-700x467.jpg 700w\" sizes=\"(max-width: 1772px) 100vw, 1772px\" \/><\/figure><\/li><li class=\"blocks-gallery-item\"><figure><img decoding=\"async\" width=\"1772\" height=\"1181\" src=\"https:\/\/i1.wp.com\/fluttering-quail.flywheelsites.com\/wp-content\/uploads\/2019\/07\/65466632_3029147490436652_4102422013744775168_o.jpg?fit=1024%2C682&amp;ssl=1\" alt=\"\" data-id=\"100536\" data-link=\"https:\/\/www.shavei.org\/?attachment_id=100536\" class=\"wp-image-100536\" srcset=\"https:\/\/www.shavei.org\/wp-content\/uploads\/2019\/07\/65466632_3029147490436652_4102422013744775168_o.jpg 1772w, https:\/\/www.shavei.org\/wp-content\/uploads\/2019\/07\/65466632_3029147490436652_4102422013744775168_o-300x200.jpg 300w, https:\/\/www.shavei.org\/wp-content\/uploads\/2019\/07\/65466632_3029147490436652_4102422013744775168_o-1024x682.jpg 1024w, https:\/\/www.shavei.org\/wp-content\/uploads\/2019\/07\/65466632_3029147490436652_4102422013744775168_o-700x467.jpg 700w\" sizes=\"(max-width: 1772px) 100vw, 1772px\" \/><\/figure><\/li><li class=\"blocks-gallery-item\"><figure><img decoding=\"async\" width=\"1772\" height=\"1181\" src=\"https:\/\/i0.wp.com\/fluttering-quail.flywheelsites.com\/wp-content\/uploads\/2019\/07\/65549092_3029145617103506_702337529260539904_o.jpg?fit=1024%2C682&amp;ssl=1\" alt=\"\" data-id=\"100544\" data-link=\"https:\/\/www.shavei.org\/?attachment_id=100544\" class=\"wp-image-100544\" srcset=\"https:\/\/www.shavei.org\/wp-content\/uploads\/2019\/07\/65549092_3029145617103506_702337529260539904_o.jpg 1772w, https:\/\/www.shavei.org\/wp-content\/uploads\/2019\/07\/65549092_3029145617103506_702337529260539904_o-300x200.jpg 300w, https:\/\/www.shavei.org\/wp-content\/uploads\/2019\/07\/65549092_3029145617103506_702337529260539904_o-1024x682.jpg 1024w, https:\/\/www.shavei.org\/wp-content\/uploads\/2019\/07\/65549092_3029145617103506_702337529260539904_o-700x467.jpg 700w\" sizes=\"(max-width: 1772px) 100vw, 1772px\" \/><\/figure><\/li><li class=\"blocks-gallery-item\"><figure><img decoding=\"async\" width=\"1772\" height=\"1181\" src=\"https:\/\/i0.wp.com\/fluttering-quail.flywheelsites.com\/wp-content\/uploads\/2019\/07\/65709505_3029145940436807_793460182477701120_o.jpg?fit=1024%2C682&amp;ssl=1\" alt=\"\" data-id=\"100552\" data-link=\"https:\/\/www.shavei.org\/?attachment_id=100552\" class=\"wp-image-100552\" srcset=\"https:\/\/www.shavei.org\/wp-content\/uploads\/2019\/07\/65709505_3029145940436807_793460182477701120_o.jpg 1772w, https:\/\/www.shavei.org\/wp-content\/uploads\/2019\/07\/65709505_3029145940436807_793460182477701120_o-300x200.jpg 300w, https:\/\/www.shavei.org\/wp-content\/uploads\/2019\/07\/65709505_3029145940436807_793460182477701120_o-1024x682.jpg 1024w, https:\/\/www.shavei.org\/wp-content\/uploads\/2019\/07\/65709505_3029145940436807_793460182477701120_o-700x467.jpg 700w\" sizes=\"(max-width: 1772px) 100vw, 1772px\" \/><\/figure><\/li><li class=\"blocks-gallery-item\"><figure><img decoding=\"async\" width=\"1772\" height=\"1181\" src=\"https:\/\/i0.wp.com\/fluttering-quail.flywheelsites.com\/wp-content\/uploads\/2019\/07\/65729905_3029142163770518_8197442304189923328_o.jpg?fit=1024%2C682&amp;ssl=1\" alt=\"\" data-id=\"100560\" data-link=\"https:\/\/www.shavei.org\/?attachment_id=100560\" class=\"wp-image-100560\" srcset=\"https:\/\/www.shavei.org\/wp-content\/uploads\/2019\/07\/65729905_3029142163770518_8197442304189923328_o.jpg 1772w, https:\/\/www.shavei.org\/wp-content\/uploads\/2019\/07\/65729905_3029142163770518_8197442304189923328_o-300x200.jpg 300w, https:\/\/www.shavei.org\/wp-content\/uploads\/2019\/07\/65729905_3029142163770518_8197442304189923328_o-1024x682.jpg 1024w, https:\/\/www.shavei.org\/wp-content\/uploads\/2019\/07\/65729905_3029142163770518_8197442304189923328_o-700x467.jpg 700w\" sizes=\"(max-width: 1772px) 100vw, 1772px\" \/><\/figure><\/li><li class=\"blocks-gallery-item\"><figure><img decoding=\"async\" width=\"1772\" height=\"1181\" src=\"https:\/\/i2.wp.com\/fluttering-quail.flywheelsites.com\/wp-content\/uploads\/2019\/07\/65818632_3029142830437118_4714640645120065536_o.jpg?fit=1024%2C682&amp;ssl=1\" alt=\"\" data-id=\"100568\" data-link=\"https:\/\/www.shavei.org\/?attachment_id=100568\" class=\"wp-image-100568\" srcset=\"https:\/\/www.shavei.org\/wp-content\/uploads\/2019\/07\/65818632_3029142830437118_4714640645120065536_o.jpg 1772w, https:\/\/www.shavei.org\/wp-content\/uploads\/2019\/07\/65818632_3029142830437118_4714640645120065536_o-300x200.jpg 300w, https:\/\/www.shavei.org\/wp-content\/uploads\/2019\/07\/65818632_3029142830437118_4714640645120065536_o-1024x682.jpg 1024w, https:\/\/www.shavei.org\/wp-content\/uploads\/2019\/07\/65818632_3029142830437118_4714640645120065536_o-700x467.jpg 700w\" sizes=\"(max-width: 1772px) 100vw, 1772px\" \/><\/figure><\/li><li class=\"blocks-gallery-item\"><figure><img decoding=\"async\" width=\"1772\" height=\"1181\" src=\"https:\/\/i2.wp.com\/fluttering-quail.flywheelsites.com\/wp-content\/uploads\/2019\/07\/65840031_3029143440437057_5938815390879580160_o.jpg?fit=1024%2C682&amp;ssl=1\" alt=\"\" data-id=\"100576\" data-link=\"https:\/\/www.shavei.org\/?attachment_id=100576\" class=\"wp-image-100576\" srcset=\"https:\/\/www.shavei.org\/wp-content\/uploads\/2019\/07\/65840031_3029143440437057_5938815390879580160_o.jpg 1772w, https:\/\/www.shavei.org\/wp-content\/uploads\/2019\/07\/65840031_3029143440437057_5938815390879580160_o-300x200.jpg 300w, https:\/\/www.shavei.org\/wp-content\/uploads\/2019\/07\/65840031_3029143440437057_5938815390879580160_o-1024x682.jpg 1024w, https:\/\/www.shavei.org\/wp-content\/uploads\/2019\/07\/65840031_3029143440437057_5938815390879580160_o-700x467.jpg 700w\" sizes=\"(max-width: 1772px) 100vw, 1772px\" \/><\/figure><\/li><li class=\"blocks-gallery-item\"><figure><img decoding=\"async\" width=\"1772\" height=\"1181\" src=\"https:\/\/i0.wp.com\/fluttering-quail.flywheelsites.com\/wp-content\/uploads\/2019\/07\/65961571_3029142390437162_6166229485386465280_o.jpg?fit=1024%2C682&amp;ssl=1\" alt=\"\" data-id=\"100586\" data-link=\"https:\/\/www.shavei.org\/?attachment_id=100586\" class=\"wp-image-100586\" srcset=\"https:\/\/www.shavei.org\/wp-content\/uploads\/2019\/07\/65961571_3029142390437162_6166229485386465280_o.jpg 1772w, https:\/\/www.shavei.org\/wp-content\/uploads\/2019\/07\/65961571_3029142390437162_6166229485386465280_o-300x200.jpg 300w, https:\/\/www.shavei.org\/wp-content\/uploads\/2019\/07\/65961571_3029142390437162_6166229485386465280_o-1024x682.jpg 1024w, https:\/\/www.shavei.org\/wp-content\/uploads\/2019\/07\/65961571_3029142390437162_6166229485386465280_o-700x467.jpg 700w\" sizes=\"(max-width: 1772px) 100vw, 1772px\" \/><\/figure><\/li><li class=\"blocks-gallery-item\"><figure><img decoding=\"async\" width=\"960\" height=\"640\" src=\"https:\/\/www.shavei.org\/wp-content\/uploads\/2019\/07\/66375575_3029161470435254_6615427247153086464_n.jpg\" alt=\"\" data-id=\"100594\" data-link=\"https:\/\/www.shavei.org\/?attachment_id=100594\" class=\"wp-image-100594\" srcset=\"https:\/\/www.shavei.org\/wp-content\/uploads\/2019\/07\/66375575_3029161470435254_6615427247153086464_n.jpg 960w, https:\/\/www.shavei.org\/wp-content\/uploads\/2019\/07\/66375575_3029161470435254_6615427247153086464_n-300x200.jpg 300w, https:\/\/www.shavei.org\/wp-content\/uploads\/2019\/07\/66375575_3029161470435254_6615427247153086464_n-700x467.jpg 700w\" sizes=\"(max-width: 960px) 100vw, 960px\" \/><\/figure><\/li><\/ul>\n","protected":false},"excerpt":{"rendered":"<p>Podczas corocznego Festiwalu Kultury \u017bydowskiej w Krakowie odby\u0142o si\u0119 wiele pi\u0119knych i wa\u017cnych wydarze\u0144. Mia\u0142y one na celu zachowanie autentycznych osi\u0105gni\u0119\u0107 kulturalnych lokalnej spo\u0142eczno\u015bci \u017cydowskiej i podzielenie si\u0119 nimi z szerok\u0105 publiczno\u015bci\u0105. Jednym z wyczyn\u00f3w by\u0142a &#8222;Rajd \u017bycia\u201d\u00a0 &#8211; 60-kilometrowa jazda rowerem z Auschwitz do&#8230;<\/p>\n","protected":false},"author":12,"featured_media":100510,"comment_status":"open","ping_status":"open","sticky":false,"template":"","format":"standard","meta":{"give_campaign_id":0,"_exactmetrics_skip_tracking":false,"_exactmetrics_sitenote_active":false,"_exactmetrics_sitenote_note":"","_exactmetrics_sitenote_category":0,"ngg_post_thumbnail":0,"footnotes":""},"categories":[1875],"tags":[1947,1002,866,1950,1948],"class_list":["post-100848","post","type-post","status-publish","format-standard","has-post-thumbnail","hentry","category-zydzi-z-polski","tag-festiwal-kultury-zydowskiej","tag-jcc","tag-krakow","tag-rabin-avi-baumol","tag-rajd-for-the-living"],"yoast_head":"<!-- This site is optimized with the Yoast SEO plugin v27.4 - https:\/\/yoast.com\/product\/yoast-seo-wordpress\/ -->\n<title>EMOCJONALNE PO\u0141\u0104CZENIE SHAVEIA Z &quot;RAJDEM \u017bYCIA\u201d - Shavei Israel<\/title>\n<meta name=\"robots\" content=\"index, follow, max-snippet:-1, max-image-preview:large, max-video-preview:-1\" \/>\n<link rel=\"canonical\" href=\"https:\/\/www.shavei.org\/pl\/blog\/2019\/07\/09\/emocjonalne-polaczenie-shaveia-z-rajdem-zycia\/\" \/>\n<meta property=\"og:locale\" content=\"pl_PL\" \/>\n<meta property=\"og:type\" content=\"article\" \/>\n<meta property=\"og:title\" content=\"EMOCJONALNE PO\u0141\u0104CZENIE SHAVEIA Z &quot;RAJDEM \u017bYCIA\u201d - Shavei Israel\" \/>\n<meta property=\"og:description\" content=\"Podczas corocznego Festiwalu Kultury \u017bydowskiej w Krakowie odby\u0142o si\u0119 wiele pi\u0119knych i wa\u017cnych wydarze\u0144. Mia\u0142y one na celu zachowanie autentycznych osi\u0105gni\u0119\u0107 kulturalnych lokalnej spo\u0142eczno\u015bci \u017cydowskiej i podzielenie si\u0119 nimi z szerok\u0105 publiczno\u015bci\u0105. Jednym z wyczyn\u00f3w by\u0142a &#8222;Rajd \u017bycia\u201d\u00a0 &#8211; 60-kilometrowa jazda rowerem z Auschwitz do...\" \/>\n<meta property=\"og:url\" content=\"https:\/\/www.shavei.org\/pl\/blog\/2019\/07\/09\/emocjonalne-polaczenie-shaveia-z-rajdem-zycia\/\" \/>\n<meta property=\"og:site_name\" content=\"Shavei Israel\" \/>\n<meta property=\"article:published_time\" content=\"2019-07-09T13:37:15+00:00\" \/>\n<meta property=\"article:modified_time\" content=\"2019-07-09T14:15:43+00:00\" \/>\n<meta property=\"og:image\" content=\"https:\/\/www.shavei.org\/wp-content\/uploads\/2019\/07\/4d1bb149-1d90-4f87-924c-371fdc6a9834.jpg\" \/>\n\t<meta property=\"og:image:width\" content=\"1600\" \/>\n\t<meta property=\"og:image:height\" content=\"1066\" \/>\n\t<meta property=\"og:image:type\" content=\"image\/jpeg\" \/>\n<meta name=\"author\" content=\"Esther Surikova\" \/>\n<meta name=\"twitter:card\" content=\"summary_large_image\" \/>\n<meta name=\"twitter:label1\" content=\"Napisane przez\" \/>\n\t<meta name=\"twitter:data1\" content=\"\" \/>\n\t<meta name=\"twitter:label2\" content=\"Szacowany czas czytania\" \/>\n\t<meta name=\"twitter:data2\" content=\"1 minuta\" \/>\n<script type=\"application\/ld+json\" class=\"yoast-schema-graph\">{\"@context\":\"https:\\\/\\\/schema.org\",\"@graph\":[{\"@type\":\"Article\",\"@id\":\"https:\\\/\\\/www.shavei.org\\\/pl\\\/blog\\\/2019\\\/07\\\/09\\\/emocjonalne-polaczenie-shaveia-z-rajdem-zycia\\\/#article\",\"isPartOf\":{\"@id\":\"https:\\\/\\\/www.shavei.org\\\/pl\\\/blog\\\/2019\\\/07\\\/09\\\/emocjonalne-polaczenie-shaveia-z-rajdem-zycia\\\/\"},\"author\":{\"name\":\"Esther Surikova\",\"@id\":\"https:\\\/\\\/www.shavei.org\\\/#\\\/schema\\\/person\\\/a3dbd79b0bdde54a5c86376e2e68d67d\"},\"headline\":\"EMOCJONALNE PO\u0141\u0104CZENIE SHAVEIA Z &#8222;RAJDEM \u017bYCIA\u201d\",\"datePublished\":\"2019-07-09T13:37:15+00:00\",\"dateModified\":\"2019-07-09T14:15:43+00:00\",\"mainEntityOfPage\":{\"@id\":\"https:\\\/\\\/www.shavei.org\\\/pl\\\/blog\\\/2019\\\/07\\\/09\\\/emocjonalne-polaczenie-shaveia-z-rajdem-zycia\\\/\"},\"wordCount\":159,\"commentCount\":0,\"publisher\":{\"@id\":\"https:\\\/\\\/www.shavei.org\\\/#organization\"},\"image\":{\"@id\":\"https:\\\/\\\/www.shavei.org\\\/pl\\\/blog\\\/2019\\\/07\\\/09\\\/emocjonalne-polaczenie-shaveia-z-rajdem-zycia\\\/#primaryimage\"},\"thumbnailUrl\":\"https:\\\/\\\/www.shavei.org\\\/wp-content\\\/uploads\\\/2019\\\/07\\\/4d1bb149-1d90-4f87-924c-371fdc6a9834.jpg\",\"keywords\":[\"Festiwal Kultury \u017bydowskiej\",\"JCC\",\"Krakow\",\"Rabin Avi Baumol\",\"Rajd for the Living\"],\"articleSection\":[\"\u017bydzi z Polski\"],\"inLanguage\":\"pl-PL\",\"potentialAction\":[{\"@type\":\"CommentAction\",\"name\":\"Comment\",\"target\":[\"https:\\\/\\\/www.shavei.org\\\/pl\\\/blog\\\/2019\\\/07\\\/09\\\/emocjonalne-polaczenie-shaveia-z-rajdem-zycia\\\/#respond\"]}]},{\"@type\":\"WebPage\",\"@id\":\"https:\\\/\\\/www.shavei.org\\\/pl\\\/blog\\\/2019\\\/07\\\/09\\\/emocjonalne-polaczenie-shaveia-z-rajdem-zycia\\\/\",\"url\":\"https:\\\/\\\/www.shavei.org\\\/pl\\\/blog\\\/2019\\\/07\\\/09\\\/emocjonalne-polaczenie-shaveia-z-rajdem-zycia\\\/\",\"name\":\"EMOCJONALNE PO\u0141\u0104CZENIE SHAVEIA Z \\\"RAJDEM \u017bYCIA\u201d - Shavei Israel\",\"isPartOf\":{\"@id\":\"https:\\\/\\\/www.shavei.org\\\/#website\"},\"primaryImageOfPage\":{\"@id\":\"https:\\\/\\\/www.shavei.org\\\/pl\\\/blog\\\/2019\\\/07\\\/09\\\/emocjonalne-polaczenie-shaveia-z-rajdem-zycia\\\/#primaryimage\"},\"image\":{\"@id\":\"https:\\\/\\\/www.shavei.org\\\/pl\\\/blog\\\/2019\\\/07\\\/09\\\/emocjonalne-polaczenie-shaveia-z-rajdem-zycia\\\/#primaryimage\"},\"thumbnailUrl\":\"https:\\\/\\\/www.shavei.org\\\/wp-content\\\/uploads\\\/2019\\\/07\\\/4d1bb149-1d90-4f87-924c-371fdc6a9834.jpg\",\"datePublished\":\"2019-07-09T13:37:15+00:00\",\"dateModified\":\"2019-07-09T14:15:43+00:00\",\"breadcrumb\":{\"@id\":\"https:\\\/\\\/www.shavei.org\\\/pl\\\/blog\\\/2019\\\/07\\\/09\\\/emocjonalne-polaczenie-shaveia-z-rajdem-zycia\\\/#breadcrumb\"},\"inLanguage\":\"pl-PL\",\"potentialAction\":[{\"@type\":\"ReadAction\",\"target\":[\"https:\\\/\\\/www.shavei.org\\\/pl\\\/blog\\\/2019\\\/07\\\/09\\\/emocjonalne-polaczenie-shaveia-z-rajdem-zycia\\\/\"]}]},{\"@type\":\"ImageObject\",\"inLanguage\":\"pl-PL\",\"@id\":\"https:\\\/\\\/www.shavei.org\\\/pl\\\/blog\\\/2019\\\/07\\\/09\\\/emocjonalne-polaczenie-shaveia-z-rajdem-zycia\\\/#primaryimage\",\"url\":\"https:\\\/\\\/www.shavei.org\\\/wp-content\\\/uploads\\\/2019\\\/07\\\/4d1bb149-1d90-4f87-924c-371fdc6a9834.jpg\",\"contentUrl\":\"https:\\\/\\\/www.shavei.org\\\/wp-content\\\/uploads\\\/2019\\\/07\\\/4d1bb149-1d90-4f87-924c-371fdc6a9834.jpg\",\"width\":1600,\"height\":1066},{\"@type\":\"BreadcrumbList\",\"@id\":\"https:\\\/\\\/www.shavei.org\\\/pl\\\/blog\\\/2019\\\/07\\\/09\\\/emocjonalne-polaczenie-shaveia-z-rajdem-zycia\\\/#breadcrumb\",\"itemListElement\":[{\"@type\":\"ListItem\",\"position\":1,\"name\":\"Home\",\"item\":\"https:\\\/\\\/www.shavei.org\\\/\"},{\"@type\":\"ListItem\",\"position\":2,\"name\":\"EMOCJONALNE PO\u0141\u0104CZENIE SHAVEIA Z &#8222;RAJDEM \u017bYCIA\u201d\"}]},{\"@type\":\"WebSite\",\"@id\":\"https:\\\/\\\/www.shavei.org\\\/#website\",\"url\":\"https:\\\/\\\/www.shavei.org\\\/\",\"name\":\"Shavei Israel\",\"description\":\"One nation, many faces. We help them all return.\",\"publisher\":{\"@id\":\"https:\\\/\\\/www.shavei.org\\\/#organization\"},\"potentialAction\":[{\"@type\":\"SearchAction\",\"target\":{\"@type\":\"EntryPoint\",\"urlTemplate\":\"https:\\\/\\\/www.shavei.org\\\/?s={search_term_string}\"},\"query-input\":{\"@type\":\"PropertyValueSpecification\",\"valueRequired\":true,\"valueName\":\"search_term_string\"}}],\"inLanguage\":\"pl-PL\"},{\"@type\":\"Organization\",\"@id\":\"https:\\\/\\\/www.shavei.org\\\/#organization\",\"name\":\"Shavei Israel\",\"url\":\"https:\\\/\\\/www.shavei.org\\\/\",\"logo\":{\"@type\":\"ImageObject\",\"inLanguage\":\"pl-PL\",\"@id\":\"https:\\\/\\\/www.shavei.org\\\/#\\\/schema\\\/logo\\\/image\\\/\",\"url\":\"https:\\\/\\\/www.shavei.org\\\/wp-content\\\/uploads\\\/2017\\\/10\\\/shavei-logo.jpg\",\"contentUrl\":\"https:\\\/\\\/www.shavei.org\\\/wp-content\\\/uploads\\\/2017\\\/10\\\/shavei-logo.jpg\",\"width\":300,\"height\":285,\"caption\":\"Shavei Israel\"},\"image\":{\"@id\":\"https:\\\/\\\/www.shavei.org\\\/#\\\/schema\\\/logo\\\/image\\\/\"}},{\"@type\":\"Person\",\"@id\":\"https:\\\/\\\/www.shavei.org\\\/#\\\/schema\\\/person\\\/a3dbd79b0bdde54a5c86376e2e68d67d\",\"name\":\"Esther Surikova\",\"image\":{\"@type\":\"ImageObject\",\"inLanguage\":\"pl-PL\",\"@id\":\"https:\\\/\\\/secure.gravatar.com\\\/avatar\\\/08c55b4b5c2104f00e0109d19776522c0ec6e8bfec6b55d6ebf151b85dc50c47?s=96&d=mm&r=g\",\"url\":\"https:\\\/\\\/secure.gravatar.com\\\/avatar\\\/08c55b4b5c2104f00e0109d19776522c0ec6e8bfec6b55d6ebf151b85dc50c47?s=96&d=mm&r=g\",\"contentUrl\":\"https:\\\/\\\/secure.gravatar.com\\\/avatar\\\/08c55b4b5c2104f00e0109d19776522c0ec6e8bfec6b55d6ebf151b85dc50c47?s=96&d=mm&r=g\",\"caption\":\"Esther Surikova\"},\"url\":\"https:\\\/\\\/www.shavei.org\\\/pl\\\/blog\\\/author\\\/esther\\\/\"}]}<\/script>\n<!-- \/ Yoast SEO plugin. -->","yoast_head_json":{"title":"EMOCJONALNE PO\u0141\u0104CZENIE SHAVEIA Z \"RAJDEM \u017bYCIA\u201d - Shavei Israel","robots":{"index":"index","follow":"follow","max-snippet":"max-snippet:-1","max-image-preview":"max-image-preview:large","max-video-preview":"max-video-preview:-1"},"canonical":"https:\/\/www.shavei.org\/pl\/blog\/2019\/07\/09\/emocjonalne-polaczenie-shaveia-z-rajdem-zycia\/","og_locale":"pl_PL","og_type":"article","og_title":"EMOCJONALNE PO\u0141\u0104CZENIE SHAVEIA Z \"RAJDEM \u017bYCIA\u201d - Shavei Israel","og_description":"Podczas corocznego Festiwalu Kultury \u017bydowskiej w Krakowie odby\u0142o si\u0119 wiele pi\u0119knych i wa\u017cnych wydarze\u0144. Mia\u0142y one na celu zachowanie autentycznych osi\u0105gni\u0119\u0107 kulturalnych lokalnej spo\u0142eczno\u015bci \u017cydowskiej i podzielenie si\u0119 nimi z szerok\u0105 publiczno\u015bci\u0105. Jednym z wyczyn\u00f3w by\u0142a &#8222;Rajd \u017bycia\u201d\u00a0 &#8211; 60-kilometrowa jazda rowerem z Auschwitz do...","og_url":"https:\/\/www.shavei.org\/pl\/blog\/2019\/07\/09\/emocjonalne-polaczenie-shaveia-z-rajdem-zycia\/","og_site_name":"Shavei Israel","article_published_time":"2019-07-09T13:37:15+00:00","article_modified_time":"2019-07-09T14:15:43+00:00","og_image":[{"width":1600,"height":1066,"url":"https:\/\/www.shavei.org\/wp-content\/uploads\/2019\/07\/4d1bb149-1d90-4f87-924c-371fdc6a9834.jpg","type":"image\/jpeg"}],"author":"Esther Surikova","twitter_card":"summary_large_image","twitter_misc":{"Napisane przez":false,"Szacowany czas czytania":"1 minuta"},"schema":{"@context":"https:\/\/schema.org","@graph":[{"@type":"Article","@id":"https:\/\/www.shavei.org\/pl\/blog\/2019\/07\/09\/emocjonalne-polaczenie-shaveia-z-rajdem-zycia\/#article","isPartOf":{"@id":"https:\/\/www.shavei.org\/pl\/blog\/2019\/07\/09\/emocjonalne-polaczenie-shaveia-z-rajdem-zycia\/"},"author":{"name":"Esther Surikova","@id":"https:\/\/www.shavei.org\/#\/schema\/person\/a3dbd79b0bdde54a5c86376e2e68d67d"},"headline":"EMOCJONALNE PO\u0141\u0104CZENIE SHAVEIA Z &#8222;RAJDEM \u017bYCIA\u201d","datePublished":"2019-07-09T13:37:15+00:00","dateModified":"2019-07-09T14:15:43+00:00","mainEntityOfPage":{"@id":"https:\/\/www.shavei.org\/pl\/blog\/2019\/07\/09\/emocjonalne-polaczenie-shaveia-z-rajdem-zycia\/"},"wordCount":159,"commentCount":0,"publisher":{"@id":"https:\/\/www.shavei.org\/#organization"},"image":{"@id":"https:\/\/www.shavei.org\/pl\/blog\/2019\/07\/09\/emocjonalne-polaczenie-shaveia-z-rajdem-zycia\/#primaryimage"},"thumbnailUrl":"https:\/\/www.shavei.org\/wp-content\/uploads\/2019\/07\/4d1bb149-1d90-4f87-924c-371fdc6a9834.jpg","keywords":["Festiwal Kultury \u017bydowskiej","JCC","Krakow","Rabin Avi Baumol","Rajd for the Living"],"articleSection":["\u017bydzi z Polski"],"inLanguage":"pl-PL","potentialAction":[{"@type":"CommentAction","name":"Comment","target":["https:\/\/www.shavei.org\/pl\/blog\/2019\/07\/09\/emocjonalne-polaczenie-shaveia-z-rajdem-zycia\/#respond"]}]},{"@type":"WebPage","@id":"https:\/\/www.shavei.org\/pl\/blog\/2019\/07\/09\/emocjonalne-polaczenie-shaveia-z-rajdem-zycia\/","url":"https:\/\/www.shavei.org\/pl\/blog\/2019\/07\/09\/emocjonalne-polaczenie-shaveia-z-rajdem-zycia\/","name":"EMOCJONALNE PO\u0141\u0104CZENIE SHAVEIA Z \"RAJDEM \u017bYCIA\u201d - Shavei Israel","isPartOf":{"@id":"https:\/\/www.shavei.org\/#website"},"primaryImageOfPage":{"@id":"https:\/\/www.shavei.org\/pl\/blog\/2019\/07\/09\/emocjonalne-polaczenie-shaveia-z-rajdem-zycia\/#primaryimage"},"image":{"@id":"https:\/\/www.shavei.org\/pl\/blog\/2019\/07\/09\/emocjonalne-polaczenie-shaveia-z-rajdem-zycia\/#primaryimage"},"thumbnailUrl":"https:\/\/www.shavei.org\/wp-content\/uploads\/2019\/07\/4d1bb149-1d90-4f87-924c-371fdc6a9834.jpg","datePublished":"2019-07-09T13:37:15+00:00","dateModified":"2019-07-09T14:15:43+00:00","breadcrumb":{"@id":"https:\/\/www.shavei.org\/pl\/blog\/2019\/07\/09\/emocjonalne-polaczenie-shaveia-z-rajdem-zycia\/#breadcrumb"},"inLanguage":"pl-PL","potentialAction":[{"@type":"ReadAction","target":["https:\/\/www.shavei.org\/pl\/blog\/2019\/07\/09\/emocjonalne-polaczenie-shaveia-z-rajdem-zycia\/"]}]},{"@type":"ImageObject","inLanguage":"pl-PL","@id":"https:\/\/www.shavei.org\/pl\/blog\/2019\/07\/09\/emocjonalne-polaczenie-shaveia-z-rajdem-zycia\/#primaryimage","url":"https:\/\/www.shavei.org\/wp-content\/uploads\/2019\/07\/4d1bb149-1d90-4f87-924c-371fdc6a9834.jpg","contentUrl":"https:\/\/www.shavei.org\/wp-content\/uploads\/2019\/07\/4d1bb149-1d90-4f87-924c-371fdc6a9834.jpg","width":1600,"height":1066},{"@type":"BreadcrumbList","@id":"https:\/\/www.shavei.org\/pl\/blog\/2019\/07\/09\/emocjonalne-polaczenie-shaveia-z-rajdem-zycia\/#breadcrumb","itemListElement":[{"@type":"ListItem","position":1,"name":"Home","item":"https:\/\/www.shavei.org\/"},{"@type":"ListItem","position":2,"name":"EMOCJONALNE PO\u0141\u0104CZENIE SHAVEIA Z &#8222;RAJDEM \u017bYCIA\u201d"}]},{"@type":"WebSite","@id":"https:\/\/www.shavei.org\/#website","url":"https:\/\/www.shavei.org\/","name":"Shavei Israel","description":"One nation, many faces. We help them all return.","publisher":{"@id":"https:\/\/www.shavei.org\/#organization"},"potentialAction":[{"@type":"SearchAction","target":{"@type":"EntryPoint","urlTemplate":"https:\/\/www.shavei.org\/?s={search_term_string}"},"query-input":{"@type":"PropertyValueSpecification","valueRequired":true,"valueName":"search_term_string"}}],"inLanguage":"pl-PL"},{"@type":"Organization","@id":"https:\/\/www.shavei.org\/#organization","name":"Shavei Israel","url":"https:\/\/www.shavei.org\/","logo":{"@type":"ImageObject","inLanguage":"pl-PL","@id":"https:\/\/www.shavei.org\/#\/schema\/logo\/image\/","url":"https:\/\/www.shavei.org\/wp-content\/uploads\/2017\/10\/shavei-logo.jpg","contentUrl":"https:\/\/www.shavei.org\/wp-content\/uploads\/2017\/10\/shavei-logo.jpg","width":300,"height":285,"caption":"Shavei Israel"},"image":{"@id":"https:\/\/www.shavei.org\/#\/schema\/logo\/image\/"}},{"@type":"Person","@id":"https:\/\/www.shavei.org\/#\/schema\/person\/a3dbd79b0bdde54a5c86376e2e68d67d","name":"Esther Surikova","image":{"@type":"ImageObject","inLanguage":"pl-PL","@id":"https:\/\/secure.gravatar.com\/avatar\/08c55b4b5c2104f00e0109d19776522c0ec6e8bfec6b55d6ebf151b85dc50c47?s=96&d=mm&r=g","url":"https:\/\/secure.gravatar.com\/avatar\/08c55b4b5c2104f00e0109d19776522c0ec6e8bfec6b55d6ebf151b85dc50c47?s=96&d=mm&r=g","contentUrl":"https:\/\/secure.gravatar.com\/avatar\/08c55b4b5c2104f00e0109d19776522c0ec6e8bfec6b55d6ebf151b85dc50c47?s=96&d=mm&r=g","caption":"Esther Surikova"},"url":"https:\/\/www.shavei.org\/pl\/blog\/author\/esther\/"}]}},"_links":{"self":[{"href":"https:\/\/www.shavei.org\/pl\/wp-json\/wp\/v2\/posts\/100848","targetHints":{"allow":["GET"]}}],"collection":[{"href":"https:\/\/www.shavei.org\/pl\/wp-json\/wp\/v2\/posts"}],"about":[{"href":"https:\/\/www.shavei.org\/pl\/wp-json\/wp\/v2\/types\/post"}],"author":[{"embeddable":true,"href":"https:\/\/www.shavei.org\/pl\/wp-json\/wp\/v2\/users\/12"}],"replies":[{"embeddable":true,"href":"https:\/\/www.shavei.org\/pl\/wp-json\/wp\/v2\/comments?post=100848"}],"version-history":[{"count":3,"href":"https:\/\/www.shavei.org\/pl\/wp-json\/wp\/v2\/posts\/100848\/revisions"}],"predecessor-version":[{"id":100860,"href":"https:\/\/www.shavei.org\/pl\/wp-json\/wp\/v2\/posts\/100848\/revisions\/100860"}],"wp:featuredmedia":[{"embeddable":true,"href":"https:\/\/www.shavei.org\/pl\/wp-json\/wp\/v2\/media\/100510"}],"wp:attachment":[{"href":"https:\/\/www.shavei.org\/pl\/wp-json\/wp\/v2\/media?parent=100848"}],"wp:term":[{"taxonomy":"category","embeddable":true,"href":"https:\/\/www.shavei.org\/pl\/wp-json\/wp\/v2\/categories?post=100848"},{"taxonomy":"post_tag","embeddable":true,"href":"https:\/\/www.shavei.org\/pl\/wp-json\/wp\/v2\/tags?post=100848"}],"curies":[{"name":"wp","href":"https:\/\/api.w.org\/{rel}","templated":true}]}}