{"id":942,"date":"2008-11-25T11:42:11","date_gmt":"2008-11-25T11:42:11","guid":{"rendered":"https:\/\/shaveiisrael.com\/?p=942"},"modified":"2016-01-26T11:19:20","modified_gmt":"2016-01-26T11:19:20","slug":"espanol-mas-que-tan-solo-judios-de-shabat","status":"publish","type":"post","link":"https:\/\/www.shavei.org\/es\/blog\/2008\/11\/25\/espanol-mas-que-tan-solo-judios-de-shabat\/","title":{"rendered":"M\u00e1s que tan solo jud\u00edos de Shabat"},"content":{"rendered":"<p><!--:es--><\/p>\n<p><span style=\"font-family: Verdana; font-size: 10pt;\">El jueves 27 de noviembre podr\u00e1 ser un d\u00eda de suerte para los jud\u00edos rusos a quienes la fr\u00eda y descorazonada burocracia no les permite venir a Israel.<\/span><\/p>\n<p><span style=\"font-family: Verdana; font-size: 10pt;\">Luego de meses de retraso, la Corte Suprema finalmente atender\u00e1 la petici\u00f3n de 20.000 subotniks jud\u00edos de Rusia, varios de los cuales han encontrado dificultades de recibir permisos de ali\u00e1 en los \u00faltimos a\u00f1os.<\/span><\/p>\n<p><span style=\"font-family: Verdana; font-size: 10pt;\">Familias han sido divididas, y amados han debido poner sus planes en espera, mientras que un no-civil servicio civil ha puesto numerosos obst\u00e1culos en su camino, generalmente aplicando inconsistente e incluso contradictorios criterios.<\/span><\/p>\n<p><span style=\"font-family: Verdana; font-size: 10pt;\"><!--:--><!--more--><!--:es-->Pero a diferencia de hace tres d\u00e9cadas, no son los oficiales sovi\u00e9ticos en Mosc\u00fa o Leningrado los que causan este triste problema. <img decoding=\"async\" style=\"margin: 10px; border: #000000 2px solid;\" src=\"https:\/\/www.shavei.org\/UC\/subotniks.jpg\" alt=\"\" align=\"right\" \/><\/span><\/p>\n<p><span style=\"font-family: Verdana; font-size: 10pt;\">Increible, pero no es otro que el gobierno israel\u00ed el que est\u00e1 bloqueando su ali\u00e1, haciendo de los jud\u00edos subotniks los \u00faltimos restos de los refusniks, que a\u00fan se encuentran trabados en la antigua Uni\u00f3n Sovi\u00e9tica.<\/span><\/p>\n<p><span style=\"font-family: Verdana; font-size: 10pt;\">Es tiempo de que esta injusticia sea corregida, y de que Israel abra sus puertas a los remanentes de esta comunidad especial.<\/span><\/p>\n<p><span style=\"font-family: Verdana; font-size: 10pt;\">LA HISTORIA de los subotniks comenz\u00f3 hace m\u00e1s de dos siglos, cuando un n\u00famero de sectas judeizantes se desarrollaron entre los granjeros y los campesinos en el sur de Rusia.<\/span><\/p>\n<p><span style=\"font-family: Verdana; font-size: 10pt;\">Mientras que siguieron siendo cristianos, varios adoptaron pr\u00e1cticas jud\u00edas, en particular la observancia del Shabat, o el Shabat jud\u00edo, y por tal raz\u00f3n recibieron el nombre de subotniks.<\/span><\/p>\n<p><span style=\"font-family: Verdana; font-size: 10pt;\">Pero entre ellos hubo un grupo que dio un paso m\u00e1s, dejando atr\u00e1s la fe Ortodoxa Rusa y convirti\u00e9ndose al juda\u00edsmo. Ellos se refer\u00edan a si mismos como \u201clos guerim\u201d, usando la palabra jud\u00eda para conversos, y practicando juda\u00edsmo abiertamente.<\/span><\/p>\n<p><span style=\"font-family: Verdana; font-size: 10pt;\">Estos jud\u00edos subotniks respetaban la halaj\u00e1, se casaban con jud\u00edos rusos, y algunos incluso mandaron a sus hijos a estudiar en las grandes yeshivot de Lituania y Ukrania.<\/span><\/p>\n<p><span style=\"font-family: Verdana; font-size: 10pt;\">Convertirse al juda\u00edsmo en la Rusia Zarista era un noble acto de f\u00e9, pero obviamente llevaba consigo grandes riesgos. Y r\u00e1pidamente, los subotniks fueron forzados a pagar un alto precio por adoptar el juda\u00edsmo.<\/span><\/p>\n<p><span style=\"font-family: Verdana; font-size: 10pt;\">De acuerdo a Simon Dubnow, el gran historiador de la juder\u00eda rusa y polaca, el Zar Alezander I escuch\u00f3 de la existencia de los jud\u00edos Subotniks en 1817, cuando se quejaron ante \u00e9l del anitsemitismo que estaban sufriendo \u201cpor adoptar la ley de Mois\u00e9s\u201d.<\/span><\/p>\n<p><span style=\"font-family: Verdana; font-size: 10pt;\">El Zar se enfureci\u00f3, no por el hecho de que algunos de sus s\u00fabditos persegu\u00edan jud\u00edos, por supuesto, sino porque unos de ellos hab\u00edan decidido volverse jud\u00edos. Por lo que expidi\u00f3 una serie de decretos en contra de los subotniks, los cuales culminaron en la deportaci\u00f3n y expulsi\u00f3n a lejanos lugares del imperio.<\/span><\/p>\n<p><span style=\"font-family: Verdana; font-size: 10pt;\">A PESAR DE LA persecusi\u00f3n zarista y de la subsecuente opresi\u00f3n sovi\u00e9tica, los jud\u00edos subotniks se aferraron obstinadamente a su juda\u00edsmo. Muchos fueron asesinados por los alemanes luego de la invasi\u00f3n nazi en junio de 1941.<\/span><\/p>\n<p><span style=\"font-family: Verdana; font-size: 10pt;\">El comunismo tambi\u00e9n fue duro con ellos, y en d\u00e9cadas recientes, un creciente n\u00famero de jud\u00edos subotniks sucumbieron a la asimilaci\u00f3n y al matrimonio mixto, presentando una amenaza para su futuro como jud\u00edos.<\/span><\/p>\n<p><span style=\"font-family: Verdana; font-size: 10pt;\">Es por esto, que es esencial que Israel act\u00fae r\u00e1pidamente para permitir a los jud\u00edos subotniks remanentes, realizar ali\u00e1 \u2013 antes de que se asimilen completamente y desaparezcan.<\/span><\/p>\n<p><span style=\"font-family: Verdana; font-size: 10pt;\">Tan solo en la \u00faltima d\u00e9cada, cientos de subotniks de la aldea Vysoky en el sur de Rusia se han mudado a Israel, mientras que miles de otros subotniks han venido durante la gran ola de ali\u00e1 de Rusia, la cual tuvo lugar durante los a\u00f1os \u00b490.<\/span><\/p>\n<p><span style=\"font-family: Verdana; font-size: 10pt;\">Figuras prominentes en la historia moderna de nuestra naci\u00f3n, como uno de los \u00faltimos comandantes del ej\u00e9rcito, Rafael (Raful) Eit\u00e1n, y el legendario Alexander Zaid, un pionero de la segunda ali\u00e1 quien fund\u00f3 el \u201cHashomer\u201d grupo de defensa jud\u00eda hace un siglo, eran descendientes de subotniks.<\/span><\/p>\n<p><span style=\"font-family: Verdana; font-size: 10pt;\">PERO EN los \u00faltimos a\u00f1os, el Ministro del Interior y el Departamento de Enlace, un brazo de la oficina del Primer Ministro, el cual se encarga de inmigraci\u00f3n desde la antigua Uni\u00f3n Sovi\u00e9tica, han inexplicablemente detenido toda la ali\u00e1 de los subotniks.<\/span><\/p>\n<p><span style=\"font-family: Verdana; font-size: 10pt;\">El resultado es que cientos de jud\u00edos subotniks de Vysoky, y otros cientos m\u00e1s de otras comunidades a lo largo de Rusia, se encuentran ahora afuera.<\/span><\/p>\n<p><span style=\"font-family: Verdana; font-size: 10pt;\">Estos incluyen a Lubov Gonchareva, una residente de Vysoky de 48 a\u00f1os y madre de tres ni\u00f1os. Los padres de Lubov han realizado ali\u00e1 hace varios a\u00f1os, fueron reconocidos como jud\u00edos por el Ministerio del Interior, y su madre incluso obtuvo un documento del Rabinato de Jerusalem en el cual certifica que es jud\u00eda.<\/span><\/p>\n<p><span style=\"font-family: Verdana; font-size: 10pt;\">Pero cuando Lubov present\u00f3 una petici\u00f3n para realizar ali\u00e1 hace cuatro a\u00f1os, su petici\u00f3n fue denegada debido a que su esposo no era jud\u00edo. Por lo tanto, le fue comunicado, \u201cperdi\u00f3\u201d el derecho de mudarse a Israel, a pesar de que sus padres viven aqu\u00ed como jud\u00edos israel\u00edes en Beit Shemesh, en las afueras de Jerusalem.<\/span><\/p>\n<p><span style=\"font-family: Verdana; font-size: 10pt;\">\u201cNac\u00ed como jud\u00eda y vivo como jud\u00eda, como tambi\u00e9n lo hacen mis hijos\u201d, me dijo Lubov, mientras que ca\u00edan l\u00e1grimas de sus ojos. \u201cEl estado reconoce a mis padres como jud\u00edos, \u00bfentonces como puede hacerme esto a mi y a mis hijos?\u201d<\/span><\/p>\n<p><span style=\"font-family: Verdana; font-size: 10pt;\">Esta pregunta ser\u00e1 presentada ante la Corte Suprema ma\u00f1ana, cuando los jueces reciban la petici\u00f3n que Shavei Israel, organizaci\u00f3n que presido, ha presentado en nombre de Lubov.<\/span><\/p>\n<p><span style=\"font-family: Verdana; font-size: 10pt;\">Espero que la Corte vea la insensibilidad de nuestras autoridades, y le permita a Lubov y a sus hijos, y a otros como ellos, realizar ali\u00e1.<\/span><\/p>\n<p><span style=\"font-family: Verdana; font-size: 10pt;\">Los subotniks son los jud\u00edos olvidados de Rusia. Debido a todo lo que han vivido en los \u00faltimos dos siglos, no podemos darles la espalda.<\/span><\/p>\n<p><span style=\"font-family: Verdana; font-size: 10pt;\">Han luchado valientemente por sobrevivir, y los vestigios de esta comunidad desean volver a casa.<\/span><\/p>\n<p><span style=\"font-family: Verdana; font-size: 10pt;\">Ahora es el momento para permitirles realizar esto, antes de que sea demasiado tarde.<\/span><\/p>\n<p><!--:--><\/p>\n","protected":false},"excerpt":{"rendered":"<p>El jueves 27 de noviembre podr\u00e1 ser un d\u00eda de suerte para los jud\u00edos rusos a quienes la fr\u00eda y descorazonada burocracia no les permite venir a Israel. Luego de meses de retraso, la Corte Suprema finalmente atender\u00e1 la petici\u00f3n de 20.000 subotniks jud\u00edos de&#8230;<\/p>\n","protected":false},"author":8,"featured_media":0,"comment_status":"closed","ping_status":"closed","sticky":false,"template":"","format":"standard","meta":{"give_campaign_id":0,"_exactmetrics_skip_tracking":false,"_exactmetrics_sitenote_active":false,"_exactmetrics_sitenote_note":"","_exactmetrics_sitenote_category":0,"ngg_post_thumbnail":0,"footnotes":""},"categories":[514],"tags":[],"class_list":["post-942","post","type-post","status-publish","format-standard","hentry","category-subotniks"],"yoast_head":"<!-- This site is optimized with the Yoast SEO plugin v27.4 - https:\/\/yoast.com\/product\/yoast-seo-wordpress\/ -->\n<title>M\u00e1s que tan solo jud\u00edos de Shabat - Shavei Israel<\/title>\n<meta name=\"robots\" content=\"index, follow, max-snippet:-1, max-image-preview:large, max-video-preview:-1\" \/>\n<link rel=\"canonical\" href=\"https:\/\/www.shavei.org\/es\/blog\/2008\/11\/25\/espanol-mas-que-tan-solo-judios-de-shabat\/\" \/>\n<meta property=\"og:locale\" content=\"es_ES\" \/>\n<meta property=\"og:type\" content=\"article\" \/>\n<meta property=\"og:title\" content=\"M\u00e1s que tan solo jud\u00edos de Shabat - Shavei Israel\" \/>\n<meta property=\"og:description\" content=\"El jueves 27 de noviembre podr\u00e1 ser un d\u00eda de suerte para los jud\u00edos rusos a quienes la fr\u00eda y descorazonada burocracia no les permite venir a Israel. Luego de meses de retraso, la Corte Suprema finalmente atender\u00e1 la petici\u00f3n de 20.000 subotniks jud\u00edos de...\" \/>\n<meta property=\"og:url\" content=\"https:\/\/www.shavei.org\/es\/blog\/2008\/11\/25\/espanol-mas-que-tan-solo-judios-de-shabat\/\" \/>\n<meta property=\"og:site_name\" content=\"Shavei Israel\" \/>\n<meta property=\"article:published_time\" content=\"2008-11-25T11:42:11+00:00\" \/>\n<meta property=\"article:modified_time\" content=\"2016-01-26T11:19:20+00:00\" \/>\n<meta property=\"og:image\" content=\"https:\/\/www.shavei.org\/UC\/subotniks.jpg\" \/>\n<meta name=\"author\" content=\"Shavei Israel\" \/>\n<meta name=\"twitter:card\" content=\"summary_large_image\" \/>\n<meta name=\"twitter:label1\" content=\"Escrito por\" \/>\n\t<meta name=\"twitter:data1\" content=\"\" \/>\n\t<meta name=\"twitter:label2\" content=\"Tiempo de lectura\" \/>\n\t<meta name=\"twitter:data2\" content=\"5 minutos\" \/>\n<script type=\"application\/ld+json\" class=\"yoast-schema-graph\">{\"@context\":\"https:\\\/\\\/schema.org\",\"@graph\":[{\"@type\":\"Article\",\"@id\":\"https:\\\/\\\/www.shavei.org\\\/es\\\/blog\\\/2008\\\/11\\\/25\\\/espanol-mas-que-tan-solo-judios-de-shabat\\\/#article\",\"isPartOf\":{\"@id\":\"https:\\\/\\\/www.shavei.org\\\/es\\\/blog\\\/2008\\\/11\\\/25\\\/espanol-mas-que-tan-solo-judios-de-shabat\\\/\"},\"author\":{\"name\":\"Shavei Israel\",\"@id\":\"https:\\\/\\\/www.shavei.org\\\/#\\\/schema\\\/person\\\/be34c059c9b16cdd461eed6c3ee0cf22\"},\"headline\":\"M\u00e1s que tan solo jud\u00edos de Shabat\",\"datePublished\":\"2008-11-25T11:42:11+00:00\",\"dateModified\":\"2016-01-26T11:19:20+00:00\",\"mainEntityOfPage\":{\"@id\":\"https:\\\/\\\/www.shavei.org\\\/es\\\/blog\\\/2008\\\/11\\\/25\\\/espanol-mas-que-tan-solo-judios-de-shabat\\\/\"},\"wordCount\":1040,\"publisher\":{\"@id\":\"https:\\\/\\\/www.shavei.org\\\/#organization\"},\"image\":{\"@id\":\"https:\\\/\\\/www.shavei.org\\\/es\\\/blog\\\/2008\\\/11\\\/25\\\/espanol-mas-que-tan-solo-judios-de-shabat\\\/#primaryimage\"},\"thumbnailUrl\":\"https:\\\/\\\/www.shavei.org\\\/UC\\\/subotniks.jpg\",\"articleSection\":[\"Subbotniks\"],\"inLanguage\":\"es\"},{\"@type\":\"WebPage\",\"@id\":\"https:\\\/\\\/www.shavei.org\\\/es\\\/blog\\\/2008\\\/11\\\/25\\\/espanol-mas-que-tan-solo-judios-de-shabat\\\/\",\"url\":\"https:\\\/\\\/www.shavei.org\\\/es\\\/blog\\\/2008\\\/11\\\/25\\\/espanol-mas-que-tan-solo-judios-de-shabat\\\/\",\"name\":\"M\u00e1s que tan solo jud\u00edos de Shabat - Shavei Israel\",\"isPartOf\":{\"@id\":\"https:\\\/\\\/www.shavei.org\\\/#website\"},\"primaryImageOfPage\":{\"@id\":\"https:\\\/\\\/www.shavei.org\\\/es\\\/blog\\\/2008\\\/11\\\/25\\\/espanol-mas-que-tan-solo-judios-de-shabat\\\/#primaryimage\"},\"image\":{\"@id\":\"https:\\\/\\\/www.shavei.org\\\/es\\\/blog\\\/2008\\\/11\\\/25\\\/espanol-mas-que-tan-solo-judios-de-shabat\\\/#primaryimage\"},\"thumbnailUrl\":\"https:\\\/\\\/www.shavei.org\\\/UC\\\/subotniks.jpg\",\"datePublished\":\"2008-11-25T11:42:11+00:00\",\"dateModified\":\"2016-01-26T11:19:20+00:00\",\"breadcrumb\":{\"@id\":\"https:\\\/\\\/www.shavei.org\\\/es\\\/blog\\\/2008\\\/11\\\/25\\\/espanol-mas-que-tan-solo-judios-de-shabat\\\/#breadcrumb\"},\"inLanguage\":\"es\",\"potentialAction\":[{\"@type\":\"ReadAction\",\"target\":[\"https:\\\/\\\/www.shavei.org\\\/es\\\/blog\\\/2008\\\/11\\\/25\\\/espanol-mas-que-tan-solo-judios-de-shabat\\\/\"]}]},{\"@type\":\"ImageObject\",\"inLanguage\":\"es\",\"@id\":\"https:\\\/\\\/www.shavei.org\\\/es\\\/blog\\\/2008\\\/11\\\/25\\\/espanol-mas-que-tan-solo-judios-de-shabat\\\/#primaryimage\",\"url\":\"https:\\\/\\\/www.shavei.org\\\/UC\\\/subotniks.jpg\",\"contentUrl\":\"https:\\\/\\\/www.shavei.org\\\/UC\\\/subotniks.jpg\"},{\"@type\":\"BreadcrumbList\",\"@id\":\"https:\\\/\\\/www.shavei.org\\\/es\\\/blog\\\/2008\\\/11\\\/25\\\/espanol-mas-que-tan-solo-judios-de-shabat\\\/#breadcrumb\",\"itemListElement\":[{\"@type\":\"ListItem\",\"position\":1,\"name\":\"Home\",\"item\":\"https:\\\/\\\/www.shavei.org\\\/es\\\/\"},{\"@type\":\"ListItem\",\"position\":2,\"name\":\"M\u00e1s que tan solo jud\u00edos de Shabat\"}]},{\"@type\":\"WebSite\",\"@id\":\"https:\\\/\\\/www.shavei.org\\\/#website\",\"url\":\"https:\\\/\\\/www.shavei.org\\\/\",\"name\":\"Shavei Israel\",\"description\":\"One nation, many faces. We help them all return.\",\"publisher\":{\"@id\":\"https:\\\/\\\/www.shavei.org\\\/#organization\"},\"potentialAction\":[{\"@type\":\"SearchAction\",\"target\":{\"@type\":\"EntryPoint\",\"urlTemplate\":\"https:\\\/\\\/www.shavei.org\\\/?s={search_term_string}\"},\"query-input\":{\"@type\":\"PropertyValueSpecification\",\"valueRequired\":true,\"valueName\":\"search_term_string\"}}],\"inLanguage\":\"es\"},{\"@type\":\"Organization\",\"@id\":\"https:\\\/\\\/www.shavei.org\\\/#organization\",\"name\":\"Shavei Israel\",\"url\":\"https:\\\/\\\/www.shavei.org\\\/\",\"logo\":{\"@type\":\"ImageObject\",\"inLanguage\":\"es\",\"@id\":\"https:\\\/\\\/www.shavei.org\\\/#\\\/schema\\\/logo\\\/image\\\/\",\"url\":\"https:\\\/\\\/www.shavei.org\\\/wp-content\\\/uploads\\\/2017\\\/10\\\/shavei-logo.jpg\",\"contentUrl\":\"https:\\\/\\\/www.shavei.org\\\/wp-content\\\/uploads\\\/2017\\\/10\\\/shavei-logo.jpg\",\"width\":300,\"height\":285,\"caption\":\"Shavei Israel\"},\"image\":{\"@id\":\"https:\\\/\\\/www.shavei.org\\\/#\\\/schema\\\/logo\\\/image\\\/\"}},{\"@type\":\"Person\",\"@id\":\"https:\\\/\\\/www.shavei.org\\\/#\\\/schema\\\/person\\\/be34c059c9b16cdd461eed6c3ee0cf22\",\"name\":\"Shavei Israel\",\"image\":{\"@type\":\"ImageObject\",\"inLanguage\":\"es\",\"@id\":\"https:\\\/\\\/secure.gravatar.com\\\/avatar\\\/3df74477975a50f1c87a7dace91f34be8bb2637b8220dd744eaf5ef9922e052e?s=96&d=mm&r=g\",\"url\":\"https:\\\/\\\/secure.gravatar.com\\\/avatar\\\/3df74477975a50f1c87a7dace91f34be8bb2637b8220dd744eaf5ef9922e052e?s=96&d=mm&r=g\",\"contentUrl\":\"https:\\\/\\\/secure.gravatar.com\\\/avatar\\\/3df74477975a50f1c87a7dace91f34be8bb2637b8220dd744eaf5ef9922e052e?s=96&d=mm&r=g\",\"caption\":\"Shavei Israel\"},\"url\":\"https:\\\/\\\/www.shavei.org\\\/es\\\/blog\\\/author\\\/shaveiisrael\\\/\"}]}<\/script>\n<!-- \/ Yoast SEO plugin. -->","yoast_head_json":{"title":"M\u00e1s que tan solo jud\u00edos de Shabat - Shavei Israel","robots":{"index":"index","follow":"follow","max-snippet":"max-snippet:-1","max-image-preview":"max-image-preview:large","max-video-preview":"max-video-preview:-1"},"canonical":"https:\/\/www.shavei.org\/es\/blog\/2008\/11\/25\/espanol-mas-que-tan-solo-judios-de-shabat\/","og_locale":"es_ES","og_type":"article","og_title":"M\u00e1s que tan solo jud\u00edos de Shabat - Shavei Israel","og_description":"El jueves 27 de noviembre podr\u00e1 ser un d\u00eda de suerte para los jud\u00edos rusos a quienes la fr\u00eda y descorazonada burocracia no les permite venir a Israel. Luego de meses de retraso, la Corte Suprema finalmente atender\u00e1 la petici\u00f3n de 20.000 subotniks jud\u00edos de...","og_url":"https:\/\/www.shavei.org\/es\/blog\/2008\/11\/25\/espanol-mas-que-tan-solo-judios-de-shabat\/","og_site_name":"Shavei Israel","article_published_time":"2008-11-25T11:42:11+00:00","article_modified_time":"2016-01-26T11:19:20+00:00","og_image":[{"url":"https:\/\/www.shavei.org\/UC\/subotniks.jpg","type":"","width":"","height":""}],"author":"Shavei Israel","twitter_card":"summary_large_image","twitter_misc":{"Escrito por":false,"Tiempo de lectura":"5 minutos"},"schema":{"@context":"https:\/\/schema.org","@graph":[{"@type":"Article","@id":"https:\/\/www.shavei.org\/es\/blog\/2008\/11\/25\/espanol-mas-que-tan-solo-judios-de-shabat\/#article","isPartOf":{"@id":"https:\/\/www.shavei.org\/es\/blog\/2008\/11\/25\/espanol-mas-que-tan-solo-judios-de-shabat\/"},"author":{"name":"Shavei Israel","@id":"https:\/\/www.shavei.org\/#\/schema\/person\/be34c059c9b16cdd461eed6c3ee0cf22"},"headline":"M\u00e1s que tan solo jud\u00edos de Shabat","datePublished":"2008-11-25T11:42:11+00:00","dateModified":"2016-01-26T11:19:20+00:00","mainEntityOfPage":{"@id":"https:\/\/www.shavei.org\/es\/blog\/2008\/11\/25\/espanol-mas-que-tan-solo-judios-de-shabat\/"},"wordCount":1040,"publisher":{"@id":"https:\/\/www.shavei.org\/#organization"},"image":{"@id":"https:\/\/www.shavei.org\/es\/blog\/2008\/11\/25\/espanol-mas-que-tan-solo-judios-de-shabat\/#primaryimage"},"thumbnailUrl":"https:\/\/www.shavei.org\/UC\/subotniks.jpg","articleSection":["Subbotniks"],"inLanguage":"es"},{"@type":"WebPage","@id":"https:\/\/www.shavei.org\/es\/blog\/2008\/11\/25\/espanol-mas-que-tan-solo-judios-de-shabat\/","url":"https:\/\/www.shavei.org\/es\/blog\/2008\/11\/25\/espanol-mas-que-tan-solo-judios-de-shabat\/","name":"M\u00e1s que tan solo jud\u00edos de Shabat - Shavei Israel","isPartOf":{"@id":"https:\/\/www.shavei.org\/#website"},"primaryImageOfPage":{"@id":"https:\/\/www.shavei.org\/es\/blog\/2008\/11\/25\/espanol-mas-que-tan-solo-judios-de-shabat\/#primaryimage"},"image":{"@id":"https:\/\/www.shavei.org\/es\/blog\/2008\/11\/25\/espanol-mas-que-tan-solo-judios-de-shabat\/#primaryimage"},"thumbnailUrl":"https:\/\/www.shavei.org\/UC\/subotniks.jpg","datePublished":"2008-11-25T11:42:11+00:00","dateModified":"2016-01-26T11:19:20+00:00","breadcrumb":{"@id":"https:\/\/www.shavei.org\/es\/blog\/2008\/11\/25\/espanol-mas-que-tan-solo-judios-de-shabat\/#breadcrumb"},"inLanguage":"es","potentialAction":[{"@type":"ReadAction","target":["https:\/\/www.shavei.org\/es\/blog\/2008\/11\/25\/espanol-mas-que-tan-solo-judios-de-shabat\/"]}]},{"@type":"ImageObject","inLanguage":"es","@id":"https:\/\/www.shavei.org\/es\/blog\/2008\/11\/25\/espanol-mas-que-tan-solo-judios-de-shabat\/#primaryimage","url":"https:\/\/www.shavei.org\/UC\/subotniks.jpg","contentUrl":"https:\/\/www.shavei.org\/UC\/subotniks.jpg"},{"@type":"BreadcrumbList","@id":"https:\/\/www.shavei.org\/es\/blog\/2008\/11\/25\/espanol-mas-que-tan-solo-judios-de-shabat\/#breadcrumb","itemListElement":[{"@type":"ListItem","position":1,"name":"Home","item":"https:\/\/www.shavei.org\/es\/"},{"@type":"ListItem","position":2,"name":"M\u00e1s que tan solo jud\u00edos de Shabat"}]},{"@type":"WebSite","@id":"https:\/\/www.shavei.org\/#website","url":"https:\/\/www.shavei.org\/","name":"Shavei Israel","description":"One nation, many faces. We help them all return.","publisher":{"@id":"https:\/\/www.shavei.org\/#organization"},"potentialAction":[{"@type":"SearchAction","target":{"@type":"EntryPoint","urlTemplate":"https:\/\/www.shavei.org\/?s={search_term_string}"},"query-input":{"@type":"PropertyValueSpecification","valueRequired":true,"valueName":"search_term_string"}}],"inLanguage":"es"},{"@type":"Organization","@id":"https:\/\/www.shavei.org\/#organization","name":"Shavei Israel","url":"https:\/\/www.shavei.org\/","logo":{"@type":"ImageObject","inLanguage":"es","@id":"https:\/\/www.shavei.org\/#\/schema\/logo\/image\/","url":"https:\/\/www.shavei.org\/wp-content\/uploads\/2017\/10\/shavei-logo.jpg","contentUrl":"https:\/\/www.shavei.org\/wp-content\/uploads\/2017\/10\/shavei-logo.jpg","width":300,"height":285,"caption":"Shavei Israel"},"image":{"@id":"https:\/\/www.shavei.org\/#\/schema\/logo\/image\/"}},{"@type":"Person","@id":"https:\/\/www.shavei.org\/#\/schema\/person\/be34c059c9b16cdd461eed6c3ee0cf22","name":"Shavei Israel","image":{"@type":"ImageObject","inLanguage":"es","@id":"https:\/\/secure.gravatar.com\/avatar\/3df74477975a50f1c87a7dace91f34be8bb2637b8220dd744eaf5ef9922e052e?s=96&d=mm&r=g","url":"https:\/\/secure.gravatar.com\/avatar\/3df74477975a50f1c87a7dace91f34be8bb2637b8220dd744eaf5ef9922e052e?s=96&d=mm&r=g","contentUrl":"https:\/\/secure.gravatar.com\/avatar\/3df74477975a50f1c87a7dace91f34be8bb2637b8220dd744eaf5ef9922e052e?s=96&d=mm&r=g","caption":"Shavei Israel"},"url":"https:\/\/www.shavei.org\/es\/blog\/author\/shaveiisrael\/"}]}},"_links":{"self":[{"href":"https:\/\/www.shavei.org\/es\/wp-json\/wp\/v2\/posts\/942","targetHints":{"allow":["GET"]}}],"collection":[{"href":"https:\/\/www.shavei.org\/es\/wp-json\/wp\/v2\/posts"}],"about":[{"href":"https:\/\/www.shavei.org\/es\/wp-json\/wp\/v2\/types\/post"}],"author":[{"embeddable":true,"href":"https:\/\/www.shavei.org\/es\/wp-json\/wp\/v2\/users\/8"}],"replies":[{"embeddable":true,"href":"https:\/\/www.shavei.org\/es\/wp-json\/wp\/v2\/comments?post=942"}],"version-history":[{"count":2,"href":"https:\/\/www.shavei.org\/es\/wp-json\/wp\/v2\/posts\/942\/revisions"}],"predecessor-version":[{"id":25797,"href":"https:\/\/www.shavei.org\/es\/wp-json\/wp\/v2\/posts\/942\/revisions\/25797"}],"wp:attachment":[{"href":"https:\/\/www.shavei.org\/es\/wp-json\/wp\/v2\/media?parent=942"}],"wp:term":[{"taxonomy":"category","embeddable":true,"href":"https:\/\/www.shavei.org\/es\/wp-json\/wp\/v2\/categories?post=942"},{"taxonomy":"post_tag","embeddable":true,"href":"https:\/\/www.shavei.org\/es\/wp-json\/wp\/v2\/tags?post=942"}],"curies":[{"name":"wp","href":"https:\/\/api.w.org\/{rel}","templated":true}]}}