{"id":91364,"date":"2019-03-20T20:06:41","date_gmt":"2019-03-20T18:06:41","guid":{"rendered":"https:\/\/www.shavei.org\/michael-freund-participara-como-moderador-del-panel-en-aipac\/"},"modified":"2019-03-20T22:57:09","modified_gmt":"2019-03-20T20:57:09","slug":"michael-freund-participara-como-moderador-del-panel-en-aipac","status":"publish","type":"post","link":"https:\/\/www.shavei.org\/es\/blog\/2019\/03\/20\/michael-freund-participara-como-moderador-del-panel-en-aipac\/","title":{"rendered":"Michael Freund moderar\u00e1 el panel de la Conferencia pol\u00edtica de AIPAC"},"content":{"rendered":"\n<p>Michael Freund, fundador y presidente de Shavei Israel,  moderar\u00e1 el panel en la Conferencia Pol\u00edtica de AIPAC dedicada a reconectar a los descendientes de jud\u00edos de comunidades latinas e hispanas con el mundo jud\u00edo y su herencia.<\/p>\n\n\n\n<p>Recientes investigaciones acad\u00e9micas y de ADN  han indicado que uno de cada cuatro latinos e hispanos tienen ascendencia jud\u00eda. Decenas de millones de personas en todo el mundo son descendientes directos de jud\u00edos que fueron obligados a convertirse al cristianismo. Solo en los Estados Unidos, hay potencialmente millones de esos descendientes entre las comunidades latinas e hispanas. El Estado de Israel ha comenzado a considerar c\u00f3mo estas personas podr\u00edan ser identificadas, comprometidas e incluso movilizadas en apoyo del Estado jud\u00edo.<\/p>\n\n\n\n<p>El panel se llama \u00abReconectando a los hispanos y latinos con el mundo jud\u00edo: \u00bfSe puede identificar y comprometer a las personas con ascendencia jud\u00eda?\u00bb Los oradores son el Dr. Ofir Haivry, la Sra. Genie Milgrom, el Sr. Ashley Perry y el Sr. Michael Freund.<\/p>\n","protected":false},"excerpt":{"rendered":"<p>Michael Freund, fundador y presidente de Shavei Israel, moderar\u00e1 el panel en la Conferencia Pol\u00edtica de AIPAC dedicada a reconectar a los descendientes de jud\u00edos de comunidades latinas e hispanas con el mundo jud\u00edo y su herencia. Recientes investigaciones acad\u00e9micas y de ADN han indicado&#8230;<\/p>\n","protected":false},"author":12,"featured_media":89612,"comment_status":"open","ping_status":"open","sticky":false,"template":"","format":"standard","meta":{"give_campaign_id":0,"_exactmetrics_skip_tracking":false,"_exactmetrics_sitenote_active":false,"_exactmetrics_sitenote_note":"","_exactmetrics_sitenote_category":0,"ngg_post_thumbnail":0,"footnotes":""},"categories":[21],"tags":[1876,1877,806],"class_list":["post-91364","post","type-post","status-publish","format-standard","has-post-thumbnail","hentry","category-sin-categorizar","tag-aipac","tag-ascendencia-judia","tag-michael-freund"],"yoast_head":"<!-- This site is optimized with the Yoast SEO plugin v27.4 - https:\/\/yoast.com\/product\/yoast-seo-wordpress\/ -->\n<title>Michael Freund moderar\u00e1 el panel de la Conferencia pol\u00edtica de AIPAC - Shavei Israel<\/title>\n<meta name=\"robots\" content=\"index, follow, max-snippet:-1, max-image-preview:large, max-video-preview:-1\" \/>\n<link rel=\"canonical\" href=\"https:\/\/www.shavei.org\/es\/blog\/2019\/03\/20\/michael-freund-participara-como-moderador-del-panel-en-aipac\/\" \/>\n<meta property=\"og:locale\" content=\"es_ES\" \/>\n<meta property=\"og:type\" content=\"article\" \/>\n<meta property=\"og:title\" content=\"Michael Freund moderar\u00e1 el panel de la Conferencia pol\u00edtica de AIPAC - Shavei Israel\" \/>\n<meta property=\"og:description\" content=\"Michael Freund, fundador y presidente de Shavei Israel, moderar\u00e1 el panel en la Conferencia Pol\u00edtica de AIPAC dedicada a reconectar a los descendientes de jud\u00edos de comunidades latinas e hispanas con el mundo jud\u00edo y su herencia. Recientes investigaciones acad\u00e9micas y de ADN han indicado...\" \/>\n<meta property=\"og:url\" content=\"https:\/\/www.shavei.org\/es\/blog\/2019\/03\/20\/michael-freund-participara-como-moderador-del-panel-en-aipac\/\" \/>\n<meta property=\"og:site_name\" content=\"Shavei Israel\" \/>\n<meta property=\"article:published_time\" content=\"2019-03-20T18:06:41+00:00\" \/>\n<meta property=\"article:modified_time\" content=\"2019-03-20T20:57:09+00:00\" \/>\n<meta property=\"og:image\" content=\"https:\/\/www.shavei.org\/wp-content\/uploads\/2019\/03\/michael.png\" \/>\n\t<meta property=\"og:image:width\" content=\"936\" \/>\n\t<meta property=\"og:image:height\" content=\"675\" \/>\n\t<meta property=\"og:image:type\" content=\"image\/png\" \/>\n<meta name=\"author\" content=\"Esther Surikova\" \/>\n<meta name=\"twitter:card\" content=\"summary_large_image\" \/>\n<meta name=\"twitter:label1\" content=\"Escrito por\" \/>\n\t<meta name=\"twitter:data1\" content=\"\" \/>\n\t<meta name=\"twitter:label2\" content=\"Tiempo de lectura\" \/>\n\t<meta name=\"twitter:data2\" content=\"1 minuto\" \/>\n<script type=\"application\/ld+json\" class=\"yoast-schema-graph\">{\"@context\":\"https:\\\/\\\/schema.org\",\"@graph\":[{\"@type\":\"Article\",\"@id\":\"https:\\\/\\\/www.shavei.org\\\/es\\\/blog\\\/2019\\\/03\\\/20\\\/michael-freund-participara-como-moderador-del-panel-en-aipac\\\/#article\",\"isPartOf\":{\"@id\":\"https:\\\/\\\/www.shavei.org\\\/es\\\/blog\\\/2019\\\/03\\\/20\\\/michael-freund-participara-como-moderador-del-panel-en-aipac\\\/\"},\"author\":{\"name\":\"Esther Surikova\",\"@id\":\"https:\\\/\\\/www.shavei.org\\\/#\\\/schema\\\/person\\\/a3dbd79b0bdde54a5c86376e2e68d67d\"},\"headline\":\"Michael Freund moderar\u00e1 el panel de la Conferencia pol\u00edtica de AIPAC\",\"datePublished\":\"2019-03-20T18:06:41+00:00\",\"dateModified\":\"2019-03-20T20:57:09+00:00\",\"mainEntityOfPage\":{\"@id\":\"https:\\\/\\\/www.shavei.org\\\/es\\\/blog\\\/2019\\\/03\\\/20\\\/michael-freund-participara-como-moderador-del-panel-en-aipac\\\/\"},\"wordCount\":185,\"commentCount\":0,\"publisher\":{\"@id\":\"https:\\\/\\\/www.shavei.org\\\/#organization\"},\"image\":{\"@id\":\"https:\\\/\\\/www.shavei.org\\\/es\\\/blog\\\/2019\\\/03\\\/20\\\/michael-freund-participara-como-moderador-del-panel-en-aipac\\\/#primaryimage\"},\"thumbnailUrl\":\"https:\\\/\\\/www.shavei.org\\\/wp-content\\\/uploads\\\/2019\\\/03\\\/michael.png\",\"keywords\":[\"AIPAC\",\"Ascendencia Jud\u00eda\",\"Michael Freund\"],\"articleSection\":[\"Sin categorizar\"],\"inLanguage\":\"es\",\"potentialAction\":[{\"@type\":\"CommentAction\",\"name\":\"Comment\",\"target\":[\"https:\\\/\\\/www.shavei.org\\\/es\\\/blog\\\/2019\\\/03\\\/20\\\/michael-freund-participara-como-moderador-del-panel-en-aipac\\\/#respond\"]}]},{\"@type\":\"WebPage\",\"@id\":\"https:\\\/\\\/www.shavei.org\\\/es\\\/blog\\\/2019\\\/03\\\/20\\\/michael-freund-participara-como-moderador-del-panel-en-aipac\\\/\",\"url\":\"https:\\\/\\\/www.shavei.org\\\/es\\\/blog\\\/2019\\\/03\\\/20\\\/michael-freund-participara-como-moderador-del-panel-en-aipac\\\/\",\"name\":\"Michael Freund moderar\u00e1 el panel de la Conferencia pol\u00edtica de AIPAC - Shavei Israel\",\"isPartOf\":{\"@id\":\"https:\\\/\\\/www.shavei.org\\\/#website\"},\"primaryImageOfPage\":{\"@id\":\"https:\\\/\\\/www.shavei.org\\\/es\\\/blog\\\/2019\\\/03\\\/20\\\/michael-freund-participara-como-moderador-del-panel-en-aipac\\\/#primaryimage\"},\"image\":{\"@id\":\"https:\\\/\\\/www.shavei.org\\\/es\\\/blog\\\/2019\\\/03\\\/20\\\/michael-freund-participara-como-moderador-del-panel-en-aipac\\\/#primaryimage\"},\"thumbnailUrl\":\"https:\\\/\\\/www.shavei.org\\\/wp-content\\\/uploads\\\/2019\\\/03\\\/michael.png\",\"datePublished\":\"2019-03-20T18:06:41+00:00\",\"dateModified\":\"2019-03-20T20:57:09+00:00\",\"breadcrumb\":{\"@id\":\"https:\\\/\\\/www.shavei.org\\\/es\\\/blog\\\/2019\\\/03\\\/20\\\/michael-freund-participara-como-moderador-del-panel-en-aipac\\\/#breadcrumb\"},\"inLanguage\":\"es\",\"potentialAction\":[{\"@type\":\"ReadAction\",\"target\":[\"https:\\\/\\\/www.shavei.org\\\/es\\\/blog\\\/2019\\\/03\\\/20\\\/michael-freund-participara-como-moderador-del-panel-en-aipac\\\/\"]}]},{\"@type\":\"ImageObject\",\"inLanguage\":\"es\",\"@id\":\"https:\\\/\\\/www.shavei.org\\\/es\\\/blog\\\/2019\\\/03\\\/20\\\/michael-freund-participara-como-moderador-del-panel-en-aipac\\\/#primaryimage\",\"url\":\"https:\\\/\\\/www.shavei.org\\\/wp-content\\\/uploads\\\/2019\\\/03\\\/michael.png\",\"contentUrl\":\"https:\\\/\\\/www.shavei.org\\\/wp-content\\\/uploads\\\/2019\\\/03\\\/michael.png\",\"width\":936,\"height\":675},{\"@type\":\"BreadcrumbList\",\"@id\":\"https:\\\/\\\/www.shavei.org\\\/es\\\/blog\\\/2019\\\/03\\\/20\\\/michael-freund-participara-como-moderador-del-panel-en-aipac\\\/#breadcrumb\",\"itemListElement\":[{\"@type\":\"ListItem\",\"position\":1,\"name\":\"Home\",\"item\":\"https:\\\/\\\/www.shavei.org\\\/es\\\/\"},{\"@type\":\"ListItem\",\"position\":2,\"name\":\"Michael Freund moderar\u00e1 el panel de la Conferencia pol\u00edtica de AIPAC\"}]},{\"@type\":\"WebSite\",\"@id\":\"https:\\\/\\\/www.shavei.org\\\/#website\",\"url\":\"https:\\\/\\\/www.shavei.org\\\/\",\"name\":\"Shavei Israel\",\"description\":\"One nation, many faces. We help them all return.\",\"publisher\":{\"@id\":\"https:\\\/\\\/www.shavei.org\\\/#organization\"},\"potentialAction\":[{\"@type\":\"SearchAction\",\"target\":{\"@type\":\"EntryPoint\",\"urlTemplate\":\"https:\\\/\\\/www.shavei.org\\\/?s={search_term_string}\"},\"query-input\":{\"@type\":\"PropertyValueSpecification\",\"valueRequired\":true,\"valueName\":\"search_term_string\"}}],\"inLanguage\":\"es\"},{\"@type\":\"Organization\",\"@id\":\"https:\\\/\\\/www.shavei.org\\\/#organization\",\"name\":\"Shavei Israel\",\"url\":\"https:\\\/\\\/www.shavei.org\\\/\",\"logo\":{\"@type\":\"ImageObject\",\"inLanguage\":\"es\",\"@id\":\"https:\\\/\\\/www.shavei.org\\\/#\\\/schema\\\/logo\\\/image\\\/\",\"url\":\"https:\\\/\\\/www.shavei.org\\\/wp-content\\\/uploads\\\/2017\\\/10\\\/shavei-logo.jpg\",\"contentUrl\":\"https:\\\/\\\/www.shavei.org\\\/wp-content\\\/uploads\\\/2017\\\/10\\\/shavei-logo.jpg\",\"width\":300,\"height\":285,\"caption\":\"Shavei Israel\"},\"image\":{\"@id\":\"https:\\\/\\\/www.shavei.org\\\/#\\\/schema\\\/logo\\\/image\\\/\"}},{\"@type\":\"Person\",\"@id\":\"https:\\\/\\\/www.shavei.org\\\/#\\\/schema\\\/person\\\/a3dbd79b0bdde54a5c86376e2e68d67d\",\"name\":\"Esther Surikova\",\"image\":{\"@type\":\"ImageObject\",\"inLanguage\":\"es\",\"@id\":\"https:\\\/\\\/secure.gravatar.com\\\/avatar\\\/08c55b4b5c2104f00e0109d19776522c0ec6e8bfec6b55d6ebf151b85dc50c47?s=96&d=mm&r=g\",\"url\":\"https:\\\/\\\/secure.gravatar.com\\\/avatar\\\/08c55b4b5c2104f00e0109d19776522c0ec6e8bfec6b55d6ebf151b85dc50c47?s=96&d=mm&r=g\",\"contentUrl\":\"https:\\\/\\\/secure.gravatar.com\\\/avatar\\\/08c55b4b5c2104f00e0109d19776522c0ec6e8bfec6b55d6ebf151b85dc50c47?s=96&d=mm&r=g\",\"caption\":\"Esther Surikova\"},\"url\":\"https:\\\/\\\/www.shavei.org\\\/es\\\/blog\\\/author\\\/esther\\\/\"}]}<\/script>\n<!-- \/ Yoast SEO plugin. -->","yoast_head_json":{"title":"Michael Freund moderar\u00e1 el panel de la Conferencia pol\u00edtica de AIPAC - Shavei Israel","robots":{"index":"index","follow":"follow","max-snippet":"max-snippet:-1","max-image-preview":"max-image-preview:large","max-video-preview":"max-video-preview:-1"},"canonical":"https:\/\/www.shavei.org\/es\/blog\/2019\/03\/20\/michael-freund-participara-como-moderador-del-panel-en-aipac\/","og_locale":"es_ES","og_type":"article","og_title":"Michael Freund moderar\u00e1 el panel de la Conferencia pol\u00edtica de AIPAC - Shavei Israel","og_description":"Michael Freund, fundador y presidente de Shavei Israel, moderar\u00e1 el panel en la Conferencia Pol\u00edtica de AIPAC dedicada a reconectar a los descendientes de jud\u00edos de comunidades latinas e hispanas con el mundo jud\u00edo y su herencia. Recientes investigaciones acad\u00e9micas y de ADN han indicado...","og_url":"https:\/\/www.shavei.org\/es\/blog\/2019\/03\/20\/michael-freund-participara-como-moderador-del-panel-en-aipac\/","og_site_name":"Shavei Israel","article_published_time":"2019-03-20T18:06:41+00:00","article_modified_time":"2019-03-20T20:57:09+00:00","og_image":[{"width":936,"height":675,"url":"https:\/\/www.shavei.org\/wp-content\/uploads\/2019\/03\/michael.png","type":"image\/png"}],"author":"Esther Surikova","twitter_card":"summary_large_image","twitter_misc":{"Escrito por":false,"Tiempo de lectura":"1 minuto"},"schema":{"@context":"https:\/\/schema.org","@graph":[{"@type":"Article","@id":"https:\/\/www.shavei.org\/es\/blog\/2019\/03\/20\/michael-freund-participara-como-moderador-del-panel-en-aipac\/#article","isPartOf":{"@id":"https:\/\/www.shavei.org\/es\/blog\/2019\/03\/20\/michael-freund-participara-como-moderador-del-panel-en-aipac\/"},"author":{"name":"Esther Surikova","@id":"https:\/\/www.shavei.org\/#\/schema\/person\/a3dbd79b0bdde54a5c86376e2e68d67d"},"headline":"Michael Freund moderar\u00e1 el panel de la Conferencia pol\u00edtica de AIPAC","datePublished":"2019-03-20T18:06:41+00:00","dateModified":"2019-03-20T20:57:09+00:00","mainEntityOfPage":{"@id":"https:\/\/www.shavei.org\/es\/blog\/2019\/03\/20\/michael-freund-participara-como-moderador-del-panel-en-aipac\/"},"wordCount":185,"commentCount":0,"publisher":{"@id":"https:\/\/www.shavei.org\/#organization"},"image":{"@id":"https:\/\/www.shavei.org\/es\/blog\/2019\/03\/20\/michael-freund-participara-como-moderador-del-panel-en-aipac\/#primaryimage"},"thumbnailUrl":"https:\/\/www.shavei.org\/wp-content\/uploads\/2019\/03\/michael.png","keywords":["AIPAC","Ascendencia Jud\u00eda","Michael Freund"],"articleSection":["Sin categorizar"],"inLanguage":"es","potentialAction":[{"@type":"CommentAction","name":"Comment","target":["https:\/\/www.shavei.org\/es\/blog\/2019\/03\/20\/michael-freund-participara-como-moderador-del-panel-en-aipac\/#respond"]}]},{"@type":"WebPage","@id":"https:\/\/www.shavei.org\/es\/blog\/2019\/03\/20\/michael-freund-participara-como-moderador-del-panel-en-aipac\/","url":"https:\/\/www.shavei.org\/es\/blog\/2019\/03\/20\/michael-freund-participara-como-moderador-del-panel-en-aipac\/","name":"Michael Freund moderar\u00e1 el panel de la Conferencia pol\u00edtica de AIPAC - Shavei Israel","isPartOf":{"@id":"https:\/\/www.shavei.org\/#website"},"primaryImageOfPage":{"@id":"https:\/\/www.shavei.org\/es\/blog\/2019\/03\/20\/michael-freund-participara-como-moderador-del-panel-en-aipac\/#primaryimage"},"image":{"@id":"https:\/\/www.shavei.org\/es\/blog\/2019\/03\/20\/michael-freund-participara-como-moderador-del-panel-en-aipac\/#primaryimage"},"thumbnailUrl":"https:\/\/www.shavei.org\/wp-content\/uploads\/2019\/03\/michael.png","datePublished":"2019-03-20T18:06:41+00:00","dateModified":"2019-03-20T20:57:09+00:00","breadcrumb":{"@id":"https:\/\/www.shavei.org\/es\/blog\/2019\/03\/20\/michael-freund-participara-como-moderador-del-panel-en-aipac\/#breadcrumb"},"inLanguage":"es","potentialAction":[{"@type":"ReadAction","target":["https:\/\/www.shavei.org\/es\/blog\/2019\/03\/20\/michael-freund-participara-como-moderador-del-panel-en-aipac\/"]}]},{"@type":"ImageObject","inLanguage":"es","@id":"https:\/\/www.shavei.org\/es\/blog\/2019\/03\/20\/michael-freund-participara-como-moderador-del-panel-en-aipac\/#primaryimage","url":"https:\/\/www.shavei.org\/wp-content\/uploads\/2019\/03\/michael.png","contentUrl":"https:\/\/www.shavei.org\/wp-content\/uploads\/2019\/03\/michael.png","width":936,"height":675},{"@type":"BreadcrumbList","@id":"https:\/\/www.shavei.org\/es\/blog\/2019\/03\/20\/michael-freund-participara-como-moderador-del-panel-en-aipac\/#breadcrumb","itemListElement":[{"@type":"ListItem","position":1,"name":"Home","item":"https:\/\/www.shavei.org\/es\/"},{"@type":"ListItem","position":2,"name":"Michael Freund moderar\u00e1 el panel de la Conferencia pol\u00edtica de AIPAC"}]},{"@type":"WebSite","@id":"https:\/\/www.shavei.org\/#website","url":"https:\/\/www.shavei.org\/","name":"Shavei Israel","description":"One nation, many faces. We help them all return.","publisher":{"@id":"https:\/\/www.shavei.org\/#organization"},"potentialAction":[{"@type":"SearchAction","target":{"@type":"EntryPoint","urlTemplate":"https:\/\/www.shavei.org\/?s={search_term_string}"},"query-input":{"@type":"PropertyValueSpecification","valueRequired":true,"valueName":"search_term_string"}}],"inLanguage":"es"},{"@type":"Organization","@id":"https:\/\/www.shavei.org\/#organization","name":"Shavei Israel","url":"https:\/\/www.shavei.org\/","logo":{"@type":"ImageObject","inLanguage":"es","@id":"https:\/\/www.shavei.org\/#\/schema\/logo\/image\/","url":"https:\/\/www.shavei.org\/wp-content\/uploads\/2017\/10\/shavei-logo.jpg","contentUrl":"https:\/\/www.shavei.org\/wp-content\/uploads\/2017\/10\/shavei-logo.jpg","width":300,"height":285,"caption":"Shavei Israel"},"image":{"@id":"https:\/\/www.shavei.org\/#\/schema\/logo\/image\/"}},{"@type":"Person","@id":"https:\/\/www.shavei.org\/#\/schema\/person\/a3dbd79b0bdde54a5c86376e2e68d67d","name":"Esther Surikova","image":{"@type":"ImageObject","inLanguage":"es","@id":"https:\/\/secure.gravatar.com\/avatar\/08c55b4b5c2104f00e0109d19776522c0ec6e8bfec6b55d6ebf151b85dc50c47?s=96&d=mm&r=g","url":"https:\/\/secure.gravatar.com\/avatar\/08c55b4b5c2104f00e0109d19776522c0ec6e8bfec6b55d6ebf151b85dc50c47?s=96&d=mm&r=g","contentUrl":"https:\/\/secure.gravatar.com\/avatar\/08c55b4b5c2104f00e0109d19776522c0ec6e8bfec6b55d6ebf151b85dc50c47?s=96&d=mm&r=g","caption":"Esther Surikova"},"url":"https:\/\/www.shavei.org\/es\/blog\/author\/esther\/"}]}},"_links":{"self":[{"href":"https:\/\/www.shavei.org\/es\/wp-json\/wp\/v2\/posts\/91364","targetHints":{"allow":["GET"]}}],"collection":[{"href":"https:\/\/www.shavei.org\/es\/wp-json\/wp\/v2\/posts"}],"about":[{"href":"https:\/\/www.shavei.org\/es\/wp-json\/wp\/v2\/types\/post"}],"author":[{"embeddable":true,"href":"https:\/\/www.shavei.org\/es\/wp-json\/wp\/v2\/users\/12"}],"replies":[{"embeddable":true,"href":"https:\/\/www.shavei.org\/es\/wp-json\/wp\/v2\/comments?post=91364"}],"version-history":[{"count":2,"href":"https:\/\/www.shavei.org\/es\/wp-json\/wp\/v2\/posts\/91364\/revisions"}],"predecessor-version":[{"id":91563,"href":"https:\/\/www.shavei.org\/es\/wp-json\/wp\/v2\/posts\/91364\/revisions\/91563"}],"wp:featuredmedia":[{"embeddable":true,"href":"https:\/\/www.shavei.org\/es\/wp-json\/wp\/v2\/media\/89612"}],"wp:attachment":[{"href":"https:\/\/www.shavei.org\/es\/wp-json\/wp\/v2\/media?parent=91364"}],"wp:term":[{"taxonomy":"category","embeddable":true,"href":"https:\/\/www.shavei.org\/es\/wp-json\/wp\/v2\/categories?post=91364"},{"taxonomy":"post_tag","embeddable":true,"href":"https:\/\/www.shavei.org\/es\/wp-json\/wp\/v2\/tags?post=91364"}],"curies":[{"name":"wp","href":"https:\/\/api.w.org\/{rel}","templated":true}]}}