{"id":7589,"date":"2012-01-10T11:45:13","date_gmt":"2012-01-10T09:45:13","guid":{"rendered":"https:\/\/www.shavei.org\/?p=7589"},"modified":"2017-06-01T15:01:21","modified_gmt":"2017-06-01T13:01:21","slug":"avner-diniz-una-tradici%c3%b3n-oculta-enciende-una-pasi%c3%b3n-por-el-juda%c3%adsmo-y-por-israel","status":"publish","type":"post","link":"https:\/\/www.shavei.org\/es\/blog\/2012\/01\/10\/avner-diniz-una-tradici%c3%b3n-oculta-enciende-una-pasi%c3%b3n-por-el-juda%c3%adsmo-y-por-israel\/","title":{"rendered":"Avner Diniz \u2013 una tradici\u00f3n oculta enciende una pasi\u00f3n por el Juda\u00edsmo y por Israel"},"content":{"rendered":"<p><!--:es--><img decoding=\"async\" class=\"alignleft size-full wp-image-7590\" title=\"129341960161230000avner-at-the-kotel\" src=\"https:\/\/www.shaveiisrael.com\/wp-content\/uploads\/2012\/01\/129341960161230000avner-at-the-kotel.png\" alt=\"\" width=\"125\" height=\"149\" \/><\/p>\n<p>Avner Diniz se sienta en su living-comedor, en su casa en la ciudad costera de Netanya. Meditando sobre el inusual paso que lo llev\u00f3 de tan s\u00f3lo algunas se\u00f1ales de fe en un pasado jud\u00edo, en su ni\u00f1ez dentro de una familia portuguesa de Mozambique, hacia una nueva vida como jud\u00edo comprometido estudiando hebreo y juda\u00edsmo en Israel.<\/p>\n<p>Su traves\u00eda comenz\u00f3 cuando era un ni\u00f1o y jugaba a las canicas con los ni\u00f1os locales. \u201cRecuerdo que le gan\u00e9 a un ni\u00f1o, y \u00e9l se puso furioso. Me llam\u00f3 \u201cmarrano\u201d, recuerda Diniz. \u201cNo sab\u00eda qu\u00e9 era. Pero mi bisabuela vio todo desde la ventana. Me dijo, \u201cla pr\u00f3xima vez que alguien te llame as\u00ed, le das un pu\u00f1etazo en la nariz. Es un gran insulto para nuestra gente\u201d.<img decoding=\"async\" title=\"M\u00e1s...\" src=\"https:\/\/beithaanusim.wordpress.com\/wp-includes\/js\/tinymce\/plugins\/wordpress\/img\/trans.gif\" alt=\"\" \/><!--:--><!--more--><!--:es--><\/p>\n<p>\u201c\u00bfNuestra gente?\u201d se pregunt\u00f3 el ni\u00f1o de 6 a\u00f1os, sin saber de qu\u00e9 hablaba su bisabuela. Pero m\u00e1s tarde se dio cuenta de que su familia cumpl\u00eda con ciertas tradiciones diferentes al resto de las familias. Se absten\u00edan de comer cerdo o conchas de mar, separaban entre carne y leche, y encend\u00edan velas los viernes por la noche. Lo que m\u00e1s le causaba intriga era el hecho de que una vez al a\u00f1o, en el oto\u00f1o, la familia ayunaba durante 24 horas en lo que ellos llamaban \u201cel gran d\u00eda\u201d, al tiempo que recitaban plegarias extra\u00f1as, \u201cno entend\u00edamos nada\u201d.<\/p>\n<p>Diniz, un ni\u00f1o curioso, comenz\u00f3 a cuestionar estas pr\u00e1cticas, hasta que un d\u00eda, su bisabuela y su madre vinieron y le dijeron \u201c\u00a1t\u00fa eres jud\u00edo, eso es todo! Pero nunca me explicaron qu\u00e9 es un jud\u00edo, s\u00f3lo que \u00e9stas eran tradiciones familiares y que deb\u00edan ser preservadas; eso es lo que tenemos que hacer\u201d.<\/p>\n<p>Diniz contin\u00faa: \u201chab\u00eda un cierto temor. Cada vez que el tema era mencionado, la gente sol\u00eda mirar a su alrededor antes de comenzar a hablar, o cerraban la ventana antes de decir algo\u201d.<\/p>\n<p>A lo largo de los a\u00f1os, aparecieron m\u00e1s se\u00f1ales. La familia no cocinaba o viajaba los s\u00e1bados. Algunos parientes lejanos hab\u00edan sido circuncidados. Su abuela preparaba algunos platos especiales durante la \u00e9poca de pesaj, los cuales inclu\u00edan el \u201cpan sagrado\u201d (<em>matz\u00e1<\/em>) y un postre, el cual dice Diniz que se asemeja al\u00a0<em>jaroset<\/em> el cual es puesto en el plato del seder de pesaj.<\/p>\n<p>Una vez, la madre de Diniz le dio un libro en franc\u00e9s y hebreo. \u201cEn ese momento ya sab\u00eda franc\u00e9s\u201d, dice Diniz. \u201cPero entonces mi bisabuela ingres\u00f3 al cuarto, tom\u00f3 el libro y me dijo que debo cavar un pozo en el suelo y esconder el libro. Todos estos libros fueron quemados, grit\u00f3, quiz\u00e1s reviviendo alguna ya enterrada memoria de la inquisici\u00f3n espa\u00f1ola. \u201cComenz\u00f3 a temblar y me abraz\u00f3. \u201c\u00bfQuieres ser quemado vivo?\u201d, me dijo\u201d, recuerda Diniz.<\/p>\n<p>Hace cinco a\u00f1os, cuando viv\u00eda en Portugal, conoci\u00f3 a un miembro de los Bnei Anusim, pr\u00e1cticamente de casualidad. \u201cEstaba sentado en una cafeter\u00eda y hab\u00eda un hombre que le\u00eda letras en hebreo\u201d, dice Diniz. \u201cMe acerqu\u00e9 a \u00e9l y le pregunt\u00e9 \u201c\u00bfpor qu\u00e9 has elegido dicho libro?\u201d\u201d Comenzaron a dialogar, y luego el hombre, el cual result\u00f3 ser un jud\u00edo de Brasil, le present\u00f3 a Diniz al Rabino Boaz Pash, el cual serv\u00eda como emisario de\u00a0<em>Shavei Israel<\/em> en Portugal en dicho momento (hoy d\u00eda el Rabino Pash es el representante de\u00a0<em>Shavei<\/em> en Polonia).<\/p>\n<p>Diniz comenz\u00f3 a atender a los servicios de la sinagoga en Lisboa y comenz\u00f3 a verse cada vez m\u00e1s involucrado en las actividades jud\u00edas. Asimismo, ayud\u00f3 a organizar uno de los seminarios de\u00a0<em>Shavei Israel<\/em> para Bnei Anusim en Portugal y se acerc\u00f3 a una profesora de la Embajada Israel\u00ed y comenz\u00f3 a estudiar hebreo con ella. \u201cLa profesora se sorprendi\u00f3 de cu\u00e1n r\u00e1pido aprend\u00eda\u201d, recuerda con una sonrisa. \u201cIncluso ten\u00eda el acento adecuado\u201d.<\/p>\n<p>Diniz decidi\u00f3 retornar formalmente al juda\u00edsmo y, con la ayuda de\u00a0<em>Shavei Israel<\/em> vino a estudiar a ambos, la yeshiv\u00e1 Maj\u00f3n Meir, durante dos a\u00f1os, y el instituto de retorno y conversi\u00f3n de\u00a0<em>Shavei<\/em>, Maj\u00f3n Miriam. Dado que Diniz era un estudiante muy avanzado, fue enviado a la corte rab\u00ednica luego de tan s\u00f3lo seis meses de estudio.<\/p>\n<p>Hoy d\u00eda, Diniz asiste a la sinagoga todas las ma\u00f1anas y se pone\u00a0<em>tefil\u00edn<\/em>. \u00c9l le da el cr\u00e9dito a\u00a0<em>Shavei Israel<\/em> respecto al cambio que ha realizado en su vida. \u201cAntes de\u00a0<em>Shavei<\/em>, com\u00eda kasher y observaba shabat de la mejor forma en que pod\u00eda y sab\u00eda. De repente me encontr\u00e9 estudiando en una yeshiv\u00e1. Era un sue\u00f1o\u201d, rememora, \u201ccomo si hubiese saltado al para\u00edso\u201d.<\/p>\n<p>Diniz trabajaba como jardinero en Portugal, donde estudi\u00f3 agricultura en la universidad. Ahora a los 48 a\u00f1os, Diniz se est\u00e1 recapacitando para trabajar con computadoras y busca trabajo mientras contin\u00faa estudiando hebreo en Netanya. Disfruta vivir cerca del mar, dice, y no desea regresar a Portugal. \u201cDe ninguna manera\u201d, insiste, \u201cme siento muy c\u00f3modo aqu\u00ed\u201d.<\/p>\n<p>Su familia no estaba muy entusiasta con su venida a Israel. Pero le prometi\u00f3 a su bisabuela que vendr\u00eda a la Tierra Sagrada, \u201cencontrar\u00eda una esposa y criar\u00eda una familia\u201d. Su bisabuela ya ha fallecido, dejando a Diniz continuar con la tradici\u00f3n familiar. \u201cMe siento como el \u00faltimo dinosaurio\u201d, bromea.<\/p>\n<p>A sus amigos Bnei Anusim, les da un consejo: \u201cdeben ense\u00f1arles a sus hijos sobre juda\u00edsmo. Nunca deben dejar de hacerlo\u201d. Esta es una misi\u00f3n que Avner Diniz espera poder cumplir.<\/p>\n<p>&nbsp;<!--:--><\/p>\n","protected":false},"excerpt":{"rendered":"<p><!--:es-->Avner Diniz se sienta en su living-comedor, en su casa en la ciudad costera de Netanya. Meditando sobre el inusual paso que lo llev\u00f3 de tan s\u00f3lo algunas se\u00f1ales de fe en un pasado jud\u00edo, en su ni\u00f1ez dentro de una familia portuguesa de Mozambique, hacia una nueva vida como jud\u00edo comprometido estudiando hebreo y juda\u00edsmo en Israel.<!--:--><\/p>\n","protected":false},"author":8,"featured_media":0,"comment_status":"closed","ping_status":"closed","sticky":false,"template":"","format":"standard","meta":{"give_campaign_id":0,"_exactmetrics_skip_tracking":false,"_exactmetrics_sitenote_active":false,"_exactmetrics_sitenote_note":"","_exactmetrics_sitenote_category":0,"ngg_post_thumbnail":0,"footnotes":""},"categories":[21],"tags":[],"class_list":["post-7589","post","type-post","status-publish","format-standard","hentry","category-sin-categorizar"],"yoast_head":"<!-- This site is optimized with the Yoast SEO plugin v27.4 - https:\/\/yoast.com\/product\/yoast-seo-wordpress\/ -->\n<title>Avner Diniz \u2013 una tradici\u00f3n oculta enciende una pasi\u00f3n por el Juda\u00edsmo y por Israel - Shavei Israel<\/title>\n<meta name=\"robots\" content=\"index, follow, max-snippet:-1, max-image-preview:large, max-video-preview:-1\" \/>\n<link rel=\"canonical\" href=\"https:\/\/www.shavei.org\/es\/blog\/2012\/01\/10\/avner-diniz-una-tradici\u00f3n-oculta-enciende-una-pasi\u00f3n-por-el-juda\u00edsmo-y-por-israel\/\" \/>\n<meta property=\"og:locale\" content=\"es_ES\" \/>\n<meta property=\"og:type\" content=\"article\" \/>\n<meta property=\"og:title\" content=\"Avner Diniz \u2013 una tradici\u00f3n oculta enciende una pasi\u00f3n por el Juda\u00edsmo y por Israel - Shavei Israel\" \/>\n<meta property=\"og:description\" content=\"Avner Diniz se sienta en su living-comedor, en su casa en la ciudad costera de Netanya. Meditando sobre el inusual paso que lo llev\u00f3 de tan s\u00f3lo algunas se\u00f1ales de fe en un pasado jud\u00edo, en su ni\u00f1ez dentro de una familia portuguesa de Mozambique, hacia una nueva vida como jud\u00edo comprometido estudiando hebreo y juda\u00edsmo en Israel.\" \/>\n<meta property=\"og:url\" content=\"https:\/\/www.shavei.org\/es\/blog\/2012\/01\/10\/avner-diniz-una-tradici\u00f3n-oculta-enciende-una-pasi\u00f3n-por-el-juda\u00edsmo-y-por-israel\/\" \/>\n<meta property=\"og:site_name\" content=\"Shavei Israel\" \/>\n<meta property=\"article:published_time\" content=\"2012-01-10T09:45:13+00:00\" \/>\n<meta property=\"article:modified_time\" content=\"2017-06-01T13:01:21+00:00\" \/>\n<meta property=\"og:image\" content=\"https:\/\/www.shaveiisrael.com\/wp-content\/uploads\/2012\/01\/129341960161230000avner-at-the-kotel.png\" \/>\n<meta name=\"author\" content=\"Shavei Israel\" \/>\n<meta name=\"twitter:card\" content=\"summary_large_image\" \/>\n<meta name=\"twitter:label1\" content=\"Escrito por\" \/>\n\t<meta name=\"twitter:data1\" content=\"\" \/>\n\t<meta name=\"twitter:label2\" content=\"Tiempo de lectura\" \/>\n\t<meta name=\"twitter:data2\" content=\"5 minutos\" \/>\n<script type=\"application\/ld+json\" class=\"yoast-schema-graph\">{\"@context\":\"https:\\\/\\\/schema.org\",\"@graph\":[{\"@type\":\"Article\",\"@id\":\"https:\\\/\\\/www.shavei.org\\\/es\\\/blog\\\/2012\\\/01\\\/10\\\/avner-diniz-una-tradici%c3%b3n-oculta-enciende-una-pasi%c3%b3n-por-el-juda%c3%adsmo-y-por-israel\\\/#article\",\"isPartOf\":{\"@id\":\"https:\\\/\\\/www.shavei.org\\\/es\\\/blog\\\/2012\\\/01\\\/10\\\/avner-diniz-una-tradici%c3%b3n-oculta-enciende-una-pasi%c3%b3n-por-el-juda%c3%adsmo-y-por-israel\\\/\"},\"author\":{\"name\":\"Shavei Israel\",\"@id\":\"https:\\\/\\\/www.shavei.org\\\/#\\\/schema\\\/person\\\/be34c059c9b16cdd461eed6c3ee0cf22\"},\"headline\":\"Avner Diniz \u2013 una tradici\u00f3n oculta enciende una pasi\u00f3n por el Juda\u00edsmo y por Israel\",\"datePublished\":\"2012-01-10T09:45:13+00:00\",\"dateModified\":\"2017-06-01T13:01:21+00:00\",\"mainEntityOfPage\":{\"@id\":\"https:\\\/\\\/www.shavei.org\\\/es\\\/blog\\\/2012\\\/01\\\/10\\\/avner-diniz-una-tradici%c3%b3n-oculta-enciende-una-pasi%c3%b3n-por-el-juda%c3%adsmo-y-por-israel\\\/\"},\"wordCount\":986,\"publisher\":{\"@id\":\"https:\\\/\\\/www.shavei.org\\\/#organization\"},\"image\":{\"@id\":\"https:\\\/\\\/www.shavei.org\\\/es\\\/blog\\\/2012\\\/01\\\/10\\\/avner-diniz-una-tradici%c3%b3n-oculta-enciende-una-pasi%c3%b3n-por-el-juda%c3%adsmo-y-por-israel\\\/#primaryimage\"},\"thumbnailUrl\":\"https:\\\/\\\/www.shaveiisrael.com\\\/wp-content\\\/uploads\\\/2012\\\/01\\\/129341960161230000avner-at-the-kotel.png\",\"articleSection\":[\"Sin categorizar\"],\"inLanguage\":\"es\"},{\"@type\":\"WebPage\",\"@id\":\"https:\\\/\\\/www.shavei.org\\\/es\\\/blog\\\/2012\\\/01\\\/10\\\/avner-diniz-una-tradici%c3%b3n-oculta-enciende-una-pasi%c3%b3n-por-el-juda%c3%adsmo-y-por-israel\\\/\",\"url\":\"https:\\\/\\\/www.shavei.org\\\/es\\\/blog\\\/2012\\\/01\\\/10\\\/avner-diniz-una-tradici%c3%b3n-oculta-enciende-una-pasi%c3%b3n-por-el-juda%c3%adsmo-y-por-israel\\\/\",\"name\":\"Avner Diniz \u2013 una tradici\u00f3n oculta enciende una pasi\u00f3n por el Juda\u00edsmo y por Israel - Shavei Israel\",\"isPartOf\":{\"@id\":\"https:\\\/\\\/www.shavei.org\\\/#website\"},\"primaryImageOfPage\":{\"@id\":\"https:\\\/\\\/www.shavei.org\\\/es\\\/blog\\\/2012\\\/01\\\/10\\\/avner-diniz-una-tradici%c3%b3n-oculta-enciende-una-pasi%c3%b3n-por-el-juda%c3%adsmo-y-por-israel\\\/#primaryimage\"},\"image\":{\"@id\":\"https:\\\/\\\/www.shavei.org\\\/es\\\/blog\\\/2012\\\/01\\\/10\\\/avner-diniz-una-tradici%c3%b3n-oculta-enciende-una-pasi%c3%b3n-por-el-juda%c3%adsmo-y-por-israel\\\/#primaryimage\"},\"thumbnailUrl\":\"https:\\\/\\\/www.shaveiisrael.com\\\/wp-content\\\/uploads\\\/2012\\\/01\\\/129341960161230000avner-at-the-kotel.png\",\"datePublished\":\"2012-01-10T09:45:13+00:00\",\"dateModified\":\"2017-06-01T13:01:21+00:00\",\"breadcrumb\":{\"@id\":\"https:\\\/\\\/www.shavei.org\\\/es\\\/blog\\\/2012\\\/01\\\/10\\\/avner-diniz-una-tradici%c3%b3n-oculta-enciende-una-pasi%c3%b3n-por-el-juda%c3%adsmo-y-por-israel\\\/#breadcrumb\"},\"inLanguage\":\"es\",\"potentialAction\":[{\"@type\":\"ReadAction\",\"target\":[\"https:\\\/\\\/www.shavei.org\\\/es\\\/blog\\\/2012\\\/01\\\/10\\\/avner-diniz-una-tradici%c3%b3n-oculta-enciende-una-pasi%c3%b3n-por-el-juda%c3%adsmo-y-por-israel\\\/\"]}]},{\"@type\":\"ImageObject\",\"inLanguage\":\"es\",\"@id\":\"https:\\\/\\\/www.shavei.org\\\/es\\\/blog\\\/2012\\\/01\\\/10\\\/avner-diniz-una-tradici%c3%b3n-oculta-enciende-una-pasi%c3%b3n-por-el-juda%c3%adsmo-y-por-israel\\\/#primaryimage\",\"url\":\"https:\\\/\\\/www.shaveiisrael.com\\\/wp-content\\\/uploads\\\/2012\\\/01\\\/129341960161230000avner-at-the-kotel.png\",\"contentUrl\":\"https:\\\/\\\/www.shaveiisrael.com\\\/wp-content\\\/uploads\\\/2012\\\/01\\\/129341960161230000avner-at-the-kotel.png\"},{\"@type\":\"BreadcrumbList\",\"@id\":\"https:\\\/\\\/www.shavei.org\\\/es\\\/blog\\\/2012\\\/01\\\/10\\\/avner-diniz-una-tradici%c3%b3n-oculta-enciende-una-pasi%c3%b3n-por-el-juda%c3%adsmo-y-por-israel\\\/#breadcrumb\",\"itemListElement\":[{\"@type\":\"ListItem\",\"position\":1,\"name\":\"Home\",\"item\":\"https:\\\/\\\/www.shavei.org\\\/es\\\/\"},{\"@type\":\"ListItem\",\"position\":2,\"name\":\"Avner Diniz \u2013 una tradici\u00f3n oculta enciende una pasi\u00f3n por el Juda\u00edsmo y por Israel\"}]},{\"@type\":\"WebSite\",\"@id\":\"https:\\\/\\\/www.shavei.org\\\/#website\",\"url\":\"https:\\\/\\\/www.shavei.org\\\/\",\"name\":\"Shavei Israel\",\"description\":\"One nation, many faces. We help them all return.\",\"publisher\":{\"@id\":\"https:\\\/\\\/www.shavei.org\\\/#organization\"},\"potentialAction\":[{\"@type\":\"SearchAction\",\"target\":{\"@type\":\"EntryPoint\",\"urlTemplate\":\"https:\\\/\\\/www.shavei.org\\\/?s={search_term_string}\"},\"query-input\":{\"@type\":\"PropertyValueSpecification\",\"valueRequired\":true,\"valueName\":\"search_term_string\"}}],\"inLanguage\":\"es\"},{\"@type\":\"Organization\",\"@id\":\"https:\\\/\\\/www.shavei.org\\\/#organization\",\"name\":\"Shavei Israel\",\"url\":\"https:\\\/\\\/www.shavei.org\\\/\",\"logo\":{\"@type\":\"ImageObject\",\"inLanguage\":\"es\",\"@id\":\"https:\\\/\\\/www.shavei.org\\\/#\\\/schema\\\/logo\\\/image\\\/\",\"url\":\"https:\\\/\\\/www.shavei.org\\\/wp-content\\\/uploads\\\/2017\\\/10\\\/shavei-logo.jpg\",\"contentUrl\":\"https:\\\/\\\/www.shavei.org\\\/wp-content\\\/uploads\\\/2017\\\/10\\\/shavei-logo.jpg\",\"width\":300,\"height\":285,\"caption\":\"Shavei Israel\"},\"image\":{\"@id\":\"https:\\\/\\\/www.shavei.org\\\/#\\\/schema\\\/logo\\\/image\\\/\"}},{\"@type\":\"Person\",\"@id\":\"https:\\\/\\\/www.shavei.org\\\/#\\\/schema\\\/person\\\/be34c059c9b16cdd461eed6c3ee0cf22\",\"name\":\"Shavei Israel\",\"image\":{\"@type\":\"ImageObject\",\"inLanguage\":\"es\",\"@id\":\"https:\\\/\\\/secure.gravatar.com\\\/avatar\\\/3df74477975a50f1c87a7dace91f34be8bb2637b8220dd744eaf5ef9922e052e?s=96&d=mm&r=g\",\"url\":\"https:\\\/\\\/secure.gravatar.com\\\/avatar\\\/3df74477975a50f1c87a7dace91f34be8bb2637b8220dd744eaf5ef9922e052e?s=96&d=mm&r=g\",\"contentUrl\":\"https:\\\/\\\/secure.gravatar.com\\\/avatar\\\/3df74477975a50f1c87a7dace91f34be8bb2637b8220dd744eaf5ef9922e052e?s=96&d=mm&r=g\",\"caption\":\"Shavei Israel\"},\"url\":\"https:\\\/\\\/www.shavei.org\\\/es\\\/blog\\\/author\\\/shaveiisrael\\\/\"}]}<\/script>\n<!-- \/ Yoast SEO plugin. -->","yoast_head_json":{"title":"Avner Diniz \u2013 una tradici\u00f3n oculta enciende una pasi\u00f3n por el Juda\u00edsmo y por Israel - Shavei Israel","robots":{"index":"index","follow":"follow","max-snippet":"max-snippet:-1","max-image-preview":"max-image-preview:large","max-video-preview":"max-video-preview:-1"},"canonical":"https:\/\/www.shavei.org\/es\/blog\/2012\/01\/10\/avner-diniz-una-tradici\u00f3n-oculta-enciende-una-pasi\u00f3n-por-el-juda\u00edsmo-y-por-israel\/","og_locale":"es_ES","og_type":"article","og_title":"Avner Diniz \u2013 una tradici\u00f3n oculta enciende una pasi\u00f3n por el Juda\u00edsmo y por Israel - Shavei Israel","og_description":"Avner Diniz se sienta en su living-comedor, en su casa en la ciudad costera de Netanya. Meditando sobre el inusual paso que lo llev\u00f3 de tan s\u00f3lo algunas se\u00f1ales de fe en un pasado jud\u00edo, en su ni\u00f1ez dentro de una familia portuguesa de Mozambique, hacia una nueva vida como jud\u00edo comprometido estudiando hebreo y juda\u00edsmo en Israel.","og_url":"https:\/\/www.shavei.org\/es\/blog\/2012\/01\/10\/avner-diniz-una-tradici\u00f3n-oculta-enciende-una-pasi\u00f3n-por-el-juda\u00edsmo-y-por-israel\/","og_site_name":"Shavei Israel","article_published_time":"2012-01-10T09:45:13+00:00","article_modified_time":"2017-06-01T13:01:21+00:00","og_image":[{"url":"https:\/\/www.shaveiisrael.com\/wp-content\/uploads\/2012\/01\/129341960161230000avner-at-the-kotel.png","type":"","width":"","height":""}],"author":"Shavei Israel","twitter_card":"summary_large_image","twitter_misc":{"Escrito por":false,"Tiempo de lectura":"5 minutos"},"schema":{"@context":"https:\/\/schema.org","@graph":[{"@type":"Article","@id":"https:\/\/www.shavei.org\/es\/blog\/2012\/01\/10\/avner-diniz-una-tradici%c3%b3n-oculta-enciende-una-pasi%c3%b3n-por-el-juda%c3%adsmo-y-por-israel\/#article","isPartOf":{"@id":"https:\/\/www.shavei.org\/es\/blog\/2012\/01\/10\/avner-diniz-una-tradici%c3%b3n-oculta-enciende-una-pasi%c3%b3n-por-el-juda%c3%adsmo-y-por-israel\/"},"author":{"name":"Shavei Israel","@id":"https:\/\/www.shavei.org\/#\/schema\/person\/be34c059c9b16cdd461eed6c3ee0cf22"},"headline":"Avner Diniz \u2013 una tradici\u00f3n oculta enciende una pasi\u00f3n por el Juda\u00edsmo y por Israel","datePublished":"2012-01-10T09:45:13+00:00","dateModified":"2017-06-01T13:01:21+00:00","mainEntityOfPage":{"@id":"https:\/\/www.shavei.org\/es\/blog\/2012\/01\/10\/avner-diniz-una-tradici%c3%b3n-oculta-enciende-una-pasi%c3%b3n-por-el-juda%c3%adsmo-y-por-israel\/"},"wordCount":986,"publisher":{"@id":"https:\/\/www.shavei.org\/#organization"},"image":{"@id":"https:\/\/www.shavei.org\/es\/blog\/2012\/01\/10\/avner-diniz-una-tradici%c3%b3n-oculta-enciende-una-pasi%c3%b3n-por-el-juda%c3%adsmo-y-por-israel\/#primaryimage"},"thumbnailUrl":"https:\/\/www.shaveiisrael.com\/wp-content\/uploads\/2012\/01\/129341960161230000avner-at-the-kotel.png","articleSection":["Sin categorizar"],"inLanguage":"es"},{"@type":"WebPage","@id":"https:\/\/www.shavei.org\/es\/blog\/2012\/01\/10\/avner-diniz-una-tradici%c3%b3n-oculta-enciende-una-pasi%c3%b3n-por-el-juda%c3%adsmo-y-por-israel\/","url":"https:\/\/www.shavei.org\/es\/blog\/2012\/01\/10\/avner-diniz-una-tradici%c3%b3n-oculta-enciende-una-pasi%c3%b3n-por-el-juda%c3%adsmo-y-por-israel\/","name":"Avner Diniz \u2013 una tradici\u00f3n oculta enciende una pasi\u00f3n por el Juda\u00edsmo y por Israel - Shavei Israel","isPartOf":{"@id":"https:\/\/www.shavei.org\/#website"},"primaryImageOfPage":{"@id":"https:\/\/www.shavei.org\/es\/blog\/2012\/01\/10\/avner-diniz-una-tradici%c3%b3n-oculta-enciende-una-pasi%c3%b3n-por-el-juda%c3%adsmo-y-por-israel\/#primaryimage"},"image":{"@id":"https:\/\/www.shavei.org\/es\/blog\/2012\/01\/10\/avner-diniz-una-tradici%c3%b3n-oculta-enciende-una-pasi%c3%b3n-por-el-juda%c3%adsmo-y-por-israel\/#primaryimage"},"thumbnailUrl":"https:\/\/www.shaveiisrael.com\/wp-content\/uploads\/2012\/01\/129341960161230000avner-at-the-kotel.png","datePublished":"2012-01-10T09:45:13+00:00","dateModified":"2017-06-01T13:01:21+00:00","breadcrumb":{"@id":"https:\/\/www.shavei.org\/es\/blog\/2012\/01\/10\/avner-diniz-una-tradici%c3%b3n-oculta-enciende-una-pasi%c3%b3n-por-el-juda%c3%adsmo-y-por-israel\/#breadcrumb"},"inLanguage":"es","potentialAction":[{"@type":"ReadAction","target":["https:\/\/www.shavei.org\/es\/blog\/2012\/01\/10\/avner-diniz-una-tradici%c3%b3n-oculta-enciende-una-pasi%c3%b3n-por-el-juda%c3%adsmo-y-por-israel\/"]}]},{"@type":"ImageObject","inLanguage":"es","@id":"https:\/\/www.shavei.org\/es\/blog\/2012\/01\/10\/avner-diniz-una-tradici%c3%b3n-oculta-enciende-una-pasi%c3%b3n-por-el-juda%c3%adsmo-y-por-israel\/#primaryimage","url":"https:\/\/www.shaveiisrael.com\/wp-content\/uploads\/2012\/01\/129341960161230000avner-at-the-kotel.png","contentUrl":"https:\/\/www.shaveiisrael.com\/wp-content\/uploads\/2012\/01\/129341960161230000avner-at-the-kotel.png"},{"@type":"BreadcrumbList","@id":"https:\/\/www.shavei.org\/es\/blog\/2012\/01\/10\/avner-diniz-una-tradici%c3%b3n-oculta-enciende-una-pasi%c3%b3n-por-el-juda%c3%adsmo-y-por-israel\/#breadcrumb","itemListElement":[{"@type":"ListItem","position":1,"name":"Home","item":"https:\/\/www.shavei.org\/es\/"},{"@type":"ListItem","position":2,"name":"Avner Diniz \u2013 una tradici\u00f3n oculta enciende una pasi\u00f3n por el Juda\u00edsmo y por Israel"}]},{"@type":"WebSite","@id":"https:\/\/www.shavei.org\/#website","url":"https:\/\/www.shavei.org\/","name":"Shavei Israel","description":"One nation, many faces. We help them all return.","publisher":{"@id":"https:\/\/www.shavei.org\/#organization"},"potentialAction":[{"@type":"SearchAction","target":{"@type":"EntryPoint","urlTemplate":"https:\/\/www.shavei.org\/?s={search_term_string}"},"query-input":{"@type":"PropertyValueSpecification","valueRequired":true,"valueName":"search_term_string"}}],"inLanguage":"es"},{"@type":"Organization","@id":"https:\/\/www.shavei.org\/#organization","name":"Shavei Israel","url":"https:\/\/www.shavei.org\/","logo":{"@type":"ImageObject","inLanguage":"es","@id":"https:\/\/www.shavei.org\/#\/schema\/logo\/image\/","url":"https:\/\/www.shavei.org\/wp-content\/uploads\/2017\/10\/shavei-logo.jpg","contentUrl":"https:\/\/www.shavei.org\/wp-content\/uploads\/2017\/10\/shavei-logo.jpg","width":300,"height":285,"caption":"Shavei Israel"},"image":{"@id":"https:\/\/www.shavei.org\/#\/schema\/logo\/image\/"}},{"@type":"Person","@id":"https:\/\/www.shavei.org\/#\/schema\/person\/be34c059c9b16cdd461eed6c3ee0cf22","name":"Shavei Israel","image":{"@type":"ImageObject","inLanguage":"es","@id":"https:\/\/secure.gravatar.com\/avatar\/3df74477975a50f1c87a7dace91f34be8bb2637b8220dd744eaf5ef9922e052e?s=96&d=mm&r=g","url":"https:\/\/secure.gravatar.com\/avatar\/3df74477975a50f1c87a7dace91f34be8bb2637b8220dd744eaf5ef9922e052e?s=96&d=mm&r=g","contentUrl":"https:\/\/secure.gravatar.com\/avatar\/3df74477975a50f1c87a7dace91f34be8bb2637b8220dd744eaf5ef9922e052e?s=96&d=mm&r=g","caption":"Shavei Israel"},"url":"https:\/\/www.shavei.org\/es\/blog\/author\/shaveiisrael\/"}]}},"_links":{"self":[{"href":"https:\/\/www.shavei.org\/es\/wp-json\/wp\/v2\/posts\/7589","targetHints":{"allow":["GET"]}}],"collection":[{"href":"https:\/\/www.shavei.org\/es\/wp-json\/wp\/v2\/posts"}],"about":[{"href":"https:\/\/www.shavei.org\/es\/wp-json\/wp\/v2\/types\/post"}],"author":[{"embeddable":true,"href":"https:\/\/www.shavei.org\/es\/wp-json\/wp\/v2\/users\/8"}],"replies":[{"embeddable":true,"href":"https:\/\/www.shavei.org\/es\/wp-json\/wp\/v2\/comments?post=7589"}],"version-history":[{"count":1,"href":"https:\/\/www.shavei.org\/es\/wp-json\/wp\/v2\/posts\/7589\/revisions"}],"predecessor-version":[{"id":28091,"href":"https:\/\/www.shavei.org\/es\/wp-json\/wp\/v2\/posts\/7589\/revisions\/28091"}],"wp:attachment":[{"href":"https:\/\/www.shavei.org\/es\/wp-json\/wp\/v2\/media?parent=7589"}],"wp:term":[{"taxonomy":"category","embeddable":true,"href":"https:\/\/www.shavei.org\/es\/wp-json\/wp\/v2\/categories?post=7589"},{"taxonomy":"post_tag","embeddable":true,"href":"https:\/\/www.shavei.org\/es\/wp-json\/wp\/v2\/tags?post=7589"}],"curies":[{"name":"wp","href":"https:\/\/api.w.org\/{rel}","templated":true}]}}