{"id":33840,"date":"2016-10-26T12:40:11","date_gmt":"2016-10-26T10:40:11","guid":{"rendered":"https:\/\/www.shavei.org\/es\/?p=33840"},"modified":"2017-06-04T12:01:56","modified_gmt":"2017-06-04T10:01:56","slug":"rajel-redescubre-judaismo","status":"publish","type":"post","link":"https:\/\/www.shavei.org\/es\/blog\/2016\/10\/26\/rajel-redescubre-judaismo\/","title":{"rendered":"De San Pablo a Beer Sheba: Rajel redescubre su juda\u00edsmo"},"content":{"rendered":"<p>\u201cMi esperanza es que todos los jud\u00edos Bnei anusim retornen a Hashem y vengan todos a vivir aqu\u00ed en Israel\u201d dice Rajel (Isabel) Souza Lima, de 39 a\u00f1os, y nos cuenta la historia de c\u00f3mo regres\u00f3 al juda\u00edsmo de sus ancestros, desde su Brasil natal hasta la tierra de Israel, donde vive hoy junto con su esposo e hijos.<\/p>\n<p>Oriunda de Luc\u00e9lia (San Pablo), Rajel, viuda y madre de 4, recuerda que le bast\u00f3 un primer encuentro con el rabino que la acompa\u00f1ar\u00eda en el Brasil, para caer en la cuenta de sus ra\u00edces jud\u00edas: costumbres y tradiciones transmitidas de padre a hijo, como ser en la kashrut de los alimentos y en la pureza familiar.<\/p>\n<p>\u201cComenc\u00e9 a observar, claro que todav\u00eda no como jud\u00eda, pero no trabajaba, y hac\u00eda una reflexi\u00f3n especial, rez\u00e1bamos y cant\u00e1bamos m\u00fasicas religiosas, y nos alegr\u00e1bamos mucho\u201d. En esos primeros tiempos cumplir las mitzvot le acarreaba gran dificultad, explica Rajel con mezcla de nostalgia y picard\u00eda.<\/p>\n<p>Ya llegados a Israel, en 2014, \u00a0ella y tres de sus hijos estudiaron durante un a\u00f1o y medio en el instituto Maj\u00f3n Miriam de Shavei Israel y completaron el proceso de conversi\u00f3n, reintegr\u00e1ndose en pleno al pueblo de Israel: \u201cAl profundizar m\u00e1s en la halaj\u00e1, descubrimos m\u00e1s costumbres y leyes que eran cumplidas por nuestra familia\u201d.<!--more--><\/p>\n<p>Ante nuestra consulta Rajel no duda en contestar que lo que verdaderamente la apasiona en su vida es todo lo referente al pueblo jud\u00edo, la Tor\u00e1 y poder vivir aqu\u00ed en la tierra de Israel.\u00a0 El mismo recorrido hacia una identidad jud\u00eda plena aparec\u00eda a su vez como regreso y resignificaci\u00f3n del mundo de sus antepasados, que durante cinco siglos, y casi siempre en la clandestinidad, preservaron la llama de su juda\u00edsmo.<\/p>\n<p>Pero otra gran alegr\u00eda le esperaba a Rajel: a trav\u00e9s de una amiga en com\u00fan conoci\u00f3 a qui\u00e9n ser\u00eda su esposo: \u201c\u00c9l es de Brasil, tambi\u00e9n un Ben An\u00fas, tambi\u00e9n descubri\u00f3 recientemente sus ra\u00edces judaicas\u201d.<\/p>\n<p>Rajel y Meir se casaron en Julio en Israel, en una ceremonia religiosa que cont\u00f3 con amigos y familiares, y decidieron mudarse al Sur para vivir en Beer Sheba, que los atrajo por las posibilidades de trabajo y su bajo costo de vida.<\/p>\n<p>Cuando le preguntamos que representa Shavei Israel para ella, Rajel responde, \u201cShavei Israel es mi mundo entero, ellos me tomaron bajo sus alas y me ayudaron a navegar en todo el proceso\u201d.<\/p>\n<p>Hoy por hoy Rajel ans\u00eda poder completar, el proceso de ali\u00e1, al tiempo que cuenta, ya tras dos a\u00f1os de vivir en Israel, que todo lo que han vivido aqu\u00ed ha sido muy gratificante e inmensamente satisfactorio. \u201c\u00a1Aqu\u00ed tenemos todo lo que necesitamos para cumplir las mitzvot!\u201d, nos dice.<\/p>\n<p>\u00a1Mazal Tov, Familia Souza Lima!<\/p>\n\n\t\t<style type=\"text\/css\">\n\t\t\t#gallery-1 {\n\t\t\t\tmargin: auto;\n\t\t\t}\n\t\t\t#gallery-1 .gallery-item {\n\t\t\t\tfloat: left;\n\t\t\t\tmargin-top: 10px;\n\t\t\t\ttext-align: center;\n\t\t\t\twidth: 33%;\n\t\t\t}\n\t\t\t#gallery-1 img {\n\t\t\t\tborder: 2px solid #cfcfcf;\n\t\t\t}\n\t\t\t#gallery-1 .gallery-caption {\n\t\t\t\tmargin-left: 0;\n\t\t\t}\n\t\t\t\/* see gallery_shortcode() in wp-includes\/media.php *\/\n\t\t<\/style>\n\t\t<div id='gallery-1' class='gallery galleryid-33840 gallery-columns-3 gallery-size-thumbnail'><dl class='gallery-item'>\n\t\t\t<dt class='gallery-icon landscape'>\n\t\t\t\t<a href='https:\/\/www.shavei.org\/es\/blog\/2016\/10\/26\/rajel-redescubre-judaismo\/13654225_648325231985994_5129692037143562554_n-2-2\/'><img decoding=\"async\" width=\"150\" height=\"150\" src=\"https:\/\/www.shavei.org\/wp-content\/uploads\/2016\/10\/13654225_648325231985994_5129692037143562554_n-150x150.jpg\" class=\"attachment-thumbnail size-thumbnail\" alt=\"\" srcset=\"https:\/\/www.shavei.org\/wp-content\/uploads\/2016\/10\/13654225_648325231985994_5129692037143562554_n-150x150.jpg 150w, https:\/\/www.shavei.org\/wp-content\/uploads\/2016\/10\/13654225_648325231985994_5129692037143562554_n-500x500.jpg 500w\" sizes=\"(max-width: 150px) 100vw, 150px\" \/><\/a>\n\t\t\t<\/dt><\/dl><dl class='gallery-item'>\n\t\t\t<dt class='gallery-icon landscape'>\n\t\t\t\t<a href='https:\/\/www.shavei.org\/es\/blog\/2016\/10\/26\/rajel-redescubre-judaismo\/13663429_648067525345098_474204462_o-2-2\/'><img decoding=\"async\" width=\"150\" height=\"150\" src=\"https:\/\/www.shavei.org\/wp-content\/uploads\/2016\/10\/13663429_648067525345098_474204462_o-150x150.jpg\" class=\"attachment-thumbnail size-thumbnail\" alt=\"\" aria-describedby=\"gallery-1-43240\" srcset=\"https:\/\/www.shavei.org\/wp-content\/uploads\/2016\/10\/13663429_648067525345098_474204462_o-150x150.jpg 150w, https:\/\/www.shavei.org\/wp-content\/uploads\/2016\/10\/13663429_648067525345098_474204462_o-570x570.jpg 570w, https:\/\/www.shavei.org\/wp-content\/uploads\/2016\/10\/13663429_648067525345098_474204462_o-500x500.jpg 500w\" sizes=\"(max-width: 150px) 100vw, 150px\" \/><\/a>\n\t\t\t<\/dt>\n\t\t\t\t<dd class='wp-caption-text gallery-caption' id='gallery-1-43240'>\n\t\t\t\tRachel&#8217;s daughter (in the middle) with friends\n\t\t\t\t<\/dd><\/dl><dl class='gallery-item'>\n\t\t\t<dt class='gallery-icon landscape'>\n\t\t\t\t<a href='https:\/\/www.shavei.org\/es\/blog\/2016\/10\/26\/rajel-redescubre-judaismo\/13692281_648060698679114_1762484436_o-2-2\/'><img decoding=\"async\" width=\"150\" height=\"150\" src=\"https:\/\/www.shavei.org\/wp-content\/uploads\/2016\/10\/13692281_648060698679114_1762484436_o-150x150.jpg\" class=\"attachment-thumbnail size-thumbnail\" alt=\"\" aria-describedby=\"gallery-1-43247\" srcset=\"https:\/\/www.shavei.org\/wp-content\/uploads\/2016\/10\/13692281_648060698679114_1762484436_o-150x150.jpg 150w, https:\/\/www.shavei.org\/wp-content\/uploads\/2016\/10\/13692281_648060698679114_1762484436_o-570x570.jpg 570w, https:\/\/www.shavei.org\/wp-content\/uploads\/2016\/10\/13692281_648060698679114_1762484436_o-500x500.jpg 500w\" sizes=\"(max-width: 150px) 100vw, 150px\" \/><\/a>\n\t\t\t<\/dt>\n\t\t\t\t<dd class='wp-caption-text gallery-caption' id='gallery-1-43247'>\n\t\t\t\tRachel with her kids \n\t\t\t\t<\/dd><\/dl><br style=\"clear: both\" \/><dl class='gallery-item'>\n\t\t\t<dt class='gallery-icon portrait'>\n\t\t\t\t<a href='https:\/\/www.shavei.org\/es\/blog\/2016\/10\/26\/rajel-redescubre-judaismo\/13709617_648068902011627_290206675_o-2-2\/'><img decoding=\"async\" width=\"150\" height=\"150\" src=\"https:\/\/www.shavei.org\/wp-content\/uploads\/2016\/10\/13709617_648068902011627_290206675_o-150x150.jpg\" class=\"attachment-thumbnail size-thumbnail\" alt=\"\" aria-describedby=\"gallery-1-43254\" srcset=\"https:\/\/www.shavei.org\/wp-content\/uploads\/2016\/10\/13709617_648068902011627_290206675_o-150x150.jpg 150w, https:\/\/www.shavei.org\/wp-content\/uploads\/2016\/10\/13709617_648068902011627_290206675_o-570x570.jpg 570w, https:\/\/www.shavei.org\/wp-content\/uploads\/2016\/10\/13709617_648068902011627_290206675_o-500x500.jpg 500w\" sizes=\"(max-width: 150px) 100vw, 150px\" \/><\/a>\n\t\t\t<\/dt>\n\t\t\t\t<dd class='wp-caption-text gallery-caption' id='gallery-1-43254'>\n\t\t\t\tRachel with a friend of her daugther\n\t\t\t\t<\/dd><\/dl><dl class='gallery-item'>\n\t\t\t<dt class='gallery-icon landscape'>\n\t\t\t\t<a href='https:\/\/www.shavei.org\/es\/blog\/2016\/10\/26\/rajel-redescubre-judaismo\/13711500_648066868678497_1396469050_o-2-2\/'><img decoding=\"async\" width=\"150\" height=\"150\" src=\"https:\/\/www.shavei.org\/wp-content\/uploads\/2016\/10\/13711500_648066868678497_1396469050_o-150x150.jpg\" class=\"attachment-thumbnail size-thumbnail\" alt=\"\" aria-describedby=\"gallery-1-43261\" srcset=\"https:\/\/www.shavei.org\/wp-content\/uploads\/2016\/10\/13711500_648066868678497_1396469050_o-150x150.jpg 150w, https:\/\/www.shavei.org\/wp-content\/uploads\/2016\/10\/13711500_648066868678497_1396469050_o-570x570.jpg 570w, https:\/\/www.shavei.org\/wp-content\/uploads\/2016\/10\/13711500_648066868678497_1396469050_o-500x500.jpg 500w\" sizes=\"(max-width: 150px) 100vw, 150px\" \/><\/a>\n\t\t\t<\/dt>\n\t\t\t\t<dd class='wp-caption-text gallery-caption' id='gallery-1-43261'>\n\t\t\t\tThe bride\n\t\t\t\t<\/dd><\/dl><dl class='gallery-item'>\n\t\t\t<dt class='gallery-icon portrait'>\n\t\t\t\t<a href='https:\/\/www.shavei.org\/es\/blog\/2016\/10\/26\/rajel-redescubre-judaismo\/13767134_633335653499018_4127805391139057338_o-3-2\/'><img decoding=\"async\" width=\"150\" height=\"150\" src=\"https:\/\/www.shavei.org\/wp-content\/uploads\/2016\/10\/13767134_633335653499018_4127805391139057338_o-1-150x150.jpg\" class=\"attachment-thumbnail size-thumbnail\" alt=\"\" aria-describedby=\"gallery-1-43268\" srcset=\"https:\/\/www.shavei.org\/wp-content\/uploads\/2016\/10\/13767134_633335653499018_4127805391139057338_o-1-150x150.jpg 150w, https:\/\/www.shavei.org\/wp-content\/uploads\/2016\/10\/13767134_633335653499018_4127805391139057338_o-1-570x570.jpg 570w, https:\/\/www.shavei.org\/wp-content\/uploads\/2016\/10\/13767134_633335653499018_4127805391139057338_o-1-500x500.jpg 500w\" sizes=\"(max-width: 150px) 100vw, 150px\" \/><\/a>\n\t\t\t<\/dt>\n\t\t\t\t<dd class='wp-caption-text gallery-caption' id='gallery-1-43268'>\n\t\t\t\tRachel with their children\n\t\t\t\t<\/dd><\/dl><br style=\"clear: both\" \/><dl class='gallery-item'>\n\t\t\t<dt class='gallery-icon landscape'>\n\t\t\t\t<a href='https:\/\/www.shavei.org\/es\/blog\/2016\/10\/26\/rajel-redescubre-judaismo\/casado-2-2\/'><img decoding=\"async\" width=\"150\" height=\"150\" src=\"https:\/\/www.shavei.org\/wp-content\/uploads\/2016\/10\/casado-150x150.jpg\" class=\"attachment-thumbnail size-thumbnail\" alt=\"\" aria-describedby=\"gallery-1-43275\" srcset=\"https:\/\/www.shavei.org\/wp-content\/uploads\/2016\/10\/casado-150x150.jpg 150w, https:\/\/www.shavei.org\/wp-content\/uploads\/2016\/10\/casado-570x570.jpg 570w, https:\/\/www.shavei.org\/wp-content\/uploads\/2016\/10\/casado-500x500.jpg 500w\" sizes=\"(max-width: 150px) 100vw, 150px\" \/><\/a>\n\t\t\t<\/dt>\n\t\t\t\t<dd class='wp-caption-text gallery-caption' id='gallery-1-43275'>\n\t\t\t\tThe festive meal\n\t\t\t\t<\/dd><\/dl><dl class='gallery-item'>\n\t\t\t<dt class='gallery-icon portrait'>\n\t\t\t\t<a href='https:\/\/www.shavei.org\/es\/blog\/2016\/10\/26\/rajel-redescubre-judaismo\/image-5-2\/'><img decoding=\"async\" width=\"150\" height=\"150\" src=\"https:\/\/www.shavei.org\/wp-content\/uploads\/2016\/10\/image-5-150x150.jpg\" class=\"attachment-thumbnail size-thumbnail\" alt=\"\" aria-describedby=\"gallery-1-43282\" srcset=\"https:\/\/www.shavei.org\/wp-content\/uploads\/2016\/10\/image-5-150x150.jpg 150w, https:\/\/www.shavei.org\/wp-content\/uploads\/2016\/10\/image-5-570x570.jpg 570w, https:\/\/www.shavei.org\/wp-content\/uploads\/2016\/10\/image-5-500x500.jpg 500w\" sizes=\"(max-width: 150px) 100vw, 150px\" \/><\/a>\n\t\t\t<\/dt>\n\t\t\t\t<dd class='wp-caption-text gallery-caption' id='gallery-1-43282'>\n\t\t\t\tUnder the chuppah\n\t\t\t\t<\/dd><\/dl><dl class='gallery-item'>\n\t\t\t<dt class='gallery-icon landscape'>\n\t\t\t\t<a href='https:\/\/www.shavei.org\/es\/blog\/2016\/10\/26\/rajel-redescubre-judaismo\/image-2\/'><img decoding=\"async\" width=\"150\" height=\"150\" src=\"https:\/\/www.shavei.org\/wp-content\/uploads\/2016\/10\/image-150x150.jpg\" class=\"attachment-thumbnail size-thumbnail\" alt=\"\" aria-describedby=\"gallery-1-43296\" srcset=\"https:\/\/www.shavei.org\/wp-content\/uploads\/2016\/10\/image-150x150.jpg 150w, https:\/\/www.shavei.org\/wp-content\/uploads\/2016\/10\/image-570x570.jpg 570w, https:\/\/www.shavei.org\/wp-content\/uploads\/2016\/10\/image-500x500.jpg 500w\" sizes=\"(max-width: 150px) 100vw, 150px\" \/><\/a>\n\t\t\t<\/dt>\n\t\t\t\t<dd class='wp-caption-text gallery-caption' id='gallery-1-43296'>\n\t\t\t\tBreking the glass\n\t\t\t\t<\/dd><\/dl><br style=\"clear: both\" \/>\n\t\t<\/div>\n\n<p>&nbsp;<\/p>\n","protected":false},"excerpt":{"rendered":"<p>\u201cMi esperanza es que todos los jud\u00edos Bnei anusim retornen a Hashem y vengan todos a vivir aqu\u00ed en Israel\u201d dice Rajel (Isabel) Souza Lima, de 39 a\u00f1os, y nos cuenta la historia de c\u00f3mo regres\u00f3 al juda\u00edsmo de sus ancestros, desde su Brasil natal&#8230;<\/p>\n","protected":false},"author":13,"featured_media":33841,"comment_status":"open","ping_status":"open","sticky":false,"template":"","format":"standard","meta":{"give_campaign_id":0,"_exactmetrics_skip_tracking":false,"_exactmetrics_sitenote_active":false,"_exactmetrics_sitenote_note":"","_exactmetrics_sitenote_category":0,"ngg_post_thumbnail":0,"footnotes":""},"categories":[1114],"tags":[581,1119,1120,791,790,760,1118],"class_list":["post-33840","post","type-post","status-publish","format-standard","has-post-thumbnail","hentry","category-historias-personales","tag-bnei-anusim","tag-brasil-es-2","tag-conversion-es-2","tag-majon-miriam","tag-rachel-souza-lima","tag-retorno","tag-shavei-israel-es-2"],"yoast_head":"<!-- This site is optimized with the Yoast SEO plugin v27.4 - https:\/\/yoast.com\/product\/yoast-seo-wordpress\/ -->\n<title>De San Pablo a Beer Sheba: Rajel redescubre su juda\u00edsmo - Shavei Israel<\/title>\n<meta name=\"description\" content=\"\u201cMi esperanza es que todos los jud\u00edos Bnei anusim retornen a Hashem y vengan todos a vivir aqu\u00ed en Israel\u201d dice Rajel (Isabel) Souza Lima, de 39 a\u00f1os\" \/>\n<meta name=\"robots\" content=\"index, follow, max-snippet:-1, max-image-preview:large, max-video-preview:-1\" \/>\n<link rel=\"canonical\" href=\"https:\/\/www.shavei.org\/es\/blog\/2016\/10\/26\/rajel-redescubre-judaismo\/\" \/>\n<meta property=\"og:locale\" content=\"es_ES\" \/>\n<meta property=\"og:type\" content=\"article\" \/>\n<meta property=\"og:title\" content=\"De San Pablo a Beer Sheba: Rajel redescubre su juda\u00edsmo - Shavei Israel\" \/>\n<meta property=\"og:description\" content=\"\u201cMi esperanza es que todos los jud\u00edos Bnei anusim retornen a Hashem y vengan todos a vivir aqu\u00ed en Israel\u201d dice Rajel (Isabel) Souza Lima, de 39 a\u00f1os\" \/>\n<meta property=\"og:url\" content=\"https:\/\/www.shavei.org\/es\/blog\/2016\/10\/26\/rajel-redescubre-judaismo\/\" \/>\n<meta property=\"og:site_name\" content=\"Shavei Israel\" \/>\n<meta property=\"article:published_time\" content=\"2016-10-26T10:40:11+00:00\" \/>\n<meta property=\"article:modified_time\" content=\"2017-06-04T10:01:56+00:00\" \/>\n<meta property=\"og:image\" content=\"https:\/\/www.shavei.org\/wp-content\/uploads\/2016\/10\/13767134_633335653499018_4127805391139057338_o.jpg\" \/>\n\t<meta property=\"og:image:width\" content=\"956\" \/>\n\t<meta property=\"og:image:height\" content=\"1280\" \/>\n\t<meta property=\"og:image:type\" content=\"image\/jpeg\" \/>\n<meta name=\"author\" content=\"Iehuda Katz\" \/>\n<meta name=\"twitter:card\" content=\"summary_large_image\" \/>\n<meta name=\"twitter:label1\" content=\"Escrito por\" \/>\n\t<meta name=\"twitter:data1\" content=\"\" \/>\n\t<meta name=\"twitter:label2\" content=\"Tiempo de lectura\" \/>\n\t<meta name=\"twitter:data2\" content=\"2 minutos\" \/>\n<script type=\"application\/ld+json\" class=\"yoast-schema-graph\">{\"@context\":\"https:\\\/\\\/schema.org\",\"@graph\":[{\"@type\":\"Article\",\"@id\":\"https:\\\/\\\/www.shavei.org\\\/es\\\/blog\\\/2016\\\/10\\\/26\\\/rajel-redescubre-judaismo\\\/#article\",\"isPartOf\":{\"@id\":\"https:\\\/\\\/www.shavei.org\\\/es\\\/blog\\\/2016\\\/10\\\/26\\\/rajel-redescubre-judaismo\\\/\"},\"author\":{\"name\":\"Iehuda Katz\",\"@id\":\"https:\\\/\\\/www.shavei.org\\\/#\\\/schema\\\/person\\\/8cf19dcc85547551f1e19f489a0611a2\"},\"headline\":\"De San Pablo a Beer Sheba: Rajel redescubre su juda\u00edsmo\",\"datePublished\":\"2016-10-26T10:40:11+00:00\",\"dateModified\":\"2017-06-04T10:01:56+00:00\",\"mainEntityOfPage\":{\"@id\":\"https:\\\/\\\/www.shavei.org\\\/es\\\/blog\\\/2016\\\/10\\\/26\\\/rajel-redescubre-judaismo\\\/\"},\"wordCount\":506,\"commentCount\":0,\"publisher\":{\"@id\":\"https:\\\/\\\/www.shavei.org\\\/#organization\"},\"image\":{\"@id\":\"https:\\\/\\\/www.shavei.org\\\/es\\\/blog\\\/2016\\\/10\\\/26\\\/rajel-redescubre-judaismo\\\/#primaryimage\"},\"thumbnailUrl\":\"https:\\\/\\\/www.shavei.org\\\/wp-content\\\/uploads\\\/2016\\\/10\\\/13767134_633335653499018_4127805391139057338_o.jpg\",\"keywords\":[\"Bnei Anusim\",\"Brasil\",\"conversion\",\"Maj\u00f3n Miriam\",\"Rachel Souza Lima\",\"Retorno\",\"Shavei Israel\"],\"articleSection\":[\"Historias Personales\"],\"inLanguage\":\"es\",\"potentialAction\":[{\"@type\":\"CommentAction\",\"name\":\"Comment\",\"target\":[\"https:\\\/\\\/www.shavei.org\\\/es\\\/blog\\\/2016\\\/10\\\/26\\\/rajel-redescubre-judaismo\\\/#respond\"]}]},{\"@type\":\"WebPage\",\"@id\":\"https:\\\/\\\/www.shavei.org\\\/es\\\/blog\\\/2016\\\/10\\\/26\\\/rajel-redescubre-judaismo\\\/\",\"url\":\"https:\\\/\\\/www.shavei.org\\\/es\\\/blog\\\/2016\\\/10\\\/26\\\/rajel-redescubre-judaismo\\\/\",\"name\":\"De San Pablo a Beer Sheba: Rajel redescubre su juda\u00edsmo - Shavei Israel\",\"isPartOf\":{\"@id\":\"https:\\\/\\\/www.shavei.org\\\/#website\"},\"primaryImageOfPage\":{\"@id\":\"https:\\\/\\\/www.shavei.org\\\/es\\\/blog\\\/2016\\\/10\\\/26\\\/rajel-redescubre-judaismo\\\/#primaryimage\"},\"image\":{\"@id\":\"https:\\\/\\\/www.shavei.org\\\/es\\\/blog\\\/2016\\\/10\\\/26\\\/rajel-redescubre-judaismo\\\/#primaryimage\"},\"thumbnailUrl\":\"https:\\\/\\\/www.shavei.org\\\/wp-content\\\/uploads\\\/2016\\\/10\\\/13767134_633335653499018_4127805391139057338_o.jpg\",\"datePublished\":\"2016-10-26T10:40:11+00:00\",\"dateModified\":\"2017-06-04T10:01:56+00:00\",\"description\":\"\u201cMi esperanza es que todos los jud\u00edos Bnei anusim retornen a Hashem y vengan todos a vivir aqu\u00ed en Israel\u201d dice Rajel (Isabel) Souza Lima, de 39 a\u00f1os\",\"breadcrumb\":{\"@id\":\"https:\\\/\\\/www.shavei.org\\\/es\\\/blog\\\/2016\\\/10\\\/26\\\/rajel-redescubre-judaismo\\\/#breadcrumb\"},\"inLanguage\":\"es\",\"potentialAction\":[{\"@type\":\"ReadAction\",\"target\":[\"https:\\\/\\\/www.shavei.org\\\/es\\\/blog\\\/2016\\\/10\\\/26\\\/rajel-redescubre-judaismo\\\/\"]}]},{\"@type\":\"ImageObject\",\"inLanguage\":\"es\",\"@id\":\"https:\\\/\\\/www.shavei.org\\\/es\\\/blog\\\/2016\\\/10\\\/26\\\/rajel-redescubre-judaismo\\\/#primaryimage\",\"url\":\"https:\\\/\\\/www.shavei.org\\\/wp-content\\\/uploads\\\/2016\\\/10\\\/13767134_633335653499018_4127805391139057338_o.jpg\",\"contentUrl\":\"https:\\\/\\\/www.shavei.org\\\/wp-content\\\/uploads\\\/2016\\\/10\\\/13767134_633335653499018_4127805391139057338_o.jpg\",\"width\":956,\"height\":1280},{\"@type\":\"BreadcrumbList\",\"@id\":\"https:\\\/\\\/www.shavei.org\\\/es\\\/blog\\\/2016\\\/10\\\/26\\\/rajel-redescubre-judaismo\\\/#breadcrumb\",\"itemListElement\":[{\"@type\":\"ListItem\",\"position\":1,\"name\":\"Home\",\"item\":\"https:\\\/\\\/www.shavei.org\\\/es\\\/\"},{\"@type\":\"ListItem\",\"position\":2,\"name\":\"De San Pablo a Beer Sheba: Rajel redescubre su juda\u00edsmo\"}]},{\"@type\":\"WebSite\",\"@id\":\"https:\\\/\\\/www.shavei.org\\\/#website\",\"url\":\"https:\\\/\\\/www.shavei.org\\\/\",\"name\":\"Shavei Israel\",\"description\":\"One nation, many faces. We help them all return.\",\"publisher\":{\"@id\":\"https:\\\/\\\/www.shavei.org\\\/#organization\"},\"potentialAction\":[{\"@type\":\"SearchAction\",\"target\":{\"@type\":\"EntryPoint\",\"urlTemplate\":\"https:\\\/\\\/www.shavei.org\\\/?s={search_term_string}\"},\"query-input\":{\"@type\":\"PropertyValueSpecification\",\"valueRequired\":true,\"valueName\":\"search_term_string\"}}],\"inLanguage\":\"es\"},{\"@type\":\"Organization\",\"@id\":\"https:\\\/\\\/www.shavei.org\\\/#organization\",\"name\":\"Shavei Israel\",\"url\":\"https:\\\/\\\/www.shavei.org\\\/\",\"logo\":{\"@type\":\"ImageObject\",\"inLanguage\":\"es\",\"@id\":\"https:\\\/\\\/www.shavei.org\\\/#\\\/schema\\\/logo\\\/image\\\/\",\"url\":\"https:\\\/\\\/www.shavei.org\\\/wp-content\\\/uploads\\\/2017\\\/10\\\/shavei-logo.jpg\",\"contentUrl\":\"https:\\\/\\\/www.shavei.org\\\/wp-content\\\/uploads\\\/2017\\\/10\\\/shavei-logo.jpg\",\"width\":300,\"height\":285,\"caption\":\"Shavei Israel\"},\"image\":{\"@id\":\"https:\\\/\\\/www.shavei.org\\\/#\\\/schema\\\/logo\\\/image\\\/\"}},{\"@type\":\"Person\",\"@id\":\"https:\\\/\\\/www.shavei.org\\\/#\\\/schema\\\/person\\\/8cf19dcc85547551f1e19f489a0611a2\",\"name\":\"Iehuda Katz\",\"image\":{\"@type\":\"ImageObject\",\"inLanguage\":\"es\",\"@id\":\"https:\\\/\\\/secure.gravatar.com\\\/avatar\\\/5b47bd7223e2084dabcab3fa6030b536483ea0f51eed31309995ad34eeaee89d?s=96&d=mm&r=g\",\"url\":\"https:\\\/\\\/secure.gravatar.com\\\/avatar\\\/5b47bd7223e2084dabcab3fa6030b536483ea0f51eed31309995ad34eeaee89d?s=96&d=mm&r=g\",\"contentUrl\":\"https:\\\/\\\/secure.gravatar.com\\\/avatar\\\/5b47bd7223e2084dabcab3fa6030b536483ea0f51eed31309995ad34eeaee89d?s=96&d=mm&r=g\",\"caption\":\"Iehuda Katz\"},\"url\":\"https:\\\/\\\/www.shavei.org\\\/es\\\/blog\\\/author\\\/iehuda-katz\\\/\"}]}<\/script>\n<!-- \/ Yoast SEO plugin. -->","yoast_head_json":{"title":"De San Pablo a Beer Sheba: Rajel redescubre su juda\u00edsmo - Shavei Israel","description":"\u201cMi esperanza es que todos los jud\u00edos Bnei anusim retornen a Hashem y vengan todos a vivir aqu\u00ed en Israel\u201d dice Rajel (Isabel) Souza Lima, de 39 a\u00f1os","robots":{"index":"index","follow":"follow","max-snippet":"max-snippet:-1","max-image-preview":"max-image-preview:large","max-video-preview":"max-video-preview:-1"},"canonical":"https:\/\/www.shavei.org\/es\/blog\/2016\/10\/26\/rajel-redescubre-judaismo\/","og_locale":"es_ES","og_type":"article","og_title":"De San Pablo a Beer Sheba: Rajel redescubre su juda\u00edsmo - Shavei Israel","og_description":"\u201cMi esperanza es que todos los jud\u00edos Bnei anusim retornen a Hashem y vengan todos a vivir aqu\u00ed en Israel\u201d dice Rajel (Isabel) Souza Lima, de 39 a\u00f1os","og_url":"https:\/\/www.shavei.org\/es\/blog\/2016\/10\/26\/rajel-redescubre-judaismo\/","og_site_name":"Shavei Israel","article_published_time":"2016-10-26T10:40:11+00:00","article_modified_time":"2017-06-04T10:01:56+00:00","og_image":[{"width":956,"height":1280,"url":"https:\/\/www.shavei.org\/wp-content\/uploads\/2016\/10\/13767134_633335653499018_4127805391139057338_o.jpg","type":"image\/jpeg"}],"author":"Iehuda Katz","twitter_card":"summary_large_image","twitter_misc":{"Escrito por":false,"Tiempo de lectura":"2 minutos"},"schema":{"@context":"https:\/\/schema.org","@graph":[{"@type":"Article","@id":"https:\/\/www.shavei.org\/es\/blog\/2016\/10\/26\/rajel-redescubre-judaismo\/#article","isPartOf":{"@id":"https:\/\/www.shavei.org\/es\/blog\/2016\/10\/26\/rajel-redescubre-judaismo\/"},"author":{"name":"Iehuda Katz","@id":"https:\/\/www.shavei.org\/#\/schema\/person\/8cf19dcc85547551f1e19f489a0611a2"},"headline":"De San Pablo a Beer Sheba: Rajel redescubre su juda\u00edsmo","datePublished":"2016-10-26T10:40:11+00:00","dateModified":"2017-06-04T10:01:56+00:00","mainEntityOfPage":{"@id":"https:\/\/www.shavei.org\/es\/blog\/2016\/10\/26\/rajel-redescubre-judaismo\/"},"wordCount":506,"commentCount":0,"publisher":{"@id":"https:\/\/www.shavei.org\/#organization"},"image":{"@id":"https:\/\/www.shavei.org\/es\/blog\/2016\/10\/26\/rajel-redescubre-judaismo\/#primaryimage"},"thumbnailUrl":"https:\/\/www.shavei.org\/wp-content\/uploads\/2016\/10\/13767134_633335653499018_4127805391139057338_o.jpg","keywords":["Bnei Anusim","Brasil","conversion","Maj\u00f3n Miriam","Rachel Souza Lima","Retorno","Shavei Israel"],"articleSection":["Historias Personales"],"inLanguage":"es","potentialAction":[{"@type":"CommentAction","name":"Comment","target":["https:\/\/www.shavei.org\/es\/blog\/2016\/10\/26\/rajel-redescubre-judaismo\/#respond"]}]},{"@type":"WebPage","@id":"https:\/\/www.shavei.org\/es\/blog\/2016\/10\/26\/rajel-redescubre-judaismo\/","url":"https:\/\/www.shavei.org\/es\/blog\/2016\/10\/26\/rajel-redescubre-judaismo\/","name":"De San Pablo a Beer Sheba: Rajel redescubre su juda\u00edsmo - Shavei Israel","isPartOf":{"@id":"https:\/\/www.shavei.org\/#website"},"primaryImageOfPage":{"@id":"https:\/\/www.shavei.org\/es\/blog\/2016\/10\/26\/rajel-redescubre-judaismo\/#primaryimage"},"image":{"@id":"https:\/\/www.shavei.org\/es\/blog\/2016\/10\/26\/rajel-redescubre-judaismo\/#primaryimage"},"thumbnailUrl":"https:\/\/www.shavei.org\/wp-content\/uploads\/2016\/10\/13767134_633335653499018_4127805391139057338_o.jpg","datePublished":"2016-10-26T10:40:11+00:00","dateModified":"2017-06-04T10:01:56+00:00","description":"\u201cMi esperanza es que todos los jud\u00edos Bnei anusim retornen a Hashem y vengan todos a vivir aqu\u00ed en Israel\u201d dice Rajel (Isabel) Souza Lima, de 39 a\u00f1os","breadcrumb":{"@id":"https:\/\/www.shavei.org\/es\/blog\/2016\/10\/26\/rajel-redescubre-judaismo\/#breadcrumb"},"inLanguage":"es","potentialAction":[{"@type":"ReadAction","target":["https:\/\/www.shavei.org\/es\/blog\/2016\/10\/26\/rajel-redescubre-judaismo\/"]}]},{"@type":"ImageObject","inLanguage":"es","@id":"https:\/\/www.shavei.org\/es\/blog\/2016\/10\/26\/rajel-redescubre-judaismo\/#primaryimage","url":"https:\/\/www.shavei.org\/wp-content\/uploads\/2016\/10\/13767134_633335653499018_4127805391139057338_o.jpg","contentUrl":"https:\/\/www.shavei.org\/wp-content\/uploads\/2016\/10\/13767134_633335653499018_4127805391139057338_o.jpg","width":956,"height":1280},{"@type":"BreadcrumbList","@id":"https:\/\/www.shavei.org\/es\/blog\/2016\/10\/26\/rajel-redescubre-judaismo\/#breadcrumb","itemListElement":[{"@type":"ListItem","position":1,"name":"Home","item":"https:\/\/www.shavei.org\/es\/"},{"@type":"ListItem","position":2,"name":"De San Pablo a Beer Sheba: Rajel redescubre su juda\u00edsmo"}]},{"@type":"WebSite","@id":"https:\/\/www.shavei.org\/#website","url":"https:\/\/www.shavei.org\/","name":"Shavei Israel","description":"One nation, many faces. We help them all return.","publisher":{"@id":"https:\/\/www.shavei.org\/#organization"},"potentialAction":[{"@type":"SearchAction","target":{"@type":"EntryPoint","urlTemplate":"https:\/\/www.shavei.org\/?s={search_term_string}"},"query-input":{"@type":"PropertyValueSpecification","valueRequired":true,"valueName":"search_term_string"}}],"inLanguage":"es"},{"@type":"Organization","@id":"https:\/\/www.shavei.org\/#organization","name":"Shavei Israel","url":"https:\/\/www.shavei.org\/","logo":{"@type":"ImageObject","inLanguage":"es","@id":"https:\/\/www.shavei.org\/#\/schema\/logo\/image\/","url":"https:\/\/www.shavei.org\/wp-content\/uploads\/2017\/10\/shavei-logo.jpg","contentUrl":"https:\/\/www.shavei.org\/wp-content\/uploads\/2017\/10\/shavei-logo.jpg","width":300,"height":285,"caption":"Shavei Israel"},"image":{"@id":"https:\/\/www.shavei.org\/#\/schema\/logo\/image\/"}},{"@type":"Person","@id":"https:\/\/www.shavei.org\/#\/schema\/person\/8cf19dcc85547551f1e19f489a0611a2","name":"Iehuda Katz","image":{"@type":"ImageObject","inLanguage":"es","@id":"https:\/\/secure.gravatar.com\/avatar\/5b47bd7223e2084dabcab3fa6030b536483ea0f51eed31309995ad34eeaee89d?s=96&d=mm&r=g","url":"https:\/\/secure.gravatar.com\/avatar\/5b47bd7223e2084dabcab3fa6030b536483ea0f51eed31309995ad34eeaee89d?s=96&d=mm&r=g","contentUrl":"https:\/\/secure.gravatar.com\/avatar\/5b47bd7223e2084dabcab3fa6030b536483ea0f51eed31309995ad34eeaee89d?s=96&d=mm&r=g","caption":"Iehuda Katz"},"url":"https:\/\/www.shavei.org\/es\/blog\/author\/iehuda-katz\/"}]}},"_links":{"self":[{"href":"https:\/\/www.shavei.org\/es\/wp-json\/wp\/v2\/posts\/33840","targetHints":{"allow":["GET"]}}],"collection":[{"href":"https:\/\/www.shavei.org\/es\/wp-json\/wp\/v2\/posts"}],"about":[{"href":"https:\/\/www.shavei.org\/es\/wp-json\/wp\/v2\/types\/post"}],"author":[{"embeddable":true,"href":"https:\/\/www.shavei.org\/es\/wp-json\/wp\/v2\/users\/13"}],"replies":[{"embeddable":true,"href":"https:\/\/www.shavei.org\/es\/wp-json\/wp\/v2\/comments?post=33840"}],"version-history":[{"count":2,"href":"https:\/\/www.shavei.org\/es\/wp-json\/wp\/v2\/posts\/33840\/revisions"}],"predecessor-version":[{"id":33854,"href":"https:\/\/www.shavei.org\/es\/wp-json\/wp\/v2\/posts\/33840\/revisions\/33854"}],"wp:featuredmedia":[{"embeddable":true,"href":"https:\/\/www.shavei.org\/es\/wp-json\/wp\/v2\/media\/33841"}],"wp:attachment":[{"href":"https:\/\/www.shavei.org\/es\/wp-json\/wp\/v2\/media?parent=33840"}],"wp:term":[{"taxonomy":"category","embeddable":true,"href":"https:\/\/www.shavei.org\/es\/wp-json\/wp\/v2\/categories?post=33840"},{"taxonomy":"post_tag","embeddable":true,"href":"https:\/\/www.shavei.org\/es\/wp-json\/wp\/v2\/tags?post=33840"}],"curies":[{"name":"wp","href":"https:\/\/api.w.org\/{rel}","templated":true}]}}