{"id":33359,"date":"2016-09-14T10:39:02","date_gmt":"2016-09-14T08:39:02","guid":{"rendered":"https:\/\/www.shavei.org\/es\/?p=33359"},"modified":"2017-06-04T12:01:57","modified_gmt":"2017-06-04T10:01:57","slug":"perfil-bne-anusim-rabino-elad-villegas","status":"publish","type":"post","link":"https:\/\/www.shavei.org\/es\/blog\/2016\/09\/14\/perfil-bne-anusim-rabino-elad-villegas\/","title":{"rendered":"Perfil de Bnei Anusim: conoced al rabino Elad Villegas"},"content":{"rendered":"<p>Elad Villegas creci\u00f3 en la ciudad de Bello, Colombia. Pero cuando lleg\u00f3 a Israel en 1998, por primera vez en calidad de turista, \u201cdespert\u00f3 algo que estaba dormido dentro de m\u00ed\u201d, dice. \u201cFue un profundo amor por Israel; su m\u00fasica, sus tradiciones, su comida. Era como si de alguna manera yo perteneciera a este lugar\u201d.<\/p>\n<p>Villegas se sorprendi\u00f3 &#8211; y se sinti\u00f3 confuso &#8211; por estos sentimientos. Hizo todo lo que pudo para olvidarlos durante los pr\u00f3ximos seis a\u00f1os, hasta que regres\u00f3 a Israel en 2004. \u201cEsta siguiente visita era puramente para el estudio\u201d, explica. Pero una vez m\u00e1s, se sinti\u00f3 atra\u00eddo por el pa\u00eds y por el pueblo jud\u00edo \u00ab, por lo que inici\u00f3 un proceso de conversi\u00f3n al juda\u00edsmo.\u00bb<\/p>\n<p>\u00bfTiene Villegas un pasado secreto de Bn\u00e9 Anusim? Sin duda hay precedentes en Colombia. Los Bn\u00e9 Anusim son los descendientes de jud\u00edos que fueron obligados a convertirse al catolicismo hace 500 a\u00f1os, en tiempos de la Inquisici\u00f3n. \u201cLa regi\u00f3n del pa\u00eds en el que vivimos ha sido habitada por jud\u00edos que llegaron hace cientos de a\u00f1os, en tiempos de la conquista y colonizaci\u00f3n espa\u00f1olas\u201d, dice Villegas.<\/p>\n<p>\u201cSe dej\u00f3 una fuerte marca en nuestros rasgos culturales: una fuerte conexi\u00f3n con la familia, casarse dentro de nuestras comunidades, el empleo en los oficios\u201d, contin\u00faa Villegas. Y, a pesar de que no puede apuntar a ning\u00fan mensaje particularmente fuerte o costumbres jud\u00edas \u201csecretas\u201d de su infancia, hay una cosa que le llam\u00f3 la atenci\u00f3n. \u201cEstaba circuncidado a una edad temprana sin ninguna conexi\u00f3n aparente para la salud\u201d.<\/p>\n<p>Despu\u00e9s de su segundo viaje a Israel, Villegas se qued\u00f3 en Jerusal\u00e9n, donde se convirti\u00f3 al juda\u00edsmo. Siendo ahora completamente jud\u00edo, continu\u00f3 sus estudios en la yeshiv\u00e1 del Monte Si\u00f3n, en la Ciudad Vieja, y con el tiempo dio un paso m\u00e1s notable: fue ordenado como rabino ortodoxo.<!--more--><\/p>\n<p>Ir\u00f3nicamente, eso significaba que era hora de irse. Pero la p\u00e9rdida de Israel es la ganancia de Colombia: el rabino Villegas es ahora el rabino de la comunidad de Bn\u00e9 Anusim en su ciudad de Bello.<\/p>\n<p>El rabino Villegas sin duda regresar\u00e1 (y pronto, as\u00ed espera, pues su sue\u00f1o es establecerse en la Tierra Santa). Esto se debe a que la comunidad de Bello es fervientemente sionista; de hecho, cuatro familias ya han hecho ali\u00e1 con la ayuda de Shavei Israel. \u00abSiento que soy un puente para que puedan cumplir con su meta de vivir en Israel,\u00bb dice. \u00abY s\u00e9 que, en su momento, mi familia y yo vamos a vivir all\u00ed tambi\u00e9n.\u00bb<\/p>\n<p>Su familia incluye a su esposa y sus dos hijos, un ni\u00f1o de siete a\u00f1os de edad y una ni\u00f1a de cuatro a\u00f1os de edad. Su padre es un abogado retirado. Su hermana trabaja como bacteri\u00f3loga. Todos viven cerca y tambi\u00e9n se han convertido al juda\u00edsmo. \u201cCumplimos todas las leyes\u201d, dice.<\/p>\n<p>Shavei Israel ha apoyado al rabino Villegas en muchos de sus esfuerzos en Colombia. La comunidad est\u00e1 construyendo una mikv\u00e9 (ba\u00f1o ritual) usando un arquitecto recomendado por Shavei Israel, dice. El emisario de Shavei Israel a Colombia, el rabino Shim\u00f3n Yehosh\u00faa, visita regularmente Bello y sirve como asesor espiritual y de la ley jud\u00eda para la comunidad. Una Jevr\u00e1 kadisha (sociedad funeraria jud\u00eda) est\u00e1 siendo creada con la ayuda de Shavei Israel. Se han proporcionado todo tipo de libros jud\u00edos y materiales educativos y los miembros de la comunidad tambi\u00e9n tienen acceso a las clases virtuales en l\u00ednea de Shavei Israel en espa\u00f1ol.<\/p>\n<p>El rabino Villegas y la comunidad Bello tambi\u00e9n han atra\u00eddo la atenci\u00f3n de la televisi\u00f3n nacional de Colombia. <a href=\"https:\/\/www.shavei.org\/blog\/2015\/11\/17\/video-colombian-television-documentary-profiles-bnei-anousim-in-bello\/\">He aqu\u00ed un breve clip<\/a>. Se da una buena introducci\u00f3n a la comunidad, con entrevistas al Rabino Villegas y al Gran Rabino de Bogot\u00e1, el Rabino Alfredo Goldschmidt, as\u00ed como im\u00e1genes de los miembros de la comunidad rezando con el talit y los tefil\u00edn y hablando de sus propios descubrimientos de sus ra\u00edces jud\u00edas.<\/p>\n<p>[vc_video link=&#8217;https:\/\/www.youtube.com\/watch?v=rgD7tmrsYWE&#8217;]<\/p>\n","protected":false},"excerpt":{"rendered":"<p>Elad Villegas creci\u00f3 en la ciudad de Bello, Colombia. Pero cuando lleg\u00f3 a Israel en 1998, por primera vez en calidad de turista, \u201cdespert\u00f3 algo dentro\u201d<\/p>\n","protected":false},"author":3,"featured_media":26363,"comment_status":"open","ping_status":"open","sticky":false,"template":"","format":"standard","meta":{"give_campaign_id":0,"_exactmetrics_skip_tracking":false,"_exactmetrics_sitenote_active":false,"_exactmetrics_sitenote_note":"","_exactmetrics_sitenote_category":0,"ngg_post_thumbnail":0,"footnotes":""},"categories":[1114],"tags":[767,581,766],"class_list":["post-33359","post","type-post","status-publish","format-standard","has-post-thumbnail","hentry","category-historias-personales","tag-bello","tag-bnei-anusim","tag-rabino-elad-villegas"],"yoast_head":"<!-- This site is optimized with the Yoast SEO plugin v27.4 - https:\/\/yoast.com\/product\/yoast-seo-wordpress\/ -->\n<title>Perfil de Bnei Anusim: conoced al rabino Elad Villegas - Shavei Israel<\/title>\n<meta name=\"description\" content=\"Elad Villegas creci\u00f3 en la ciudad de Bello, Colombia. Pero cuando lleg\u00f3 a Israel en 1998, por primera vez en calidad de turista, \u201cdespert\u00f3 algo dentro\u201d\" \/>\n<meta name=\"robots\" content=\"index, follow, max-snippet:-1, max-image-preview:large, max-video-preview:-1\" \/>\n<link rel=\"canonical\" href=\"https:\/\/www.shavei.org\/es\/blog\/2016\/09\/14\/perfil-bne-anusim-rabino-elad-villegas\/\" \/>\n<meta property=\"og:locale\" content=\"es_ES\" \/>\n<meta property=\"og:type\" content=\"article\" \/>\n<meta property=\"og:title\" content=\"Perfil de Bnei Anusim: conoced al rabino Elad Villegas - Shavei Israel\" \/>\n<meta property=\"og:description\" content=\"Elad Villegas creci\u00f3 en la ciudad de Bello, Colombia. Pero cuando lleg\u00f3 a Israel en 1998, por primera vez en calidad de turista, \u201cdespert\u00f3 algo dentro\u201d\" \/>\n<meta property=\"og:url\" content=\"https:\/\/www.shavei.org\/es\/blog\/2016\/09\/14\/perfil-bne-anusim-rabino-elad-villegas\/\" \/>\n<meta property=\"og:site_name\" content=\"Shavei Israel\" \/>\n<meta property=\"article:published_time\" content=\"2016-09-14T08:39:02+00:00\" \/>\n<meta property=\"article:modified_time\" content=\"2017-06-04T10:01:57+00:00\" \/>\n<meta property=\"og:image\" content=\"https:\/\/www.shavei.org\/wp-content\/uploads\/2016\/02\/Rabbi-Villegas-praying.jpg\" \/>\n\t<meta property=\"og:image:width\" content=\"624\" \/>\n\t<meta property=\"og:image:height\" content=\"431\" \/>\n\t<meta property=\"og:image:type\" content=\"image\/jpeg\" \/>\n<meta name=\"author\" content=\"Brian Blum\" \/>\n<meta name=\"twitter:card\" content=\"summary_large_image\" \/>\n<meta name=\"twitter:label1\" content=\"Escrito por\" \/>\n\t<meta name=\"twitter:data1\" content=\"\" \/>\n\t<meta name=\"twitter:label2\" content=\"Tiempo de lectura\" \/>\n\t<meta name=\"twitter:data2\" content=\"4 minutos\" \/>\n<script type=\"application\/ld+json\" class=\"yoast-schema-graph\">{\"@context\":\"https:\\\/\\\/schema.org\",\"@graph\":[{\"@type\":\"Article\",\"@id\":\"https:\\\/\\\/www.shavei.org\\\/es\\\/blog\\\/2016\\\/09\\\/14\\\/perfil-bne-anusim-rabino-elad-villegas\\\/#article\",\"isPartOf\":{\"@id\":\"https:\\\/\\\/www.shavei.org\\\/es\\\/blog\\\/2016\\\/09\\\/14\\\/perfil-bne-anusim-rabino-elad-villegas\\\/\"},\"author\":{\"name\":\"Brian Blum\",\"@id\":\"https:\\\/\\\/www.shavei.org\\\/#\\\/schema\\\/person\\\/6072434a1691fffd94000182ad10afe5\"},\"headline\":\"Perfil de Bnei Anusim: conoced al rabino Elad Villegas\",\"datePublished\":\"2016-09-14T08:39:02+00:00\",\"dateModified\":\"2017-06-04T10:01:57+00:00\",\"mainEntityOfPage\":{\"@id\":\"https:\\\/\\\/www.shavei.org\\\/es\\\/blog\\\/2016\\\/09\\\/14\\\/perfil-bne-anusim-rabino-elad-villegas\\\/\"},\"wordCount\":717,\"commentCount\":0,\"publisher\":{\"@id\":\"https:\\\/\\\/www.shavei.org\\\/#organization\"},\"image\":{\"@id\":\"https:\\\/\\\/www.shavei.org\\\/es\\\/blog\\\/2016\\\/09\\\/14\\\/perfil-bne-anusim-rabino-elad-villegas\\\/#primaryimage\"},\"thumbnailUrl\":\"https:\\\/\\\/www.shavei.org\\\/wp-content\\\/uploads\\\/2016\\\/02\\\/Rabbi-Villegas-praying.jpg\",\"keywords\":[\"Bello\",\"Bnei Anusim\",\"Rabino Elad Villegas\"],\"articleSection\":[\"Historias Personales\"],\"inLanguage\":\"es\",\"potentialAction\":[{\"@type\":\"CommentAction\",\"name\":\"Comment\",\"target\":[\"https:\\\/\\\/www.shavei.org\\\/es\\\/blog\\\/2016\\\/09\\\/14\\\/perfil-bne-anusim-rabino-elad-villegas\\\/#respond\"]}]},{\"@type\":\"WebPage\",\"@id\":\"https:\\\/\\\/www.shavei.org\\\/es\\\/blog\\\/2016\\\/09\\\/14\\\/perfil-bne-anusim-rabino-elad-villegas\\\/\",\"url\":\"https:\\\/\\\/www.shavei.org\\\/es\\\/blog\\\/2016\\\/09\\\/14\\\/perfil-bne-anusim-rabino-elad-villegas\\\/\",\"name\":\"Perfil de Bnei Anusim: conoced al rabino Elad Villegas - Shavei Israel\",\"isPartOf\":{\"@id\":\"https:\\\/\\\/www.shavei.org\\\/#website\"},\"primaryImageOfPage\":{\"@id\":\"https:\\\/\\\/www.shavei.org\\\/es\\\/blog\\\/2016\\\/09\\\/14\\\/perfil-bne-anusim-rabino-elad-villegas\\\/#primaryimage\"},\"image\":{\"@id\":\"https:\\\/\\\/www.shavei.org\\\/es\\\/blog\\\/2016\\\/09\\\/14\\\/perfil-bne-anusim-rabino-elad-villegas\\\/#primaryimage\"},\"thumbnailUrl\":\"https:\\\/\\\/www.shavei.org\\\/wp-content\\\/uploads\\\/2016\\\/02\\\/Rabbi-Villegas-praying.jpg\",\"datePublished\":\"2016-09-14T08:39:02+00:00\",\"dateModified\":\"2017-06-04T10:01:57+00:00\",\"description\":\"Elad Villegas creci\u00f3 en la ciudad de Bello, Colombia. Pero cuando lleg\u00f3 a Israel en 1998, por primera vez en calidad de turista, \u201cdespert\u00f3 algo dentro\u201d\",\"breadcrumb\":{\"@id\":\"https:\\\/\\\/www.shavei.org\\\/es\\\/blog\\\/2016\\\/09\\\/14\\\/perfil-bne-anusim-rabino-elad-villegas\\\/#breadcrumb\"},\"inLanguage\":\"es\",\"potentialAction\":[{\"@type\":\"ReadAction\",\"target\":[\"https:\\\/\\\/www.shavei.org\\\/es\\\/blog\\\/2016\\\/09\\\/14\\\/perfil-bne-anusim-rabino-elad-villegas\\\/\"]}]},{\"@type\":\"ImageObject\",\"inLanguage\":\"es\",\"@id\":\"https:\\\/\\\/www.shavei.org\\\/es\\\/blog\\\/2016\\\/09\\\/14\\\/perfil-bne-anusim-rabino-elad-villegas\\\/#primaryimage\",\"url\":\"https:\\\/\\\/www.shavei.org\\\/wp-content\\\/uploads\\\/2016\\\/02\\\/Rabbi-Villegas-praying.jpg\",\"contentUrl\":\"https:\\\/\\\/www.shavei.org\\\/wp-content\\\/uploads\\\/2016\\\/02\\\/Rabbi-Villegas-praying.jpg\",\"width\":624,\"height\":431,\"caption\":\"Rabino Elad Villegas\"},{\"@type\":\"BreadcrumbList\",\"@id\":\"https:\\\/\\\/www.shavei.org\\\/es\\\/blog\\\/2016\\\/09\\\/14\\\/perfil-bne-anusim-rabino-elad-villegas\\\/#breadcrumb\",\"itemListElement\":[{\"@type\":\"ListItem\",\"position\":1,\"name\":\"Home\",\"item\":\"https:\\\/\\\/www.shavei.org\\\/es\\\/\"},{\"@type\":\"ListItem\",\"position\":2,\"name\":\"Perfil de Bnei Anusim: conoced al rabino Elad Villegas\"}]},{\"@type\":\"WebSite\",\"@id\":\"https:\\\/\\\/www.shavei.org\\\/#website\",\"url\":\"https:\\\/\\\/www.shavei.org\\\/\",\"name\":\"Shavei Israel\",\"description\":\"One nation, many faces. We help them all return.\",\"publisher\":{\"@id\":\"https:\\\/\\\/www.shavei.org\\\/#organization\"},\"potentialAction\":[{\"@type\":\"SearchAction\",\"target\":{\"@type\":\"EntryPoint\",\"urlTemplate\":\"https:\\\/\\\/www.shavei.org\\\/?s={search_term_string}\"},\"query-input\":{\"@type\":\"PropertyValueSpecification\",\"valueRequired\":true,\"valueName\":\"search_term_string\"}}],\"inLanguage\":\"es\"},{\"@type\":\"Organization\",\"@id\":\"https:\\\/\\\/www.shavei.org\\\/#organization\",\"name\":\"Shavei Israel\",\"url\":\"https:\\\/\\\/www.shavei.org\\\/\",\"logo\":{\"@type\":\"ImageObject\",\"inLanguage\":\"es\",\"@id\":\"https:\\\/\\\/www.shavei.org\\\/#\\\/schema\\\/logo\\\/image\\\/\",\"url\":\"https:\\\/\\\/www.shavei.org\\\/wp-content\\\/uploads\\\/2017\\\/10\\\/shavei-logo.jpg\",\"contentUrl\":\"https:\\\/\\\/www.shavei.org\\\/wp-content\\\/uploads\\\/2017\\\/10\\\/shavei-logo.jpg\",\"width\":300,\"height\":285,\"caption\":\"Shavei Israel\"},\"image\":{\"@id\":\"https:\\\/\\\/www.shavei.org\\\/#\\\/schema\\\/logo\\\/image\\\/\"}},{\"@type\":\"Person\",\"@id\":\"https:\\\/\\\/www.shavei.org\\\/#\\\/schema\\\/person\\\/6072434a1691fffd94000182ad10afe5\",\"name\":\"Brian Blum\",\"image\":{\"@type\":\"ImageObject\",\"inLanguage\":\"es\",\"@id\":\"https:\\\/\\\/secure.gravatar.com\\\/avatar\\\/bd168e2d34cab3cfd16a04c85b159a981741b23e964bf8422d8203c739e8d44c?s=96&d=mm&r=g\",\"url\":\"https:\\\/\\\/secure.gravatar.com\\\/avatar\\\/bd168e2d34cab3cfd16a04c85b159a981741b23e964bf8422d8203c739e8d44c?s=96&d=mm&r=g\",\"contentUrl\":\"https:\\\/\\\/secure.gravatar.com\\\/avatar\\\/bd168e2d34cab3cfd16a04c85b159a981741b23e964bf8422d8203c739e8d44c?s=96&d=mm&r=g\",\"caption\":\"Brian Blum\"},\"url\":\"https:\\\/\\\/www.shavei.org\\\/es\\\/blog\\\/author\\\/brianb\\\/\"}]}<\/script>\n<!-- \/ Yoast SEO plugin. -->","yoast_head_json":{"title":"Perfil de Bnei Anusim: conoced al rabino Elad Villegas - Shavei Israel","description":"Elad Villegas creci\u00f3 en la ciudad de Bello, Colombia. Pero cuando lleg\u00f3 a Israel en 1998, por primera vez en calidad de turista, \u201cdespert\u00f3 algo dentro\u201d","robots":{"index":"index","follow":"follow","max-snippet":"max-snippet:-1","max-image-preview":"max-image-preview:large","max-video-preview":"max-video-preview:-1"},"canonical":"https:\/\/www.shavei.org\/es\/blog\/2016\/09\/14\/perfil-bne-anusim-rabino-elad-villegas\/","og_locale":"es_ES","og_type":"article","og_title":"Perfil de Bnei Anusim: conoced al rabino Elad Villegas - Shavei Israel","og_description":"Elad Villegas creci\u00f3 en la ciudad de Bello, Colombia. Pero cuando lleg\u00f3 a Israel en 1998, por primera vez en calidad de turista, \u201cdespert\u00f3 algo dentro\u201d","og_url":"https:\/\/www.shavei.org\/es\/blog\/2016\/09\/14\/perfil-bne-anusim-rabino-elad-villegas\/","og_site_name":"Shavei Israel","article_published_time":"2016-09-14T08:39:02+00:00","article_modified_time":"2017-06-04T10:01:57+00:00","og_image":[{"width":624,"height":431,"url":"https:\/\/www.shavei.org\/wp-content\/uploads\/2016\/02\/Rabbi-Villegas-praying.jpg","type":"image\/jpeg"}],"author":"Brian Blum","twitter_card":"summary_large_image","twitter_misc":{"Escrito por":false,"Tiempo de lectura":"4 minutos"},"schema":{"@context":"https:\/\/schema.org","@graph":[{"@type":"Article","@id":"https:\/\/www.shavei.org\/es\/blog\/2016\/09\/14\/perfil-bne-anusim-rabino-elad-villegas\/#article","isPartOf":{"@id":"https:\/\/www.shavei.org\/es\/blog\/2016\/09\/14\/perfil-bne-anusim-rabino-elad-villegas\/"},"author":{"name":"Brian Blum","@id":"https:\/\/www.shavei.org\/#\/schema\/person\/6072434a1691fffd94000182ad10afe5"},"headline":"Perfil de Bnei Anusim: conoced al rabino Elad Villegas","datePublished":"2016-09-14T08:39:02+00:00","dateModified":"2017-06-04T10:01:57+00:00","mainEntityOfPage":{"@id":"https:\/\/www.shavei.org\/es\/blog\/2016\/09\/14\/perfil-bne-anusim-rabino-elad-villegas\/"},"wordCount":717,"commentCount":0,"publisher":{"@id":"https:\/\/www.shavei.org\/#organization"},"image":{"@id":"https:\/\/www.shavei.org\/es\/blog\/2016\/09\/14\/perfil-bne-anusim-rabino-elad-villegas\/#primaryimage"},"thumbnailUrl":"https:\/\/www.shavei.org\/wp-content\/uploads\/2016\/02\/Rabbi-Villegas-praying.jpg","keywords":["Bello","Bnei Anusim","Rabino Elad Villegas"],"articleSection":["Historias Personales"],"inLanguage":"es","potentialAction":[{"@type":"CommentAction","name":"Comment","target":["https:\/\/www.shavei.org\/es\/blog\/2016\/09\/14\/perfil-bne-anusim-rabino-elad-villegas\/#respond"]}]},{"@type":"WebPage","@id":"https:\/\/www.shavei.org\/es\/blog\/2016\/09\/14\/perfil-bne-anusim-rabino-elad-villegas\/","url":"https:\/\/www.shavei.org\/es\/blog\/2016\/09\/14\/perfil-bne-anusim-rabino-elad-villegas\/","name":"Perfil de Bnei Anusim: conoced al rabino Elad Villegas - Shavei Israel","isPartOf":{"@id":"https:\/\/www.shavei.org\/#website"},"primaryImageOfPage":{"@id":"https:\/\/www.shavei.org\/es\/blog\/2016\/09\/14\/perfil-bne-anusim-rabino-elad-villegas\/#primaryimage"},"image":{"@id":"https:\/\/www.shavei.org\/es\/blog\/2016\/09\/14\/perfil-bne-anusim-rabino-elad-villegas\/#primaryimage"},"thumbnailUrl":"https:\/\/www.shavei.org\/wp-content\/uploads\/2016\/02\/Rabbi-Villegas-praying.jpg","datePublished":"2016-09-14T08:39:02+00:00","dateModified":"2017-06-04T10:01:57+00:00","description":"Elad Villegas creci\u00f3 en la ciudad de Bello, Colombia. Pero cuando lleg\u00f3 a Israel en 1998, por primera vez en calidad de turista, \u201cdespert\u00f3 algo dentro\u201d","breadcrumb":{"@id":"https:\/\/www.shavei.org\/es\/blog\/2016\/09\/14\/perfil-bne-anusim-rabino-elad-villegas\/#breadcrumb"},"inLanguage":"es","potentialAction":[{"@type":"ReadAction","target":["https:\/\/www.shavei.org\/es\/blog\/2016\/09\/14\/perfil-bne-anusim-rabino-elad-villegas\/"]}]},{"@type":"ImageObject","inLanguage":"es","@id":"https:\/\/www.shavei.org\/es\/blog\/2016\/09\/14\/perfil-bne-anusim-rabino-elad-villegas\/#primaryimage","url":"https:\/\/www.shavei.org\/wp-content\/uploads\/2016\/02\/Rabbi-Villegas-praying.jpg","contentUrl":"https:\/\/www.shavei.org\/wp-content\/uploads\/2016\/02\/Rabbi-Villegas-praying.jpg","width":624,"height":431,"caption":"Rabino Elad Villegas"},{"@type":"BreadcrumbList","@id":"https:\/\/www.shavei.org\/es\/blog\/2016\/09\/14\/perfil-bne-anusim-rabino-elad-villegas\/#breadcrumb","itemListElement":[{"@type":"ListItem","position":1,"name":"Home","item":"https:\/\/www.shavei.org\/es\/"},{"@type":"ListItem","position":2,"name":"Perfil de Bnei Anusim: conoced al rabino Elad Villegas"}]},{"@type":"WebSite","@id":"https:\/\/www.shavei.org\/#website","url":"https:\/\/www.shavei.org\/","name":"Shavei Israel","description":"One nation, many faces. We help them all return.","publisher":{"@id":"https:\/\/www.shavei.org\/#organization"},"potentialAction":[{"@type":"SearchAction","target":{"@type":"EntryPoint","urlTemplate":"https:\/\/www.shavei.org\/?s={search_term_string}"},"query-input":{"@type":"PropertyValueSpecification","valueRequired":true,"valueName":"search_term_string"}}],"inLanguage":"es"},{"@type":"Organization","@id":"https:\/\/www.shavei.org\/#organization","name":"Shavei Israel","url":"https:\/\/www.shavei.org\/","logo":{"@type":"ImageObject","inLanguage":"es","@id":"https:\/\/www.shavei.org\/#\/schema\/logo\/image\/","url":"https:\/\/www.shavei.org\/wp-content\/uploads\/2017\/10\/shavei-logo.jpg","contentUrl":"https:\/\/www.shavei.org\/wp-content\/uploads\/2017\/10\/shavei-logo.jpg","width":300,"height":285,"caption":"Shavei Israel"},"image":{"@id":"https:\/\/www.shavei.org\/#\/schema\/logo\/image\/"}},{"@type":"Person","@id":"https:\/\/www.shavei.org\/#\/schema\/person\/6072434a1691fffd94000182ad10afe5","name":"Brian Blum","image":{"@type":"ImageObject","inLanguage":"es","@id":"https:\/\/secure.gravatar.com\/avatar\/bd168e2d34cab3cfd16a04c85b159a981741b23e964bf8422d8203c739e8d44c?s=96&d=mm&r=g","url":"https:\/\/secure.gravatar.com\/avatar\/bd168e2d34cab3cfd16a04c85b159a981741b23e964bf8422d8203c739e8d44c?s=96&d=mm&r=g","contentUrl":"https:\/\/secure.gravatar.com\/avatar\/bd168e2d34cab3cfd16a04c85b159a981741b23e964bf8422d8203c739e8d44c?s=96&d=mm&r=g","caption":"Brian Blum"},"url":"https:\/\/www.shavei.org\/es\/blog\/author\/brianb\/"}]}},"_links":{"self":[{"href":"https:\/\/www.shavei.org\/es\/wp-json\/wp\/v2\/posts\/33359","targetHints":{"allow":["GET"]}}],"collection":[{"href":"https:\/\/www.shavei.org\/es\/wp-json\/wp\/v2\/posts"}],"about":[{"href":"https:\/\/www.shavei.org\/es\/wp-json\/wp\/v2\/types\/post"}],"author":[{"embeddable":true,"href":"https:\/\/www.shavei.org\/es\/wp-json\/wp\/v2\/users\/3"}],"replies":[{"embeddable":true,"href":"https:\/\/www.shavei.org\/es\/wp-json\/wp\/v2\/comments?post=33359"}],"version-history":[{"count":2,"href":"https:\/\/www.shavei.org\/es\/wp-json\/wp\/v2\/posts\/33359\/revisions"}],"predecessor-version":[{"id":33361,"href":"https:\/\/www.shavei.org\/es\/wp-json\/wp\/v2\/posts\/33359\/revisions\/33361"}],"wp:featuredmedia":[{"embeddable":true,"href":"https:\/\/www.shavei.org\/es\/wp-json\/wp\/v2\/media\/26363"}],"wp:attachment":[{"href":"https:\/\/www.shavei.org\/es\/wp-json\/wp\/v2\/media?parent=33359"}],"wp:term":[{"taxonomy":"category","embeddable":true,"href":"https:\/\/www.shavei.org\/es\/wp-json\/wp\/v2\/categories?post=33359"},{"taxonomy":"post_tag","embeddable":true,"href":"https:\/\/www.shavei.org\/es\/wp-json\/wp\/v2\/tags?post=33359"}],"curies":[{"name":"wp","href":"https:\/\/api.w.org\/{rel}","templated":true}]}}