{"id":31716,"date":"2016-05-23T11:18:35","date_gmt":"2016-05-23T09:18:35","guid":{"rendered":"https:\/\/www.shavei.org\/es\/?p=31716"},"modified":"2017-06-04T12:02:00","modified_gmt":"2017-06-04T10:02:00","slug":"miquel-seguras-storymiquel-segura","status":"publish","type":"post","link":"https:\/\/www.shavei.org\/es\/blog\/2016\/05\/23\/miquel-seguras-storymiquel-segura\/","title":{"rendered":"Miquel Segura"},"content":{"rendered":"<p><!--:en--><span style=\"font-family: Verdana; font-size: 10pt;\"><a href=\"https:\/\/www.shavei.org\/communities\/bnei_anousim\/personal_stories-bnei_anousim\/miquel-seguras-story\/attachment\/128562666177638750msegura\/\" rel=\"attachment wp-att-793\"><img decoding=\"async\" class=\"alignright size-full wp-image-793\" title=\"Miquel Segura\" src=\"https:\/\/shaveiisrael.com\/wp-content\/uploads\/2010\/12\/128562666177638750msegura.png\" alt=\"Miquel Segura Bnei Anousim\" width=\"205\" height=\"207\" srcset=\"https:\/\/www.shavei.org\/wp-content\/uploads\/2010\/12\/128562666177638750msegura.png 205w, https:\/\/www.shavei.org\/wp-content\/uploads\/2010\/12\/128562666177638750msegura-150x150.png 150w\" sizes=\"(max-width: 205px) 100vw, 205px\" \/><\/a><\/span><\/p>\n<p>No podr\u00eda decir cu\u00e1ntos a\u00f1os ten\u00eda el d\u00eda en que me apercib\u00ed de ser alguien distinto a la mayor\u00eda de mi entorno. En mi casa, como en todos los hogares chuetas, el tema estaba prohibido, no se mencionaba. Recuerdo, sin embargo, un p\u00e1lpito de misterio, algo avergonzante y oculto, latiendo en conversaciones apenas iniciadas. Silencios, muecas, palabras rotas, un punto de tensi\u00f3n desconocida en el marco de una existencia aparentemente feliz.<\/p>\n<p><!--:--><!--:he--><\/p>\n<p>&nbsp;<\/p>\n<p><!--:--><!--more--><!--:en--><!--:--><!--:es--><\/p>\n<p>Mi padre, un comerciante de esp\u00edritu inquito y optimista, arrastr\u00f3, sin embargo, a lo largo de toda su vida, un miedo indefinible. Naturalmente, yo no pude apercibirme de ellos hasta que su vejez fue dejando al descubierto debilidades que antes nunca me hab\u00edan sido reveladas. Ahora estoy seguro que el hecho de ser chueta y la ausencia de su madre, que muri\u00f3 cuando \u00e9l era todav\u00eda un ni\u00f1o, fueron las \u00fanicas dos circunstancias que ensombrecieron su existencia.<\/p>\n<p>Mi primer recuerdo concreto y preciso de mi memoria chueta se remonta a un d\u00eda de julio. Yo tendr\u00eda nueve o diez a\u00f1os. Aquel d\u00eda ten\u00edamos que trasladarnos a la casita que mi padre hab\u00eda comprado a orillas del mar, donde pas\u00e1bamos una parte del verano. Recuerdo que muy poco antes yo me hab\u00eda atrevido a comentarle que un compa\u00f1ero de clase, me hab\u00eda insultado llam\u00e1ndome chueta durante las verbenas que se celebraban en las fiestas patronales de mi pueblo. Su respuesta fue parecida a la de anteriores ocasiones:<\/p>\n<p>-Tendr\u00edas que haberle contestado que cuando te llama \u201cchueta\u201d te llama \u201cse\u00f1or\u201d.<\/p>\n<p>Los chuetas de Mallorca de mi generaci\u00f3n han adoptado tres actitudes diferentes ante su condici\u00f3n de tales. Unos, la mayor\u00eda, optaron por el silencio y el sufrimiento interno, pensando que el tiempo acabar\u00eda por enterrar su estigma y el de su familia. Otros han intentado buscar explicaciones, apoy\u00e1ndose en diferentes explicaciones de los historiadores. \u201cTodos somos chuetas\u201d, dicen, alegando que los apellidos mallorquines descendientes de jud\u00edos son muchos m\u00e1s que los 15 considerados como tales. Unos terceros, entre los que me cuento, hemos intentado procesar el hecho que marc\u00f3 nuestra infancia y aun nuestra vida, en clave positiva, a trav\u00e9s del estudio, la reflexi\u00f3n y \u2013 en mi caso particular \u2013 la difusi\u00f3n del problema, present\u00e1ndolo como la gran asignatura pendiente de una sociedad \u2013 la mallorquina \u2013 que se autoproclama abierta y tolerante. Esta actitud por una parte, te libera de la exclusi\u00f3n y el insulto: si yo proclamo con orgullo que soy chueta abulo la naturaleza despectiva de esta palabra. Sin embargo, ello me ha llevado a ser visto como una especie de \u201crara avis\u201d por los restantes chuetas, aunque esta circunstancia, afortunadamente, est\u00e1 cambiando en los \u00faltimos tiempos. Mi \u201cmilitancia chueta\u201d, por definirla de alguna manera, ha convertido el gran estigma de mi vida en un largo proceso de estudio, reflexi\u00f3n y difusi\u00f3n, lo que no ha dejado tampoco de proceso \u2013 del que soy protagonista junto a un \u00ednfimo grupo de compa\u00f1eros chuetas \u2013 nunca hubiese sido posible antes de la instauraci\u00f3n de la democracia en Espa\u00f1a.<\/p>\n<p><!--:--><\/p>\n","protected":false},"excerpt":{"rendered":"<p>No podr\u00eda decir cu\u00e1ntos a\u00f1os ten\u00eda el d\u00eda en que me apercib\u00ed de ser alguien distinto a la mayor\u00eda de mi entorno. En mi casa, como en todos los hogares chuetas, el tema estaba prohibido, no se mencionaba. Recuerdo, sin embargo, un p\u00e1lpito de misterio,&#8230;<\/p>\n","protected":false},"author":6,"featured_media":0,"comment_status":"closed","ping_status":"closed","sticky":false,"template":"","format":"standard","meta":{"give_campaign_id":0,"_exactmetrics_skip_tracking":false,"_exactmetrics_sitenote_active":false,"_exactmetrics_sitenote_note":"","_exactmetrics_sitenote_category":0,"ngg_post_thumbnail":0,"footnotes":""},"categories":[1114],"tags":[],"class_list":["post-31716","post","type-post","status-publish","format-standard","hentry","category-historias-personales"],"yoast_head":"<!-- This site is optimized with the Yoast SEO plugin v27.4 - https:\/\/yoast.com\/product\/yoast-seo-wordpress\/ -->\n<title>Miquel Segura - Shavei Israel<\/title>\n<meta name=\"robots\" content=\"index, follow, max-snippet:-1, max-image-preview:large, max-video-preview:-1\" \/>\n<link rel=\"canonical\" href=\"https:\/\/www.shavei.org\/es\/blog\/2016\/05\/23\/miquel-seguras-storymiquel-segura\/\" \/>\n<meta property=\"og:locale\" content=\"es_ES\" \/>\n<meta property=\"og:type\" content=\"article\" \/>\n<meta property=\"og:title\" content=\"Miquel Segura - Shavei Israel\" \/>\n<meta property=\"og:description\" content=\"No podr\u00eda decir cu\u00e1ntos a\u00f1os ten\u00eda el d\u00eda en que me apercib\u00ed de ser alguien distinto a la mayor\u00eda de mi entorno. En mi casa, como en todos los hogares chuetas, el tema estaba prohibido, no se mencionaba. Recuerdo, sin embargo, un p\u00e1lpito de misterio,...\" \/>\n<meta property=\"og:url\" content=\"https:\/\/www.shavei.org\/es\/blog\/2016\/05\/23\/miquel-seguras-storymiquel-segura\/\" \/>\n<meta property=\"og:site_name\" content=\"Shavei Israel\" \/>\n<meta property=\"article:published_time\" content=\"2016-05-23T09:18:35+00:00\" \/>\n<meta property=\"article:modified_time\" content=\"2017-06-04T10:02:00+00:00\" \/>\n<meta property=\"og:image\" content=\"https:\/\/shaveiisrael.com\/wp-content\/uploads\/2010\/12\/128562666177638750msegura.png\" \/>\n<meta name=\"author\" content=\"Tzivia Kusminsky\" \/>\n<meta name=\"twitter:card\" content=\"summary_large_image\" \/>\n<meta name=\"twitter:label1\" content=\"Escrito por\" \/>\n\t<meta name=\"twitter:data1\" content=\"\" \/>\n\t<meta name=\"twitter:label2\" content=\"Tiempo de lectura\" \/>\n\t<meta name=\"twitter:data2\" content=\"3 minutos\" \/>\n<script type=\"application\/ld+json\" class=\"yoast-schema-graph\">{\"@context\":\"https:\\\/\\\/schema.org\",\"@graph\":[{\"@type\":\"Article\",\"@id\":\"https:\\\/\\\/www.shavei.org\\\/es\\\/blog\\\/2016\\\/05\\\/23\\\/miquel-seguras-storymiquel-segura\\\/#article\",\"isPartOf\":{\"@id\":\"https:\\\/\\\/www.shavei.org\\\/es\\\/blog\\\/2016\\\/05\\\/23\\\/miquel-seguras-storymiquel-segura\\\/\"},\"author\":{\"name\":\"Tzivia Kusminsky\",\"@id\":\"https:\\\/\\\/www.shavei.org\\\/#\\\/schema\\\/person\\\/c70fe77fbbc9468d59c8cc80b2586ba9\"},\"headline\":\"Miquel Segura\",\"datePublished\":\"2016-05-23T09:18:35+00:00\",\"dateModified\":\"2017-06-04T10:02:00+00:00\",\"mainEntityOfPage\":{\"@id\":\"https:\\\/\\\/www.shavei.org\\\/es\\\/blog\\\/2016\\\/05\\\/23\\\/miquel-seguras-storymiquel-segura\\\/\"},\"wordCount\":538,\"publisher\":{\"@id\":\"https:\\\/\\\/www.shavei.org\\\/#organization\"},\"image\":{\"@id\":\"https:\\\/\\\/www.shavei.org\\\/es\\\/blog\\\/2016\\\/05\\\/23\\\/miquel-seguras-storymiquel-segura\\\/#primaryimage\"},\"thumbnailUrl\":\"https:\\\/\\\/shaveiisrael.com\\\/wp-content\\\/uploads\\\/2010\\\/12\\\/128562666177638750msegura.png\",\"articleSection\":[\"Historias Personales\"],\"inLanguage\":\"es\"},{\"@type\":\"WebPage\",\"@id\":\"https:\\\/\\\/www.shavei.org\\\/es\\\/blog\\\/2016\\\/05\\\/23\\\/miquel-seguras-storymiquel-segura\\\/\",\"url\":\"https:\\\/\\\/www.shavei.org\\\/es\\\/blog\\\/2016\\\/05\\\/23\\\/miquel-seguras-storymiquel-segura\\\/\",\"name\":\"Miquel Segura - Shavei Israel\",\"isPartOf\":{\"@id\":\"https:\\\/\\\/www.shavei.org\\\/#website\"},\"primaryImageOfPage\":{\"@id\":\"https:\\\/\\\/www.shavei.org\\\/es\\\/blog\\\/2016\\\/05\\\/23\\\/miquel-seguras-storymiquel-segura\\\/#primaryimage\"},\"image\":{\"@id\":\"https:\\\/\\\/www.shavei.org\\\/es\\\/blog\\\/2016\\\/05\\\/23\\\/miquel-seguras-storymiquel-segura\\\/#primaryimage\"},\"thumbnailUrl\":\"https:\\\/\\\/shaveiisrael.com\\\/wp-content\\\/uploads\\\/2010\\\/12\\\/128562666177638750msegura.png\",\"datePublished\":\"2016-05-23T09:18:35+00:00\",\"dateModified\":\"2017-06-04T10:02:00+00:00\",\"breadcrumb\":{\"@id\":\"https:\\\/\\\/www.shavei.org\\\/es\\\/blog\\\/2016\\\/05\\\/23\\\/miquel-seguras-storymiquel-segura\\\/#breadcrumb\"},\"inLanguage\":\"es\",\"potentialAction\":[{\"@type\":\"ReadAction\",\"target\":[\"https:\\\/\\\/www.shavei.org\\\/es\\\/blog\\\/2016\\\/05\\\/23\\\/miquel-seguras-storymiquel-segura\\\/\"]}]},{\"@type\":\"ImageObject\",\"inLanguage\":\"es\",\"@id\":\"https:\\\/\\\/www.shavei.org\\\/es\\\/blog\\\/2016\\\/05\\\/23\\\/miquel-seguras-storymiquel-segura\\\/#primaryimage\",\"url\":\"https:\\\/\\\/shaveiisrael.com\\\/wp-content\\\/uploads\\\/2010\\\/12\\\/128562666177638750msegura.png\",\"contentUrl\":\"https:\\\/\\\/shaveiisrael.com\\\/wp-content\\\/uploads\\\/2010\\\/12\\\/128562666177638750msegura.png\"},{\"@type\":\"BreadcrumbList\",\"@id\":\"https:\\\/\\\/www.shavei.org\\\/es\\\/blog\\\/2016\\\/05\\\/23\\\/miquel-seguras-storymiquel-segura\\\/#breadcrumb\",\"itemListElement\":[{\"@type\":\"ListItem\",\"position\":1,\"name\":\"Home\",\"item\":\"https:\\\/\\\/www.shavei.org\\\/es\\\/\"},{\"@type\":\"ListItem\",\"position\":2,\"name\":\"Miquel Segura\"}]},{\"@type\":\"WebSite\",\"@id\":\"https:\\\/\\\/www.shavei.org\\\/#website\",\"url\":\"https:\\\/\\\/www.shavei.org\\\/\",\"name\":\"Shavei Israel\",\"description\":\"One nation, many faces. We help them all return.\",\"publisher\":{\"@id\":\"https:\\\/\\\/www.shavei.org\\\/#organization\"},\"potentialAction\":[{\"@type\":\"SearchAction\",\"target\":{\"@type\":\"EntryPoint\",\"urlTemplate\":\"https:\\\/\\\/www.shavei.org\\\/?s={search_term_string}\"},\"query-input\":{\"@type\":\"PropertyValueSpecification\",\"valueRequired\":true,\"valueName\":\"search_term_string\"}}],\"inLanguage\":\"es\"},{\"@type\":\"Organization\",\"@id\":\"https:\\\/\\\/www.shavei.org\\\/#organization\",\"name\":\"Shavei Israel\",\"url\":\"https:\\\/\\\/www.shavei.org\\\/\",\"logo\":{\"@type\":\"ImageObject\",\"inLanguage\":\"es\",\"@id\":\"https:\\\/\\\/www.shavei.org\\\/#\\\/schema\\\/logo\\\/image\\\/\",\"url\":\"https:\\\/\\\/www.shavei.org\\\/wp-content\\\/uploads\\\/2017\\\/10\\\/shavei-logo.jpg\",\"contentUrl\":\"https:\\\/\\\/www.shavei.org\\\/wp-content\\\/uploads\\\/2017\\\/10\\\/shavei-logo.jpg\",\"width\":300,\"height\":285,\"caption\":\"Shavei Israel\"},\"image\":{\"@id\":\"https:\\\/\\\/www.shavei.org\\\/#\\\/schema\\\/logo\\\/image\\\/\"}},{\"@type\":\"Person\",\"@id\":\"https:\\\/\\\/www.shavei.org\\\/#\\\/schema\\\/person\\\/c70fe77fbbc9468d59c8cc80b2586ba9\",\"name\":\"Tzivia Kusminsky\",\"image\":{\"@type\":\"ImageObject\",\"inLanguage\":\"es\",\"@id\":\"https:\\\/\\\/secure.gravatar.com\\\/avatar\\\/73ed388a734b8872dba96a8638453a180808c0f5594ee73603e7b482d08fcc4e?s=96&d=mm&r=g\",\"url\":\"https:\\\/\\\/secure.gravatar.com\\\/avatar\\\/73ed388a734b8872dba96a8638453a180808c0f5594ee73603e7b482d08fcc4e?s=96&d=mm&r=g\",\"contentUrl\":\"https:\\\/\\\/secure.gravatar.com\\\/avatar\\\/73ed388a734b8872dba96a8638453a180808c0f5594ee73603e7b482d08fcc4e?s=96&d=mm&r=g\",\"caption\":\"Tzivia Kusminsky\"},\"url\":\"https:\\\/\\\/www.shavei.org\\\/es\\\/blog\\\/author\\\/tziviak\\\/\"}]}<\/script>\n<!-- \/ Yoast SEO plugin. -->","yoast_head_json":{"title":"Miquel Segura - Shavei Israel","robots":{"index":"index","follow":"follow","max-snippet":"max-snippet:-1","max-image-preview":"max-image-preview:large","max-video-preview":"max-video-preview:-1"},"canonical":"https:\/\/www.shavei.org\/es\/blog\/2016\/05\/23\/miquel-seguras-storymiquel-segura\/","og_locale":"es_ES","og_type":"article","og_title":"Miquel Segura - Shavei Israel","og_description":"No podr\u00eda decir cu\u00e1ntos a\u00f1os ten\u00eda el d\u00eda en que me apercib\u00ed de ser alguien distinto a la mayor\u00eda de mi entorno. En mi casa, como en todos los hogares chuetas, el tema estaba prohibido, no se mencionaba. Recuerdo, sin embargo, un p\u00e1lpito de misterio,...","og_url":"https:\/\/www.shavei.org\/es\/blog\/2016\/05\/23\/miquel-seguras-storymiquel-segura\/","og_site_name":"Shavei Israel","article_published_time":"2016-05-23T09:18:35+00:00","article_modified_time":"2017-06-04T10:02:00+00:00","og_image":[{"url":"https:\/\/shaveiisrael.com\/wp-content\/uploads\/2010\/12\/128562666177638750msegura.png","type":"","width":"","height":""}],"author":"Tzivia Kusminsky","twitter_card":"summary_large_image","twitter_misc":{"Escrito por":false,"Tiempo de lectura":"3 minutos"},"schema":{"@context":"https:\/\/schema.org","@graph":[{"@type":"Article","@id":"https:\/\/www.shavei.org\/es\/blog\/2016\/05\/23\/miquel-seguras-storymiquel-segura\/#article","isPartOf":{"@id":"https:\/\/www.shavei.org\/es\/blog\/2016\/05\/23\/miquel-seguras-storymiquel-segura\/"},"author":{"name":"Tzivia Kusminsky","@id":"https:\/\/www.shavei.org\/#\/schema\/person\/c70fe77fbbc9468d59c8cc80b2586ba9"},"headline":"Miquel Segura","datePublished":"2016-05-23T09:18:35+00:00","dateModified":"2017-06-04T10:02:00+00:00","mainEntityOfPage":{"@id":"https:\/\/www.shavei.org\/es\/blog\/2016\/05\/23\/miquel-seguras-storymiquel-segura\/"},"wordCount":538,"publisher":{"@id":"https:\/\/www.shavei.org\/#organization"},"image":{"@id":"https:\/\/www.shavei.org\/es\/blog\/2016\/05\/23\/miquel-seguras-storymiquel-segura\/#primaryimage"},"thumbnailUrl":"https:\/\/shaveiisrael.com\/wp-content\/uploads\/2010\/12\/128562666177638750msegura.png","articleSection":["Historias Personales"],"inLanguage":"es"},{"@type":"WebPage","@id":"https:\/\/www.shavei.org\/es\/blog\/2016\/05\/23\/miquel-seguras-storymiquel-segura\/","url":"https:\/\/www.shavei.org\/es\/blog\/2016\/05\/23\/miquel-seguras-storymiquel-segura\/","name":"Miquel Segura - Shavei Israel","isPartOf":{"@id":"https:\/\/www.shavei.org\/#website"},"primaryImageOfPage":{"@id":"https:\/\/www.shavei.org\/es\/blog\/2016\/05\/23\/miquel-seguras-storymiquel-segura\/#primaryimage"},"image":{"@id":"https:\/\/www.shavei.org\/es\/blog\/2016\/05\/23\/miquel-seguras-storymiquel-segura\/#primaryimage"},"thumbnailUrl":"https:\/\/shaveiisrael.com\/wp-content\/uploads\/2010\/12\/128562666177638750msegura.png","datePublished":"2016-05-23T09:18:35+00:00","dateModified":"2017-06-04T10:02:00+00:00","breadcrumb":{"@id":"https:\/\/www.shavei.org\/es\/blog\/2016\/05\/23\/miquel-seguras-storymiquel-segura\/#breadcrumb"},"inLanguage":"es","potentialAction":[{"@type":"ReadAction","target":["https:\/\/www.shavei.org\/es\/blog\/2016\/05\/23\/miquel-seguras-storymiquel-segura\/"]}]},{"@type":"ImageObject","inLanguage":"es","@id":"https:\/\/www.shavei.org\/es\/blog\/2016\/05\/23\/miquel-seguras-storymiquel-segura\/#primaryimage","url":"https:\/\/shaveiisrael.com\/wp-content\/uploads\/2010\/12\/128562666177638750msegura.png","contentUrl":"https:\/\/shaveiisrael.com\/wp-content\/uploads\/2010\/12\/128562666177638750msegura.png"},{"@type":"BreadcrumbList","@id":"https:\/\/www.shavei.org\/es\/blog\/2016\/05\/23\/miquel-seguras-storymiquel-segura\/#breadcrumb","itemListElement":[{"@type":"ListItem","position":1,"name":"Home","item":"https:\/\/www.shavei.org\/es\/"},{"@type":"ListItem","position":2,"name":"Miquel Segura"}]},{"@type":"WebSite","@id":"https:\/\/www.shavei.org\/#website","url":"https:\/\/www.shavei.org\/","name":"Shavei Israel","description":"One nation, many faces. We help them all return.","publisher":{"@id":"https:\/\/www.shavei.org\/#organization"},"potentialAction":[{"@type":"SearchAction","target":{"@type":"EntryPoint","urlTemplate":"https:\/\/www.shavei.org\/?s={search_term_string}"},"query-input":{"@type":"PropertyValueSpecification","valueRequired":true,"valueName":"search_term_string"}}],"inLanguage":"es"},{"@type":"Organization","@id":"https:\/\/www.shavei.org\/#organization","name":"Shavei Israel","url":"https:\/\/www.shavei.org\/","logo":{"@type":"ImageObject","inLanguage":"es","@id":"https:\/\/www.shavei.org\/#\/schema\/logo\/image\/","url":"https:\/\/www.shavei.org\/wp-content\/uploads\/2017\/10\/shavei-logo.jpg","contentUrl":"https:\/\/www.shavei.org\/wp-content\/uploads\/2017\/10\/shavei-logo.jpg","width":300,"height":285,"caption":"Shavei Israel"},"image":{"@id":"https:\/\/www.shavei.org\/#\/schema\/logo\/image\/"}},{"@type":"Person","@id":"https:\/\/www.shavei.org\/#\/schema\/person\/c70fe77fbbc9468d59c8cc80b2586ba9","name":"Tzivia Kusminsky","image":{"@type":"ImageObject","inLanguage":"es","@id":"https:\/\/secure.gravatar.com\/avatar\/73ed388a734b8872dba96a8638453a180808c0f5594ee73603e7b482d08fcc4e?s=96&d=mm&r=g","url":"https:\/\/secure.gravatar.com\/avatar\/73ed388a734b8872dba96a8638453a180808c0f5594ee73603e7b482d08fcc4e?s=96&d=mm&r=g","contentUrl":"https:\/\/secure.gravatar.com\/avatar\/73ed388a734b8872dba96a8638453a180808c0f5594ee73603e7b482d08fcc4e?s=96&d=mm&r=g","caption":"Tzivia Kusminsky"},"url":"https:\/\/www.shavei.org\/es\/blog\/author\/tziviak\/"}]}},"_links":{"self":[{"href":"https:\/\/www.shavei.org\/es\/wp-json\/wp\/v2\/posts\/31716","targetHints":{"allow":["GET"]}}],"collection":[{"href":"https:\/\/www.shavei.org\/es\/wp-json\/wp\/v2\/posts"}],"about":[{"href":"https:\/\/www.shavei.org\/es\/wp-json\/wp\/v2\/types\/post"}],"author":[{"embeddable":true,"href":"https:\/\/www.shavei.org\/es\/wp-json\/wp\/v2\/users\/6"}],"replies":[{"embeddable":true,"href":"https:\/\/www.shavei.org\/es\/wp-json\/wp\/v2\/comments?post=31716"}],"version-history":[{"count":1,"href":"https:\/\/www.shavei.org\/es\/wp-json\/wp\/v2\/posts\/31716\/revisions"}],"predecessor-version":[{"id":31746,"href":"https:\/\/www.shavei.org\/es\/wp-json\/wp\/v2\/posts\/31716\/revisions\/31746"}],"wp:attachment":[{"href":"https:\/\/www.shavei.org\/es\/wp-json\/wp\/v2\/media?parent=31716"}],"wp:term":[{"taxonomy":"category","embeddable":true,"href":"https:\/\/www.shavei.org\/es\/wp-json\/wp\/v2\/categories?post=31716"},{"taxonomy":"post_tag","embeddable":true,"href":"https:\/\/www.shavei.org\/es\/wp-json\/wp\/v2\/tags?post=31716"}],"curies":[{"name":"wp","href":"https:\/\/api.w.org\/{rel}","templated":true}]}}