{"id":29984,"date":"2011-07-12T10:04:57","date_gmt":"2011-07-12T10:04:57","guid":{"rendered":"https:\/\/www.shavei.org\/es\/conferencia-de-prensa-en-palma-de-mallorca\/"},"modified":"2016-04-20T11:58:14","modified_gmt":"2016-04-20T11:58:14","slug":"conferencia-de-prensa-en-palma-de-mallorca","status":"publish","type":"post","link":"https:\/\/www.shavei.org\/es\/blog\/2011\/07\/12\/conferencia-de-prensa-en-palma-de-mallorca\/","title":{"rendered":"Conferencia de prensa en Palma de Mallorca"},"content":{"rendered":"<p><!--:en--><!--:--><!--:es-->El pasado 12 de julio, Michael Freund, director de Shavei Israel y el Rabino Eliahu Birnbaum, rabino de la organizaci\u00f3n, realizaron una conferencia de prensa en Palma de Mallorca para anunciar el hist\u00f3rico dict\u00e1men\u00a0del Rabino Nisim Karelitz, l\u00edder de la corte rab\u00ednica de Bnei Brak,\u00a0decretando que\u00a0los chuetas son jud\u00edos.<\/p>\nngg_shortcode_0_placeholder\n<p><!--:--><\/p>\n","protected":false},"excerpt":{"rendered":"<p>El pasado 12 de julio, Michael Freund, director de Shavei Israel y el Rabino Eliahu Birnbaum, rabino de la organizaci\u00f3n, realizaron una conferencia de prensa en Palma de Mallorca para anunciar el hist\u00f3rico dict\u00e1men\u00a0del Rabino Nisim Karelitz, l\u00edder de la corte rab\u00ednica de Bnei Brak,\u00a0decretando&#8230;<\/p>\n","protected":false},"author":8,"featured_media":0,"comment_status":"closed","ping_status":"closed","sticky":false,"template":"","format":"standard","meta":{"give_campaign_id":0,"_exactmetrics_skip_tracking":false,"_exactmetrics_sitenote_active":false,"_exactmetrics_sitenote_note":"","_exactmetrics_sitenote_category":0,"ngg_post_thumbnail":0,"footnotes":""},"categories":[477],"tags":[],"class_list":["post-29984","post","type-post","status-publish","format-standard","hentry","category-bnei-anusim-fotos"],"yoast_head":"<!-- This site is optimized with the Yoast SEO plugin v27.4 - https:\/\/yoast.com\/product\/yoast-seo-wordpress\/ -->\n<title>Conferencia de prensa en Palma de Mallorca - Shavei Israel<\/title>\n<meta name=\"robots\" content=\"index, follow, max-snippet:-1, max-image-preview:large, max-video-preview:-1\" \/>\n<link rel=\"canonical\" href=\"https:\/\/www.shavei.org\/es\/blog\/2011\/07\/12\/conferencia-de-prensa-en-palma-de-mallorca\/\" \/>\n<meta property=\"og:locale\" content=\"es_ES\" \/>\n<meta property=\"og:type\" content=\"article\" \/>\n<meta property=\"og:title\" content=\"Conferencia de prensa en Palma de Mallorca - Shavei Israel\" \/>\n<meta property=\"og:description\" content=\"El pasado 12 de julio, Michael Freund, director de Shavei Israel y el Rabino Eliahu Birnbaum, rabino de la organizaci\u00f3n, realizaron una conferencia de prensa en Palma de Mallorca para anunciar el hist\u00f3rico dict\u00e1men\u00a0del Rabino Nisim Karelitz, l\u00edder de la corte rab\u00ednica de Bnei Brak,\u00a0decretando...\" \/>\n<meta property=\"og:url\" content=\"https:\/\/www.shavei.org\/es\/blog\/2011\/07\/12\/conferencia-de-prensa-en-palma-de-mallorca\/\" \/>\n<meta property=\"og:site_name\" content=\"Shavei Israel\" \/>\n<meta property=\"article:published_time\" content=\"2011-07-12T10:04:57+00:00\" \/>\n<meta property=\"article:modified_time\" content=\"2016-04-20T11:58:14+00:00\" \/>\n<meta name=\"author\" content=\"Shavei Israel\" \/>\n<meta name=\"twitter:card\" content=\"summary_large_image\" \/>\n<meta name=\"twitter:label1\" content=\"Escrito por\" \/>\n\t<meta name=\"twitter:data1\" content=\"\" \/>\n<script type=\"application\/ld+json\" class=\"yoast-schema-graph\">{\"@context\":\"https:\\\/\\\/schema.org\",\"@graph\":[{\"@type\":\"Article\",\"@id\":\"https:\\\/\\\/www.shavei.org\\\/es\\\/blog\\\/2011\\\/07\\\/12\\\/conferencia-de-prensa-en-palma-de-mallorca\\\/#article\",\"isPartOf\":{\"@id\":\"https:\\\/\\\/www.shavei.org\\\/es\\\/blog\\\/2011\\\/07\\\/12\\\/conferencia-de-prensa-en-palma-de-mallorca\\\/\"},\"author\":{\"name\":\"Shavei Israel\",\"@id\":\"https:\\\/\\\/www.shavei.org\\\/#\\\/schema\\\/person\\\/be34c059c9b16cdd461eed6c3ee0cf22\"},\"headline\":\"Conferencia de prensa en Palma de Mallorca\",\"datePublished\":\"2011-07-12T10:04:57+00:00\",\"dateModified\":\"2016-04-20T11:58:14+00:00\",\"mainEntityOfPage\":{\"@id\":\"https:\\\/\\\/www.shavei.org\\\/es\\\/blog\\\/2011\\\/07\\\/12\\\/conferencia-de-prensa-en-palma-de-mallorca\\\/\"},\"wordCount\":66,\"publisher\":{\"@id\":\"https:\\\/\\\/www.shavei.org\\\/#organization\"},\"articleSection\":[\"Bnei Anusim: Fotos\"],\"inLanguage\":\"es\"},{\"@type\":\"WebPage\",\"@id\":\"https:\\\/\\\/www.shavei.org\\\/es\\\/blog\\\/2011\\\/07\\\/12\\\/conferencia-de-prensa-en-palma-de-mallorca\\\/\",\"url\":\"https:\\\/\\\/www.shavei.org\\\/es\\\/blog\\\/2011\\\/07\\\/12\\\/conferencia-de-prensa-en-palma-de-mallorca\\\/\",\"name\":\"Conferencia de prensa en Palma de Mallorca - Shavei Israel\",\"isPartOf\":{\"@id\":\"https:\\\/\\\/www.shavei.org\\\/#website\"},\"datePublished\":\"2011-07-12T10:04:57+00:00\",\"dateModified\":\"2016-04-20T11:58:14+00:00\",\"breadcrumb\":{\"@id\":\"https:\\\/\\\/www.shavei.org\\\/es\\\/blog\\\/2011\\\/07\\\/12\\\/conferencia-de-prensa-en-palma-de-mallorca\\\/#breadcrumb\"},\"inLanguage\":\"es\",\"potentialAction\":[{\"@type\":\"ReadAction\",\"target\":[\"https:\\\/\\\/www.shavei.org\\\/es\\\/blog\\\/2011\\\/07\\\/12\\\/conferencia-de-prensa-en-palma-de-mallorca\\\/\"]}]},{\"@type\":\"BreadcrumbList\",\"@id\":\"https:\\\/\\\/www.shavei.org\\\/es\\\/blog\\\/2011\\\/07\\\/12\\\/conferencia-de-prensa-en-palma-de-mallorca\\\/#breadcrumb\",\"itemListElement\":[{\"@type\":\"ListItem\",\"position\":1,\"name\":\"Home\",\"item\":\"https:\\\/\\\/www.shavei.org\\\/es\\\/\"},{\"@type\":\"ListItem\",\"position\":2,\"name\":\"Conferencia de prensa en Palma de Mallorca\"}]},{\"@type\":\"WebSite\",\"@id\":\"https:\\\/\\\/www.shavei.org\\\/#website\",\"url\":\"https:\\\/\\\/www.shavei.org\\\/\",\"name\":\"Shavei Israel\",\"description\":\"One nation, many faces. We help them all return.\",\"publisher\":{\"@id\":\"https:\\\/\\\/www.shavei.org\\\/#organization\"},\"potentialAction\":[{\"@type\":\"SearchAction\",\"target\":{\"@type\":\"EntryPoint\",\"urlTemplate\":\"https:\\\/\\\/www.shavei.org\\\/?s={search_term_string}\"},\"query-input\":{\"@type\":\"PropertyValueSpecification\",\"valueRequired\":true,\"valueName\":\"search_term_string\"}}],\"inLanguage\":\"es\"},{\"@type\":\"Organization\",\"@id\":\"https:\\\/\\\/www.shavei.org\\\/#organization\",\"name\":\"Shavei Israel\",\"url\":\"https:\\\/\\\/www.shavei.org\\\/\",\"logo\":{\"@type\":\"ImageObject\",\"inLanguage\":\"es\",\"@id\":\"https:\\\/\\\/www.shavei.org\\\/#\\\/schema\\\/logo\\\/image\\\/\",\"url\":\"https:\\\/\\\/www.shavei.org\\\/wp-content\\\/uploads\\\/2017\\\/10\\\/shavei-logo.jpg\",\"contentUrl\":\"https:\\\/\\\/www.shavei.org\\\/wp-content\\\/uploads\\\/2017\\\/10\\\/shavei-logo.jpg\",\"width\":300,\"height\":285,\"caption\":\"Shavei Israel\"},\"image\":{\"@id\":\"https:\\\/\\\/www.shavei.org\\\/#\\\/schema\\\/logo\\\/image\\\/\"}},{\"@type\":\"Person\",\"@id\":\"https:\\\/\\\/www.shavei.org\\\/#\\\/schema\\\/person\\\/be34c059c9b16cdd461eed6c3ee0cf22\",\"name\":\"Shavei Israel\",\"image\":{\"@type\":\"ImageObject\",\"inLanguage\":\"es\",\"@id\":\"https:\\\/\\\/secure.gravatar.com\\\/avatar\\\/3df74477975a50f1c87a7dace91f34be8bb2637b8220dd744eaf5ef9922e052e?s=96&d=mm&r=g\",\"url\":\"https:\\\/\\\/secure.gravatar.com\\\/avatar\\\/3df74477975a50f1c87a7dace91f34be8bb2637b8220dd744eaf5ef9922e052e?s=96&d=mm&r=g\",\"contentUrl\":\"https:\\\/\\\/secure.gravatar.com\\\/avatar\\\/3df74477975a50f1c87a7dace91f34be8bb2637b8220dd744eaf5ef9922e052e?s=96&d=mm&r=g\",\"caption\":\"Shavei Israel\"},\"url\":\"https:\\\/\\\/www.shavei.org\\\/es\\\/blog\\\/author\\\/shaveiisrael\\\/\"}]}<\/script>\n<!-- \/ Yoast SEO plugin. -->","yoast_head_json":{"title":"Conferencia de prensa en Palma de Mallorca - Shavei Israel","robots":{"index":"index","follow":"follow","max-snippet":"max-snippet:-1","max-image-preview":"max-image-preview:large","max-video-preview":"max-video-preview:-1"},"canonical":"https:\/\/www.shavei.org\/es\/blog\/2011\/07\/12\/conferencia-de-prensa-en-palma-de-mallorca\/","og_locale":"es_ES","og_type":"article","og_title":"Conferencia de prensa en Palma de Mallorca - Shavei Israel","og_description":"El pasado 12 de julio, Michael Freund, director de Shavei Israel y el Rabino Eliahu Birnbaum, rabino de la organizaci\u00f3n, realizaron una conferencia de prensa en Palma de Mallorca para anunciar el hist\u00f3rico dict\u00e1men\u00a0del Rabino Nisim Karelitz, l\u00edder de la corte rab\u00ednica de Bnei Brak,\u00a0decretando...","og_url":"https:\/\/www.shavei.org\/es\/blog\/2011\/07\/12\/conferencia-de-prensa-en-palma-de-mallorca\/","og_site_name":"Shavei Israel","article_published_time":"2011-07-12T10:04:57+00:00","article_modified_time":"2016-04-20T11:58:14+00:00","author":"Shavei Israel","twitter_card":"summary_large_image","twitter_misc":{"Escrito por":false},"schema":{"@context":"https:\/\/schema.org","@graph":[{"@type":"Article","@id":"https:\/\/www.shavei.org\/es\/blog\/2011\/07\/12\/conferencia-de-prensa-en-palma-de-mallorca\/#article","isPartOf":{"@id":"https:\/\/www.shavei.org\/es\/blog\/2011\/07\/12\/conferencia-de-prensa-en-palma-de-mallorca\/"},"author":{"name":"Shavei Israel","@id":"https:\/\/www.shavei.org\/#\/schema\/person\/be34c059c9b16cdd461eed6c3ee0cf22"},"headline":"Conferencia de prensa en Palma de Mallorca","datePublished":"2011-07-12T10:04:57+00:00","dateModified":"2016-04-20T11:58:14+00:00","mainEntityOfPage":{"@id":"https:\/\/www.shavei.org\/es\/blog\/2011\/07\/12\/conferencia-de-prensa-en-palma-de-mallorca\/"},"wordCount":66,"publisher":{"@id":"https:\/\/www.shavei.org\/#organization"},"articleSection":["Bnei Anusim: Fotos"],"inLanguage":"es"},{"@type":"WebPage","@id":"https:\/\/www.shavei.org\/es\/blog\/2011\/07\/12\/conferencia-de-prensa-en-palma-de-mallorca\/","url":"https:\/\/www.shavei.org\/es\/blog\/2011\/07\/12\/conferencia-de-prensa-en-palma-de-mallorca\/","name":"Conferencia de prensa en Palma de Mallorca - Shavei Israel","isPartOf":{"@id":"https:\/\/www.shavei.org\/#website"},"datePublished":"2011-07-12T10:04:57+00:00","dateModified":"2016-04-20T11:58:14+00:00","breadcrumb":{"@id":"https:\/\/www.shavei.org\/es\/blog\/2011\/07\/12\/conferencia-de-prensa-en-palma-de-mallorca\/#breadcrumb"},"inLanguage":"es","potentialAction":[{"@type":"ReadAction","target":["https:\/\/www.shavei.org\/es\/blog\/2011\/07\/12\/conferencia-de-prensa-en-palma-de-mallorca\/"]}]},{"@type":"BreadcrumbList","@id":"https:\/\/www.shavei.org\/es\/blog\/2011\/07\/12\/conferencia-de-prensa-en-palma-de-mallorca\/#breadcrumb","itemListElement":[{"@type":"ListItem","position":1,"name":"Home","item":"https:\/\/www.shavei.org\/es\/"},{"@type":"ListItem","position":2,"name":"Conferencia de prensa en Palma de Mallorca"}]},{"@type":"WebSite","@id":"https:\/\/www.shavei.org\/#website","url":"https:\/\/www.shavei.org\/","name":"Shavei Israel","description":"One nation, many faces. We help them all return.","publisher":{"@id":"https:\/\/www.shavei.org\/#organization"},"potentialAction":[{"@type":"SearchAction","target":{"@type":"EntryPoint","urlTemplate":"https:\/\/www.shavei.org\/?s={search_term_string}"},"query-input":{"@type":"PropertyValueSpecification","valueRequired":true,"valueName":"search_term_string"}}],"inLanguage":"es"},{"@type":"Organization","@id":"https:\/\/www.shavei.org\/#organization","name":"Shavei Israel","url":"https:\/\/www.shavei.org\/","logo":{"@type":"ImageObject","inLanguage":"es","@id":"https:\/\/www.shavei.org\/#\/schema\/logo\/image\/","url":"https:\/\/www.shavei.org\/wp-content\/uploads\/2017\/10\/shavei-logo.jpg","contentUrl":"https:\/\/www.shavei.org\/wp-content\/uploads\/2017\/10\/shavei-logo.jpg","width":300,"height":285,"caption":"Shavei Israel"},"image":{"@id":"https:\/\/www.shavei.org\/#\/schema\/logo\/image\/"}},{"@type":"Person","@id":"https:\/\/www.shavei.org\/#\/schema\/person\/be34c059c9b16cdd461eed6c3ee0cf22","name":"Shavei Israel","image":{"@type":"ImageObject","inLanguage":"es","@id":"https:\/\/secure.gravatar.com\/avatar\/3df74477975a50f1c87a7dace91f34be8bb2637b8220dd744eaf5ef9922e052e?s=96&d=mm&r=g","url":"https:\/\/secure.gravatar.com\/avatar\/3df74477975a50f1c87a7dace91f34be8bb2637b8220dd744eaf5ef9922e052e?s=96&d=mm&r=g","contentUrl":"https:\/\/secure.gravatar.com\/avatar\/3df74477975a50f1c87a7dace91f34be8bb2637b8220dd744eaf5ef9922e052e?s=96&d=mm&r=g","caption":"Shavei Israel"},"url":"https:\/\/www.shavei.org\/es\/blog\/author\/shaveiisrael\/"}]}},"_links":{"self":[{"href":"https:\/\/www.shavei.org\/es\/wp-json\/wp\/v2\/posts\/29984","targetHints":{"allow":["GET"]}}],"collection":[{"href":"https:\/\/www.shavei.org\/es\/wp-json\/wp\/v2\/posts"}],"about":[{"href":"https:\/\/www.shavei.org\/es\/wp-json\/wp\/v2\/types\/post"}],"author":[{"embeddable":true,"href":"https:\/\/www.shavei.org\/es\/wp-json\/wp\/v2\/users\/8"}],"replies":[{"embeddable":true,"href":"https:\/\/www.shavei.org\/es\/wp-json\/wp\/v2\/comments?post=29984"}],"version-history":[{"count":1,"href":"https:\/\/www.shavei.org\/es\/wp-json\/wp\/v2\/posts\/29984\/revisions"}],"predecessor-version":[{"id":29985,"href":"https:\/\/www.shavei.org\/es\/wp-json\/wp\/v2\/posts\/29984\/revisions\/29985"}],"wp:attachment":[{"href":"https:\/\/www.shavei.org\/es\/wp-json\/wp\/v2\/media?parent=29984"}],"wp:term":[{"taxonomy":"category","embeddable":true,"href":"https:\/\/www.shavei.org\/es\/wp-json\/wp\/v2\/categories?post=29984"},{"taxonomy":"post_tag","embeddable":true,"href":"https:\/\/www.shavei.org\/es\/wp-json\/wp\/v2\/tags?post=29984"}],"curies":[{"name":"wp","href":"https:\/\/api.w.org\/{rel}","templated":true}]}}