{"id":29897,"date":"2012-01-09T11:17:34","date_gmt":"2012-01-09T11:17:34","guid":{"rendered":"https:\/\/www.shavei.org\/es\/j%c3%a1nuka-en-tarnow\/"},"modified":"2016-04-20T11:28:32","modified_gmt":"2016-04-20T11:28:32","slug":"j%c3%a1nuka-en-tarnow","status":"publish","type":"post","link":"https:\/\/www.shavei.org\/es\/blog\/2012\/01\/09\/j%c3%a1nuka-en-tarnow\/","title":{"rendered":"J\u00e1nuka en Tarnow"},"content":{"rendered":"<p><!--:en--><!--:--><!--:es-->El Rabino Boaz Pash, emisario de Shavei Israel en Cracovia, visit\u00f3 la ciudad de Tarnow, donde tuvo lugar un acto especial de encendido de velas de j\u00e1nuka. El acto fue un evento p\u00fablico y general, el cual fue llevado a cabo en el lugar donde antes de la guerra se encontraba la sinagoga local y hoy tan solo queda la plataforma donde se le\u00eda la Tor\u00e1 y un cartel recordatorio.<\/p>\n<p>ngg_shortcode_0_placeholder<!--:--><!--:he--><\/p>\n<div style=\"direction: rtl;\"><\/div>\n<p><!--:--><\/p>\n","protected":false},"excerpt":{"rendered":"<p>El Rabino Boaz Pash, emisario de Shavei Israel en Cracovia, visit\u00f3 la ciudad de Tarnow, donde tuvo lugar un acto especial de encendido de velas de j\u00e1nuka. El acto fue un evento p\u00fablico y general, el cual fue llevado a cabo en el lugar donde&#8230;<\/p>\n","protected":false},"author":8,"featured_media":0,"comment_status":"closed","ping_status":"closed","sticky":false,"template":"","format":"standard","meta":{"give_campaign_id":0,"_exactmetrics_skip_tracking":false,"_exactmetrics_sitenote_active":false,"_exactmetrics_sitenote_note":"","_exactmetrics_sitenote_category":0,"ngg_post_thumbnail":0,"footnotes":""},"categories":[496],"tags":[],"class_list":["post-29897","post","type-post","status-publish","format-standard","hentry","category-judios-escondidos-polonia-fotos"],"yoast_head":"<!-- This site is optimized with the Yoast SEO plugin v27.4 - https:\/\/yoast.com\/product\/yoast-seo-wordpress\/ -->\n<title>J\u00e1nuka en Tarnow - Shavei Israel<\/title>\n<meta name=\"robots\" content=\"index, follow, max-snippet:-1, max-image-preview:large, max-video-preview:-1\" \/>\n<link rel=\"canonical\" href=\"https:\/\/www.shavei.org\/es\/blog\/2012\/01\/09\/j\u00e1nuka-en-tarnow\/\" \/>\n<meta property=\"og:locale\" content=\"es_ES\" \/>\n<meta property=\"og:type\" content=\"article\" \/>\n<meta property=\"og:title\" content=\"J\u00e1nuka en Tarnow - Shavei Israel\" \/>\n<meta property=\"og:description\" content=\"El Rabino Boaz Pash, emisario de Shavei Israel en Cracovia, visit\u00f3 la ciudad de Tarnow, donde tuvo lugar un acto especial de encendido de velas de j\u00e1nuka. El acto fue un evento p\u00fablico y general, el cual fue llevado a cabo en el lugar donde...\" \/>\n<meta property=\"og:url\" content=\"https:\/\/www.shavei.org\/es\/blog\/2012\/01\/09\/j\u00e1nuka-en-tarnow\/\" \/>\n<meta property=\"og:site_name\" content=\"Shavei Israel\" \/>\n<meta property=\"article:published_time\" content=\"2012-01-09T11:17:34+00:00\" \/>\n<meta property=\"article:modified_time\" content=\"2016-04-20T11:28:32+00:00\" \/>\n<meta name=\"author\" content=\"Shavei Israel\" \/>\n<meta name=\"twitter:card\" content=\"summary_large_image\" \/>\n<meta name=\"twitter:label1\" content=\"Escrito por\" \/>\n\t<meta name=\"twitter:data1\" content=\"\" \/>\n<script type=\"application\/ld+json\" class=\"yoast-schema-graph\">{\"@context\":\"https:\\\/\\\/schema.org\",\"@graph\":[{\"@type\":\"Article\",\"@id\":\"https:\\\/\\\/www.shavei.org\\\/es\\\/blog\\\/2012\\\/01\\\/09\\\/j%c3%a1nuka-en-tarnow\\\/#article\",\"isPartOf\":{\"@id\":\"https:\\\/\\\/www.shavei.org\\\/es\\\/blog\\\/2012\\\/01\\\/09\\\/j%c3%a1nuka-en-tarnow\\\/\"},\"author\":{\"name\":\"Shavei Israel\",\"@id\":\"https:\\\/\\\/www.shavei.org\\\/#\\\/schema\\\/person\\\/be34c059c9b16cdd461eed6c3ee0cf22\"},\"headline\":\"J\u00e1nuka en Tarnow\",\"datePublished\":\"2012-01-09T11:17:34+00:00\",\"dateModified\":\"2016-04-20T11:28:32+00:00\",\"mainEntityOfPage\":{\"@id\":\"https:\\\/\\\/www.shavei.org\\\/es\\\/blog\\\/2012\\\/01\\\/09\\\/j%c3%a1nuka-en-tarnow\\\/\"},\"wordCount\":79,\"publisher\":{\"@id\":\"https:\\\/\\\/www.shavei.org\\\/#organization\"},\"articleSection\":[\"Jud\u00edos Escondidos de Polonia: Fotos\"],\"inLanguage\":\"es\"},{\"@type\":\"WebPage\",\"@id\":\"https:\\\/\\\/www.shavei.org\\\/es\\\/blog\\\/2012\\\/01\\\/09\\\/j%c3%a1nuka-en-tarnow\\\/\",\"url\":\"https:\\\/\\\/www.shavei.org\\\/es\\\/blog\\\/2012\\\/01\\\/09\\\/j%c3%a1nuka-en-tarnow\\\/\",\"name\":\"J\u00e1nuka en Tarnow - Shavei Israel\",\"isPartOf\":{\"@id\":\"https:\\\/\\\/www.shavei.org\\\/#website\"},\"datePublished\":\"2012-01-09T11:17:34+00:00\",\"dateModified\":\"2016-04-20T11:28:32+00:00\",\"breadcrumb\":{\"@id\":\"https:\\\/\\\/www.shavei.org\\\/es\\\/blog\\\/2012\\\/01\\\/09\\\/j%c3%a1nuka-en-tarnow\\\/#breadcrumb\"},\"inLanguage\":\"es\",\"potentialAction\":[{\"@type\":\"ReadAction\",\"target\":[\"https:\\\/\\\/www.shavei.org\\\/es\\\/blog\\\/2012\\\/01\\\/09\\\/j%c3%a1nuka-en-tarnow\\\/\"]}]},{\"@type\":\"BreadcrumbList\",\"@id\":\"https:\\\/\\\/www.shavei.org\\\/es\\\/blog\\\/2012\\\/01\\\/09\\\/j%c3%a1nuka-en-tarnow\\\/#breadcrumb\",\"itemListElement\":[{\"@type\":\"ListItem\",\"position\":1,\"name\":\"Home\",\"item\":\"https:\\\/\\\/www.shavei.org\\\/es\\\/\"},{\"@type\":\"ListItem\",\"position\":2,\"name\":\"J\u00e1nuka en Tarnow\"}]},{\"@type\":\"WebSite\",\"@id\":\"https:\\\/\\\/www.shavei.org\\\/#website\",\"url\":\"https:\\\/\\\/www.shavei.org\\\/\",\"name\":\"Shavei Israel\",\"description\":\"One nation, many faces. We help them all return.\",\"publisher\":{\"@id\":\"https:\\\/\\\/www.shavei.org\\\/#organization\"},\"potentialAction\":[{\"@type\":\"SearchAction\",\"target\":{\"@type\":\"EntryPoint\",\"urlTemplate\":\"https:\\\/\\\/www.shavei.org\\\/?s={search_term_string}\"},\"query-input\":{\"@type\":\"PropertyValueSpecification\",\"valueRequired\":true,\"valueName\":\"search_term_string\"}}],\"inLanguage\":\"es\"},{\"@type\":\"Organization\",\"@id\":\"https:\\\/\\\/www.shavei.org\\\/#organization\",\"name\":\"Shavei Israel\",\"url\":\"https:\\\/\\\/www.shavei.org\\\/\",\"logo\":{\"@type\":\"ImageObject\",\"inLanguage\":\"es\",\"@id\":\"https:\\\/\\\/www.shavei.org\\\/#\\\/schema\\\/logo\\\/image\\\/\",\"url\":\"https:\\\/\\\/www.shavei.org\\\/wp-content\\\/uploads\\\/2017\\\/10\\\/shavei-logo.jpg\",\"contentUrl\":\"https:\\\/\\\/www.shavei.org\\\/wp-content\\\/uploads\\\/2017\\\/10\\\/shavei-logo.jpg\",\"width\":300,\"height\":285,\"caption\":\"Shavei Israel\"},\"image\":{\"@id\":\"https:\\\/\\\/www.shavei.org\\\/#\\\/schema\\\/logo\\\/image\\\/\"}},{\"@type\":\"Person\",\"@id\":\"https:\\\/\\\/www.shavei.org\\\/#\\\/schema\\\/person\\\/be34c059c9b16cdd461eed6c3ee0cf22\",\"name\":\"Shavei Israel\",\"image\":{\"@type\":\"ImageObject\",\"inLanguage\":\"es\",\"@id\":\"https:\\\/\\\/secure.gravatar.com\\\/avatar\\\/3df74477975a50f1c87a7dace91f34be8bb2637b8220dd744eaf5ef9922e052e?s=96&d=mm&r=g\",\"url\":\"https:\\\/\\\/secure.gravatar.com\\\/avatar\\\/3df74477975a50f1c87a7dace91f34be8bb2637b8220dd744eaf5ef9922e052e?s=96&d=mm&r=g\",\"contentUrl\":\"https:\\\/\\\/secure.gravatar.com\\\/avatar\\\/3df74477975a50f1c87a7dace91f34be8bb2637b8220dd744eaf5ef9922e052e?s=96&d=mm&r=g\",\"caption\":\"Shavei Israel\"},\"url\":\"https:\\\/\\\/www.shavei.org\\\/es\\\/blog\\\/author\\\/shaveiisrael\\\/\"}]}<\/script>\n<!-- \/ Yoast SEO plugin. -->","yoast_head_json":{"title":"J\u00e1nuka en Tarnow - Shavei Israel","robots":{"index":"index","follow":"follow","max-snippet":"max-snippet:-1","max-image-preview":"max-image-preview:large","max-video-preview":"max-video-preview:-1"},"canonical":"https:\/\/www.shavei.org\/es\/blog\/2012\/01\/09\/j\u00e1nuka-en-tarnow\/","og_locale":"es_ES","og_type":"article","og_title":"J\u00e1nuka en Tarnow - Shavei Israel","og_description":"El Rabino Boaz Pash, emisario de Shavei Israel en Cracovia, visit\u00f3 la ciudad de Tarnow, donde tuvo lugar un acto especial de encendido de velas de j\u00e1nuka. El acto fue un evento p\u00fablico y general, el cual fue llevado a cabo en el lugar donde...","og_url":"https:\/\/www.shavei.org\/es\/blog\/2012\/01\/09\/j\u00e1nuka-en-tarnow\/","og_site_name":"Shavei Israel","article_published_time":"2012-01-09T11:17:34+00:00","article_modified_time":"2016-04-20T11:28:32+00:00","author":"Shavei Israel","twitter_card":"summary_large_image","twitter_misc":{"Escrito por":false},"schema":{"@context":"https:\/\/schema.org","@graph":[{"@type":"Article","@id":"https:\/\/www.shavei.org\/es\/blog\/2012\/01\/09\/j%c3%a1nuka-en-tarnow\/#article","isPartOf":{"@id":"https:\/\/www.shavei.org\/es\/blog\/2012\/01\/09\/j%c3%a1nuka-en-tarnow\/"},"author":{"name":"Shavei Israel","@id":"https:\/\/www.shavei.org\/#\/schema\/person\/be34c059c9b16cdd461eed6c3ee0cf22"},"headline":"J\u00e1nuka en Tarnow","datePublished":"2012-01-09T11:17:34+00:00","dateModified":"2016-04-20T11:28:32+00:00","mainEntityOfPage":{"@id":"https:\/\/www.shavei.org\/es\/blog\/2012\/01\/09\/j%c3%a1nuka-en-tarnow\/"},"wordCount":79,"publisher":{"@id":"https:\/\/www.shavei.org\/#organization"},"articleSection":["Jud\u00edos Escondidos de Polonia: Fotos"],"inLanguage":"es"},{"@type":"WebPage","@id":"https:\/\/www.shavei.org\/es\/blog\/2012\/01\/09\/j%c3%a1nuka-en-tarnow\/","url":"https:\/\/www.shavei.org\/es\/blog\/2012\/01\/09\/j%c3%a1nuka-en-tarnow\/","name":"J\u00e1nuka en Tarnow - Shavei Israel","isPartOf":{"@id":"https:\/\/www.shavei.org\/#website"},"datePublished":"2012-01-09T11:17:34+00:00","dateModified":"2016-04-20T11:28:32+00:00","breadcrumb":{"@id":"https:\/\/www.shavei.org\/es\/blog\/2012\/01\/09\/j%c3%a1nuka-en-tarnow\/#breadcrumb"},"inLanguage":"es","potentialAction":[{"@type":"ReadAction","target":["https:\/\/www.shavei.org\/es\/blog\/2012\/01\/09\/j%c3%a1nuka-en-tarnow\/"]}]},{"@type":"BreadcrumbList","@id":"https:\/\/www.shavei.org\/es\/blog\/2012\/01\/09\/j%c3%a1nuka-en-tarnow\/#breadcrumb","itemListElement":[{"@type":"ListItem","position":1,"name":"Home","item":"https:\/\/www.shavei.org\/es\/"},{"@type":"ListItem","position":2,"name":"J\u00e1nuka en Tarnow"}]},{"@type":"WebSite","@id":"https:\/\/www.shavei.org\/#website","url":"https:\/\/www.shavei.org\/","name":"Shavei Israel","description":"One nation, many faces. We help them all return.","publisher":{"@id":"https:\/\/www.shavei.org\/#organization"},"potentialAction":[{"@type":"SearchAction","target":{"@type":"EntryPoint","urlTemplate":"https:\/\/www.shavei.org\/?s={search_term_string}"},"query-input":{"@type":"PropertyValueSpecification","valueRequired":true,"valueName":"search_term_string"}}],"inLanguage":"es"},{"@type":"Organization","@id":"https:\/\/www.shavei.org\/#organization","name":"Shavei Israel","url":"https:\/\/www.shavei.org\/","logo":{"@type":"ImageObject","inLanguage":"es","@id":"https:\/\/www.shavei.org\/#\/schema\/logo\/image\/","url":"https:\/\/www.shavei.org\/wp-content\/uploads\/2017\/10\/shavei-logo.jpg","contentUrl":"https:\/\/www.shavei.org\/wp-content\/uploads\/2017\/10\/shavei-logo.jpg","width":300,"height":285,"caption":"Shavei Israel"},"image":{"@id":"https:\/\/www.shavei.org\/#\/schema\/logo\/image\/"}},{"@type":"Person","@id":"https:\/\/www.shavei.org\/#\/schema\/person\/be34c059c9b16cdd461eed6c3ee0cf22","name":"Shavei Israel","image":{"@type":"ImageObject","inLanguage":"es","@id":"https:\/\/secure.gravatar.com\/avatar\/3df74477975a50f1c87a7dace91f34be8bb2637b8220dd744eaf5ef9922e052e?s=96&d=mm&r=g","url":"https:\/\/secure.gravatar.com\/avatar\/3df74477975a50f1c87a7dace91f34be8bb2637b8220dd744eaf5ef9922e052e?s=96&d=mm&r=g","contentUrl":"https:\/\/secure.gravatar.com\/avatar\/3df74477975a50f1c87a7dace91f34be8bb2637b8220dd744eaf5ef9922e052e?s=96&d=mm&r=g","caption":"Shavei Israel"},"url":"https:\/\/www.shavei.org\/es\/blog\/author\/shaveiisrael\/"}]}},"_links":{"self":[{"href":"https:\/\/www.shavei.org\/es\/wp-json\/wp\/v2\/posts\/29897","targetHints":{"allow":["GET"]}}],"collection":[{"href":"https:\/\/www.shavei.org\/es\/wp-json\/wp\/v2\/posts"}],"about":[{"href":"https:\/\/www.shavei.org\/es\/wp-json\/wp\/v2\/types\/post"}],"author":[{"embeddable":true,"href":"https:\/\/www.shavei.org\/es\/wp-json\/wp\/v2\/users\/8"}],"replies":[{"embeddable":true,"href":"https:\/\/www.shavei.org\/es\/wp-json\/wp\/v2\/comments?post=29897"}],"version-history":[{"count":2,"href":"https:\/\/www.shavei.org\/es\/wp-json\/wp\/v2\/posts\/29897\/revisions"}],"predecessor-version":[{"id":29914,"href":"https:\/\/www.shavei.org\/es\/wp-json\/wp\/v2\/posts\/29897\/revisions\/29914"}],"wp:attachment":[{"href":"https:\/\/www.shavei.org\/es\/wp-json\/wp\/v2\/media?parent=29897"}],"wp:term":[{"taxonomy":"category","embeddable":true,"href":"https:\/\/www.shavei.org\/es\/wp-json\/wp\/v2\/categories?post=29897"},{"taxonomy":"post_tag","embeddable":true,"href":"https:\/\/www.shavei.org\/es\/wp-json\/wp\/v2\/tags?post=29897"}],"curies":[{"name":"wp","href":"https:\/\/api.w.org\/{rel}","templated":true}]}}