{"id":29895,"date":"2012-01-09T11:03:42","date_gmt":"2012-01-09T11:03:42","guid":{"rendered":"https:\/\/www.shavei.org\/es\/j%c3%a1nuka-en-katowice\/"},"modified":"2016-04-20T11:27:45","modified_gmt":"2016-04-20T11:27:45","slug":"j%c3%a1nuka-en-katowice","status":"publish","type":"post","link":"https:\/\/www.shavei.org\/es\/blog\/2012\/01\/09\/j%c3%a1nuka-en-katowice\/","title":{"rendered":"J\u00e1nuka en Katowice"},"content":{"rendered":"<p><!--:en--><!--:--><!--:es-->Nuestros emisario en Katowice, el Rabino Yehosh\u00faa Ellis, organiz\u00f3 un acto p\u00fablico de encendido de velas de j\u00e1nuka en la ciudad donde ejerce. En el evento participaron figuras p\u00fablicas y religiosas. Es el primero acto de este tipo que se lleva a cabo en dicho lugar y representa un hito hist\u00f3rico de reconciliaci\u00f3n y aceptaci\u00f3n despu\u00e9s de la sho\u00e1. Agradecemos al fot\u00f3grafo Arkadiusz Lawrywlaniec por las hermosas fotos.<\/p>\nngg_shortcode_0_placeholder\n<p><!--:--><\/p>\n","protected":false},"excerpt":{"rendered":"<p>Nuestros emisario en Katowice, el Rabino Yehosh\u00faa Ellis, organiz\u00f3 un acto p\u00fablico de encendido de velas de j\u00e1nuka en la ciudad donde ejerce. En el evento participaron figuras p\u00fablicas y religiosas. Es el primero acto de este tipo que se lleva a cabo en dicho&#8230;<\/p>\n","protected":false},"author":8,"featured_media":0,"comment_status":"closed","ping_status":"closed","sticky":false,"template":"","format":"standard","meta":{"give_campaign_id":0,"_exactmetrics_skip_tracking":false,"_exactmetrics_sitenote_active":false,"_exactmetrics_sitenote_note":"","_exactmetrics_sitenote_category":0,"ngg_post_thumbnail":0,"footnotes":""},"categories":[496],"tags":[],"class_list":["post-29895","post","type-post","status-publish","format-standard","hentry","category-judios-escondidos-polonia-fotos"],"yoast_head":"<!-- This site is optimized with the Yoast SEO plugin v27.4 - https:\/\/yoast.com\/product\/yoast-seo-wordpress\/ -->\n<title>J\u00e1nuka en Katowice - Shavei Israel<\/title>\n<meta name=\"robots\" content=\"index, follow, max-snippet:-1, max-image-preview:large, max-video-preview:-1\" \/>\n<link rel=\"canonical\" href=\"https:\/\/www.shavei.org\/es\/blog\/2012\/01\/09\/j\u00e1nuka-en-katowice\/\" \/>\n<meta property=\"og:locale\" content=\"es_ES\" \/>\n<meta property=\"og:type\" content=\"article\" \/>\n<meta property=\"og:title\" content=\"J\u00e1nuka en Katowice - Shavei Israel\" \/>\n<meta property=\"og:description\" content=\"Nuestros emisario en Katowice, el Rabino Yehosh\u00faa Ellis, organiz\u00f3 un acto p\u00fablico de encendido de velas de j\u00e1nuka en la ciudad donde ejerce. En el evento participaron figuras p\u00fablicas y religiosas. Es el primero acto de este tipo que se lleva a cabo en dicho...\" \/>\n<meta property=\"og:url\" content=\"https:\/\/www.shavei.org\/es\/blog\/2012\/01\/09\/j\u00e1nuka-en-katowice\/\" \/>\n<meta property=\"og:site_name\" content=\"Shavei Israel\" \/>\n<meta property=\"article:published_time\" content=\"2012-01-09T11:03:42+00:00\" \/>\n<meta property=\"article:modified_time\" content=\"2016-04-20T11:27:45+00:00\" \/>\n<meta name=\"author\" content=\"Shavei Israel\" \/>\n<meta name=\"twitter:card\" content=\"summary_large_image\" \/>\n<meta name=\"twitter:label1\" content=\"Escrito por\" \/>\n\t<meta name=\"twitter:data1\" content=\"\" \/>\n<script type=\"application\/ld+json\" class=\"yoast-schema-graph\">{\"@context\":\"https:\\\/\\\/schema.org\",\"@graph\":[{\"@type\":\"Article\",\"@id\":\"https:\\\/\\\/www.shavei.org\\\/es\\\/blog\\\/2012\\\/01\\\/09\\\/j%c3%a1nuka-en-katowice\\\/#article\",\"isPartOf\":{\"@id\":\"https:\\\/\\\/www.shavei.org\\\/es\\\/blog\\\/2012\\\/01\\\/09\\\/j%c3%a1nuka-en-katowice\\\/\"},\"author\":{\"name\":\"Shavei Israel\",\"@id\":\"https:\\\/\\\/www.shavei.org\\\/#\\\/schema\\\/person\\\/be34c059c9b16cdd461eed6c3ee0cf22\"},\"headline\":\"J\u00e1nuka en Katowice\",\"datePublished\":\"2012-01-09T11:03:42+00:00\",\"dateModified\":\"2016-04-20T11:27:45+00:00\",\"mainEntityOfPage\":{\"@id\":\"https:\\\/\\\/www.shavei.org\\\/es\\\/blog\\\/2012\\\/01\\\/09\\\/j%c3%a1nuka-en-katowice\\\/\"},\"wordCount\":83,\"publisher\":{\"@id\":\"https:\\\/\\\/www.shavei.org\\\/#organization\"},\"articleSection\":[\"Jud\u00edos Escondidos de Polonia: Fotos\"],\"inLanguage\":\"es\"},{\"@type\":\"WebPage\",\"@id\":\"https:\\\/\\\/www.shavei.org\\\/es\\\/blog\\\/2012\\\/01\\\/09\\\/j%c3%a1nuka-en-katowice\\\/\",\"url\":\"https:\\\/\\\/www.shavei.org\\\/es\\\/blog\\\/2012\\\/01\\\/09\\\/j%c3%a1nuka-en-katowice\\\/\",\"name\":\"J\u00e1nuka en Katowice - Shavei Israel\",\"isPartOf\":{\"@id\":\"https:\\\/\\\/www.shavei.org\\\/#website\"},\"datePublished\":\"2012-01-09T11:03:42+00:00\",\"dateModified\":\"2016-04-20T11:27:45+00:00\",\"breadcrumb\":{\"@id\":\"https:\\\/\\\/www.shavei.org\\\/es\\\/blog\\\/2012\\\/01\\\/09\\\/j%c3%a1nuka-en-katowice\\\/#breadcrumb\"},\"inLanguage\":\"es\",\"potentialAction\":[{\"@type\":\"ReadAction\",\"target\":[\"https:\\\/\\\/www.shavei.org\\\/es\\\/blog\\\/2012\\\/01\\\/09\\\/j%c3%a1nuka-en-katowice\\\/\"]}]},{\"@type\":\"BreadcrumbList\",\"@id\":\"https:\\\/\\\/www.shavei.org\\\/es\\\/blog\\\/2012\\\/01\\\/09\\\/j%c3%a1nuka-en-katowice\\\/#breadcrumb\",\"itemListElement\":[{\"@type\":\"ListItem\",\"position\":1,\"name\":\"Home\",\"item\":\"https:\\\/\\\/www.shavei.org\\\/es\\\/\"},{\"@type\":\"ListItem\",\"position\":2,\"name\":\"J\u00e1nuka en Katowice\"}]},{\"@type\":\"WebSite\",\"@id\":\"https:\\\/\\\/www.shavei.org\\\/#website\",\"url\":\"https:\\\/\\\/www.shavei.org\\\/\",\"name\":\"Shavei Israel\",\"description\":\"One nation, many faces. We help them all return.\",\"publisher\":{\"@id\":\"https:\\\/\\\/www.shavei.org\\\/#organization\"},\"potentialAction\":[{\"@type\":\"SearchAction\",\"target\":{\"@type\":\"EntryPoint\",\"urlTemplate\":\"https:\\\/\\\/www.shavei.org\\\/?s={search_term_string}\"},\"query-input\":{\"@type\":\"PropertyValueSpecification\",\"valueRequired\":true,\"valueName\":\"search_term_string\"}}],\"inLanguage\":\"es\"},{\"@type\":\"Organization\",\"@id\":\"https:\\\/\\\/www.shavei.org\\\/#organization\",\"name\":\"Shavei Israel\",\"url\":\"https:\\\/\\\/www.shavei.org\\\/\",\"logo\":{\"@type\":\"ImageObject\",\"inLanguage\":\"es\",\"@id\":\"https:\\\/\\\/www.shavei.org\\\/#\\\/schema\\\/logo\\\/image\\\/\",\"url\":\"https:\\\/\\\/www.shavei.org\\\/wp-content\\\/uploads\\\/2017\\\/10\\\/shavei-logo.jpg\",\"contentUrl\":\"https:\\\/\\\/www.shavei.org\\\/wp-content\\\/uploads\\\/2017\\\/10\\\/shavei-logo.jpg\",\"width\":300,\"height\":285,\"caption\":\"Shavei Israel\"},\"image\":{\"@id\":\"https:\\\/\\\/www.shavei.org\\\/#\\\/schema\\\/logo\\\/image\\\/\"}},{\"@type\":\"Person\",\"@id\":\"https:\\\/\\\/www.shavei.org\\\/#\\\/schema\\\/person\\\/be34c059c9b16cdd461eed6c3ee0cf22\",\"name\":\"Shavei Israel\",\"image\":{\"@type\":\"ImageObject\",\"inLanguage\":\"es\",\"@id\":\"https:\\\/\\\/secure.gravatar.com\\\/avatar\\\/3df74477975a50f1c87a7dace91f34be8bb2637b8220dd744eaf5ef9922e052e?s=96&d=mm&r=g\",\"url\":\"https:\\\/\\\/secure.gravatar.com\\\/avatar\\\/3df74477975a50f1c87a7dace91f34be8bb2637b8220dd744eaf5ef9922e052e?s=96&d=mm&r=g\",\"contentUrl\":\"https:\\\/\\\/secure.gravatar.com\\\/avatar\\\/3df74477975a50f1c87a7dace91f34be8bb2637b8220dd744eaf5ef9922e052e?s=96&d=mm&r=g\",\"caption\":\"Shavei Israel\"},\"url\":\"https:\\\/\\\/www.shavei.org\\\/es\\\/blog\\\/author\\\/shaveiisrael\\\/\"}]}<\/script>\n<!-- \/ Yoast SEO plugin. -->","yoast_head_json":{"title":"J\u00e1nuka en Katowice - Shavei Israel","robots":{"index":"index","follow":"follow","max-snippet":"max-snippet:-1","max-image-preview":"max-image-preview:large","max-video-preview":"max-video-preview:-1"},"canonical":"https:\/\/www.shavei.org\/es\/blog\/2012\/01\/09\/j\u00e1nuka-en-katowice\/","og_locale":"es_ES","og_type":"article","og_title":"J\u00e1nuka en Katowice - Shavei Israel","og_description":"Nuestros emisario en Katowice, el Rabino Yehosh\u00faa Ellis, organiz\u00f3 un acto p\u00fablico de encendido de velas de j\u00e1nuka en la ciudad donde ejerce. En el evento participaron figuras p\u00fablicas y religiosas. Es el primero acto de este tipo que se lleva a cabo en dicho...","og_url":"https:\/\/www.shavei.org\/es\/blog\/2012\/01\/09\/j\u00e1nuka-en-katowice\/","og_site_name":"Shavei Israel","article_published_time":"2012-01-09T11:03:42+00:00","article_modified_time":"2016-04-20T11:27:45+00:00","author":"Shavei Israel","twitter_card":"summary_large_image","twitter_misc":{"Escrito por":false},"schema":{"@context":"https:\/\/schema.org","@graph":[{"@type":"Article","@id":"https:\/\/www.shavei.org\/es\/blog\/2012\/01\/09\/j%c3%a1nuka-en-katowice\/#article","isPartOf":{"@id":"https:\/\/www.shavei.org\/es\/blog\/2012\/01\/09\/j%c3%a1nuka-en-katowice\/"},"author":{"name":"Shavei Israel","@id":"https:\/\/www.shavei.org\/#\/schema\/person\/be34c059c9b16cdd461eed6c3ee0cf22"},"headline":"J\u00e1nuka en Katowice","datePublished":"2012-01-09T11:03:42+00:00","dateModified":"2016-04-20T11:27:45+00:00","mainEntityOfPage":{"@id":"https:\/\/www.shavei.org\/es\/blog\/2012\/01\/09\/j%c3%a1nuka-en-katowice\/"},"wordCount":83,"publisher":{"@id":"https:\/\/www.shavei.org\/#organization"},"articleSection":["Jud\u00edos Escondidos de Polonia: Fotos"],"inLanguage":"es"},{"@type":"WebPage","@id":"https:\/\/www.shavei.org\/es\/blog\/2012\/01\/09\/j%c3%a1nuka-en-katowice\/","url":"https:\/\/www.shavei.org\/es\/blog\/2012\/01\/09\/j%c3%a1nuka-en-katowice\/","name":"J\u00e1nuka en Katowice - Shavei Israel","isPartOf":{"@id":"https:\/\/www.shavei.org\/#website"},"datePublished":"2012-01-09T11:03:42+00:00","dateModified":"2016-04-20T11:27:45+00:00","breadcrumb":{"@id":"https:\/\/www.shavei.org\/es\/blog\/2012\/01\/09\/j%c3%a1nuka-en-katowice\/#breadcrumb"},"inLanguage":"es","potentialAction":[{"@type":"ReadAction","target":["https:\/\/www.shavei.org\/es\/blog\/2012\/01\/09\/j%c3%a1nuka-en-katowice\/"]}]},{"@type":"BreadcrumbList","@id":"https:\/\/www.shavei.org\/es\/blog\/2012\/01\/09\/j%c3%a1nuka-en-katowice\/#breadcrumb","itemListElement":[{"@type":"ListItem","position":1,"name":"Home","item":"https:\/\/www.shavei.org\/es\/"},{"@type":"ListItem","position":2,"name":"J\u00e1nuka en Katowice"}]},{"@type":"WebSite","@id":"https:\/\/www.shavei.org\/#website","url":"https:\/\/www.shavei.org\/","name":"Shavei Israel","description":"One nation, many faces. We help them all return.","publisher":{"@id":"https:\/\/www.shavei.org\/#organization"},"potentialAction":[{"@type":"SearchAction","target":{"@type":"EntryPoint","urlTemplate":"https:\/\/www.shavei.org\/?s={search_term_string}"},"query-input":{"@type":"PropertyValueSpecification","valueRequired":true,"valueName":"search_term_string"}}],"inLanguage":"es"},{"@type":"Organization","@id":"https:\/\/www.shavei.org\/#organization","name":"Shavei Israel","url":"https:\/\/www.shavei.org\/","logo":{"@type":"ImageObject","inLanguage":"es","@id":"https:\/\/www.shavei.org\/#\/schema\/logo\/image\/","url":"https:\/\/www.shavei.org\/wp-content\/uploads\/2017\/10\/shavei-logo.jpg","contentUrl":"https:\/\/www.shavei.org\/wp-content\/uploads\/2017\/10\/shavei-logo.jpg","width":300,"height":285,"caption":"Shavei Israel"},"image":{"@id":"https:\/\/www.shavei.org\/#\/schema\/logo\/image\/"}},{"@type":"Person","@id":"https:\/\/www.shavei.org\/#\/schema\/person\/be34c059c9b16cdd461eed6c3ee0cf22","name":"Shavei Israel","image":{"@type":"ImageObject","inLanguage":"es","@id":"https:\/\/secure.gravatar.com\/avatar\/3df74477975a50f1c87a7dace91f34be8bb2637b8220dd744eaf5ef9922e052e?s=96&d=mm&r=g","url":"https:\/\/secure.gravatar.com\/avatar\/3df74477975a50f1c87a7dace91f34be8bb2637b8220dd744eaf5ef9922e052e?s=96&d=mm&r=g","contentUrl":"https:\/\/secure.gravatar.com\/avatar\/3df74477975a50f1c87a7dace91f34be8bb2637b8220dd744eaf5ef9922e052e?s=96&d=mm&r=g","caption":"Shavei Israel"},"url":"https:\/\/www.shavei.org\/es\/blog\/author\/shaveiisrael\/"}]}},"_links":{"self":[{"href":"https:\/\/www.shavei.org\/es\/wp-json\/wp\/v2\/posts\/29895","targetHints":{"allow":["GET"]}}],"collection":[{"href":"https:\/\/www.shavei.org\/es\/wp-json\/wp\/v2\/posts"}],"about":[{"href":"https:\/\/www.shavei.org\/es\/wp-json\/wp\/v2\/types\/post"}],"author":[{"embeddable":true,"href":"https:\/\/www.shavei.org\/es\/wp-json\/wp\/v2\/users\/8"}],"replies":[{"embeddable":true,"href":"https:\/\/www.shavei.org\/es\/wp-json\/wp\/v2\/comments?post=29895"}],"version-history":[{"count":3,"href":"https:\/\/www.shavei.org\/es\/wp-json\/wp\/v2\/posts\/29895\/revisions"}],"predecessor-version":[{"id":29910,"href":"https:\/\/www.shavei.org\/es\/wp-json\/wp\/v2\/posts\/29895\/revisions\/29910"}],"wp:attachment":[{"href":"https:\/\/www.shavei.org\/es\/wp-json\/wp\/v2\/media?parent=29895"}],"wp:term":[{"taxonomy":"category","embeddable":true,"href":"https:\/\/www.shavei.org\/es\/wp-json\/wp\/v2\/categories?post=29895"},{"taxonomy":"post_tag","embeddable":true,"href":"https:\/\/www.shavei.org\/es\/wp-json\/wp\/v2\/tags?post=29895"}],"curies":[{"name":"wp","href":"https:\/\/api.w.org\/{rel}","templated":true}]}}