{"id":29765,"date":"2016-04-14T11:00:44","date_gmt":"2016-04-14T11:00:44","guid":{"rendered":"https:\/\/www.shavei.org\/es\/?p=29765"},"modified":"2016-04-14T11:00:44","modified_gmt":"2016-04-14T11:00:44","slug":"international-tourism-fair-in-lisbonferia-internacional-de-turismo-en-lisboa%d7%99%d7%a8%d7%99%d7%93-%d7%aa%d7%99%d7%99%d7%a8%d7%95%d7%aa-%d7%91%d7%99%d7%a0%d7%9c%d7%90%d7%95%d7%9e%d7%99-%d7%91%d7%9c","status":"publish","type":"post","link":"https:\/\/www.shavei.org\/es\/blog\/2016\/04\/14\/international-tourism-fair-in-lisbonferia-internacional-de-turismo-en-lisboa%d7%99%d7%a8%d7%99%d7%93-%d7%aa%d7%99%d7%99%d7%a8%d7%95%d7%aa-%d7%91%d7%99%d7%a0%d7%9c%d7%90%d7%95%d7%9e%d7%99-%d7%91%d7%9c\/","title":{"rendered":"Feria Internacional de Turismo en Lisboa"},"content":{"rendered":"<p><!--:en--><!--:--><!--:es--><\/p>\n<p>El 4 de marzo tuvo lugar la XXIV edici\u00f3n de la Feria Internacional de Turismo en Lisboa. El Rabino Elisha Salas, emisario de <em>Shavei Israel <\/em>en Portugal, particip\u00f3 de la misma presentando la Red de Juder\u00edas, comunidades que cuentan con pasado y patrimonio jud\u00edo. Asimismo, el Rabino represent\u00f3 a la Comunidad Jud\u00eda de Belmonte, donde se desempe\u00f1a como Rabino y expuso los productos kosher que son realizados bajo su supervisi\u00f3n.<\/p>\nngg_shortcode_0_placeholder\n<p><!--:--><\/p>\n<p>&nbsp;<\/p>\n","protected":false},"excerpt":{"rendered":"<p>El 4 de marzo tuvo lugar la XXIV edici\u00f3n de la Feria Internacional de Turismo en Lisboa. El Rabino Elisha Salas, emisario de Shavei Israel en Portugal, particip\u00f3 de la misma presentando la Red de Juder\u00edas, comunidades que cuentan con pasado y patrimonio jud\u00edo. Asimismo,&#8230;<\/p>\n","protected":false},"author":6,"featured_media":0,"comment_status":"closed","ping_status":"closed","sticky":false,"template":"","format":"standard","meta":{"give_campaign_id":0,"_exactmetrics_skip_tracking":false,"_exactmetrics_sitenote_active":false,"_exactmetrics_sitenote_note":"","_exactmetrics_sitenote_category":0,"ngg_post_thumbnail":0,"footnotes":""},"categories":[477],"tags":[],"class_list":["post-29765","post","type-post","status-publish","format-standard","hentry","category-bnei-anusim-fotos"],"yoast_head":"<!-- This site is optimized with the Yoast SEO plugin v27.4 - https:\/\/yoast.com\/product\/yoast-seo-wordpress\/ -->\n<title>Feria Internacional de Turismo en Lisboa - Shavei Israel<\/title>\n<meta name=\"robots\" content=\"index, follow, max-snippet:-1, max-image-preview:large, max-video-preview:-1\" \/>\n<link rel=\"canonical\" href=\"https:\/\/www.shavei.org\/es\/blog\/2016\/04\/14\/international-tourism-fair-in-lisbonferia-internacional-de-turismo-en-lisboa\u05d9\u05e8\u05d9\u05d3-\u05ea\u05d9\u05d9\u05e8\u05d5\u05ea-\u05d1\u05d9\u05e0\u05dc\u05d0\u05d5\u05de\u05d9-\u05d1\u05dc\/\" \/>\n<meta property=\"og:locale\" content=\"es_ES\" \/>\n<meta property=\"og:type\" content=\"article\" \/>\n<meta property=\"og:title\" content=\"Feria Internacional de Turismo en Lisboa - Shavei Israel\" \/>\n<meta property=\"og:description\" content=\"El 4 de marzo tuvo lugar la XXIV edici\u00f3n de la Feria Internacional de Turismo en Lisboa. El Rabino Elisha Salas, emisario de Shavei Israel en Portugal, particip\u00f3 de la misma presentando la Red de Juder\u00edas, comunidades que cuentan con pasado y patrimonio jud\u00edo. Asimismo,...\" \/>\n<meta property=\"og:url\" content=\"https:\/\/www.shavei.org\/es\/blog\/2016\/04\/14\/international-tourism-fair-in-lisbonferia-internacional-de-turismo-en-lisboa\u05d9\u05e8\u05d9\u05d3-\u05ea\u05d9\u05d9\u05e8\u05d5\u05ea-\u05d1\u05d9\u05e0\u05dc\u05d0\u05d5\u05de\u05d9-\u05d1\u05dc\/\" \/>\n<meta property=\"og:site_name\" content=\"Shavei Israel\" \/>\n<meta property=\"article:published_time\" content=\"2016-04-14T11:00:44+00:00\" \/>\n<meta name=\"author\" content=\"Tzivia Kusminsky\" \/>\n<meta name=\"twitter:card\" content=\"summary_large_image\" \/>\n<meta name=\"twitter:label1\" content=\"Escrito por\" \/>\n\t<meta name=\"twitter:data1\" content=\"\" \/>\n<script type=\"application\/ld+json\" class=\"yoast-schema-graph\">{\"@context\":\"https:\\\/\\\/schema.org\",\"@graph\":[{\"@type\":\"Article\",\"@id\":\"https:\\\/\\\/www.shavei.org\\\/es\\\/blog\\\/2016\\\/04\\\/14\\\/international-tourism-fair-in-lisbonferia-internacional-de-turismo-en-lisboa%d7%99%d7%a8%d7%99%d7%93-%d7%aa%d7%99%d7%99%d7%a8%d7%95%d7%aa-%d7%91%d7%99%d7%a0%d7%9c%d7%90%d7%95%d7%9e%d7%99-%d7%91%d7%9c\\\/#article\",\"isPartOf\":{\"@id\":\"https:\\\/\\\/www.shavei.org\\\/es\\\/blog\\\/2016\\\/04\\\/14\\\/international-tourism-fair-in-lisbonferia-internacional-de-turismo-en-lisboa%d7%99%d7%a8%d7%99%d7%93-%d7%aa%d7%99%d7%99%d7%a8%d7%95%d7%aa-%d7%91%d7%99%d7%a0%d7%9c%d7%90%d7%95%d7%9e%d7%99-%d7%91%d7%9c\\\/\"},\"author\":{\"name\":\"Tzivia Kusminsky\",\"@id\":\"https:\\\/\\\/www.shavei.org\\\/#\\\/schema\\\/person\\\/c70fe77fbbc9468d59c8cc80b2586ba9\"},\"headline\":\"Feria Internacional de Turismo en Lisboa\",\"datePublished\":\"2016-04-14T11:00:44+00:00\",\"mainEntityOfPage\":{\"@id\":\"https:\\\/\\\/www.shavei.org\\\/es\\\/blog\\\/2016\\\/04\\\/14\\\/international-tourism-fair-in-lisbonferia-internacional-de-turismo-en-lisboa%d7%99%d7%a8%d7%99%d7%93-%d7%aa%d7%99%d7%99%d7%a8%d7%95%d7%aa-%d7%91%d7%99%d7%a0%d7%9c%d7%90%d7%95%d7%9e%d7%99-%d7%91%d7%9c\\\/\"},\"wordCount\":84,\"publisher\":{\"@id\":\"https:\\\/\\\/www.shavei.org\\\/#organization\"},\"articleSection\":[\"Bnei Anusim: Fotos\"],\"inLanguage\":\"es\"},{\"@type\":\"WebPage\",\"@id\":\"https:\\\/\\\/www.shavei.org\\\/es\\\/blog\\\/2016\\\/04\\\/14\\\/international-tourism-fair-in-lisbonferia-internacional-de-turismo-en-lisboa%d7%99%d7%a8%d7%99%d7%93-%d7%aa%d7%99%d7%99%d7%a8%d7%95%d7%aa-%d7%91%d7%99%d7%a0%d7%9c%d7%90%d7%95%d7%9e%d7%99-%d7%91%d7%9c\\\/\",\"url\":\"https:\\\/\\\/www.shavei.org\\\/es\\\/blog\\\/2016\\\/04\\\/14\\\/international-tourism-fair-in-lisbonferia-internacional-de-turismo-en-lisboa%d7%99%d7%a8%d7%99%d7%93-%d7%aa%d7%99%d7%99%d7%a8%d7%95%d7%aa-%d7%91%d7%99%d7%a0%d7%9c%d7%90%d7%95%d7%9e%d7%99-%d7%91%d7%9c\\\/\",\"name\":\"Feria Internacional de Turismo en Lisboa - Shavei Israel\",\"isPartOf\":{\"@id\":\"https:\\\/\\\/www.shavei.org\\\/#website\"},\"datePublished\":\"2016-04-14T11:00:44+00:00\",\"breadcrumb\":{\"@id\":\"https:\\\/\\\/www.shavei.org\\\/es\\\/blog\\\/2016\\\/04\\\/14\\\/international-tourism-fair-in-lisbonferia-internacional-de-turismo-en-lisboa%d7%99%d7%a8%d7%99%d7%93-%d7%aa%d7%99%d7%99%d7%a8%d7%95%d7%aa-%d7%91%d7%99%d7%a0%d7%9c%d7%90%d7%95%d7%9e%d7%99-%d7%91%d7%9c\\\/#breadcrumb\"},\"inLanguage\":\"es\",\"potentialAction\":[{\"@type\":\"ReadAction\",\"target\":[\"https:\\\/\\\/www.shavei.org\\\/es\\\/blog\\\/2016\\\/04\\\/14\\\/international-tourism-fair-in-lisbonferia-internacional-de-turismo-en-lisboa%d7%99%d7%a8%d7%99%d7%93-%d7%aa%d7%99%d7%99%d7%a8%d7%95%d7%aa-%d7%91%d7%99%d7%a0%d7%9c%d7%90%d7%95%d7%9e%d7%99-%d7%91%d7%9c\\\/\"]}]},{\"@type\":\"BreadcrumbList\",\"@id\":\"https:\\\/\\\/www.shavei.org\\\/es\\\/blog\\\/2016\\\/04\\\/14\\\/international-tourism-fair-in-lisbonferia-internacional-de-turismo-en-lisboa%d7%99%d7%a8%d7%99%d7%93-%d7%aa%d7%99%d7%99%d7%a8%d7%95%d7%aa-%d7%91%d7%99%d7%a0%d7%9c%d7%90%d7%95%d7%9e%d7%99-%d7%91%d7%9c\\\/#breadcrumb\",\"itemListElement\":[{\"@type\":\"ListItem\",\"position\":1,\"name\":\"Home\",\"item\":\"https:\\\/\\\/www.shavei.org\\\/es\\\/\"},{\"@type\":\"ListItem\",\"position\":2,\"name\":\"Feria Internacional de Turismo en Lisboa\"}]},{\"@type\":\"WebSite\",\"@id\":\"https:\\\/\\\/www.shavei.org\\\/#website\",\"url\":\"https:\\\/\\\/www.shavei.org\\\/\",\"name\":\"Shavei Israel\",\"description\":\"One nation, many faces. We help them all return.\",\"publisher\":{\"@id\":\"https:\\\/\\\/www.shavei.org\\\/#organization\"},\"potentialAction\":[{\"@type\":\"SearchAction\",\"target\":{\"@type\":\"EntryPoint\",\"urlTemplate\":\"https:\\\/\\\/www.shavei.org\\\/?s={search_term_string}\"},\"query-input\":{\"@type\":\"PropertyValueSpecification\",\"valueRequired\":true,\"valueName\":\"search_term_string\"}}],\"inLanguage\":\"es\"},{\"@type\":\"Organization\",\"@id\":\"https:\\\/\\\/www.shavei.org\\\/#organization\",\"name\":\"Shavei Israel\",\"url\":\"https:\\\/\\\/www.shavei.org\\\/\",\"logo\":{\"@type\":\"ImageObject\",\"inLanguage\":\"es\",\"@id\":\"https:\\\/\\\/www.shavei.org\\\/#\\\/schema\\\/logo\\\/image\\\/\",\"url\":\"https:\\\/\\\/www.shavei.org\\\/wp-content\\\/uploads\\\/2017\\\/10\\\/shavei-logo.jpg\",\"contentUrl\":\"https:\\\/\\\/www.shavei.org\\\/wp-content\\\/uploads\\\/2017\\\/10\\\/shavei-logo.jpg\",\"width\":300,\"height\":285,\"caption\":\"Shavei Israel\"},\"image\":{\"@id\":\"https:\\\/\\\/www.shavei.org\\\/#\\\/schema\\\/logo\\\/image\\\/\"}},{\"@type\":\"Person\",\"@id\":\"https:\\\/\\\/www.shavei.org\\\/#\\\/schema\\\/person\\\/c70fe77fbbc9468d59c8cc80b2586ba9\",\"name\":\"Tzivia Kusminsky\",\"image\":{\"@type\":\"ImageObject\",\"inLanguage\":\"es\",\"@id\":\"https:\\\/\\\/secure.gravatar.com\\\/avatar\\\/73ed388a734b8872dba96a8638453a180808c0f5594ee73603e7b482d08fcc4e?s=96&d=mm&r=g\",\"url\":\"https:\\\/\\\/secure.gravatar.com\\\/avatar\\\/73ed388a734b8872dba96a8638453a180808c0f5594ee73603e7b482d08fcc4e?s=96&d=mm&r=g\",\"contentUrl\":\"https:\\\/\\\/secure.gravatar.com\\\/avatar\\\/73ed388a734b8872dba96a8638453a180808c0f5594ee73603e7b482d08fcc4e?s=96&d=mm&r=g\",\"caption\":\"Tzivia Kusminsky\"},\"url\":\"https:\\\/\\\/www.shavei.org\\\/es\\\/blog\\\/author\\\/tziviak\\\/\"}]}<\/script>\n<!-- \/ Yoast SEO plugin. -->","yoast_head_json":{"title":"Feria Internacional de Turismo en Lisboa - Shavei Israel","robots":{"index":"index","follow":"follow","max-snippet":"max-snippet:-1","max-image-preview":"max-image-preview:large","max-video-preview":"max-video-preview:-1"},"canonical":"https:\/\/www.shavei.org\/es\/blog\/2016\/04\/14\/international-tourism-fair-in-lisbonferia-internacional-de-turismo-en-lisboa\u05d9\u05e8\u05d9\u05d3-\u05ea\u05d9\u05d9\u05e8\u05d5\u05ea-\u05d1\u05d9\u05e0\u05dc\u05d0\u05d5\u05de\u05d9-\u05d1\u05dc\/","og_locale":"es_ES","og_type":"article","og_title":"Feria Internacional de Turismo en Lisboa - Shavei Israel","og_description":"El 4 de marzo tuvo lugar la XXIV edici\u00f3n de la Feria Internacional de Turismo en Lisboa. El Rabino Elisha Salas, emisario de Shavei Israel en Portugal, particip\u00f3 de la misma presentando la Red de Juder\u00edas, comunidades que cuentan con pasado y patrimonio jud\u00edo. Asimismo,...","og_url":"https:\/\/www.shavei.org\/es\/blog\/2016\/04\/14\/international-tourism-fair-in-lisbonferia-internacional-de-turismo-en-lisboa\u05d9\u05e8\u05d9\u05d3-\u05ea\u05d9\u05d9\u05e8\u05d5\u05ea-\u05d1\u05d9\u05e0\u05dc\u05d0\u05d5\u05de\u05d9-\u05d1\u05dc\/","og_site_name":"Shavei Israel","article_published_time":"2016-04-14T11:00:44+00:00","author":"Tzivia Kusminsky","twitter_card":"summary_large_image","twitter_misc":{"Escrito por":false},"schema":{"@context":"https:\/\/schema.org","@graph":[{"@type":"Article","@id":"https:\/\/www.shavei.org\/es\/blog\/2016\/04\/14\/international-tourism-fair-in-lisbonferia-internacional-de-turismo-en-lisboa%d7%99%d7%a8%d7%99%d7%93-%d7%aa%d7%99%d7%99%d7%a8%d7%95%d7%aa-%d7%91%d7%99%d7%a0%d7%9c%d7%90%d7%95%d7%9e%d7%99-%d7%91%d7%9c\/#article","isPartOf":{"@id":"https:\/\/www.shavei.org\/es\/blog\/2016\/04\/14\/international-tourism-fair-in-lisbonferia-internacional-de-turismo-en-lisboa%d7%99%d7%a8%d7%99%d7%93-%d7%aa%d7%99%d7%99%d7%a8%d7%95%d7%aa-%d7%91%d7%99%d7%a0%d7%9c%d7%90%d7%95%d7%9e%d7%99-%d7%91%d7%9c\/"},"author":{"name":"Tzivia Kusminsky","@id":"https:\/\/www.shavei.org\/#\/schema\/person\/c70fe77fbbc9468d59c8cc80b2586ba9"},"headline":"Feria Internacional de Turismo en Lisboa","datePublished":"2016-04-14T11:00:44+00:00","mainEntityOfPage":{"@id":"https:\/\/www.shavei.org\/es\/blog\/2016\/04\/14\/international-tourism-fair-in-lisbonferia-internacional-de-turismo-en-lisboa%d7%99%d7%a8%d7%99%d7%93-%d7%aa%d7%99%d7%99%d7%a8%d7%95%d7%aa-%d7%91%d7%99%d7%a0%d7%9c%d7%90%d7%95%d7%9e%d7%99-%d7%91%d7%9c\/"},"wordCount":84,"publisher":{"@id":"https:\/\/www.shavei.org\/#organization"},"articleSection":["Bnei Anusim: Fotos"],"inLanguage":"es"},{"@type":"WebPage","@id":"https:\/\/www.shavei.org\/es\/blog\/2016\/04\/14\/international-tourism-fair-in-lisbonferia-internacional-de-turismo-en-lisboa%d7%99%d7%a8%d7%99%d7%93-%d7%aa%d7%99%d7%99%d7%a8%d7%95%d7%aa-%d7%91%d7%99%d7%a0%d7%9c%d7%90%d7%95%d7%9e%d7%99-%d7%91%d7%9c\/","url":"https:\/\/www.shavei.org\/es\/blog\/2016\/04\/14\/international-tourism-fair-in-lisbonferia-internacional-de-turismo-en-lisboa%d7%99%d7%a8%d7%99%d7%93-%d7%aa%d7%99%d7%99%d7%a8%d7%95%d7%aa-%d7%91%d7%99%d7%a0%d7%9c%d7%90%d7%95%d7%9e%d7%99-%d7%91%d7%9c\/","name":"Feria Internacional de Turismo en Lisboa - Shavei Israel","isPartOf":{"@id":"https:\/\/www.shavei.org\/#website"},"datePublished":"2016-04-14T11:00:44+00:00","breadcrumb":{"@id":"https:\/\/www.shavei.org\/es\/blog\/2016\/04\/14\/international-tourism-fair-in-lisbonferia-internacional-de-turismo-en-lisboa%d7%99%d7%a8%d7%99%d7%93-%d7%aa%d7%99%d7%99%d7%a8%d7%95%d7%aa-%d7%91%d7%99%d7%a0%d7%9c%d7%90%d7%95%d7%9e%d7%99-%d7%91%d7%9c\/#breadcrumb"},"inLanguage":"es","potentialAction":[{"@type":"ReadAction","target":["https:\/\/www.shavei.org\/es\/blog\/2016\/04\/14\/international-tourism-fair-in-lisbonferia-internacional-de-turismo-en-lisboa%d7%99%d7%a8%d7%99%d7%93-%d7%aa%d7%99%d7%99%d7%a8%d7%95%d7%aa-%d7%91%d7%99%d7%a0%d7%9c%d7%90%d7%95%d7%9e%d7%99-%d7%91%d7%9c\/"]}]},{"@type":"BreadcrumbList","@id":"https:\/\/www.shavei.org\/es\/blog\/2016\/04\/14\/international-tourism-fair-in-lisbonferia-internacional-de-turismo-en-lisboa%d7%99%d7%a8%d7%99%d7%93-%d7%aa%d7%99%d7%99%d7%a8%d7%95%d7%aa-%d7%91%d7%99%d7%a0%d7%9c%d7%90%d7%95%d7%9e%d7%99-%d7%91%d7%9c\/#breadcrumb","itemListElement":[{"@type":"ListItem","position":1,"name":"Home","item":"https:\/\/www.shavei.org\/es\/"},{"@type":"ListItem","position":2,"name":"Feria Internacional de Turismo en Lisboa"}]},{"@type":"WebSite","@id":"https:\/\/www.shavei.org\/#website","url":"https:\/\/www.shavei.org\/","name":"Shavei Israel","description":"One nation, many faces. We help them all return.","publisher":{"@id":"https:\/\/www.shavei.org\/#organization"},"potentialAction":[{"@type":"SearchAction","target":{"@type":"EntryPoint","urlTemplate":"https:\/\/www.shavei.org\/?s={search_term_string}"},"query-input":{"@type":"PropertyValueSpecification","valueRequired":true,"valueName":"search_term_string"}}],"inLanguage":"es"},{"@type":"Organization","@id":"https:\/\/www.shavei.org\/#organization","name":"Shavei Israel","url":"https:\/\/www.shavei.org\/","logo":{"@type":"ImageObject","inLanguage":"es","@id":"https:\/\/www.shavei.org\/#\/schema\/logo\/image\/","url":"https:\/\/www.shavei.org\/wp-content\/uploads\/2017\/10\/shavei-logo.jpg","contentUrl":"https:\/\/www.shavei.org\/wp-content\/uploads\/2017\/10\/shavei-logo.jpg","width":300,"height":285,"caption":"Shavei Israel"},"image":{"@id":"https:\/\/www.shavei.org\/#\/schema\/logo\/image\/"}},{"@type":"Person","@id":"https:\/\/www.shavei.org\/#\/schema\/person\/c70fe77fbbc9468d59c8cc80b2586ba9","name":"Tzivia Kusminsky","image":{"@type":"ImageObject","inLanguage":"es","@id":"https:\/\/secure.gravatar.com\/avatar\/73ed388a734b8872dba96a8638453a180808c0f5594ee73603e7b482d08fcc4e?s=96&d=mm&r=g","url":"https:\/\/secure.gravatar.com\/avatar\/73ed388a734b8872dba96a8638453a180808c0f5594ee73603e7b482d08fcc4e?s=96&d=mm&r=g","contentUrl":"https:\/\/secure.gravatar.com\/avatar\/73ed388a734b8872dba96a8638453a180808c0f5594ee73603e7b482d08fcc4e?s=96&d=mm&r=g","caption":"Tzivia Kusminsky"},"url":"https:\/\/www.shavei.org\/es\/blog\/author\/tziviak\/"}]}},"_links":{"self":[{"href":"https:\/\/www.shavei.org\/es\/wp-json\/wp\/v2\/posts\/29765","targetHints":{"allow":["GET"]}}],"collection":[{"href":"https:\/\/www.shavei.org\/es\/wp-json\/wp\/v2\/posts"}],"about":[{"href":"https:\/\/www.shavei.org\/es\/wp-json\/wp\/v2\/types\/post"}],"author":[{"embeddable":true,"href":"https:\/\/www.shavei.org\/es\/wp-json\/wp\/v2\/users\/6"}],"replies":[{"embeddable":true,"href":"https:\/\/www.shavei.org\/es\/wp-json\/wp\/v2\/comments?post=29765"}],"version-history":[{"count":1,"href":"https:\/\/www.shavei.org\/es\/wp-json\/wp\/v2\/posts\/29765\/revisions"}],"predecessor-version":[{"id":29799,"href":"https:\/\/www.shavei.org\/es\/wp-json\/wp\/v2\/posts\/29765\/revisions\/29799"}],"wp:attachment":[{"href":"https:\/\/www.shavei.org\/es\/wp-json\/wp\/v2\/media?parent=29765"}],"wp:term":[{"taxonomy":"category","embeddable":true,"href":"https:\/\/www.shavei.org\/es\/wp-json\/wp\/v2\/categories?post=29765"},{"taxonomy":"post_tag","embeddable":true,"href":"https:\/\/www.shavei.org\/es\/wp-json\/wp\/v2\/tags?post=29765"}],"curies":[{"name":"wp","href":"https:\/\/api.w.org\/{rel}","templated":true}]}}