{"id":29719,"date":"2016-04-14T10:40:45","date_gmt":"2016-04-14T10:40:45","guid":{"rendered":"https:\/\/www.shavei.org\/es\/?p=29719"},"modified":"2016-04-14T10:40:45","modified_gmt":"2016-04-14T10:40:45","slug":"red-de-juderias-portugal%d7%a8%d7%a9%d7%aa-%d7%97%d7%95%d7%93%d7%a8%d7%99%d7%90%d7%a1-%d7%a4%d7%95%d7%a8%d7%95%d7%98%d7%95%d7%92%d7%9c","status":"publish","type":"post","link":"https:\/\/www.shavei.org\/es\/blog\/2016\/04\/14\/red-de-juderias-portugal%d7%a8%d7%a9%d7%aa-%d7%97%d7%95%d7%93%d7%a8%d7%99%d7%90%d7%a1-%d7%a4%d7%95%d7%a8%d7%95%d7%98%d7%95%d7%92%d7%9c\/","title":{"rendered":"Red de Juder\u00edas Portugal"},"content":{"rendered":"<p><!--:es-->El d\u00eda 26 de Junio, tuvo lugar la primera sesi\u00f3n del Comit\u00e9 Consultivo de la Red de Juder\u00edas de Portugal, realizada en la C\u00e1mara Municipal de Guarda, del cual forma parte nuestro emisario, el Rabino Elisha Salas. Con el apoyo del presidente de la C\u00e1mara, y los organizadores de la Red de Juder\u00edas, pudieron reunirse todos aquellos que fueron \u201cinvitados\u201d a ser parte de este Consejo, cuya finalidad es apoyar, orientar, y procurar un buen desarrollo en este per\u00edodo de formaci\u00f3n de la red, como su mantenci\u00f3n en el futuro. Al finalizar el encuentro, dieron un paseo por la ciudad de Guarda, y presenciaron una representaci\u00f3n callejera, acerca de una dama que viv\u00eda en la antigua juder\u00eda, y que fue v\u00edctima de la Inquisici\u00f3n\u2026 una excelente representaci\u00f3n, la cual les dio muchas fuerzas de continuar, en los caminos de reconstrucci\u00f3n de la identidad jud\u00eda en Portugal, y tal vez, llevar un poco de justicia a nuestros hermanos que sufrieron all\u00ed en el pasado.\u00a0Puede ver las fotos del evento aqu\u00ed.<\/p>\nngg_shortcode_0_placeholder\n<p><!--:--><\/p>\n<p>&nbsp;<\/p>\n","protected":false},"excerpt":{"rendered":"<p>El d\u00eda 26 de Junio, tuvo lugar la primera sesi\u00f3n del Comit\u00e9 Consultivo de la Red de Juder\u00edas de Portugal, realizada en la C\u00e1mara Municipal de Guarda, del cual forma parte nuestro emisario, el Rabino Elisha Salas. Con el apoyo del presidente de la C\u00e1mara,&#8230;<\/p>\n","protected":false},"author":6,"featured_media":0,"comment_status":"closed","ping_status":"closed","sticky":false,"template":"","format":"standard","meta":{"give_campaign_id":0,"_exactmetrics_skip_tracking":false,"_exactmetrics_sitenote_active":false,"_exactmetrics_sitenote_note":"","_exactmetrics_sitenote_category":0,"ngg_post_thumbnail":0,"footnotes":""},"categories":[477],"tags":[],"class_list":["post-29719","post","type-post","status-publish","format-standard","hentry","category-bnei-anusim-fotos"],"yoast_head":"<!-- This site is optimized with the Yoast SEO plugin v27.4 - https:\/\/yoast.com\/product\/yoast-seo-wordpress\/ -->\n<title>Red de Juder\u00edas Portugal - Shavei Israel<\/title>\n<meta name=\"robots\" content=\"index, follow, max-snippet:-1, max-image-preview:large, max-video-preview:-1\" \/>\n<link rel=\"canonical\" href=\"https:\/\/www.shavei.org\/es\/blog\/2016\/04\/14\/red-de-juderias-portugal\u05e8\u05e9\u05ea-\u05d7\u05d5\u05d3\u05e8\u05d9\u05d0\u05e1-\u05e4\u05d5\u05e8\u05d5\u05d8\u05d5\u05d2\u05dc\/\" \/>\n<meta property=\"og:locale\" content=\"es_ES\" \/>\n<meta property=\"og:type\" content=\"article\" \/>\n<meta property=\"og:title\" content=\"Red de Juder\u00edas Portugal - Shavei Israel\" \/>\n<meta property=\"og:description\" content=\"El d\u00eda 26 de Junio, tuvo lugar la primera sesi\u00f3n del Comit\u00e9 Consultivo de la Red de Juder\u00edas de Portugal, realizada en la C\u00e1mara Municipal de Guarda, del cual forma parte nuestro emisario, el Rabino Elisha Salas. Con el apoyo del presidente de la C\u00e1mara,...\" \/>\n<meta property=\"og:url\" content=\"https:\/\/www.shavei.org\/es\/blog\/2016\/04\/14\/red-de-juderias-portugal\u05e8\u05e9\u05ea-\u05d7\u05d5\u05d3\u05e8\u05d9\u05d0\u05e1-\u05e4\u05d5\u05e8\u05d5\u05d8\u05d5\u05d2\u05dc\/\" \/>\n<meta property=\"og:site_name\" content=\"Shavei Israel\" \/>\n<meta property=\"article:published_time\" content=\"2016-04-14T10:40:45+00:00\" \/>\n<meta name=\"author\" content=\"Tzivia Kusminsky\" \/>\n<meta name=\"twitter:card\" content=\"summary_large_image\" \/>\n<meta name=\"twitter:label1\" content=\"Escrito por\" \/>\n\t<meta name=\"twitter:data1\" content=\"\" \/>\n\t<meta name=\"twitter:label2\" content=\"Tiempo de lectura\" \/>\n\t<meta name=\"twitter:data2\" content=\"1 minuto\" \/>\n<script type=\"application\/ld+json\" class=\"yoast-schema-graph\">{\"@context\":\"https:\\\/\\\/schema.org\",\"@graph\":[{\"@type\":\"Article\",\"@id\":\"https:\\\/\\\/www.shavei.org\\\/es\\\/blog\\\/2016\\\/04\\\/14\\\/red-de-juderias-portugal%d7%a8%d7%a9%d7%aa-%d7%97%d7%95%d7%93%d7%a8%d7%99%d7%90%d7%a1-%d7%a4%d7%95%d7%a8%d7%95%d7%98%d7%95%d7%92%d7%9c\\\/#article\",\"isPartOf\":{\"@id\":\"https:\\\/\\\/www.shavei.org\\\/es\\\/blog\\\/2016\\\/04\\\/14\\\/red-de-juderias-portugal%d7%a8%d7%a9%d7%aa-%d7%97%d7%95%d7%93%d7%a8%d7%99%d7%90%d7%a1-%d7%a4%d7%95%d7%a8%d7%95%d7%98%d7%95%d7%92%d7%9c\\\/\"},\"author\":{\"name\":\"Tzivia Kusminsky\",\"@id\":\"https:\\\/\\\/www.shavei.org\\\/#\\\/schema\\\/person\\\/c70fe77fbbc9468d59c8cc80b2586ba9\"},\"headline\":\"Red de Juder\u00edas Portugal\",\"datePublished\":\"2016-04-14T10:40:45+00:00\",\"mainEntityOfPage\":{\"@id\":\"https:\\\/\\\/www.shavei.org\\\/es\\\/blog\\\/2016\\\/04\\\/14\\\/red-de-juderias-portugal%d7%a8%d7%a9%d7%aa-%d7%97%d7%95%d7%93%d7%a8%d7%99%d7%90%d7%a1-%d7%a4%d7%95%d7%a8%d7%95%d7%98%d7%95%d7%92%d7%9c\\\/\"},\"wordCount\":194,\"publisher\":{\"@id\":\"https:\\\/\\\/www.shavei.org\\\/#organization\"},\"articleSection\":[\"Bnei Anusim: Fotos\"],\"inLanguage\":\"es\"},{\"@type\":\"WebPage\",\"@id\":\"https:\\\/\\\/www.shavei.org\\\/es\\\/blog\\\/2016\\\/04\\\/14\\\/red-de-juderias-portugal%d7%a8%d7%a9%d7%aa-%d7%97%d7%95%d7%93%d7%a8%d7%99%d7%90%d7%a1-%d7%a4%d7%95%d7%a8%d7%95%d7%98%d7%95%d7%92%d7%9c\\\/\",\"url\":\"https:\\\/\\\/www.shavei.org\\\/es\\\/blog\\\/2016\\\/04\\\/14\\\/red-de-juderias-portugal%d7%a8%d7%a9%d7%aa-%d7%97%d7%95%d7%93%d7%a8%d7%99%d7%90%d7%a1-%d7%a4%d7%95%d7%a8%d7%95%d7%98%d7%95%d7%92%d7%9c\\\/\",\"name\":\"Red de Juder\u00edas Portugal - Shavei Israel\",\"isPartOf\":{\"@id\":\"https:\\\/\\\/www.shavei.org\\\/#website\"},\"datePublished\":\"2016-04-14T10:40:45+00:00\",\"breadcrumb\":{\"@id\":\"https:\\\/\\\/www.shavei.org\\\/es\\\/blog\\\/2016\\\/04\\\/14\\\/red-de-juderias-portugal%d7%a8%d7%a9%d7%aa-%d7%97%d7%95%d7%93%d7%a8%d7%99%d7%90%d7%a1-%d7%a4%d7%95%d7%a8%d7%95%d7%98%d7%95%d7%92%d7%9c\\\/#breadcrumb\"},\"inLanguage\":\"es\",\"potentialAction\":[{\"@type\":\"ReadAction\",\"target\":[\"https:\\\/\\\/www.shavei.org\\\/es\\\/blog\\\/2016\\\/04\\\/14\\\/red-de-juderias-portugal%d7%a8%d7%a9%d7%aa-%d7%97%d7%95%d7%93%d7%a8%d7%99%d7%90%d7%a1-%d7%a4%d7%95%d7%a8%d7%95%d7%98%d7%95%d7%92%d7%9c\\\/\"]}]},{\"@type\":\"BreadcrumbList\",\"@id\":\"https:\\\/\\\/www.shavei.org\\\/es\\\/blog\\\/2016\\\/04\\\/14\\\/red-de-juderias-portugal%d7%a8%d7%a9%d7%aa-%d7%97%d7%95%d7%93%d7%a8%d7%99%d7%90%d7%a1-%d7%a4%d7%95%d7%a8%d7%95%d7%98%d7%95%d7%92%d7%9c\\\/#breadcrumb\",\"itemListElement\":[{\"@type\":\"ListItem\",\"position\":1,\"name\":\"Home\",\"item\":\"https:\\\/\\\/www.shavei.org\\\/es\\\/\"},{\"@type\":\"ListItem\",\"position\":2,\"name\":\"Red de Juder\u00edas Portugal\"}]},{\"@type\":\"WebSite\",\"@id\":\"https:\\\/\\\/www.shavei.org\\\/#website\",\"url\":\"https:\\\/\\\/www.shavei.org\\\/\",\"name\":\"Shavei Israel\",\"description\":\"One nation, many faces. We help them all return.\",\"publisher\":{\"@id\":\"https:\\\/\\\/www.shavei.org\\\/#organization\"},\"potentialAction\":[{\"@type\":\"SearchAction\",\"target\":{\"@type\":\"EntryPoint\",\"urlTemplate\":\"https:\\\/\\\/www.shavei.org\\\/?s={search_term_string}\"},\"query-input\":{\"@type\":\"PropertyValueSpecification\",\"valueRequired\":true,\"valueName\":\"search_term_string\"}}],\"inLanguage\":\"es\"},{\"@type\":\"Organization\",\"@id\":\"https:\\\/\\\/www.shavei.org\\\/#organization\",\"name\":\"Shavei Israel\",\"url\":\"https:\\\/\\\/www.shavei.org\\\/\",\"logo\":{\"@type\":\"ImageObject\",\"inLanguage\":\"es\",\"@id\":\"https:\\\/\\\/www.shavei.org\\\/#\\\/schema\\\/logo\\\/image\\\/\",\"url\":\"https:\\\/\\\/www.shavei.org\\\/wp-content\\\/uploads\\\/2017\\\/10\\\/shavei-logo.jpg\",\"contentUrl\":\"https:\\\/\\\/www.shavei.org\\\/wp-content\\\/uploads\\\/2017\\\/10\\\/shavei-logo.jpg\",\"width\":300,\"height\":285,\"caption\":\"Shavei Israel\"},\"image\":{\"@id\":\"https:\\\/\\\/www.shavei.org\\\/#\\\/schema\\\/logo\\\/image\\\/\"}},{\"@type\":\"Person\",\"@id\":\"https:\\\/\\\/www.shavei.org\\\/#\\\/schema\\\/person\\\/c70fe77fbbc9468d59c8cc80b2586ba9\",\"name\":\"Tzivia Kusminsky\",\"image\":{\"@type\":\"ImageObject\",\"inLanguage\":\"es\",\"@id\":\"https:\\\/\\\/secure.gravatar.com\\\/avatar\\\/73ed388a734b8872dba96a8638453a180808c0f5594ee73603e7b482d08fcc4e?s=96&d=mm&r=g\",\"url\":\"https:\\\/\\\/secure.gravatar.com\\\/avatar\\\/73ed388a734b8872dba96a8638453a180808c0f5594ee73603e7b482d08fcc4e?s=96&d=mm&r=g\",\"contentUrl\":\"https:\\\/\\\/secure.gravatar.com\\\/avatar\\\/73ed388a734b8872dba96a8638453a180808c0f5594ee73603e7b482d08fcc4e?s=96&d=mm&r=g\",\"caption\":\"Tzivia Kusminsky\"},\"url\":\"https:\\\/\\\/www.shavei.org\\\/es\\\/blog\\\/author\\\/tziviak\\\/\"}]}<\/script>\n<!-- \/ Yoast SEO plugin. -->","yoast_head_json":{"title":"Red de Juder\u00edas Portugal - Shavei Israel","robots":{"index":"index","follow":"follow","max-snippet":"max-snippet:-1","max-image-preview":"max-image-preview:large","max-video-preview":"max-video-preview:-1"},"canonical":"https:\/\/www.shavei.org\/es\/blog\/2016\/04\/14\/red-de-juderias-portugal\u05e8\u05e9\u05ea-\u05d7\u05d5\u05d3\u05e8\u05d9\u05d0\u05e1-\u05e4\u05d5\u05e8\u05d5\u05d8\u05d5\u05d2\u05dc\/","og_locale":"es_ES","og_type":"article","og_title":"Red de Juder\u00edas Portugal - Shavei Israel","og_description":"El d\u00eda 26 de Junio, tuvo lugar la primera sesi\u00f3n del Comit\u00e9 Consultivo de la Red de Juder\u00edas de Portugal, realizada en la C\u00e1mara Municipal de Guarda, del cual forma parte nuestro emisario, el Rabino Elisha Salas. Con el apoyo del presidente de la C\u00e1mara,...","og_url":"https:\/\/www.shavei.org\/es\/blog\/2016\/04\/14\/red-de-juderias-portugal\u05e8\u05e9\u05ea-\u05d7\u05d5\u05d3\u05e8\u05d9\u05d0\u05e1-\u05e4\u05d5\u05e8\u05d5\u05d8\u05d5\u05d2\u05dc\/","og_site_name":"Shavei Israel","article_published_time":"2016-04-14T10:40:45+00:00","author":"Tzivia Kusminsky","twitter_card":"summary_large_image","twitter_misc":{"Escrito por":false,"Tiempo de lectura":"1 minuto"},"schema":{"@context":"https:\/\/schema.org","@graph":[{"@type":"Article","@id":"https:\/\/www.shavei.org\/es\/blog\/2016\/04\/14\/red-de-juderias-portugal%d7%a8%d7%a9%d7%aa-%d7%97%d7%95%d7%93%d7%a8%d7%99%d7%90%d7%a1-%d7%a4%d7%95%d7%a8%d7%95%d7%98%d7%95%d7%92%d7%9c\/#article","isPartOf":{"@id":"https:\/\/www.shavei.org\/es\/blog\/2016\/04\/14\/red-de-juderias-portugal%d7%a8%d7%a9%d7%aa-%d7%97%d7%95%d7%93%d7%a8%d7%99%d7%90%d7%a1-%d7%a4%d7%95%d7%a8%d7%95%d7%98%d7%95%d7%92%d7%9c\/"},"author":{"name":"Tzivia Kusminsky","@id":"https:\/\/www.shavei.org\/#\/schema\/person\/c70fe77fbbc9468d59c8cc80b2586ba9"},"headline":"Red de Juder\u00edas Portugal","datePublished":"2016-04-14T10:40:45+00:00","mainEntityOfPage":{"@id":"https:\/\/www.shavei.org\/es\/blog\/2016\/04\/14\/red-de-juderias-portugal%d7%a8%d7%a9%d7%aa-%d7%97%d7%95%d7%93%d7%a8%d7%99%d7%90%d7%a1-%d7%a4%d7%95%d7%a8%d7%95%d7%98%d7%95%d7%92%d7%9c\/"},"wordCount":194,"publisher":{"@id":"https:\/\/www.shavei.org\/#organization"},"articleSection":["Bnei Anusim: Fotos"],"inLanguage":"es"},{"@type":"WebPage","@id":"https:\/\/www.shavei.org\/es\/blog\/2016\/04\/14\/red-de-juderias-portugal%d7%a8%d7%a9%d7%aa-%d7%97%d7%95%d7%93%d7%a8%d7%99%d7%90%d7%a1-%d7%a4%d7%95%d7%a8%d7%95%d7%98%d7%95%d7%92%d7%9c\/","url":"https:\/\/www.shavei.org\/es\/blog\/2016\/04\/14\/red-de-juderias-portugal%d7%a8%d7%a9%d7%aa-%d7%97%d7%95%d7%93%d7%a8%d7%99%d7%90%d7%a1-%d7%a4%d7%95%d7%a8%d7%95%d7%98%d7%95%d7%92%d7%9c\/","name":"Red de Juder\u00edas Portugal - Shavei Israel","isPartOf":{"@id":"https:\/\/www.shavei.org\/#website"},"datePublished":"2016-04-14T10:40:45+00:00","breadcrumb":{"@id":"https:\/\/www.shavei.org\/es\/blog\/2016\/04\/14\/red-de-juderias-portugal%d7%a8%d7%a9%d7%aa-%d7%97%d7%95%d7%93%d7%a8%d7%99%d7%90%d7%a1-%d7%a4%d7%95%d7%a8%d7%95%d7%98%d7%95%d7%92%d7%9c\/#breadcrumb"},"inLanguage":"es","potentialAction":[{"@type":"ReadAction","target":["https:\/\/www.shavei.org\/es\/blog\/2016\/04\/14\/red-de-juderias-portugal%d7%a8%d7%a9%d7%aa-%d7%97%d7%95%d7%93%d7%a8%d7%99%d7%90%d7%a1-%d7%a4%d7%95%d7%a8%d7%95%d7%98%d7%95%d7%92%d7%9c\/"]}]},{"@type":"BreadcrumbList","@id":"https:\/\/www.shavei.org\/es\/blog\/2016\/04\/14\/red-de-juderias-portugal%d7%a8%d7%a9%d7%aa-%d7%97%d7%95%d7%93%d7%a8%d7%99%d7%90%d7%a1-%d7%a4%d7%95%d7%a8%d7%95%d7%98%d7%95%d7%92%d7%9c\/#breadcrumb","itemListElement":[{"@type":"ListItem","position":1,"name":"Home","item":"https:\/\/www.shavei.org\/es\/"},{"@type":"ListItem","position":2,"name":"Red de Juder\u00edas Portugal"}]},{"@type":"WebSite","@id":"https:\/\/www.shavei.org\/#website","url":"https:\/\/www.shavei.org\/","name":"Shavei Israel","description":"One nation, many faces. We help them all return.","publisher":{"@id":"https:\/\/www.shavei.org\/#organization"},"potentialAction":[{"@type":"SearchAction","target":{"@type":"EntryPoint","urlTemplate":"https:\/\/www.shavei.org\/?s={search_term_string}"},"query-input":{"@type":"PropertyValueSpecification","valueRequired":true,"valueName":"search_term_string"}}],"inLanguage":"es"},{"@type":"Organization","@id":"https:\/\/www.shavei.org\/#organization","name":"Shavei Israel","url":"https:\/\/www.shavei.org\/","logo":{"@type":"ImageObject","inLanguage":"es","@id":"https:\/\/www.shavei.org\/#\/schema\/logo\/image\/","url":"https:\/\/www.shavei.org\/wp-content\/uploads\/2017\/10\/shavei-logo.jpg","contentUrl":"https:\/\/www.shavei.org\/wp-content\/uploads\/2017\/10\/shavei-logo.jpg","width":300,"height":285,"caption":"Shavei Israel"},"image":{"@id":"https:\/\/www.shavei.org\/#\/schema\/logo\/image\/"}},{"@type":"Person","@id":"https:\/\/www.shavei.org\/#\/schema\/person\/c70fe77fbbc9468d59c8cc80b2586ba9","name":"Tzivia Kusminsky","image":{"@type":"ImageObject","inLanguage":"es","@id":"https:\/\/secure.gravatar.com\/avatar\/73ed388a734b8872dba96a8638453a180808c0f5594ee73603e7b482d08fcc4e?s=96&d=mm&r=g","url":"https:\/\/secure.gravatar.com\/avatar\/73ed388a734b8872dba96a8638453a180808c0f5594ee73603e7b482d08fcc4e?s=96&d=mm&r=g","contentUrl":"https:\/\/secure.gravatar.com\/avatar\/73ed388a734b8872dba96a8638453a180808c0f5594ee73603e7b482d08fcc4e?s=96&d=mm&r=g","caption":"Tzivia Kusminsky"},"url":"https:\/\/www.shavei.org\/es\/blog\/author\/tziviak\/"}]}},"_links":{"self":[{"href":"https:\/\/www.shavei.org\/es\/wp-json\/wp\/v2\/posts\/29719","targetHints":{"allow":["GET"]}}],"collection":[{"href":"https:\/\/www.shavei.org\/es\/wp-json\/wp\/v2\/posts"}],"about":[{"href":"https:\/\/www.shavei.org\/es\/wp-json\/wp\/v2\/types\/post"}],"author":[{"embeddable":true,"href":"https:\/\/www.shavei.org\/es\/wp-json\/wp\/v2\/users\/6"}],"replies":[{"embeddable":true,"href":"https:\/\/www.shavei.org\/es\/wp-json\/wp\/v2\/comments?post=29719"}],"version-history":[{"count":1,"href":"https:\/\/www.shavei.org\/es\/wp-json\/wp\/v2\/posts\/29719\/revisions"}],"predecessor-version":[{"id":29726,"href":"https:\/\/www.shavei.org\/es\/wp-json\/wp\/v2\/posts\/29719\/revisions\/29726"}],"wp:attachment":[{"href":"https:\/\/www.shavei.org\/es\/wp-json\/wp\/v2\/media?parent=29719"}],"wp:term":[{"taxonomy":"category","embeddable":true,"href":"https:\/\/www.shavei.org\/es\/wp-json\/wp\/v2\/categories?post=29719"},{"taxonomy":"post_tag","embeddable":true,"href":"https:\/\/www.shavei.org\/es\/wp-json\/wp\/v2\/tags?post=29719"}],"curies":[{"name":"wp","href":"https:\/\/api.w.org\/{rel}","templated":true}]}}