{"id":29694,"date":"2016-04-12T12:52:28","date_gmt":"2016-04-12T12:52:28","guid":{"rendered":"https:\/\/www.shavei.org\/es\/?p=29694"},"modified":"2017-06-04T12:02:01","modified_gmt":"2017-06-04T10:02:01","slug":"no-sere-cura-baruj-garcia-redescubre-sus-raices-judias-en-barcelona","status":"publish","type":"post","link":"https:\/\/www.shavei.org\/es\/blog\/2016\/04\/12\/no-sere-cura-baruj-garcia-redescubre-sus-raices-judias-en-barcelona\/","title":{"rendered":"No ser\u00e9 cura \u2013 Baruj Garc\u00eda redescubre sus ra\u00edces jud\u00edas en Barcelona"},"content":{"rendered":"<p><!--:en--><\/p>\n<p><!--:--><!--:es--><\/p>\n<p>Baruj Garc\u00eda se encontraba en su cuarto a\u00f1o de estudio para convertirse en cura en Barcelona, Espa\u00f1a, cuando se dio cuenta que ten\u00eda<\/p>\n<div id=\"attachment_9887\" style=\"width: 262px\" class=\"wp-caption alignright\"><a href=\"https:\/\/www.shaveiisrael.com\/wp-content\/uploads\/2012\/10\/Baruch-Garcia.jpg\"><img decoding=\"async\" aria-describedby=\"caption-attachment-9887\" class=\"size-medium wp-image-9887 \" title=\"Baruch Garcia\" src=\"https:\/\/www.shaveiisrael.com\/wp-content\/uploads\/2012\/10\/Baruch-Garcia-252x300.jpg\" alt=\"\" width=\"252\" height=\"300\" \/><\/a><p id=\"caption-attachment-9887\" class=\"wp-caption-text\">Baruch Garcia<\/p><\/div>\n<p>otro llamado m\u00e1s fuerte \u2013 reclamar sus ra\u00edces jud\u00edas como Ben An\u00fas (descendiente de los jud\u00edos espa\u00f1oles y portugueses que fueron\u00a0 forzados a convertirse al cristianismo en la edad media). Con gran coraje dej\u00f3 todo lo que pens\u00f3 que sab\u00eda sobre s\u00ed mismo y se convirti\u00f3 en l\u00edder de la comunidad de Anusim, atendiendo servicios religiosos, organizando encuentros de Bnei Anusim en lugares desolados y escribiendo comentarios sobre la parash\u00e1 en medio sociales tales como facebook.<\/p>\n<p>Ahora, a los 40 a\u00f1os, nos cuenta por primera vez su historia.<\/p>\n<p>En su ni\u00f1ez, Garc\u00eda era un lector voraz. Su madre, a pesar de ser sorda, le ense\u00f1\u00f3 a leer a una edad temprana y \u201cdespert\u00f3 en mi el deseo de conocer el mundo m\u00e1s all\u00e1 de lo que me rodea\u201d, dice Garc\u00eda. Ley\u00f3 todo lo que pudo: libros en zoolog\u00eda, geograf\u00eda, cine, novelas de Jules Verne; incluso el diccionario \u201cel cual le\u00ed muchas veces\u201d.<\/p>\n<p>Pero lo que m\u00e1s le lleg\u00f3 era la colecci\u00f3n de historias b\u00edblicas y los cuentos de los profetas, \u201clos cuales mi madre le\u00eda en el tranv\u00eda cuando era adolescente\u201d, dice.<\/p>\n<p>El inter\u00e9s de Garc\u00eda en libros de fe, era muy contrastante a su vida en una familia la cual describe como \u201ccuatro generaciones de no-creyentes\u201d. Cuando le pidi\u00f3 a su madre que le compre una biblia completa, se rehus\u00f3. Pero el mensaje m\u00e1s fuerte en su \u201ccasa agn\u00f3stica\u201d fue una exhortaci\u00f3n emp\u00e1tica de \u201calejarse de las iglesias\u201d, dice.<\/p>\n<p>Garc\u00eda no pudo. \u201cSent\u00ed que necesitaba que alguien me diga m\u00e1s sobre lo que quiere decir creer; alguien que me responda las preguntas que se me han acumulado durante los a\u00f1os; alguien con quien compartir lo que estaba experimentando\u201d.<\/p>\n<p>Garc\u00eda se acerc\u00f3 secretamente a un cura local y se anot\u00f3 para prepararse para la comuni\u00f3n. \u201cMis padres pr\u00e1cticamente me echaron de la casa cuando lo descubrieron\u201d, recuerda. Finalmente aceptaron, pero se sentaron en silencio al final de la iglesia durante la ceremonia poco familiar. Como descubrir\u00eda m\u00e1s tarde, hab\u00eda una raz\u00f3n secreta para dicho comportamiento.<\/p>\n<p>Luego de su graduaci\u00f3n de la secundaria, Garc\u00eda se inscribi\u00f3 en la universidad con el fin de obtener un t\u00edtulo acad\u00e9mico en ingenier\u00eda de telecomunicaciones mientras que trabajaba como panadero para pagar por sus estudios. Para apaciguar a sus padres, intent\u00f3 dejar sus anhelos espirituales de lado, pero no tuvo \u00e9xito. Comenz\u00f3 a participar en celebraciones de la iglesia. Asist\u00eda a actividades para j\u00f3venes y serv\u00eda como tutor para ni\u00f1os de familias con problemas o discapacidades. E incluso encontr\u00f3 tiempo para leer la biblia y comenzar a rezar los salmos.<\/p>\n<p>Pero Garc\u00eda no estaba satisfecho con su conexi\u00f3n con la iglesia. \u201cAlgo dentro de mi me llevaba en otra direcci\u00f3n\u201d. A\u00fan no sab\u00eda qu\u00e9. \u201cMuchas veces me sent\u00ed insatisfecho y fuera de lugar\u201d, dijo. \u201cEra una especie de ruido en el fondo, como si me hubiese puesto un par de zapatos dos talles m\u00e1s peque\u00f1os que el m\u00edo\u201d.<\/p>\n<p>El cura local, viendo su aflicci\u00f3n, le sugiri\u00f3 un acercamiento m\u00e1s radical y lo impuls\u00f3 a inscribirse en un seminario religioso de cuatro a\u00f1os de estudio en Barcelona. Nuevamente, sus padres se opusieron. \u201cMi padre dej\u00f3 de hablarme. Mi madre no paraba de llorar\u201d.<\/p>\n<p>De todas formas, persever\u00f3 en sus planes. Para su sorpresa, los temas que m\u00e1s le interesaban eran los relacionados con el juda\u00edsmo, especialmente el estudio de los profetas y el hebreo.<\/p>\n<p>\u201cNos ense\u00f1aban a leer hebreo utilizando el primer cap\u00edtulo de Bereshit\u201d, explica Garc\u00eda. \u201cLo le\u00edmos una y otra vez, y aprendimos no solo a leer sino a entender que cada palabra tiene un profundo significado. Estudiamos el lenguaje con un acercamiento ling\u00fc\u00edstico, hist\u00f3rico y espiritual\u201d, dijo, agregando, \u201cno puedes imaginarte la alegr\u00eda y la paz que sent\u00ed\u201d.<\/p>\n<p>Luego, el verano despu\u00e9s de completar el tercer a\u00f1o de estudios en el seminario, viaj\u00f3 a Israel acompa\u00f1ando a un grupo de turistas al cual sirvi\u00f3 de traductor. En Israel, sinti\u00f3 que \u201csitios cristianos me dejaron totalmente indiferentes, pero me sucedi\u00f3 exactamente lo contrario en los lugares jud\u00edos tales como el Kotel\u201d. Si el grupo ten\u00eda tiempo para ir de compras y no necesitaba su traducci\u00f3n \u201ccorr\u00eda al Kotel a rezar\u201d, exclama. Su gu\u00eda de turismo, un jud\u00edo de Argentina, lo alent\u00f3 para que siga explorando sus sentimientos.<\/p>\n<p>Luego de su regreso a Espa\u00f1a, no pudo contener sus dudas. \u201cSupe que de una vez por todas deb\u00eda enfrentar mis conflictos\u201d, dijo. Entonces Garc\u00eda comprendi\u00f3 que no pod\u00eda aceptar los principios de la f\u00e9 cat\u00f3lica. \u201c\u00a1Esto me convirti\u00f3 en un hereje, o incluso peor, un ap\u00f3stata!\u201d. Pero el romper con la iglesia le abri\u00f3 su alma. \u201cEs la misma sensaci\u00f3n que puede sentir un asm\u00e1tico, como si se estuviese ahogando y luego ingresa ox\u00edgeno que llena sus pulmones\u201d, relata.<\/p>\n<p>A pesar de su atracci\u00f3n hacia la tradici\u00f3n jud\u00eda \u2013 \u201cla relaci\u00f3n especial con D-s, el pacto, la misi\u00f3n y el destino de los jud\u00edos\u201d \u2013 estaba atemorizado. \u201cPor lo que opt\u00e9 en convertirme en un Yon\u00e1 t\u00e1ctico\u201d, dijo. \u201cIntent\u00e9 esconderme. A trav\u00e9s de mi trabajo recorr\u00ed el mundo, desde Tierra del Fuego hasta Islandia; desde California a Vietnam. Pero esto, por supuesto, nunca funciona. Mi inter\u00e9s por el juda\u00edsmo no decay\u00f3\u201d.<\/p>\n<p>Por el contrario, Garc\u00eda comenz\u00f3 a sumergirse en libros, incluyendo \u201cQu\u00e9 es el juda\u00edsmo, Una Interpretaci\u00f3n de la Era Moderna\u201d, por Emil Fackenheim, y el libro del Rabino Maurice Lam \u201cVolverse Jud\u00edo\u201d. Comenz\u00f3 a estudiar Tor\u00e1 por su cuenta. Pero a\u00fan no ten\u00eda ning\u00fan profesor; ning\u00fan gu\u00eda en su nuevo mundo.<\/p>\n<p>Pero la fe siempre tiene una forma de saltar y sorprendernos cuando menos la esperamos. \u201cMe di cuenta que deb\u00eda realizar un paso hacia adelante, pero no sab\u00eda c\u00f3mo. Luego, un mes despu\u00e9s, escuch\u00e9 a una nueva colega del trabajo hablar en hebreo por su tel\u00e9fono\u201d, dice excitado. Esta colega era descendiente de Anusim. Garc\u00eda se le acerc\u00f3. \u201cElla me relat\u00f3 su emotiva historia, todo el viaje hasta la inmersi\u00f3n en la mikve y su vida diaria como jud\u00eda ortodoxa\u201d, contin\u00faa. \u201cHasta ese momento, no sab\u00eda si quiera que exist\u00eda una posibilidad de retornar formalmente al juda\u00edsmo. Nunca hab\u00eda conocido a nadie con un curso de vida parecido al m\u00edo. Era indescriptible\u201d.<\/p>\n<p>Desde ese entonces, Garc\u00eda ha estado en contacto con jud\u00edos de todo tipo. Aquellos que viven completamente como jud\u00edos, otros que se encuentran en otra etapa del proceso, algunos descendientes de Anusim y otros no.<\/p>\n<p>Ahora ten\u00eda la posibilidad de reexaminar su infancia; de buscar pistas para su propio legado. R\u00e1pidamente encontr\u00f3 lo que estaba buscando. \u201cHab\u00eda una tradici\u00f3n que miembros de la familia se reun\u00edan los viernes por la noche, antes del atardecer, se ba\u00f1aban y se cortaban las u\u00f1as\u201d, dice. El s\u00e1bado, la familia com\u00eda un guiso de carne tradicional \u2013 como el cholent o el jamin que los jud\u00edos observantes disfrutan hasta hoy en d\u00eda. \u201cY por supuesto, estaba la aversi\u00f3n a la iglesia cat\u00f3lica\u201d.<\/p>\n<p>Comparti\u00f3 sus sospechas con su madre y, esta vez, su reacci\u00f3n fue bastante m\u00e1s positiva. \u201cQuien sabe, quiz\u00e1s tenemos algunos ancestros jud\u00edos\u201d, recuerda Garc\u00eda que le respondi\u00f3 su madre.<\/p>\n<div id=\"attachment_9888\" style=\"width: 310px\" class=\"wp-caption alignleft\"><a href=\"https:\/\/www.shaveiisrael.com\/wp-content\/uploads\/2012\/10\/Baruch-Garcia-2.jpg\"><img decoding=\"async\" aria-describedby=\"caption-attachment-9888\" class=\"size-medium wp-image-9888 \" title=\"Baruch Garcia 2\" src=\"https:\/\/www.shaveiisrael.com\/wp-content\/uploads\/2012\/10\/Baruch-Garcia-2-300x300.jpg\" alt=\"\" width=\"300\" height=\"300\" \/><\/a><p id=\"caption-attachment-9888\" class=\"wp-caption-text\">Baruch Garcia laying tefillin<\/p><\/div>\n<p>Garc\u00eda sabe que el camino por delante ser\u00e1 muy dif\u00edcil. \u201cAhora soy menos ingenuo y m\u00e1s realista que cuando era joven. S\u00e9 que puede haber contratiempos y l\u00e1grimas y rechazos, no solo de la sociedad en la que vivo, pero en algunos casos de las personas a las que quiero unirme\u201d, admite. \u201cPero tambi\u00e9n se la alegr\u00eda que experiment\u00e9 con saber que retornar\u00e9 a casa. Y con esta fe, nadie puede moverme de mi camino\u201d.<\/p>\n<p>El compromiso de Garc\u00eda de convertirse en parte del pueblo jud\u00edo fue recompensado hace unos meses, \u201cluego de casi dos a\u00f1os de estudiar Tor\u00e1 en una yeshiv\u00e1 en Jerusalem, me present\u00e9 ante el Beit Din y realic\u00e9 un retorno formal, completo, con brit mil\u00e1 y tevil\u00e1\u201d. Para concretizar su nuevo status, ser\u00e1 conocido como \u201cBaruj Asai\u00e1\u201d \u2013 literalmente D-s lo hizo \u2013 una buena elecci\u00f3n para la conclusi\u00f3n de su larga b\u00fasqueda y el comienzo de una nueva vida en la Tierra de Israel.<\/p>\n<p>&nbsp;<\/p>\n<p><!--:--><\/p>\n<p>&nbsp;<\/p>\n","protected":false},"excerpt":{"rendered":"<p><!--:es-->Baruj Garc\u00eda se encontraba en su cuarto a\u00f1o de estudio para convertirse en cura en Barcelona, Espa\u00f1a, cuando se dio cuenta que ten\u00eda otro llamado m\u00e1s fuerte \u2013 reclamar sus ra\u00edces jud\u00edas como Ben An\u00fas <!--:--><\/p>\n","protected":false},"author":6,"featured_media":0,"comment_status":"closed","ping_status":"closed","sticky":false,"template":"","format":"standard","meta":{"give_campaign_id":0,"_exactmetrics_skip_tracking":false,"_exactmetrics_sitenote_active":false,"_exactmetrics_sitenote_note":"","_exactmetrics_sitenote_category":0,"ngg_post_thumbnail":0,"footnotes":""},"categories":[1114],"tags":[],"class_list":["post-29694","post","type-post","status-publish","format-standard","hentry","category-historias-personales"],"yoast_head":"<!-- This site is optimized with the Yoast SEO plugin v27.4 - https:\/\/yoast.com\/product\/yoast-seo-wordpress\/ -->\n<title>No ser\u00e9 cura \u2013 Baruj Garc\u00eda redescubre sus ra\u00edces jud\u00edas en Barcelona - Shavei Israel<\/title>\n<meta name=\"robots\" content=\"index, follow, max-snippet:-1, max-image-preview:large, max-video-preview:-1\" \/>\n<link rel=\"canonical\" href=\"https:\/\/www.shavei.org\/es\/blog\/2016\/04\/12\/no-sere-cura-baruj-garcia-redescubre-sus-raices-judias-en-barcelona\/\" \/>\n<meta property=\"og:locale\" content=\"es_ES\" \/>\n<meta property=\"og:type\" content=\"article\" \/>\n<meta property=\"og:title\" content=\"No ser\u00e9 cura \u2013 Baruj Garc\u00eda redescubre sus ra\u00edces jud\u00edas en Barcelona - Shavei Israel\" \/>\n<meta property=\"og:description\" content=\"Baruj Garc\u00eda se encontraba en su cuarto a\u00f1o de estudio para convertirse en cura en Barcelona, Espa\u00f1a, cuando se dio cuenta que ten\u00eda otro llamado m\u00e1s fuerte \u2013 reclamar sus ra\u00edces jud\u00edas como Ben An\u00fas\" \/>\n<meta property=\"og:url\" content=\"https:\/\/www.shavei.org\/es\/blog\/2016\/04\/12\/no-sere-cura-baruj-garcia-redescubre-sus-raices-judias-en-barcelona\/\" \/>\n<meta property=\"og:site_name\" content=\"Shavei Israel\" \/>\n<meta property=\"article:published_time\" content=\"2016-04-12T12:52:28+00:00\" \/>\n<meta property=\"article:modified_time\" content=\"2017-06-04T10:02:01+00:00\" \/>\n<meta property=\"og:image\" content=\"https:\/\/www.shaveiisrael.com\/wp-content\/uploads\/2012\/10\/Baruch-Garcia-252x300.jpg\" \/>\n<meta name=\"author\" content=\"Tzivia Kusminsky\" \/>\n<meta name=\"twitter:card\" content=\"summary_large_image\" \/>\n<meta name=\"twitter:label1\" content=\"Escrito por\" \/>\n\t<meta name=\"twitter:data1\" content=\"\" \/>\n\t<meta name=\"twitter:label2\" content=\"Tiempo de lectura\" \/>\n\t<meta name=\"twitter:data2\" content=\"8 minutos\" \/>\n<script type=\"application\/ld+json\" class=\"yoast-schema-graph\">{\"@context\":\"https:\\\/\\\/schema.org\",\"@graph\":[{\"@type\":\"Article\",\"@id\":\"https:\\\/\\\/www.shavei.org\\\/es\\\/blog\\\/2016\\\/04\\\/12\\\/no-sere-cura-baruj-garcia-redescubre-sus-raices-judias-en-barcelona\\\/#article\",\"isPartOf\":{\"@id\":\"https:\\\/\\\/www.shavei.org\\\/es\\\/blog\\\/2016\\\/04\\\/12\\\/no-sere-cura-baruj-garcia-redescubre-sus-raices-judias-en-barcelona\\\/\"},\"author\":{\"name\":\"Tzivia Kusminsky\",\"@id\":\"https:\\\/\\\/www.shavei.org\\\/#\\\/schema\\\/person\\\/c70fe77fbbc9468d59c8cc80b2586ba9\"},\"headline\":\"No ser\u00e9 cura \u2013 Baruj Garc\u00eda redescubre sus ra\u00edces jud\u00edas en Barcelona\",\"datePublished\":\"2016-04-12T12:52:28+00:00\",\"dateModified\":\"2017-06-04T10:02:01+00:00\",\"mainEntityOfPage\":{\"@id\":\"https:\\\/\\\/www.shavei.org\\\/es\\\/blog\\\/2016\\\/04\\\/12\\\/no-sere-cura-baruj-garcia-redescubre-sus-raices-judias-en-barcelona\\\/\"},\"wordCount\":1529,\"publisher\":{\"@id\":\"https:\\\/\\\/www.shavei.org\\\/#organization\"},\"image\":{\"@id\":\"https:\\\/\\\/www.shavei.org\\\/es\\\/blog\\\/2016\\\/04\\\/12\\\/no-sere-cura-baruj-garcia-redescubre-sus-raices-judias-en-barcelona\\\/#primaryimage\"},\"thumbnailUrl\":\"https:\\\/\\\/www.shaveiisrael.com\\\/wp-content\\\/uploads\\\/2012\\\/10\\\/Baruch-Garcia-252x300.jpg\",\"articleSection\":[\"Historias Personales\"],\"inLanguage\":\"es\"},{\"@type\":\"WebPage\",\"@id\":\"https:\\\/\\\/www.shavei.org\\\/es\\\/blog\\\/2016\\\/04\\\/12\\\/no-sere-cura-baruj-garcia-redescubre-sus-raices-judias-en-barcelona\\\/\",\"url\":\"https:\\\/\\\/www.shavei.org\\\/es\\\/blog\\\/2016\\\/04\\\/12\\\/no-sere-cura-baruj-garcia-redescubre-sus-raices-judias-en-barcelona\\\/\",\"name\":\"No ser\u00e9 cura \u2013 Baruj Garc\u00eda redescubre sus ra\u00edces jud\u00edas en Barcelona - Shavei Israel\",\"isPartOf\":{\"@id\":\"https:\\\/\\\/www.shavei.org\\\/#website\"},\"primaryImageOfPage\":{\"@id\":\"https:\\\/\\\/www.shavei.org\\\/es\\\/blog\\\/2016\\\/04\\\/12\\\/no-sere-cura-baruj-garcia-redescubre-sus-raices-judias-en-barcelona\\\/#primaryimage\"},\"image\":{\"@id\":\"https:\\\/\\\/www.shavei.org\\\/es\\\/blog\\\/2016\\\/04\\\/12\\\/no-sere-cura-baruj-garcia-redescubre-sus-raices-judias-en-barcelona\\\/#primaryimage\"},\"thumbnailUrl\":\"https:\\\/\\\/www.shaveiisrael.com\\\/wp-content\\\/uploads\\\/2012\\\/10\\\/Baruch-Garcia-252x300.jpg\",\"datePublished\":\"2016-04-12T12:52:28+00:00\",\"dateModified\":\"2017-06-04T10:02:01+00:00\",\"breadcrumb\":{\"@id\":\"https:\\\/\\\/www.shavei.org\\\/es\\\/blog\\\/2016\\\/04\\\/12\\\/no-sere-cura-baruj-garcia-redescubre-sus-raices-judias-en-barcelona\\\/#breadcrumb\"},\"inLanguage\":\"es\",\"potentialAction\":[{\"@type\":\"ReadAction\",\"target\":[\"https:\\\/\\\/www.shavei.org\\\/es\\\/blog\\\/2016\\\/04\\\/12\\\/no-sere-cura-baruj-garcia-redescubre-sus-raices-judias-en-barcelona\\\/\"]}]},{\"@type\":\"ImageObject\",\"inLanguage\":\"es\",\"@id\":\"https:\\\/\\\/www.shavei.org\\\/es\\\/blog\\\/2016\\\/04\\\/12\\\/no-sere-cura-baruj-garcia-redescubre-sus-raices-judias-en-barcelona\\\/#primaryimage\",\"url\":\"https:\\\/\\\/www.shaveiisrael.com\\\/wp-content\\\/uploads\\\/2012\\\/10\\\/Baruch-Garcia-252x300.jpg\",\"contentUrl\":\"https:\\\/\\\/www.shaveiisrael.com\\\/wp-content\\\/uploads\\\/2012\\\/10\\\/Baruch-Garcia-252x300.jpg\"},{\"@type\":\"BreadcrumbList\",\"@id\":\"https:\\\/\\\/www.shavei.org\\\/es\\\/blog\\\/2016\\\/04\\\/12\\\/no-sere-cura-baruj-garcia-redescubre-sus-raices-judias-en-barcelona\\\/#breadcrumb\",\"itemListElement\":[{\"@type\":\"ListItem\",\"position\":1,\"name\":\"Home\",\"item\":\"https:\\\/\\\/www.shavei.org\\\/es\\\/\"},{\"@type\":\"ListItem\",\"position\":2,\"name\":\"No ser\u00e9 cura \u2013 Baruj Garc\u00eda redescubre sus ra\u00edces jud\u00edas en Barcelona\"}]},{\"@type\":\"WebSite\",\"@id\":\"https:\\\/\\\/www.shavei.org\\\/#website\",\"url\":\"https:\\\/\\\/www.shavei.org\\\/\",\"name\":\"Shavei Israel\",\"description\":\"One nation, many faces. We help them all return.\",\"publisher\":{\"@id\":\"https:\\\/\\\/www.shavei.org\\\/#organization\"},\"potentialAction\":[{\"@type\":\"SearchAction\",\"target\":{\"@type\":\"EntryPoint\",\"urlTemplate\":\"https:\\\/\\\/www.shavei.org\\\/?s={search_term_string}\"},\"query-input\":{\"@type\":\"PropertyValueSpecification\",\"valueRequired\":true,\"valueName\":\"search_term_string\"}}],\"inLanguage\":\"es\"},{\"@type\":\"Organization\",\"@id\":\"https:\\\/\\\/www.shavei.org\\\/#organization\",\"name\":\"Shavei Israel\",\"url\":\"https:\\\/\\\/www.shavei.org\\\/\",\"logo\":{\"@type\":\"ImageObject\",\"inLanguage\":\"es\",\"@id\":\"https:\\\/\\\/www.shavei.org\\\/#\\\/schema\\\/logo\\\/image\\\/\",\"url\":\"https:\\\/\\\/www.shavei.org\\\/wp-content\\\/uploads\\\/2017\\\/10\\\/shavei-logo.jpg\",\"contentUrl\":\"https:\\\/\\\/www.shavei.org\\\/wp-content\\\/uploads\\\/2017\\\/10\\\/shavei-logo.jpg\",\"width\":300,\"height\":285,\"caption\":\"Shavei Israel\"},\"image\":{\"@id\":\"https:\\\/\\\/www.shavei.org\\\/#\\\/schema\\\/logo\\\/image\\\/\"}},{\"@type\":\"Person\",\"@id\":\"https:\\\/\\\/www.shavei.org\\\/#\\\/schema\\\/person\\\/c70fe77fbbc9468d59c8cc80b2586ba9\",\"name\":\"Tzivia Kusminsky\",\"image\":{\"@type\":\"ImageObject\",\"inLanguage\":\"es\",\"@id\":\"https:\\\/\\\/secure.gravatar.com\\\/avatar\\\/73ed388a734b8872dba96a8638453a180808c0f5594ee73603e7b482d08fcc4e?s=96&d=mm&r=g\",\"url\":\"https:\\\/\\\/secure.gravatar.com\\\/avatar\\\/73ed388a734b8872dba96a8638453a180808c0f5594ee73603e7b482d08fcc4e?s=96&d=mm&r=g\",\"contentUrl\":\"https:\\\/\\\/secure.gravatar.com\\\/avatar\\\/73ed388a734b8872dba96a8638453a180808c0f5594ee73603e7b482d08fcc4e?s=96&d=mm&r=g\",\"caption\":\"Tzivia Kusminsky\"},\"url\":\"https:\\\/\\\/www.shavei.org\\\/es\\\/blog\\\/author\\\/tziviak\\\/\"}]}<\/script>\n<!-- \/ Yoast SEO plugin. -->","yoast_head_json":{"title":"No ser\u00e9 cura \u2013 Baruj Garc\u00eda redescubre sus ra\u00edces jud\u00edas en Barcelona - Shavei Israel","robots":{"index":"index","follow":"follow","max-snippet":"max-snippet:-1","max-image-preview":"max-image-preview:large","max-video-preview":"max-video-preview:-1"},"canonical":"https:\/\/www.shavei.org\/es\/blog\/2016\/04\/12\/no-sere-cura-baruj-garcia-redescubre-sus-raices-judias-en-barcelona\/","og_locale":"es_ES","og_type":"article","og_title":"No ser\u00e9 cura \u2013 Baruj Garc\u00eda redescubre sus ra\u00edces jud\u00edas en Barcelona - Shavei Israel","og_description":"Baruj Garc\u00eda se encontraba en su cuarto a\u00f1o de estudio para convertirse en cura en Barcelona, Espa\u00f1a, cuando se dio cuenta que ten\u00eda otro llamado m\u00e1s fuerte \u2013 reclamar sus ra\u00edces jud\u00edas como Ben An\u00fas","og_url":"https:\/\/www.shavei.org\/es\/blog\/2016\/04\/12\/no-sere-cura-baruj-garcia-redescubre-sus-raices-judias-en-barcelona\/","og_site_name":"Shavei Israel","article_published_time":"2016-04-12T12:52:28+00:00","article_modified_time":"2017-06-04T10:02:01+00:00","og_image":[{"url":"https:\/\/www.shaveiisrael.com\/wp-content\/uploads\/2012\/10\/Baruch-Garcia-252x300.jpg","type":"","width":"","height":""}],"author":"Tzivia Kusminsky","twitter_card":"summary_large_image","twitter_misc":{"Escrito por":false,"Tiempo de lectura":"8 minutos"},"schema":{"@context":"https:\/\/schema.org","@graph":[{"@type":"Article","@id":"https:\/\/www.shavei.org\/es\/blog\/2016\/04\/12\/no-sere-cura-baruj-garcia-redescubre-sus-raices-judias-en-barcelona\/#article","isPartOf":{"@id":"https:\/\/www.shavei.org\/es\/blog\/2016\/04\/12\/no-sere-cura-baruj-garcia-redescubre-sus-raices-judias-en-barcelona\/"},"author":{"name":"Tzivia Kusminsky","@id":"https:\/\/www.shavei.org\/#\/schema\/person\/c70fe77fbbc9468d59c8cc80b2586ba9"},"headline":"No ser\u00e9 cura \u2013 Baruj Garc\u00eda redescubre sus ra\u00edces jud\u00edas en Barcelona","datePublished":"2016-04-12T12:52:28+00:00","dateModified":"2017-06-04T10:02:01+00:00","mainEntityOfPage":{"@id":"https:\/\/www.shavei.org\/es\/blog\/2016\/04\/12\/no-sere-cura-baruj-garcia-redescubre-sus-raices-judias-en-barcelona\/"},"wordCount":1529,"publisher":{"@id":"https:\/\/www.shavei.org\/#organization"},"image":{"@id":"https:\/\/www.shavei.org\/es\/blog\/2016\/04\/12\/no-sere-cura-baruj-garcia-redescubre-sus-raices-judias-en-barcelona\/#primaryimage"},"thumbnailUrl":"https:\/\/www.shaveiisrael.com\/wp-content\/uploads\/2012\/10\/Baruch-Garcia-252x300.jpg","articleSection":["Historias Personales"],"inLanguage":"es"},{"@type":"WebPage","@id":"https:\/\/www.shavei.org\/es\/blog\/2016\/04\/12\/no-sere-cura-baruj-garcia-redescubre-sus-raices-judias-en-barcelona\/","url":"https:\/\/www.shavei.org\/es\/blog\/2016\/04\/12\/no-sere-cura-baruj-garcia-redescubre-sus-raices-judias-en-barcelona\/","name":"No ser\u00e9 cura \u2013 Baruj Garc\u00eda redescubre sus ra\u00edces jud\u00edas en Barcelona - Shavei Israel","isPartOf":{"@id":"https:\/\/www.shavei.org\/#website"},"primaryImageOfPage":{"@id":"https:\/\/www.shavei.org\/es\/blog\/2016\/04\/12\/no-sere-cura-baruj-garcia-redescubre-sus-raices-judias-en-barcelona\/#primaryimage"},"image":{"@id":"https:\/\/www.shavei.org\/es\/blog\/2016\/04\/12\/no-sere-cura-baruj-garcia-redescubre-sus-raices-judias-en-barcelona\/#primaryimage"},"thumbnailUrl":"https:\/\/www.shaveiisrael.com\/wp-content\/uploads\/2012\/10\/Baruch-Garcia-252x300.jpg","datePublished":"2016-04-12T12:52:28+00:00","dateModified":"2017-06-04T10:02:01+00:00","breadcrumb":{"@id":"https:\/\/www.shavei.org\/es\/blog\/2016\/04\/12\/no-sere-cura-baruj-garcia-redescubre-sus-raices-judias-en-barcelona\/#breadcrumb"},"inLanguage":"es","potentialAction":[{"@type":"ReadAction","target":["https:\/\/www.shavei.org\/es\/blog\/2016\/04\/12\/no-sere-cura-baruj-garcia-redescubre-sus-raices-judias-en-barcelona\/"]}]},{"@type":"ImageObject","inLanguage":"es","@id":"https:\/\/www.shavei.org\/es\/blog\/2016\/04\/12\/no-sere-cura-baruj-garcia-redescubre-sus-raices-judias-en-barcelona\/#primaryimage","url":"https:\/\/www.shaveiisrael.com\/wp-content\/uploads\/2012\/10\/Baruch-Garcia-252x300.jpg","contentUrl":"https:\/\/www.shaveiisrael.com\/wp-content\/uploads\/2012\/10\/Baruch-Garcia-252x300.jpg"},{"@type":"BreadcrumbList","@id":"https:\/\/www.shavei.org\/es\/blog\/2016\/04\/12\/no-sere-cura-baruj-garcia-redescubre-sus-raices-judias-en-barcelona\/#breadcrumb","itemListElement":[{"@type":"ListItem","position":1,"name":"Home","item":"https:\/\/www.shavei.org\/es\/"},{"@type":"ListItem","position":2,"name":"No ser\u00e9 cura \u2013 Baruj Garc\u00eda redescubre sus ra\u00edces jud\u00edas en Barcelona"}]},{"@type":"WebSite","@id":"https:\/\/www.shavei.org\/#website","url":"https:\/\/www.shavei.org\/","name":"Shavei Israel","description":"One nation, many faces. We help them all return.","publisher":{"@id":"https:\/\/www.shavei.org\/#organization"},"potentialAction":[{"@type":"SearchAction","target":{"@type":"EntryPoint","urlTemplate":"https:\/\/www.shavei.org\/?s={search_term_string}"},"query-input":{"@type":"PropertyValueSpecification","valueRequired":true,"valueName":"search_term_string"}}],"inLanguage":"es"},{"@type":"Organization","@id":"https:\/\/www.shavei.org\/#organization","name":"Shavei Israel","url":"https:\/\/www.shavei.org\/","logo":{"@type":"ImageObject","inLanguage":"es","@id":"https:\/\/www.shavei.org\/#\/schema\/logo\/image\/","url":"https:\/\/www.shavei.org\/wp-content\/uploads\/2017\/10\/shavei-logo.jpg","contentUrl":"https:\/\/www.shavei.org\/wp-content\/uploads\/2017\/10\/shavei-logo.jpg","width":300,"height":285,"caption":"Shavei Israel"},"image":{"@id":"https:\/\/www.shavei.org\/#\/schema\/logo\/image\/"}},{"@type":"Person","@id":"https:\/\/www.shavei.org\/#\/schema\/person\/c70fe77fbbc9468d59c8cc80b2586ba9","name":"Tzivia Kusminsky","image":{"@type":"ImageObject","inLanguage":"es","@id":"https:\/\/secure.gravatar.com\/avatar\/73ed388a734b8872dba96a8638453a180808c0f5594ee73603e7b482d08fcc4e?s=96&d=mm&r=g","url":"https:\/\/secure.gravatar.com\/avatar\/73ed388a734b8872dba96a8638453a180808c0f5594ee73603e7b482d08fcc4e?s=96&d=mm&r=g","contentUrl":"https:\/\/secure.gravatar.com\/avatar\/73ed388a734b8872dba96a8638453a180808c0f5594ee73603e7b482d08fcc4e?s=96&d=mm&r=g","caption":"Tzivia Kusminsky"},"url":"https:\/\/www.shavei.org\/es\/blog\/author\/tziviak\/"}]}},"_links":{"self":[{"href":"https:\/\/www.shavei.org\/es\/wp-json\/wp\/v2\/posts\/29694","targetHints":{"allow":["GET"]}}],"collection":[{"href":"https:\/\/www.shavei.org\/es\/wp-json\/wp\/v2\/posts"}],"about":[{"href":"https:\/\/www.shavei.org\/es\/wp-json\/wp\/v2\/types\/post"}],"author":[{"embeddable":true,"href":"https:\/\/www.shavei.org\/es\/wp-json\/wp\/v2\/users\/6"}],"replies":[{"embeddable":true,"href":"https:\/\/www.shavei.org\/es\/wp-json\/wp\/v2\/comments?post=29694"}],"version-history":[{"count":1,"href":"https:\/\/www.shavei.org\/es\/wp-json\/wp\/v2\/posts\/29694\/revisions"}],"predecessor-version":[{"id":29697,"href":"https:\/\/www.shavei.org\/es\/wp-json\/wp\/v2\/posts\/29694\/revisions\/29697"}],"wp:attachment":[{"href":"https:\/\/www.shavei.org\/es\/wp-json\/wp\/v2\/media?parent=29694"}],"wp:term":[{"taxonomy":"category","embeddable":true,"href":"https:\/\/www.shavei.org\/es\/wp-json\/wp\/v2\/categories?post=29694"},{"taxonomy":"post_tag","embeddable":true,"href":"https:\/\/www.shavei.org\/es\/wp-json\/wp\/v2\/tags?post=29694"}],"curies":[{"name":"wp","href":"https:\/\/api.w.org\/{rel}","templated":true}]}}