{"id":29692,"date":"2016-04-12T12:50:08","date_gmt":"2016-04-12T12:50:08","guid":{"rendered":"https:\/\/www.shavei.org\/es\/?p=29692"},"modified":"2016-04-12T12:50:08","modified_gmt":"2016-04-12T12:50:08","slug":"nuevo-centro-judaico-en-trancoso%d7%9e%d7%a8%d7%9b%d7%96-%d7%99%d7%94%d7%95%d7%93%d7%99-%d7%97%d7%93%d7%a9-%d7%91%d7%a2%d7%99%d7%a8-%d7%98%d7%a8%d7%a0%d7%a7%d7%95%d7%96%d7%95","status":"publish","type":"post","link":"https:\/\/www.shavei.org\/es\/blog\/2016\/04\/12\/nuevo-centro-judaico-en-trancoso%d7%9e%d7%a8%d7%9b%d7%96-%d7%99%d7%94%d7%95%d7%93%d7%99-%d7%97%d7%93%d7%a9-%d7%91%d7%a2%d7%99%d7%a8-%d7%98%d7%a8%d7%a0%d7%a7%d7%95%d7%96%d7%95\/","title":{"rendered":"Nuevo centro judaico en Trancoso"},"content":{"rendered":"<p><!--:es-->Por primera vez luego de 500 a\u00f1os, fue inaugurado un centro jud\u00edo en Portugal. La idea de la creaci\u00f3n y la financiaci\u00f3n del mismo, fue llevada a cabo por la municipalidad de Trancoso, Portugal, donde se encuentra dicho centro. A mediados de noviembre, el alcalde de Trancoso y el director de Shavei Israel, firmaron un acuerdo de cooperaci\u00f3n mediante el cual Shavei Israel ser\u00e1 la encargada de la organizaci\u00f3n de actividades judaicas en dicho centro. Nuestro enviado en Portugal, el Rabino Elisha Salas, estar\u00e1 a cargo de la programaci\u00f3n de dichas actividades. El nuevo centro cuenta con una Sinagoga y tendr\u00e1 una exposici\u00f3n la cual relatar\u00e1 la historia jud\u00eda del lugar.<\/p>\nngg_shortcode_0_placeholder\n<div style=\"direction: rtl;\"><\/div>\n<p><!--:--><\/p>\n<p>&nbsp;<\/p>\n","protected":false},"excerpt":{"rendered":"<p><!--:es-->Por primera vez luego de 500 a\u00f1os, fue inaugurado un centro jud\u00edo en Portugal. La idea de la creaci\u00f3n y la financiaci\u00f3n del mismo, fue llevada a cabo por la municipalidad de Trancoso, Portugal, donde se encuentra dicho centro. A mediados de noviembre, el alcalde de Trancoso y el director de Shavei Israel, firmaron un acuerdo de cooperaci\u00f3n <!--:--><\/p>\n","protected":false},"author":6,"featured_media":0,"comment_status":"closed","ping_status":"closed","sticky":false,"template":"","format":"standard","meta":{"give_campaign_id":0,"_exactmetrics_skip_tracking":false,"_exactmetrics_sitenote_active":false,"_exactmetrics_sitenote_note":"","_exactmetrics_sitenote_category":0,"ngg_post_thumbnail":0,"footnotes":""},"categories":[477],"tags":[],"class_list":["post-29692","post","type-post","status-publish","format-standard","hentry","category-bnei-anusim-fotos"],"yoast_head":"<!-- This site is optimized with the Yoast SEO plugin v27.4 - https:\/\/yoast.com\/product\/yoast-seo-wordpress\/ -->\n<title>Nuevo centro judaico en Trancoso - Shavei Israel<\/title>\n<meta name=\"robots\" content=\"index, follow, max-snippet:-1, max-image-preview:large, max-video-preview:-1\" \/>\n<link rel=\"canonical\" href=\"https:\/\/www.shavei.org\/es\/blog\/2016\/04\/12\/nuevo-centro-judaico-en-trancoso\u05de\u05e8\u05db\u05d6-\u05d9\u05d4\u05d5\u05d3\u05d9-\u05d7\u05d3\u05e9-\u05d1\u05e2\u05d9\u05e8-\u05d8\u05e8\u05e0\u05e7\u05d5\u05d6\u05d5\/\" \/>\n<meta property=\"og:locale\" content=\"es_ES\" \/>\n<meta property=\"og:type\" content=\"article\" \/>\n<meta property=\"og:title\" content=\"Nuevo centro judaico en Trancoso - Shavei Israel\" \/>\n<meta property=\"og:description\" content=\"Por primera vez luego de 500 a\u00f1os, fue inaugurado un centro jud\u00edo en Portugal. La idea de la creaci\u00f3n y la financiaci\u00f3n del mismo, fue llevada a cabo por la municipalidad de Trancoso, Portugal, donde se encuentra dicho centro. A mediados de noviembre, el alcalde de Trancoso y el director de Shavei Israel, firmaron un acuerdo de cooperaci\u00f3n\" \/>\n<meta property=\"og:url\" content=\"https:\/\/www.shavei.org\/es\/blog\/2016\/04\/12\/nuevo-centro-judaico-en-trancoso\u05de\u05e8\u05db\u05d6-\u05d9\u05d4\u05d5\u05d3\u05d9-\u05d7\u05d3\u05e9-\u05d1\u05e2\u05d9\u05e8-\u05d8\u05e8\u05e0\u05e7\u05d5\u05d6\u05d5\/\" \/>\n<meta property=\"og:site_name\" content=\"Shavei Israel\" \/>\n<meta property=\"article:published_time\" content=\"2016-04-12T12:50:08+00:00\" \/>\n<meta name=\"author\" content=\"Tzivia Kusminsky\" \/>\n<meta name=\"twitter:card\" content=\"summary_large_image\" \/>\n<meta name=\"twitter:label1\" content=\"Escrito por\" \/>\n\t<meta name=\"twitter:data1\" content=\"\" \/>\n\t<meta name=\"twitter:label2\" content=\"Tiempo de lectura\" \/>\n\t<meta name=\"twitter:data2\" content=\"1 minuto\" \/>\n<script type=\"application\/ld+json\" class=\"yoast-schema-graph\">{\"@context\":\"https:\\\/\\\/schema.org\",\"@graph\":[{\"@type\":\"Article\",\"@id\":\"https:\\\/\\\/www.shavei.org\\\/es\\\/blog\\\/2016\\\/04\\\/12\\\/nuevo-centro-judaico-en-trancoso%d7%9e%d7%a8%d7%9b%d7%96-%d7%99%d7%94%d7%95%d7%93%d7%99-%d7%97%d7%93%d7%a9-%d7%91%d7%a2%d7%99%d7%a8-%d7%98%d7%a8%d7%a0%d7%a7%d7%95%d7%96%d7%95\\\/#article\",\"isPartOf\":{\"@id\":\"https:\\\/\\\/www.shavei.org\\\/es\\\/blog\\\/2016\\\/04\\\/12\\\/nuevo-centro-judaico-en-trancoso%d7%9e%d7%a8%d7%9b%d7%96-%d7%99%d7%94%d7%95%d7%93%d7%99-%d7%97%d7%93%d7%a9-%d7%91%d7%a2%d7%99%d7%a8-%d7%98%d7%a8%d7%a0%d7%a7%d7%95%d7%96%d7%95\\\/\"},\"author\":{\"name\":\"Tzivia Kusminsky\",\"@id\":\"https:\\\/\\\/www.shavei.org\\\/#\\\/schema\\\/person\\\/c70fe77fbbc9468d59c8cc80b2586ba9\"},\"headline\":\"Nuevo centro judaico en Trancoso\",\"datePublished\":\"2016-04-12T12:50:08+00:00\",\"mainEntityOfPage\":{\"@id\":\"https:\\\/\\\/www.shavei.org\\\/es\\\/blog\\\/2016\\\/04\\\/12\\\/nuevo-centro-judaico-en-trancoso%d7%9e%d7%a8%d7%9b%d7%96-%d7%99%d7%94%d7%95%d7%93%d7%99-%d7%97%d7%93%d7%a9-%d7%91%d7%a2%d7%99%d7%a8-%d7%98%d7%a8%d7%a0%d7%a7%d7%95%d7%96%d7%95\\\/\"},\"wordCount\":127,\"publisher\":{\"@id\":\"https:\\\/\\\/www.shavei.org\\\/#organization\"},\"articleSection\":[\"Bnei Anusim: Fotos\"],\"inLanguage\":\"es\"},{\"@type\":\"WebPage\",\"@id\":\"https:\\\/\\\/www.shavei.org\\\/es\\\/blog\\\/2016\\\/04\\\/12\\\/nuevo-centro-judaico-en-trancoso%d7%9e%d7%a8%d7%9b%d7%96-%d7%99%d7%94%d7%95%d7%93%d7%99-%d7%97%d7%93%d7%a9-%d7%91%d7%a2%d7%99%d7%a8-%d7%98%d7%a8%d7%a0%d7%a7%d7%95%d7%96%d7%95\\\/\",\"url\":\"https:\\\/\\\/www.shavei.org\\\/es\\\/blog\\\/2016\\\/04\\\/12\\\/nuevo-centro-judaico-en-trancoso%d7%9e%d7%a8%d7%9b%d7%96-%d7%99%d7%94%d7%95%d7%93%d7%99-%d7%97%d7%93%d7%a9-%d7%91%d7%a2%d7%99%d7%a8-%d7%98%d7%a8%d7%a0%d7%a7%d7%95%d7%96%d7%95\\\/\",\"name\":\"Nuevo centro judaico en Trancoso - Shavei Israel\",\"isPartOf\":{\"@id\":\"https:\\\/\\\/www.shavei.org\\\/#website\"},\"datePublished\":\"2016-04-12T12:50:08+00:00\",\"breadcrumb\":{\"@id\":\"https:\\\/\\\/www.shavei.org\\\/es\\\/blog\\\/2016\\\/04\\\/12\\\/nuevo-centro-judaico-en-trancoso%d7%9e%d7%a8%d7%9b%d7%96-%d7%99%d7%94%d7%95%d7%93%d7%99-%d7%97%d7%93%d7%a9-%d7%91%d7%a2%d7%99%d7%a8-%d7%98%d7%a8%d7%a0%d7%a7%d7%95%d7%96%d7%95\\\/#breadcrumb\"},\"inLanguage\":\"es\",\"potentialAction\":[{\"@type\":\"ReadAction\",\"target\":[\"https:\\\/\\\/www.shavei.org\\\/es\\\/blog\\\/2016\\\/04\\\/12\\\/nuevo-centro-judaico-en-trancoso%d7%9e%d7%a8%d7%9b%d7%96-%d7%99%d7%94%d7%95%d7%93%d7%99-%d7%97%d7%93%d7%a9-%d7%91%d7%a2%d7%99%d7%a8-%d7%98%d7%a8%d7%a0%d7%a7%d7%95%d7%96%d7%95\\\/\"]}]},{\"@type\":\"BreadcrumbList\",\"@id\":\"https:\\\/\\\/www.shavei.org\\\/es\\\/blog\\\/2016\\\/04\\\/12\\\/nuevo-centro-judaico-en-trancoso%d7%9e%d7%a8%d7%9b%d7%96-%d7%99%d7%94%d7%95%d7%93%d7%99-%d7%97%d7%93%d7%a9-%d7%91%d7%a2%d7%99%d7%a8-%d7%98%d7%a8%d7%a0%d7%a7%d7%95%d7%96%d7%95\\\/#breadcrumb\",\"itemListElement\":[{\"@type\":\"ListItem\",\"position\":1,\"name\":\"Home\",\"item\":\"https:\\\/\\\/www.shavei.org\\\/es\\\/\"},{\"@type\":\"ListItem\",\"position\":2,\"name\":\"Nuevo centro judaico en Trancoso\"}]},{\"@type\":\"WebSite\",\"@id\":\"https:\\\/\\\/www.shavei.org\\\/#website\",\"url\":\"https:\\\/\\\/www.shavei.org\\\/\",\"name\":\"Shavei Israel\",\"description\":\"One nation, many faces. We help them all return.\",\"publisher\":{\"@id\":\"https:\\\/\\\/www.shavei.org\\\/#organization\"},\"potentialAction\":[{\"@type\":\"SearchAction\",\"target\":{\"@type\":\"EntryPoint\",\"urlTemplate\":\"https:\\\/\\\/www.shavei.org\\\/?s={search_term_string}\"},\"query-input\":{\"@type\":\"PropertyValueSpecification\",\"valueRequired\":true,\"valueName\":\"search_term_string\"}}],\"inLanguage\":\"es\"},{\"@type\":\"Organization\",\"@id\":\"https:\\\/\\\/www.shavei.org\\\/#organization\",\"name\":\"Shavei Israel\",\"url\":\"https:\\\/\\\/www.shavei.org\\\/\",\"logo\":{\"@type\":\"ImageObject\",\"inLanguage\":\"es\",\"@id\":\"https:\\\/\\\/www.shavei.org\\\/#\\\/schema\\\/logo\\\/image\\\/\",\"url\":\"https:\\\/\\\/www.shavei.org\\\/wp-content\\\/uploads\\\/2017\\\/10\\\/shavei-logo.jpg\",\"contentUrl\":\"https:\\\/\\\/www.shavei.org\\\/wp-content\\\/uploads\\\/2017\\\/10\\\/shavei-logo.jpg\",\"width\":300,\"height\":285,\"caption\":\"Shavei Israel\"},\"image\":{\"@id\":\"https:\\\/\\\/www.shavei.org\\\/#\\\/schema\\\/logo\\\/image\\\/\"}},{\"@type\":\"Person\",\"@id\":\"https:\\\/\\\/www.shavei.org\\\/#\\\/schema\\\/person\\\/c70fe77fbbc9468d59c8cc80b2586ba9\",\"name\":\"Tzivia Kusminsky\",\"image\":{\"@type\":\"ImageObject\",\"inLanguage\":\"es\",\"@id\":\"https:\\\/\\\/secure.gravatar.com\\\/avatar\\\/73ed388a734b8872dba96a8638453a180808c0f5594ee73603e7b482d08fcc4e?s=96&d=mm&r=g\",\"url\":\"https:\\\/\\\/secure.gravatar.com\\\/avatar\\\/73ed388a734b8872dba96a8638453a180808c0f5594ee73603e7b482d08fcc4e?s=96&d=mm&r=g\",\"contentUrl\":\"https:\\\/\\\/secure.gravatar.com\\\/avatar\\\/73ed388a734b8872dba96a8638453a180808c0f5594ee73603e7b482d08fcc4e?s=96&d=mm&r=g\",\"caption\":\"Tzivia Kusminsky\"},\"url\":\"https:\\\/\\\/www.shavei.org\\\/es\\\/blog\\\/author\\\/tziviak\\\/\"}]}<\/script>\n<!-- \/ Yoast SEO plugin. -->","yoast_head_json":{"title":"Nuevo centro judaico en Trancoso - Shavei Israel","robots":{"index":"index","follow":"follow","max-snippet":"max-snippet:-1","max-image-preview":"max-image-preview:large","max-video-preview":"max-video-preview:-1"},"canonical":"https:\/\/www.shavei.org\/es\/blog\/2016\/04\/12\/nuevo-centro-judaico-en-trancoso\u05de\u05e8\u05db\u05d6-\u05d9\u05d4\u05d5\u05d3\u05d9-\u05d7\u05d3\u05e9-\u05d1\u05e2\u05d9\u05e8-\u05d8\u05e8\u05e0\u05e7\u05d5\u05d6\u05d5\/","og_locale":"es_ES","og_type":"article","og_title":"Nuevo centro judaico en Trancoso - Shavei Israel","og_description":"Por primera vez luego de 500 a\u00f1os, fue inaugurado un centro jud\u00edo en Portugal. La idea de la creaci\u00f3n y la financiaci\u00f3n del mismo, fue llevada a cabo por la municipalidad de Trancoso, Portugal, donde se encuentra dicho centro. A mediados de noviembre, el alcalde de Trancoso y el director de Shavei Israel, firmaron un acuerdo de cooperaci\u00f3n","og_url":"https:\/\/www.shavei.org\/es\/blog\/2016\/04\/12\/nuevo-centro-judaico-en-trancoso\u05de\u05e8\u05db\u05d6-\u05d9\u05d4\u05d5\u05d3\u05d9-\u05d7\u05d3\u05e9-\u05d1\u05e2\u05d9\u05e8-\u05d8\u05e8\u05e0\u05e7\u05d5\u05d6\u05d5\/","og_site_name":"Shavei Israel","article_published_time":"2016-04-12T12:50:08+00:00","author":"Tzivia Kusminsky","twitter_card":"summary_large_image","twitter_misc":{"Escrito por":false,"Tiempo de lectura":"1 minuto"},"schema":{"@context":"https:\/\/schema.org","@graph":[{"@type":"Article","@id":"https:\/\/www.shavei.org\/es\/blog\/2016\/04\/12\/nuevo-centro-judaico-en-trancoso%d7%9e%d7%a8%d7%9b%d7%96-%d7%99%d7%94%d7%95%d7%93%d7%99-%d7%97%d7%93%d7%a9-%d7%91%d7%a2%d7%99%d7%a8-%d7%98%d7%a8%d7%a0%d7%a7%d7%95%d7%96%d7%95\/#article","isPartOf":{"@id":"https:\/\/www.shavei.org\/es\/blog\/2016\/04\/12\/nuevo-centro-judaico-en-trancoso%d7%9e%d7%a8%d7%9b%d7%96-%d7%99%d7%94%d7%95%d7%93%d7%99-%d7%97%d7%93%d7%a9-%d7%91%d7%a2%d7%99%d7%a8-%d7%98%d7%a8%d7%a0%d7%a7%d7%95%d7%96%d7%95\/"},"author":{"name":"Tzivia Kusminsky","@id":"https:\/\/www.shavei.org\/#\/schema\/person\/c70fe77fbbc9468d59c8cc80b2586ba9"},"headline":"Nuevo centro judaico en Trancoso","datePublished":"2016-04-12T12:50:08+00:00","mainEntityOfPage":{"@id":"https:\/\/www.shavei.org\/es\/blog\/2016\/04\/12\/nuevo-centro-judaico-en-trancoso%d7%9e%d7%a8%d7%9b%d7%96-%d7%99%d7%94%d7%95%d7%93%d7%99-%d7%97%d7%93%d7%a9-%d7%91%d7%a2%d7%99%d7%a8-%d7%98%d7%a8%d7%a0%d7%a7%d7%95%d7%96%d7%95\/"},"wordCount":127,"publisher":{"@id":"https:\/\/www.shavei.org\/#organization"},"articleSection":["Bnei Anusim: Fotos"],"inLanguage":"es"},{"@type":"WebPage","@id":"https:\/\/www.shavei.org\/es\/blog\/2016\/04\/12\/nuevo-centro-judaico-en-trancoso%d7%9e%d7%a8%d7%9b%d7%96-%d7%99%d7%94%d7%95%d7%93%d7%99-%d7%97%d7%93%d7%a9-%d7%91%d7%a2%d7%99%d7%a8-%d7%98%d7%a8%d7%a0%d7%a7%d7%95%d7%96%d7%95\/","url":"https:\/\/www.shavei.org\/es\/blog\/2016\/04\/12\/nuevo-centro-judaico-en-trancoso%d7%9e%d7%a8%d7%9b%d7%96-%d7%99%d7%94%d7%95%d7%93%d7%99-%d7%97%d7%93%d7%a9-%d7%91%d7%a2%d7%99%d7%a8-%d7%98%d7%a8%d7%a0%d7%a7%d7%95%d7%96%d7%95\/","name":"Nuevo centro judaico en Trancoso - Shavei Israel","isPartOf":{"@id":"https:\/\/www.shavei.org\/#website"},"datePublished":"2016-04-12T12:50:08+00:00","breadcrumb":{"@id":"https:\/\/www.shavei.org\/es\/blog\/2016\/04\/12\/nuevo-centro-judaico-en-trancoso%d7%9e%d7%a8%d7%9b%d7%96-%d7%99%d7%94%d7%95%d7%93%d7%99-%d7%97%d7%93%d7%a9-%d7%91%d7%a2%d7%99%d7%a8-%d7%98%d7%a8%d7%a0%d7%a7%d7%95%d7%96%d7%95\/#breadcrumb"},"inLanguage":"es","potentialAction":[{"@type":"ReadAction","target":["https:\/\/www.shavei.org\/es\/blog\/2016\/04\/12\/nuevo-centro-judaico-en-trancoso%d7%9e%d7%a8%d7%9b%d7%96-%d7%99%d7%94%d7%95%d7%93%d7%99-%d7%97%d7%93%d7%a9-%d7%91%d7%a2%d7%99%d7%a8-%d7%98%d7%a8%d7%a0%d7%a7%d7%95%d7%96%d7%95\/"]}]},{"@type":"BreadcrumbList","@id":"https:\/\/www.shavei.org\/es\/blog\/2016\/04\/12\/nuevo-centro-judaico-en-trancoso%d7%9e%d7%a8%d7%9b%d7%96-%d7%99%d7%94%d7%95%d7%93%d7%99-%d7%97%d7%93%d7%a9-%d7%91%d7%a2%d7%99%d7%a8-%d7%98%d7%a8%d7%a0%d7%a7%d7%95%d7%96%d7%95\/#breadcrumb","itemListElement":[{"@type":"ListItem","position":1,"name":"Home","item":"https:\/\/www.shavei.org\/es\/"},{"@type":"ListItem","position":2,"name":"Nuevo centro judaico en Trancoso"}]},{"@type":"WebSite","@id":"https:\/\/www.shavei.org\/#website","url":"https:\/\/www.shavei.org\/","name":"Shavei Israel","description":"One nation, many faces. We help them all return.","publisher":{"@id":"https:\/\/www.shavei.org\/#organization"},"potentialAction":[{"@type":"SearchAction","target":{"@type":"EntryPoint","urlTemplate":"https:\/\/www.shavei.org\/?s={search_term_string}"},"query-input":{"@type":"PropertyValueSpecification","valueRequired":true,"valueName":"search_term_string"}}],"inLanguage":"es"},{"@type":"Organization","@id":"https:\/\/www.shavei.org\/#organization","name":"Shavei Israel","url":"https:\/\/www.shavei.org\/","logo":{"@type":"ImageObject","inLanguage":"es","@id":"https:\/\/www.shavei.org\/#\/schema\/logo\/image\/","url":"https:\/\/www.shavei.org\/wp-content\/uploads\/2017\/10\/shavei-logo.jpg","contentUrl":"https:\/\/www.shavei.org\/wp-content\/uploads\/2017\/10\/shavei-logo.jpg","width":300,"height":285,"caption":"Shavei Israel"},"image":{"@id":"https:\/\/www.shavei.org\/#\/schema\/logo\/image\/"}},{"@type":"Person","@id":"https:\/\/www.shavei.org\/#\/schema\/person\/c70fe77fbbc9468d59c8cc80b2586ba9","name":"Tzivia Kusminsky","image":{"@type":"ImageObject","inLanguage":"es","@id":"https:\/\/secure.gravatar.com\/avatar\/73ed388a734b8872dba96a8638453a180808c0f5594ee73603e7b482d08fcc4e?s=96&d=mm&r=g","url":"https:\/\/secure.gravatar.com\/avatar\/73ed388a734b8872dba96a8638453a180808c0f5594ee73603e7b482d08fcc4e?s=96&d=mm&r=g","contentUrl":"https:\/\/secure.gravatar.com\/avatar\/73ed388a734b8872dba96a8638453a180808c0f5594ee73603e7b482d08fcc4e?s=96&d=mm&r=g","caption":"Tzivia Kusminsky"},"url":"https:\/\/www.shavei.org\/es\/blog\/author\/tziviak\/"}]}},"_links":{"self":[{"href":"https:\/\/www.shavei.org\/es\/wp-json\/wp\/v2\/posts\/29692","targetHints":{"allow":["GET"]}}],"collection":[{"href":"https:\/\/www.shavei.org\/es\/wp-json\/wp\/v2\/posts"}],"about":[{"href":"https:\/\/www.shavei.org\/es\/wp-json\/wp\/v2\/types\/post"}],"author":[{"embeddable":true,"href":"https:\/\/www.shavei.org\/es\/wp-json\/wp\/v2\/users\/6"}],"replies":[{"embeddable":true,"href":"https:\/\/www.shavei.org\/es\/wp-json\/wp\/v2\/comments?post=29692"}],"version-history":[{"count":1,"href":"https:\/\/www.shavei.org\/es\/wp-json\/wp\/v2\/posts\/29692\/revisions"}],"predecessor-version":[{"id":29693,"href":"https:\/\/www.shavei.org\/es\/wp-json\/wp\/v2\/posts\/29692\/revisions\/29693"}],"wp:attachment":[{"href":"https:\/\/www.shavei.org\/es\/wp-json\/wp\/v2\/media?parent=29692"}],"wp:term":[{"taxonomy":"category","embeddable":true,"href":"https:\/\/www.shavei.org\/es\/wp-json\/wp\/v2\/categories?post=29692"},{"taxonomy":"post_tag","embeddable":true,"href":"https:\/\/www.shavei.org\/es\/wp-json\/wp\/v2\/tags?post=29692"}],"curies":[{"name":"wp","href":"https:\/\/api.w.org\/{rel}","templated":true}]}}