{"id":29676,"date":"2016-04-12T12:35:54","date_gmt":"2016-04-12T12:35:54","guid":{"rendered":"https:\/\/www.shavei.org\/es\/?p=29676"},"modified":"2016-04-12T12:35:54","modified_gmt":"2016-04-12T12:35:54","slug":"photo-and-video-gallery-of-bnei-menashe-aliyah-2012galeria-de-fotos-y-videos-sobre-la-alia-de-bnei-menashe-2012%d7%92%d7%9c%d7%a8%d7%99%d7%aa-%d7%aa%d7%9e%d7%95%d7%a0%d7%95%d7%aa-%d7%95%d7%a1%d7%a8","status":"publish","type":"post","link":"https:\/\/www.shavei.org\/es\/blog\/2016\/04\/12\/photo-and-video-gallery-of-bnei-menashe-aliyah-2012galeria-de-fotos-y-videos-sobre-la-alia-de-bnei-menashe-2012%d7%92%d7%9c%d7%a8%d7%99%d7%aa-%d7%aa%d7%9e%d7%95%d7%a0%d7%95%d7%aa-%d7%95%d7%a1%d7%a8\/","title":{"rendered":"Galer\u00eda de fotos y videos sobre la ali\u00e1 de Bnei Menash\u00e9, 2012"},"content":{"rendered":"<p><!--:en--><\/p>\n<p><!--:--><!--:es-->En esta p\u00e1gina, les traemos las fotos y videos de la renovaci\u00f3n de la ali\u00e1 de Bnei Menash\u00e9, desde el 24 de diciembre del 2012.<\/p>\n<p><img decoding=\"async\" title=\"Kids at Ben Gurion\" src=\"https:\/\/www.shaveiisrael.com\/wp-content\/uploads\/2012\/12\/Kids-at-Ben-Gurion.jpg\" alt=\"\" width=\"403\" height=\"403\" \/><\/p>\n<p>Aqu\u00ed hay un ni\u00f1o de Bnei Menash\u00e9 juntos con sus amigos y familia en el aeropuerto.<\/p>\n<p><img decoding=\"async\" title=\"Michael with kids at BG and computer\" src=\"https:\/\/www.shaveiisrael.com\/wp-content\/uploads\/2012\/12\/Michael-with-kids-at-BG-and-computer.jpg\" alt=\"\" width=\"403\" height=\"403\" \/><\/p>\n<p>Y aqu\u00ed hay otra foto tomada junto con Michael Freund en el aeropuerto Ben Guri\u00f3n mientras que el grupo espera para recibir las visas.<\/p>\n<p>[youtube]https:\/\/www.youtube.com\/watch?v=HQpSddNVJ7Q&amp;feature=youtu.be[\/youtube]<\/p>\n<p>Este video muestra al grupo de Bnei Menash\u00e9 en el autobus hacia el aeropuerto de New Delhi, junto con el Director de Shavei Israel, Michael Freund.<\/p>\n<p>[youtube]https:\/\/www.youtube.com\/watch?v=kVkUrA60kkI&amp;feature=youtu.be[\/youtube]<\/p>\n<p>El video fue tomado mientras que el grupo se preparaba para tomar el bus.<\/p>\n<p>Continuar\u00e1&#8230;<\/p>\n<p style=\"direction: rtl;\">\n<p><!--:--><\/p>\n<p>&nbsp;<\/p>\n","protected":false},"excerpt":{"rendered":"<p><!--:es-->La tan esperada reanudaci\u00f3n de la ali\u00e1 de Bnei Menash\u00e9 ha comenzado. El lunes 24 de diciembre, un grupo de 53 personas del estado de Manipur llegaron a Israel desde New Delhi acompa\u00f1ados por el Director de Shavei Israel Michael Freund. <!--:--><\/p>\n","protected":false},"author":6,"featured_media":0,"comment_status":"closed","ping_status":"closed","sticky":false,"template":"","format":"standard","meta":{"give_campaign_id":0,"_exactmetrics_skip_tracking":false,"_exactmetrics_sitenote_active":false,"_exactmetrics_sitenote_note":"","_exactmetrics_sitenote_category":0,"ngg_post_thumbnail":0,"footnotes":""},"categories":[21],"tags":[],"class_list":["post-29676","post","type-post","status-publish","format-standard","hentry","category-sin-categorizar"],"yoast_head":"<!-- This site is optimized with the Yoast SEO plugin v27.4 - https:\/\/yoast.com\/product\/yoast-seo-wordpress\/ -->\n<title>Galer\u00eda de fotos y videos sobre la ali\u00e1 de Bnei Menash\u00e9, 2012 - Shavei Israel<\/title>\n<meta name=\"robots\" content=\"index, follow, max-snippet:-1, max-image-preview:large, max-video-preview:-1\" \/>\n<link rel=\"canonical\" href=\"https:\/\/www.shavei.org\/es\/blog\/2016\/04\/12\/photo-and-video-gallery-of-bnei-menashe-aliyah-2012galeria-de-fotos-y-videos-sobre-la-alia-de-bnei-menashe-2012\u05d2\u05dc\u05e8\u05d9\u05ea-\u05ea\u05de\u05d5\u05e0\u05d5\u05ea-\u05d5\u05e1\u05e8\/\" \/>\n<meta property=\"og:locale\" content=\"es_ES\" \/>\n<meta property=\"og:type\" content=\"article\" \/>\n<meta property=\"og:title\" content=\"Galer\u00eda de fotos y videos sobre la ali\u00e1 de Bnei Menash\u00e9, 2012 - Shavei Israel\" \/>\n<meta property=\"og:description\" content=\"La tan esperada reanudaci\u00f3n de la ali\u00e1 de Bnei Menash\u00e9 ha comenzado. El lunes 24 de diciembre, un grupo de 53 personas del estado de Manipur llegaron a Israel desde New Delhi acompa\u00f1ados por el Director de Shavei Israel Michael Freund.\" \/>\n<meta property=\"og:url\" content=\"https:\/\/www.shavei.org\/es\/blog\/2016\/04\/12\/photo-and-video-gallery-of-bnei-menashe-aliyah-2012galeria-de-fotos-y-videos-sobre-la-alia-de-bnei-menashe-2012\u05d2\u05dc\u05e8\u05d9\u05ea-\u05ea\u05de\u05d5\u05e0\u05d5\u05ea-\u05d5\u05e1\u05e8\/\" \/>\n<meta property=\"og:site_name\" content=\"Shavei Israel\" \/>\n<meta property=\"article:published_time\" content=\"2016-04-12T12:35:54+00:00\" \/>\n<meta property=\"og:image\" content=\"https:\/\/www.shaveiisrael.com\/wp-content\/uploads\/2012\/12\/Kids-at-Ben-Gurion.jpg\" \/>\n<meta name=\"author\" content=\"Tzivia Kusminsky\" \/>\n<meta name=\"twitter:card\" content=\"summary_large_image\" \/>\n<meta name=\"twitter:label1\" content=\"Escrito por\" \/>\n\t<meta name=\"twitter:data1\" content=\"\" \/>\n\t<meta name=\"twitter:label2\" content=\"Tiempo de lectura\" \/>\n\t<meta name=\"twitter:data2\" content=\"1 minuto\" \/>\n<script type=\"application\/ld+json\" class=\"yoast-schema-graph\">{\"@context\":\"https:\\\/\\\/schema.org\",\"@graph\":[{\"@type\":\"Article\",\"@id\":\"https:\\\/\\\/www.shavei.org\\\/es\\\/blog\\\/2016\\\/04\\\/12\\\/photo-and-video-gallery-of-bnei-menashe-aliyah-2012galeria-de-fotos-y-videos-sobre-la-alia-de-bnei-menashe-2012%d7%92%d7%9c%d7%a8%d7%99%d7%aa-%d7%aa%d7%9e%d7%95%d7%a0%d7%95%d7%aa-%d7%95%d7%a1%d7%a8\\\/#article\",\"isPartOf\":{\"@id\":\"https:\\\/\\\/www.shavei.org\\\/es\\\/blog\\\/2016\\\/04\\\/12\\\/photo-and-video-gallery-of-bnei-menashe-aliyah-2012galeria-de-fotos-y-videos-sobre-la-alia-de-bnei-menashe-2012%d7%92%d7%9c%d7%a8%d7%99%d7%aa-%d7%aa%d7%9e%d7%95%d7%a0%d7%95%d7%aa-%d7%95%d7%a1%d7%a8\\\/\"},\"author\":{\"name\":\"Tzivia Kusminsky\",\"@id\":\"https:\\\/\\\/www.shavei.org\\\/#\\\/schema\\\/person\\\/c70fe77fbbc9468d59c8cc80b2586ba9\"},\"headline\":\"Galer\u00eda de fotos y videos sobre la ali\u00e1 de Bnei Menash\u00e9, 2012\",\"datePublished\":\"2016-04-12T12:35:54+00:00\",\"mainEntityOfPage\":{\"@id\":\"https:\\\/\\\/www.shavei.org\\\/es\\\/blog\\\/2016\\\/04\\\/12\\\/photo-and-video-gallery-of-bnei-menashe-aliyah-2012galeria-de-fotos-y-videos-sobre-la-alia-de-bnei-menashe-2012%d7%92%d7%9c%d7%a8%d7%99%d7%aa-%d7%aa%d7%9e%d7%95%d7%a0%d7%95%d7%aa-%d7%95%d7%a1%d7%a8\\\/\"},\"wordCount\":149,\"publisher\":{\"@id\":\"https:\\\/\\\/www.shavei.org\\\/#organization\"},\"image\":{\"@id\":\"https:\\\/\\\/www.shavei.org\\\/es\\\/blog\\\/2016\\\/04\\\/12\\\/photo-and-video-gallery-of-bnei-menashe-aliyah-2012galeria-de-fotos-y-videos-sobre-la-alia-de-bnei-menashe-2012%d7%92%d7%9c%d7%a8%d7%99%d7%aa-%d7%aa%d7%9e%d7%95%d7%a0%d7%95%d7%aa-%d7%95%d7%a1%d7%a8\\\/#primaryimage\"},\"thumbnailUrl\":\"https:\\\/\\\/www.shaveiisrael.com\\\/wp-content\\\/uploads\\\/2012\\\/12\\\/Kids-at-Ben-Gurion.jpg\",\"articleSection\":[\"Sin categorizar\"],\"inLanguage\":\"es\"},{\"@type\":\"WebPage\",\"@id\":\"https:\\\/\\\/www.shavei.org\\\/es\\\/blog\\\/2016\\\/04\\\/12\\\/photo-and-video-gallery-of-bnei-menashe-aliyah-2012galeria-de-fotos-y-videos-sobre-la-alia-de-bnei-menashe-2012%d7%92%d7%9c%d7%a8%d7%99%d7%aa-%d7%aa%d7%9e%d7%95%d7%a0%d7%95%d7%aa-%d7%95%d7%a1%d7%a8\\\/\",\"url\":\"https:\\\/\\\/www.shavei.org\\\/es\\\/blog\\\/2016\\\/04\\\/12\\\/photo-and-video-gallery-of-bnei-menashe-aliyah-2012galeria-de-fotos-y-videos-sobre-la-alia-de-bnei-menashe-2012%d7%92%d7%9c%d7%a8%d7%99%d7%aa-%d7%aa%d7%9e%d7%95%d7%a0%d7%95%d7%aa-%d7%95%d7%a1%d7%a8\\\/\",\"name\":\"Galer\u00eda de fotos y videos sobre la ali\u00e1 de Bnei Menash\u00e9, 2012 - Shavei Israel\",\"isPartOf\":{\"@id\":\"https:\\\/\\\/www.shavei.org\\\/#website\"},\"primaryImageOfPage\":{\"@id\":\"https:\\\/\\\/www.shavei.org\\\/es\\\/blog\\\/2016\\\/04\\\/12\\\/photo-and-video-gallery-of-bnei-menashe-aliyah-2012galeria-de-fotos-y-videos-sobre-la-alia-de-bnei-menashe-2012%d7%92%d7%9c%d7%a8%d7%99%d7%aa-%d7%aa%d7%9e%d7%95%d7%a0%d7%95%d7%aa-%d7%95%d7%a1%d7%a8\\\/#primaryimage\"},\"image\":{\"@id\":\"https:\\\/\\\/www.shavei.org\\\/es\\\/blog\\\/2016\\\/04\\\/12\\\/photo-and-video-gallery-of-bnei-menashe-aliyah-2012galeria-de-fotos-y-videos-sobre-la-alia-de-bnei-menashe-2012%d7%92%d7%9c%d7%a8%d7%99%d7%aa-%d7%aa%d7%9e%d7%95%d7%a0%d7%95%d7%aa-%d7%95%d7%a1%d7%a8\\\/#primaryimage\"},\"thumbnailUrl\":\"https:\\\/\\\/www.shaveiisrael.com\\\/wp-content\\\/uploads\\\/2012\\\/12\\\/Kids-at-Ben-Gurion.jpg\",\"datePublished\":\"2016-04-12T12:35:54+00:00\",\"breadcrumb\":{\"@id\":\"https:\\\/\\\/www.shavei.org\\\/es\\\/blog\\\/2016\\\/04\\\/12\\\/photo-and-video-gallery-of-bnei-menashe-aliyah-2012galeria-de-fotos-y-videos-sobre-la-alia-de-bnei-menashe-2012%d7%92%d7%9c%d7%a8%d7%99%d7%aa-%d7%aa%d7%9e%d7%95%d7%a0%d7%95%d7%aa-%d7%95%d7%a1%d7%a8\\\/#breadcrumb\"},\"inLanguage\":\"es\",\"potentialAction\":[{\"@type\":\"ReadAction\",\"target\":[\"https:\\\/\\\/www.shavei.org\\\/es\\\/blog\\\/2016\\\/04\\\/12\\\/photo-and-video-gallery-of-bnei-menashe-aliyah-2012galeria-de-fotos-y-videos-sobre-la-alia-de-bnei-menashe-2012%d7%92%d7%9c%d7%a8%d7%99%d7%aa-%d7%aa%d7%9e%d7%95%d7%a0%d7%95%d7%aa-%d7%95%d7%a1%d7%a8\\\/\"]}]},{\"@type\":\"ImageObject\",\"inLanguage\":\"es\",\"@id\":\"https:\\\/\\\/www.shavei.org\\\/es\\\/blog\\\/2016\\\/04\\\/12\\\/photo-and-video-gallery-of-bnei-menashe-aliyah-2012galeria-de-fotos-y-videos-sobre-la-alia-de-bnei-menashe-2012%d7%92%d7%9c%d7%a8%d7%99%d7%aa-%d7%aa%d7%9e%d7%95%d7%a0%d7%95%d7%aa-%d7%95%d7%a1%d7%a8\\\/#primaryimage\",\"url\":\"https:\\\/\\\/www.shaveiisrael.com\\\/wp-content\\\/uploads\\\/2012\\\/12\\\/Kids-at-Ben-Gurion.jpg\",\"contentUrl\":\"https:\\\/\\\/www.shaveiisrael.com\\\/wp-content\\\/uploads\\\/2012\\\/12\\\/Kids-at-Ben-Gurion.jpg\"},{\"@type\":\"BreadcrumbList\",\"@id\":\"https:\\\/\\\/www.shavei.org\\\/es\\\/blog\\\/2016\\\/04\\\/12\\\/photo-and-video-gallery-of-bnei-menashe-aliyah-2012galeria-de-fotos-y-videos-sobre-la-alia-de-bnei-menashe-2012%d7%92%d7%9c%d7%a8%d7%99%d7%aa-%d7%aa%d7%9e%d7%95%d7%a0%d7%95%d7%aa-%d7%95%d7%a1%d7%a8\\\/#breadcrumb\",\"itemListElement\":[{\"@type\":\"ListItem\",\"position\":1,\"name\":\"Home\",\"item\":\"https:\\\/\\\/www.shavei.org\\\/es\\\/\"},{\"@type\":\"ListItem\",\"position\":2,\"name\":\"Galer\u00eda de fotos y videos sobre la ali\u00e1 de Bnei Menash\u00e9, 2012\"}]},{\"@type\":\"WebSite\",\"@id\":\"https:\\\/\\\/www.shavei.org\\\/#website\",\"url\":\"https:\\\/\\\/www.shavei.org\\\/\",\"name\":\"Shavei Israel\",\"description\":\"One nation, many faces. We help them all return.\",\"publisher\":{\"@id\":\"https:\\\/\\\/www.shavei.org\\\/#organization\"},\"potentialAction\":[{\"@type\":\"SearchAction\",\"target\":{\"@type\":\"EntryPoint\",\"urlTemplate\":\"https:\\\/\\\/www.shavei.org\\\/?s={search_term_string}\"},\"query-input\":{\"@type\":\"PropertyValueSpecification\",\"valueRequired\":true,\"valueName\":\"search_term_string\"}}],\"inLanguage\":\"es\"},{\"@type\":\"Organization\",\"@id\":\"https:\\\/\\\/www.shavei.org\\\/#organization\",\"name\":\"Shavei Israel\",\"url\":\"https:\\\/\\\/www.shavei.org\\\/\",\"logo\":{\"@type\":\"ImageObject\",\"inLanguage\":\"es\",\"@id\":\"https:\\\/\\\/www.shavei.org\\\/#\\\/schema\\\/logo\\\/image\\\/\",\"url\":\"https:\\\/\\\/www.shavei.org\\\/wp-content\\\/uploads\\\/2017\\\/10\\\/shavei-logo.jpg\",\"contentUrl\":\"https:\\\/\\\/www.shavei.org\\\/wp-content\\\/uploads\\\/2017\\\/10\\\/shavei-logo.jpg\",\"width\":300,\"height\":285,\"caption\":\"Shavei Israel\"},\"image\":{\"@id\":\"https:\\\/\\\/www.shavei.org\\\/#\\\/schema\\\/logo\\\/image\\\/\"}},{\"@type\":\"Person\",\"@id\":\"https:\\\/\\\/www.shavei.org\\\/#\\\/schema\\\/person\\\/c70fe77fbbc9468d59c8cc80b2586ba9\",\"name\":\"Tzivia Kusminsky\",\"image\":{\"@type\":\"ImageObject\",\"inLanguage\":\"es\",\"@id\":\"https:\\\/\\\/secure.gravatar.com\\\/avatar\\\/73ed388a734b8872dba96a8638453a180808c0f5594ee73603e7b482d08fcc4e?s=96&d=mm&r=g\",\"url\":\"https:\\\/\\\/secure.gravatar.com\\\/avatar\\\/73ed388a734b8872dba96a8638453a180808c0f5594ee73603e7b482d08fcc4e?s=96&d=mm&r=g\",\"contentUrl\":\"https:\\\/\\\/secure.gravatar.com\\\/avatar\\\/73ed388a734b8872dba96a8638453a180808c0f5594ee73603e7b482d08fcc4e?s=96&d=mm&r=g\",\"caption\":\"Tzivia Kusminsky\"},\"url\":\"https:\\\/\\\/www.shavei.org\\\/es\\\/blog\\\/author\\\/tziviak\\\/\"}]}<\/script>\n<!-- \/ Yoast SEO plugin. -->","yoast_head_json":{"title":"Galer\u00eda de fotos y videos sobre la ali\u00e1 de Bnei Menash\u00e9, 2012 - Shavei Israel","robots":{"index":"index","follow":"follow","max-snippet":"max-snippet:-1","max-image-preview":"max-image-preview:large","max-video-preview":"max-video-preview:-1"},"canonical":"https:\/\/www.shavei.org\/es\/blog\/2016\/04\/12\/photo-and-video-gallery-of-bnei-menashe-aliyah-2012galeria-de-fotos-y-videos-sobre-la-alia-de-bnei-menashe-2012\u05d2\u05dc\u05e8\u05d9\u05ea-\u05ea\u05de\u05d5\u05e0\u05d5\u05ea-\u05d5\u05e1\u05e8\/","og_locale":"es_ES","og_type":"article","og_title":"Galer\u00eda de fotos y videos sobre la ali\u00e1 de Bnei Menash\u00e9, 2012 - Shavei Israel","og_description":"La tan esperada reanudaci\u00f3n de la ali\u00e1 de Bnei Menash\u00e9 ha comenzado. El lunes 24 de diciembre, un grupo de 53 personas del estado de Manipur llegaron a Israel desde New Delhi acompa\u00f1ados por el Director de Shavei Israel Michael Freund.","og_url":"https:\/\/www.shavei.org\/es\/blog\/2016\/04\/12\/photo-and-video-gallery-of-bnei-menashe-aliyah-2012galeria-de-fotos-y-videos-sobre-la-alia-de-bnei-menashe-2012\u05d2\u05dc\u05e8\u05d9\u05ea-\u05ea\u05de\u05d5\u05e0\u05d5\u05ea-\u05d5\u05e1\u05e8\/","og_site_name":"Shavei Israel","article_published_time":"2016-04-12T12:35:54+00:00","og_image":[{"url":"https:\/\/www.shaveiisrael.com\/wp-content\/uploads\/2012\/12\/Kids-at-Ben-Gurion.jpg","type":"","width":"","height":""}],"author":"Tzivia Kusminsky","twitter_card":"summary_large_image","twitter_misc":{"Escrito por":false,"Tiempo de lectura":"1 minuto"},"schema":{"@context":"https:\/\/schema.org","@graph":[{"@type":"Article","@id":"https:\/\/www.shavei.org\/es\/blog\/2016\/04\/12\/photo-and-video-gallery-of-bnei-menashe-aliyah-2012galeria-de-fotos-y-videos-sobre-la-alia-de-bnei-menashe-2012%d7%92%d7%9c%d7%a8%d7%99%d7%aa-%d7%aa%d7%9e%d7%95%d7%a0%d7%95%d7%aa-%d7%95%d7%a1%d7%a8\/#article","isPartOf":{"@id":"https:\/\/www.shavei.org\/es\/blog\/2016\/04\/12\/photo-and-video-gallery-of-bnei-menashe-aliyah-2012galeria-de-fotos-y-videos-sobre-la-alia-de-bnei-menashe-2012%d7%92%d7%9c%d7%a8%d7%99%d7%aa-%d7%aa%d7%9e%d7%95%d7%a0%d7%95%d7%aa-%d7%95%d7%a1%d7%a8\/"},"author":{"name":"Tzivia Kusminsky","@id":"https:\/\/www.shavei.org\/#\/schema\/person\/c70fe77fbbc9468d59c8cc80b2586ba9"},"headline":"Galer\u00eda de fotos y videos sobre la ali\u00e1 de Bnei Menash\u00e9, 2012","datePublished":"2016-04-12T12:35:54+00:00","mainEntityOfPage":{"@id":"https:\/\/www.shavei.org\/es\/blog\/2016\/04\/12\/photo-and-video-gallery-of-bnei-menashe-aliyah-2012galeria-de-fotos-y-videos-sobre-la-alia-de-bnei-menashe-2012%d7%92%d7%9c%d7%a8%d7%99%d7%aa-%d7%aa%d7%9e%d7%95%d7%a0%d7%95%d7%aa-%d7%95%d7%a1%d7%a8\/"},"wordCount":149,"publisher":{"@id":"https:\/\/www.shavei.org\/#organization"},"image":{"@id":"https:\/\/www.shavei.org\/es\/blog\/2016\/04\/12\/photo-and-video-gallery-of-bnei-menashe-aliyah-2012galeria-de-fotos-y-videos-sobre-la-alia-de-bnei-menashe-2012%d7%92%d7%9c%d7%a8%d7%99%d7%aa-%d7%aa%d7%9e%d7%95%d7%a0%d7%95%d7%aa-%d7%95%d7%a1%d7%a8\/#primaryimage"},"thumbnailUrl":"https:\/\/www.shaveiisrael.com\/wp-content\/uploads\/2012\/12\/Kids-at-Ben-Gurion.jpg","articleSection":["Sin categorizar"],"inLanguage":"es"},{"@type":"WebPage","@id":"https:\/\/www.shavei.org\/es\/blog\/2016\/04\/12\/photo-and-video-gallery-of-bnei-menashe-aliyah-2012galeria-de-fotos-y-videos-sobre-la-alia-de-bnei-menashe-2012%d7%92%d7%9c%d7%a8%d7%99%d7%aa-%d7%aa%d7%9e%d7%95%d7%a0%d7%95%d7%aa-%d7%95%d7%a1%d7%a8\/","url":"https:\/\/www.shavei.org\/es\/blog\/2016\/04\/12\/photo-and-video-gallery-of-bnei-menashe-aliyah-2012galeria-de-fotos-y-videos-sobre-la-alia-de-bnei-menashe-2012%d7%92%d7%9c%d7%a8%d7%99%d7%aa-%d7%aa%d7%9e%d7%95%d7%a0%d7%95%d7%aa-%d7%95%d7%a1%d7%a8\/","name":"Galer\u00eda de fotos y videos sobre la ali\u00e1 de Bnei Menash\u00e9, 2012 - Shavei Israel","isPartOf":{"@id":"https:\/\/www.shavei.org\/#website"},"primaryImageOfPage":{"@id":"https:\/\/www.shavei.org\/es\/blog\/2016\/04\/12\/photo-and-video-gallery-of-bnei-menashe-aliyah-2012galeria-de-fotos-y-videos-sobre-la-alia-de-bnei-menashe-2012%d7%92%d7%9c%d7%a8%d7%99%d7%aa-%d7%aa%d7%9e%d7%95%d7%a0%d7%95%d7%aa-%d7%95%d7%a1%d7%a8\/#primaryimage"},"image":{"@id":"https:\/\/www.shavei.org\/es\/blog\/2016\/04\/12\/photo-and-video-gallery-of-bnei-menashe-aliyah-2012galeria-de-fotos-y-videos-sobre-la-alia-de-bnei-menashe-2012%d7%92%d7%9c%d7%a8%d7%99%d7%aa-%d7%aa%d7%9e%d7%95%d7%a0%d7%95%d7%aa-%d7%95%d7%a1%d7%a8\/#primaryimage"},"thumbnailUrl":"https:\/\/www.shaveiisrael.com\/wp-content\/uploads\/2012\/12\/Kids-at-Ben-Gurion.jpg","datePublished":"2016-04-12T12:35:54+00:00","breadcrumb":{"@id":"https:\/\/www.shavei.org\/es\/blog\/2016\/04\/12\/photo-and-video-gallery-of-bnei-menashe-aliyah-2012galeria-de-fotos-y-videos-sobre-la-alia-de-bnei-menashe-2012%d7%92%d7%9c%d7%a8%d7%99%d7%aa-%d7%aa%d7%9e%d7%95%d7%a0%d7%95%d7%aa-%d7%95%d7%a1%d7%a8\/#breadcrumb"},"inLanguage":"es","potentialAction":[{"@type":"ReadAction","target":["https:\/\/www.shavei.org\/es\/blog\/2016\/04\/12\/photo-and-video-gallery-of-bnei-menashe-aliyah-2012galeria-de-fotos-y-videos-sobre-la-alia-de-bnei-menashe-2012%d7%92%d7%9c%d7%a8%d7%99%d7%aa-%d7%aa%d7%9e%d7%95%d7%a0%d7%95%d7%aa-%d7%95%d7%a1%d7%a8\/"]}]},{"@type":"ImageObject","inLanguage":"es","@id":"https:\/\/www.shavei.org\/es\/blog\/2016\/04\/12\/photo-and-video-gallery-of-bnei-menashe-aliyah-2012galeria-de-fotos-y-videos-sobre-la-alia-de-bnei-menashe-2012%d7%92%d7%9c%d7%a8%d7%99%d7%aa-%d7%aa%d7%9e%d7%95%d7%a0%d7%95%d7%aa-%d7%95%d7%a1%d7%a8\/#primaryimage","url":"https:\/\/www.shaveiisrael.com\/wp-content\/uploads\/2012\/12\/Kids-at-Ben-Gurion.jpg","contentUrl":"https:\/\/www.shaveiisrael.com\/wp-content\/uploads\/2012\/12\/Kids-at-Ben-Gurion.jpg"},{"@type":"BreadcrumbList","@id":"https:\/\/www.shavei.org\/es\/blog\/2016\/04\/12\/photo-and-video-gallery-of-bnei-menashe-aliyah-2012galeria-de-fotos-y-videos-sobre-la-alia-de-bnei-menashe-2012%d7%92%d7%9c%d7%a8%d7%99%d7%aa-%d7%aa%d7%9e%d7%95%d7%a0%d7%95%d7%aa-%d7%95%d7%a1%d7%a8\/#breadcrumb","itemListElement":[{"@type":"ListItem","position":1,"name":"Home","item":"https:\/\/www.shavei.org\/es\/"},{"@type":"ListItem","position":2,"name":"Galer\u00eda de fotos y videos sobre la ali\u00e1 de Bnei Menash\u00e9, 2012"}]},{"@type":"WebSite","@id":"https:\/\/www.shavei.org\/#website","url":"https:\/\/www.shavei.org\/","name":"Shavei Israel","description":"One nation, many faces. We help them all return.","publisher":{"@id":"https:\/\/www.shavei.org\/#organization"},"potentialAction":[{"@type":"SearchAction","target":{"@type":"EntryPoint","urlTemplate":"https:\/\/www.shavei.org\/?s={search_term_string}"},"query-input":{"@type":"PropertyValueSpecification","valueRequired":true,"valueName":"search_term_string"}}],"inLanguage":"es"},{"@type":"Organization","@id":"https:\/\/www.shavei.org\/#organization","name":"Shavei Israel","url":"https:\/\/www.shavei.org\/","logo":{"@type":"ImageObject","inLanguage":"es","@id":"https:\/\/www.shavei.org\/#\/schema\/logo\/image\/","url":"https:\/\/www.shavei.org\/wp-content\/uploads\/2017\/10\/shavei-logo.jpg","contentUrl":"https:\/\/www.shavei.org\/wp-content\/uploads\/2017\/10\/shavei-logo.jpg","width":300,"height":285,"caption":"Shavei Israel"},"image":{"@id":"https:\/\/www.shavei.org\/#\/schema\/logo\/image\/"}},{"@type":"Person","@id":"https:\/\/www.shavei.org\/#\/schema\/person\/c70fe77fbbc9468d59c8cc80b2586ba9","name":"Tzivia Kusminsky","image":{"@type":"ImageObject","inLanguage":"es","@id":"https:\/\/secure.gravatar.com\/avatar\/73ed388a734b8872dba96a8638453a180808c0f5594ee73603e7b482d08fcc4e?s=96&d=mm&r=g","url":"https:\/\/secure.gravatar.com\/avatar\/73ed388a734b8872dba96a8638453a180808c0f5594ee73603e7b482d08fcc4e?s=96&d=mm&r=g","contentUrl":"https:\/\/secure.gravatar.com\/avatar\/73ed388a734b8872dba96a8638453a180808c0f5594ee73603e7b482d08fcc4e?s=96&d=mm&r=g","caption":"Tzivia Kusminsky"},"url":"https:\/\/www.shavei.org\/es\/blog\/author\/tziviak\/"}]}},"_links":{"self":[{"href":"https:\/\/www.shavei.org\/es\/wp-json\/wp\/v2\/posts\/29676","targetHints":{"allow":["GET"]}}],"collection":[{"href":"https:\/\/www.shavei.org\/es\/wp-json\/wp\/v2\/posts"}],"about":[{"href":"https:\/\/www.shavei.org\/es\/wp-json\/wp\/v2\/types\/post"}],"author":[{"embeddable":true,"href":"https:\/\/www.shavei.org\/es\/wp-json\/wp\/v2\/users\/6"}],"replies":[{"embeddable":true,"href":"https:\/\/www.shavei.org\/es\/wp-json\/wp\/v2\/comments?post=29676"}],"version-history":[{"count":1,"href":"https:\/\/www.shavei.org\/es\/wp-json\/wp\/v2\/posts\/29676\/revisions"}],"predecessor-version":[{"id":29679,"href":"https:\/\/www.shavei.org\/es\/wp-json\/wp\/v2\/posts\/29676\/revisions\/29679"}],"wp:attachment":[{"href":"https:\/\/www.shavei.org\/es\/wp-json\/wp\/v2\/media?parent=29676"}],"wp:term":[{"taxonomy":"category","embeddable":true,"href":"https:\/\/www.shavei.org\/es\/wp-json\/wp\/v2\/categories?post=29676"},{"taxonomy":"post_tag","embeddable":true,"href":"https:\/\/www.shavei.org\/es\/wp-json\/wp\/v2\/tags?post=29676"}],"curies":[{"name":"wp","href":"https:\/\/api.w.org\/{rel}","templated":true}]}}