{"id":29657,"date":"2016-04-12T11:42:44","date_gmt":"2016-04-12T11:42:44","guid":{"rendered":"https:\/\/www.shavei.org\/es\/?p=29657"},"modified":"2016-04-12T11:42:44","modified_gmt":"2016-04-12T11:42:44","slug":"concierto-de-musica-judia-en-palma-de-mallorca","status":"publish","type":"post","link":"https:\/\/www.shavei.org\/es\/blog\/2016\/04\/12\/concierto-de-musica-judia-en-palma-de-mallorca\/","title":{"rendered":"Concierto de m\u00fasica jud\u00eda en Palma de Mallorca"},"content":{"rendered":"<p><!--:es-->El shabat pasado, parashat Itr\u00f3, tuvo lugar un espl\u00e9ndido seminario de Shavei Israel en Palma de Mallorca, en el cual participaron alrededor de 50 personas de todo Espa\u00f1a. El seminario cont\u00f3 con la participaci\u00f3n especial del Rabino Mosh\u00e9 Ben Dah\u00e1n de Madrid y finaliz\u00f3 con un concierto muy especial del cantante Ioel Munjeh. Todos disfrutamos mucho de sus canciones y aqu\u00ed le traemos algunas fotos del evento.<\/p>\nngg_shortcode_0_placeholder\n<p>Aqu\u00ed tienen algunos video clips<\/p>\n<p>Cantando\u00a0<em>Ine Matov u Manaim<\/em><\/p>\n<p>[youtube]https:\/\/www.youtube.com\/watch?v=XoepsR62TNU&amp;feature=youtu.be[\/youtube]<\/p>\n<p>Cantando Gesher Tsar Meod<\/p>\n<p>[youtube]https:\/\/www.youtube.com\/watch?v=x0gg7L7hJ30&amp;feature=youtu.be[\/youtube]<\/p>\n<p>Aqu\u00ed hay una entrevista que le hicieron a<a href=\"https:\/\/www.shaveiisrael.com\/wp-content\/uploads\/2013\/02\/Peri\u00f3dico-\u00daltima-Hora-3-02-2013.jpg\"><img decoding=\"async\" class=\"alignleft size-medium wp-image-10601\" title=\"Peri\u00f3dico \u00daltima Hora 3-02-2013\" src=\"https:\/\/www.shaveiisrael.com\/wp-content\/uploads\/2013\/02\/Peri\u00f3dico-\u00daltima-Hora-3-02-2013-168x300.jpg\" alt=\"\" width=\"168\" height=\"300\" \/><\/a>l cantante en el diario La \u00daltima Hora<\/p>\n<p><a href=\"https:\/\/www.shaveiisrael.com\/wp-content\/uploads\/2013\/02\/Peri\u00f3dico-\u00daltima-Hora-1-02-2013.jpg\"><img decoding=\"async\" class=\"alignleft size-medium wp-image-10600\" title=\"Peri\u00f3dico \u00daltima Hora 1-02-2013\" src=\"https:\/\/www.shaveiisrael.com\/wp-content\/uploads\/2013\/02\/Peri\u00f3dico-\u00daltima-Hora-1-02-2013-168x300.jpg\" alt=\"\" width=\"168\" height=\"300\" \/><\/a><!--:--><!--:he--><\/p>\n<p style=\"direction: rtl;\">\n<p><!--:--><\/p>\n<p>&nbsp;<\/p>\n","protected":false},"excerpt":{"rendered":"<p>El shabat pasado, parashat Itr\u00f3, tuvo lugar un espl\u00e9ndido seminario de Shavei Israel en Palma de Mallorca, en el cual participaron alrededor de 50 personas de todo Espa\u00f1a. El seminario cont\u00f3 con la participaci\u00f3n especial del Rabino Mosh\u00e9 Ben Dah\u00e1n de Madrid y finaliz\u00f3 con&#8230;<\/p>\n","protected":false},"author":6,"featured_media":0,"comment_status":"closed","ping_status":"closed","sticky":false,"template":"","format":"standard","meta":{"give_campaign_id":0,"_exactmetrics_skip_tracking":false,"_exactmetrics_sitenote_active":false,"_exactmetrics_sitenote_note":"","_exactmetrics_sitenote_category":0,"ngg_post_thumbnail":0,"footnotes":""},"categories":[477,478],"tags":[],"class_list":["post-29657","post","type-post","status-publish","format-standard","hentry","category-bnei-anusim-fotos","category-bnei-anusim-video"],"yoast_head":"<!-- This site is optimized with the Yoast SEO plugin v27.4 - https:\/\/yoast.com\/product\/yoast-seo-wordpress\/ -->\n<title>Concierto de m\u00fasica jud\u00eda en Palma de Mallorca - Shavei Israel<\/title>\n<meta name=\"robots\" content=\"index, follow, max-snippet:-1, max-image-preview:large, max-video-preview:-1\" \/>\n<link rel=\"canonical\" href=\"https:\/\/www.shavei.org\/es\/blog\/2016\/04\/12\/concierto-de-musica-judia-en-palma-de-mallorca\/\" \/>\n<meta property=\"og:locale\" content=\"es_ES\" \/>\n<meta property=\"og:type\" content=\"article\" \/>\n<meta property=\"og:title\" content=\"Concierto de m\u00fasica jud\u00eda en Palma de Mallorca - Shavei Israel\" \/>\n<meta property=\"og:description\" content=\"El shabat pasado, parashat Itr\u00f3, tuvo lugar un espl\u00e9ndido seminario de Shavei Israel en Palma de Mallorca, en el cual participaron alrededor de 50 personas de todo Espa\u00f1a. El seminario cont\u00f3 con la participaci\u00f3n especial del Rabino Mosh\u00e9 Ben Dah\u00e1n de Madrid y finaliz\u00f3 con...\" \/>\n<meta property=\"og:url\" content=\"https:\/\/www.shavei.org\/es\/blog\/2016\/04\/12\/concierto-de-musica-judia-en-palma-de-mallorca\/\" \/>\n<meta property=\"og:site_name\" content=\"Shavei Israel\" \/>\n<meta property=\"article:published_time\" content=\"2016-04-12T11:42:44+00:00\" \/>\n<meta property=\"og:image\" content=\"https:\/\/www.shaveiisrael.com\/wp-content\/uploads\/2013\/02\/Peri\u00f3dico-\u00daltima-Hora-3-02-2013-168x300.jpg\" \/>\n<meta name=\"author\" content=\"Tzivia Kusminsky\" \/>\n<meta name=\"twitter:card\" content=\"summary_large_image\" \/>\n<meta name=\"twitter:label1\" content=\"Escrito por\" \/>\n\t<meta name=\"twitter:data1\" content=\"\" \/>\n\t<meta name=\"twitter:label2\" content=\"Tiempo de lectura\" \/>\n\t<meta name=\"twitter:data2\" content=\"1 minuto\" \/>\n<script type=\"application\/ld+json\" class=\"yoast-schema-graph\">{\"@context\":\"https:\\\/\\\/schema.org\",\"@graph\":[{\"@type\":\"Article\",\"@id\":\"https:\\\/\\\/www.shavei.org\\\/es\\\/blog\\\/2016\\\/04\\\/12\\\/concierto-de-musica-judia-en-palma-de-mallorca\\\/#article\",\"isPartOf\":{\"@id\":\"https:\\\/\\\/www.shavei.org\\\/es\\\/blog\\\/2016\\\/04\\\/12\\\/concierto-de-musica-judia-en-palma-de-mallorca\\\/\"},\"author\":{\"name\":\"Tzivia Kusminsky\",\"@id\":\"https:\\\/\\\/www.shavei.org\\\/#\\\/schema\\\/person\\\/c70fe77fbbc9468d59c8cc80b2586ba9\"},\"headline\":\"Concierto de m\u00fasica jud\u00eda en Palma de Mallorca\",\"datePublished\":\"2016-04-12T11:42:44+00:00\",\"mainEntityOfPage\":{\"@id\":\"https:\\\/\\\/www.shavei.org\\\/es\\\/blog\\\/2016\\\/04\\\/12\\\/concierto-de-musica-judia-en-palma-de-mallorca\\\/\"},\"wordCount\":143,\"publisher\":{\"@id\":\"https:\\\/\\\/www.shavei.org\\\/#organization\"},\"articleSection\":[\"Bnei Anusim: Fotos\",\"Bnei Anusim: Videos\"],\"inLanguage\":\"es\"},{\"@type\":\"WebPage\",\"@id\":\"https:\\\/\\\/www.shavei.org\\\/es\\\/blog\\\/2016\\\/04\\\/12\\\/concierto-de-musica-judia-en-palma-de-mallorca\\\/\",\"url\":\"https:\\\/\\\/www.shavei.org\\\/es\\\/blog\\\/2016\\\/04\\\/12\\\/concierto-de-musica-judia-en-palma-de-mallorca\\\/\",\"name\":\"Concierto de m\u00fasica jud\u00eda en Palma de Mallorca - Shavei Israel\",\"isPartOf\":{\"@id\":\"https:\\\/\\\/www.shavei.org\\\/#website\"},\"datePublished\":\"2016-04-12T11:42:44+00:00\",\"breadcrumb\":{\"@id\":\"https:\\\/\\\/www.shavei.org\\\/es\\\/blog\\\/2016\\\/04\\\/12\\\/concierto-de-musica-judia-en-palma-de-mallorca\\\/#breadcrumb\"},\"inLanguage\":\"es\",\"potentialAction\":[{\"@type\":\"ReadAction\",\"target\":[\"https:\\\/\\\/www.shavei.org\\\/es\\\/blog\\\/2016\\\/04\\\/12\\\/concierto-de-musica-judia-en-palma-de-mallorca\\\/\"]}]},{\"@type\":\"BreadcrumbList\",\"@id\":\"https:\\\/\\\/www.shavei.org\\\/es\\\/blog\\\/2016\\\/04\\\/12\\\/concierto-de-musica-judia-en-palma-de-mallorca\\\/#breadcrumb\",\"itemListElement\":[{\"@type\":\"ListItem\",\"position\":1,\"name\":\"Home\",\"item\":\"https:\\\/\\\/www.shavei.org\\\/es\\\/\"},{\"@type\":\"ListItem\",\"position\":2,\"name\":\"Concierto de m\u00fasica jud\u00eda en Palma de Mallorca\"}]},{\"@type\":\"WebSite\",\"@id\":\"https:\\\/\\\/www.shavei.org\\\/#website\",\"url\":\"https:\\\/\\\/www.shavei.org\\\/\",\"name\":\"Shavei Israel\",\"description\":\"One nation, many faces. We help them all return.\",\"publisher\":{\"@id\":\"https:\\\/\\\/www.shavei.org\\\/#organization\"},\"potentialAction\":[{\"@type\":\"SearchAction\",\"target\":{\"@type\":\"EntryPoint\",\"urlTemplate\":\"https:\\\/\\\/www.shavei.org\\\/?s={search_term_string}\"},\"query-input\":{\"@type\":\"PropertyValueSpecification\",\"valueRequired\":true,\"valueName\":\"search_term_string\"}}],\"inLanguage\":\"es\"},{\"@type\":\"Organization\",\"@id\":\"https:\\\/\\\/www.shavei.org\\\/#organization\",\"name\":\"Shavei Israel\",\"url\":\"https:\\\/\\\/www.shavei.org\\\/\",\"logo\":{\"@type\":\"ImageObject\",\"inLanguage\":\"es\",\"@id\":\"https:\\\/\\\/www.shavei.org\\\/#\\\/schema\\\/logo\\\/image\\\/\",\"url\":\"https:\\\/\\\/www.shavei.org\\\/wp-content\\\/uploads\\\/2017\\\/10\\\/shavei-logo.jpg\",\"contentUrl\":\"https:\\\/\\\/www.shavei.org\\\/wp-content\\\/uploads\\\/2017\\\/10\\\/shavei-logo.jpg\",\"width\":300,\"height\":285,\"caption\":\"Shavei Israel\"},\"image\":{\"@id\":\"https:\\\/\\\/www.shavei.org\\\/#\\\/schema\\\/logo\\\/image\\\/\"}},{\"@type\":\"Person\",\"@id\":\"https:\\\/\\\/www.shavei.org\\\/#\\\/schema\\\/person\\\/c70fe77fbbc9468d59c8cc80b2586ba9\",\"name\":\"Tzivia Kusminsky\",\"image\":{\"@type\":\"ImageObject\",\"inLanguage\":\"es\",\"@id\":\"https:\\\/\\\/secure.gravatar.com\\\/avatar\\\/73ed388a734b8872dba96a8638453a180808c0f5594ee73603e7b482d08fcc4e?s=96&d=mm&r=g\",\"url\":\"https:\\\/\\\/secure.gravatar.com\\\/avatar\\\/73ed388a734b8872dba96a8638453a180808c0f5594ee73603e7b482d08fcc4e?s=96&d=mm&r=g\",\"contentUrl\":\"https:\\\/\\\/secure.gravatar.com\\\/avatar\\\/73ed388a734b8872dba96a8638453a180808c0f5594ee73603e7b482d08fcc4e?s=96&d=mm&r=g\",\"caption\":\"Tzivia Kusminsky\"},\"url\":\"https:\\\/\\\/www.shavei.org\\\/es\\\/blog\\\/author\\\/tziviak\\\/\"}]}<\/script>\n<!-- \/ Yoast SEO plugin. -->","yoast_head_json":{"title":"Concierto de m\u00fasica jud\u00eda en Palma de Mallorca - Shavei Israel","robots":{"index":"index","follow":"follow","max-snippet":"max-snippet:-1","max-image-preview":"max-image-preview:large","max-video-preview":"max-video-preview:-1"},"canonical":"https:\/\/www.shavei.org\/es\/blog\/2016\/04\/12\/concierto-de-musica-judia-en-palma-de-mallorca\/","og_locale":"es_ES","og_type":"article","og_title":"Concierto de m\u00fasica jud\u00eda en Palma de Mallorca - Shavei Israel","og_description":"El shabat pasado, parashat Itr\u00f3, tuvo lugar un espl\u00e9ndido seminario de Shavei Israel en Palma de Mallorca, en el cual participaron alrededor de 50 personas de todo Espa\u00f1a. El seminario cont\u00f3 con la participaci\u00f3n especial del Rabino Mosh\u00e9 Ben Dah\u00e1n de Madrid y finaliz\u00f3 con...","og_url":"https:\/\/www.shavei.org\/es\/blog\/2016\/04\/12\/concierto-de-musica-judia-en-palma-de-mallorca\/","og_site_name":"Shavei Israel","article_published_time":"2016-04-12T11:42:44+00:00","og_image":[{"url":"https:\/\/www.shaveiisrael.com\/wp-content\/uploads\/2013\/02\/Peri\u00f3dico-\u00daltima-Hora-3-02-2013-168x300.jpg","type":"","width":"","height":""}],"author":"Tzivia Kusminsky","twitter_card":"summary_large_image","twitter_misc":{"Escrito por":false,"Tiempo de lectura":"1 minuto"},"schema":{"@context":"https:\/\/schema.org","@graph":[{"@type":"Article","@id":"https:\/\/www.shavei.org\/es\/blog\/2016\/04\/12\/concierto-de-musica-judia-en-palma-de-mallorca\/#article","isPartOf":{"@id":"https:\/\/www.shavei.org\/es\/blog\/2016\/04\/12\/concierto-de-musica-judia-en-palma-de-mallorca\/"},"author":{"name":"Tzivia Kusminsky","@id":"https:\/\/www.shavei.org\/#\/schema\/person\/c70fe77fbbc9468d59c8cc80b2586ba9"},"headline":"Concierto de m\u00fasica jud\u00eda en Palma de Mallorca","datePublished":"2016-04-12T11:42:44+00:00","mainEntityOfPage":{"@id":"https:\/\/www.shavei.org\/es\/blog\/2016\/04\/12\/concierto-de-musica-judia-en-palma-de-mallorca\/"},"wordCount":143,"publisher":{"@id":"https:\/\/www.shavei.org\/#organization"},"articleSection":["Bnei Anusim: Fotos","Bnei Anusim: Videos"],"inLanguage":"es"},{"@type":"WebPage","@id":"https:\/\/www.shavei.org\/es\/blog\/2016\/04\/12\/concierto-de-musica-judia-en-palma-de-mallorca\/","url":"https:\/\/www.shavei.org\/es\/blog\/2016\/04\/12\/concierto-de-musica-judia-en-palma-de-mallorca\/","name":"Concierto de m\u00fasica jud\u00eda en Palma de Mallorca - Shavei Israel","isPartOf":{"@id":"https:\/\/www.shavei.org\/#website"},"datePublished":"2016-04-12T11:42:44+00:00","breadcrumb":{"@id":"https:\/\/www.shavei.org\/es\/blog\/2016\/04\/12\/concierto-de-musica-judia-en-palma-de-mallorca\/#breadcrumb"},"inLanguage":"es","potentialAction":[{"@type":"ReadAction","target":["https:\/\/www.shavei.org\/es\/blog\/2016\/04\/12\/concierto-de-musica-judia-en-palma-de-mallorca\/"]}]},{"@type":"BreadcrumbList","@id":"https:\/\/www.shavei.org\/es\/blog\/2016\/04\/12\/concierto-de-musica-judia-en-palma-de-mallorca\/#breadcrumb","itemListElement":[{"@type":"ListItem","position":1,"name":"Home","item":"https:\/\/www.shavei.org\/es\/"},{"@type":"ListItem","position":2,"name":"Concierto de m\u00fasica jud\u00eda en Palma de Mallorca"}]},{"@type":"WebSite","@id":"https:\/\/www.shavei.org\/#website","url":"https:\/\/www.shavei.org\/","name":"Shavei Israel","description":"One nation, many faces. We help them all return.","publisher":{"@id":"https:\/\/www.shavei.org\/#organization"},"potentialAction":[{"@type":"SearchAction","target":{"@type":"EntryPoint","urlTemplate":"https:\/\/www.shavei.org\/?s={search_term_string}"},"query-input":{"@type":"PropertyValueSpecification","valueRequired":true,"valueName":"search_term_string"}}],"inLanguage":"es"},{"@type":"Organization","@id":"https:\/\/www.shavei.org\/#organization","name":"Shavei Israel","url":"https:\/\/www.shavei.org\/","logo":{"@type":"ImageObject","inLanguage":"es","@id":"https:\/\/www.shavei.org\/#\/schema\/logo\/image\/","url":"https:\/\/www.shavei.org\/wp-content\/uploads\/2017\/10\/shavei-logo.jpg","contentUrl":"https:\/\/www.shavei.org\/wp-content\/uploads\/2017\/10\/shavei-logo.jpg","width":300,"height":285,"caption":"Shavei Israel"},"image":{"@id":"https:\/\/www.shavei.org\/#\/schema\/logo\/image\/"}},{"@type":"Person","@id":"https:\/\/www.shavei.org\/#\/schema\/person\/c70fe77fbbc9468d59c8cc80b2586ba9","name":"Tzivia Kusminsky","image":{"@type":"ImageObject","inLanguage":"es","@id":"https:\/\/secure.gravatar.com\/avatar\/73ed388a734b8872dba96a8638453a180808c0f5594ee73603e7b482d08fcc4e?s=96&d=mm&r=g","url":"https:\/\/secure.gravatar.com\/avatar\/73ed388a734b8872dba96a8638453a180808c0f5594ee73603e7b482d08fcc4e?s=96&d=mm&r=g","contentUrl":"https:\/\/secure.gravatar.com\/avatar\/73ed388a734b8872dba96a8638453a180808c0f5594ee73603e7b482d08fcc4e?s=96&d=mm&r=g","caption":"Tzivia Kusminsky"},"url":"https:\/\/www.shavei.org\/es\/blog\/author\/tziviak\/"}]}},"_links":{"self":[{"href":"https:\/\/www.shavei.org\/es\/wp-json\/wp\/v2\/posts\/29657","targetHints":{"allow":["GET"]}}],"collection":[{"href":"https:\/\/www.shavei.org\/es\/wp-json\/wp\/v2\/posts"}],"about":[{"href":"https:\/\/www.shavei.org\/es\/wp-json\/wp\/v2\/types\/post"}],"author":[{"embeddable":true,"href":"https:\/\/www.shavei.org\/es\/wp-json\/wp\/v2\/users\/6"}],"replies":[{"embeddable":true,"href":"https:\/\/www.shavei.org\/es\/wp-json\/wp\/v2\/comments?post=29657"}],"version-history":[{"count":1,"href":"https:\/\/www.shavei.org\/es\/wp-json\/wp\/v2\/posts\/29657\/revisions"}],"predecessor-version":[{"id":29659,"href":"https:\/\/www.shavei.org\/es\/wp-json\/wp\/v2\/posts\/29657\/revisions\/29659"}],"wp:attachment":[{"href":"https:\/\/www.shavei.org\/es\/wp-json\/wp\/v2\/media?parent=29657"}],"wp:term":[{"taxonomy":"category","embeddable":true,"href":"https:\/\/www.shavei.org\/es\/wp-json\/wp\/v2\/categories?post=29657"},{"taxonomy":"post_tag","embeddable":true,"href":"https:\/\/www.shavei.org\/es\/wp-json\/wp\/v2\/tags?post=29657"}],"curies":[{"name":"wp","href":"https:\/\/api.w.org\/{rel}","templated":true}]}}