{"id":29623,"date":"2013-06-09T16:33:15","date_gmt":"2013-06-09T16:33:15","guid":{"rendered":"https:\/\/www.shavei.org\/es\/pictures-from-the-bar-mitzvah-of-mariusz-aoflko-in-jerusalem\/"},"modified":"2017-06-04T12:07:05","modified_gmt":"2017-06-04T10:07:05","slug":"pictures-from-the-bar-mitzvah-of-mariusz-aoflko-in-jerusalem","status":"publish","type":"post","link":"https:\/\/www.shavei.org\/es\/blog\/2013\/06\/09\/pictures-from-the-bar-mitzvah-of-mariusz-aoflko-in-jerusalem\/","title":{"rendered":"Bar Mitzv\u00e1 de un jud\u00edo polaco que descubri\u00f3 sus ra\u00edces a los 65 a\u00f1os"},"content":{"rendered":"<p><!--:en--><a href=\"https:\/\/www.shaveiisrael.com\/wp-content\/uploads\/2013\/06\/Marius-bar-mitzvah-Kotelsm21.png\"><img decoding=\"async\" class=\"alignleft size-full wp-image-11572\" src=\"https:\/\/www.shaveiisrael.com\/wp-content\/uploads\/2013\/06\/Marius-bar-mitzvah-Kotelsm21.png\" alt=\"Marius bar mitzvah Kotel(sm2)\" width=\"200\" height=\"255\" \/><\/a>Mosh\u00e9 Lederman Cohen, creci\u00f3 como Mariusz Aoflko un polaco cat\u00f3lico. Antes de que su madre fallezca, hace 13 a\u00f1os atr\u00e1s, le confes\u00f3 que tanto ella como su padre son jud\u00edos. La revelaci\u00f3n cambi\u00f3 su vida. Michael Freund lo conoci\u00f3 en Auschwitz y lo invit\u00f3 a celebrar su Bar Mitzv\u00e1 en el Kotel. Aqu\u00ed les traemos fotos del emotivo evento.<\/p>\n<p>ngg_shortcode_0_placeholder<!--:--><\/p>\n","protected":false},"excerpt":{"rendered":"<p><!--:en-->Visit our exclusive gallery of photos from the bar mitzvah of Mariusz Aoflko at the Western Wall. An emotional journey from Poland to Jerusalem!<!--:--><!--:es-->Mosh\u00e9 Lederman Cohen, creci\u00f3 como Mariusz Aoflko un polaco cat\u00f3lico. Antes de que su madre fallezca, hace 13 a\u00f1os atr\u00e1s, le confes\u00f3 que tanto ella como su padre son jud\u00edos. La revelaci\u00f3n cambi\u00f3 su vida. <!--:--><\/p>\n","protected":false},"author":8,"featured_media":0,"comment_status":"closed","ping_status":"closed","sticky":false,"template":"","format":"standard","meta":{"give_campaign_id":0,"_exactmetrics_skip_tracking":false,"_exactmetrics_sitenote_active":false,"_exactmetrics_sitenote_note":"","_exactmetrics_sitenote_category":0,"ngg_post_thumbnail":0,"footnotes":""},"categories":[1114,496],"tags":[1063],"class_list":["post-29623","post","type-post","status-publish","format-standard","hentry","category-historias-personales","category-judios-escondidos-polonia-fotos","tag-poland-es"],"yoast_head":"<!-- This site is optimized with the Yoast SEO plugin v27.4 - https:\/\/yoast.com\/product\/yoast-seo-wordpress\/ -->\n<title>Bar Mitzv\u00e1 de un jud\u00edo polaco que descubri\u00f3 sus ra\u00edces a los 65 a\u00f1os - Shavei Israel<\/title>\n<meta name=\"robots\" content=\"index, follow, max-snippet:-1, max-image-preview:large, max-video-preview:-1\" \/>\n<link rel=\"canonical\" href=\"https:\/\/www.shavei.org\/es\/blog\/2013\/06\/09\/pictures-from-the-bar-mitzvah-of-mariusz-aoflko-in-jerusalem\/\" \/>\n<meta property=\"og:locale\" content=\"es_ES\" \/>\n<meta property=\"og:type\" content=\"article\" \/>\n<meta property=\"og:title\" content=\"Bar Mitzv\u00e1 de un jud\u00edo polaco que descubri\u00f3 sus ra\u00edces a los 65 a\u00f1os - Shavei Israel\" \/>\n<meta property=\"og:description\" content=\"Visit our exclusive gallery of photos from the bar mitzvah of Mariusz Aoflko at the Western Wall. An emotional journey from Poland to Jerusalem!Mosh\u00e9 Lederman Cohen, creci\u00f3 como Mariusz Aoflko un polaco cat\u00f3lico. Antes de que su madre fallezca, hace 13 a\u00f1os atr\u00e1s, le confes\u00f3 que tanto ella como su padre son jud\u00edos. La revelaci\u00f3n cambi\u00f3 su vida.\" \/>\n<meta property=\"og:url\" content=\"https:\/\/www.shavei.org\/es\/blog\/2013\/06\/09\/pictures-from-the-bar-mitzvah-of-mariusz-aoflko-in-jerusalem\/\" \/>\n<meta property=\"og:site_name\" content=\"Shavei Israel\" \/>\n<meta property=\"article:published_time\" content=\"2013-06-09T16:33:15+00:00\" \/>\n<meta property=\"article:modified_time\" content=\"2017-06-04T10:07:05+00:00\" \/>\n<meta property=\"og:image\" content=\"https:\/\/www.shaveiisrael.com\/wp-content\/uploads\/2013\/06\/Marius-bar-mitzvah-Kotelsm21.png\" \/>\n<meta name=\"author\" content=\"Shavei Israel\" \/>\n<meta name=\"twitter:card\" content=\"summary_large_image\" \/>\n<meta name=\"twitter:label1\" content=\"Escrito por\" \/>\n\t<meta name=\"twitter:data1\" content=\"\" \/>\n<script type=\"application\/ld+json\" class=\"yoast-schema-graph\">{\"@context\":\"https:\\\/\\\/schema.org\",\"@graph\":[{\"@type\":\"Article\",\"@id\":\"https:\\\/\\\/www.shavei.org\\\/es\\\/blog\\\/2013\\\/06\\\/09\\\/pictures-from-the-bar-mitzvah-of-mariusz-aoflko-in-jerusalem\\\/#article\",\"isPartOf\":{\"@id\":\"https:\\\/\\\/www.shavei.org\\\/es\\\/blog\\\/2013\\\/06\\\/09\\\/pictures-from-the-bar-mitzvah-of-mariusz-aoflko-in-jerusalem\\\/\"},\"author\":{\"name\":\"Shavei Israel\",\"@id\":\"https:\\\/\\\/www.shavei.org\\\/#\\\/schema\\\/person\\\/be34c059c9b16cdd461eed6c3ee0cf22\"},\"headline\":\"Bar Mitzv\u00e1 de un jud\u00edo polaco que descubri\u00f3 sus ra\u00edces a los 65 a\u00f1os\",\"datePublished\":\"2013-06-09T16:33:15+00:00\",\"dateModified\":\"2017-06-04T10:07:05+00:00\",\"mainEntityOfPage\":{\"@id\":\"https:\\\/\\\/www.shavei.org\\\/es\\\/blog\\\/2013\\\/06\\\/09\\\/pictures-from-the-bar-mitzvah-of-mariusz-aoflko-in-jerusalem\\\/\"},\"wordCount\":81,\"publisher\":{\"@id\":\"https:\\\/\\\/www.shavei.org\\\/#organization\"},\"image\":{\"@id\":\"https:\\\/\\\/www.shavei.org\\\/es\\\/blog\\\/2013\\\/06\\\/09\\\/pictures-from-the-bar-mitzvah-of-mariusz-aoflko-in-jerusalem\\\/#primaryimage\"},\"thumbnailUrl\":\"https:\\\/\\\/www.shaveiisrael.com\\\/wp-content\\\/uploads\\\/2013\\\/06\\\/Marius-bar-mitzvah-Kotelsm21.png\",\"keywords\":[\"Polonia\"],\"articleSection\":[\"Historias Personales\",\"Jud\u00edos Escondidos de Polonia: Fotos\"],\"inLanguage\":\"es\"},{\"@type\":\"WebPage\",\"@id\":\"https:\\\/\\\/www.shavei.org\\\/es\\\/blog\\\/2013\\\/06\\\/09\\\/pictures-from-the-bar-mitzvah-of-mariusz-aoflko-in-jerusalem\\\/\",\"url\":\"https:\\\/\\\/www.shavei.org\\\/es\\\/blog\\\/2013\\\/06\\\/09\\\/pictures-from-the-bar-mitzvah-of-mariusz-aoflko-in-jerusalem\\\/\",\"name\":\"Bar Mitzv\u00e1 de un jud\u00edo polaco que descubri\u00f3 sus ra\u00edces a los 65 a\u00f1os - Shavei Israel\",\"isPartOf\":{\"@id\":\"https:\\\/\\\/www.shavei.org\\\/#website\"},\"primaryImageOfPage\":{\"@id\":\"https:\\\/\\\/www.shavei.org\\\/es\\\/blog\\\/2013\\\/06\\\/09\\\/pictures-from-the-bar-mitzvah-of-mariusz-aoflko-in-jerusalem\\\/#primaryimage\"},\"image\":{\"@id\":\"https:\\\/\\\/www.shavei.org\\\/es\\\/blog\\\/2013\\\/06\\\/09\\\/pictures-from-the-bar-mitzvah-of-mariusz-aoflko-in-jerusalem\\\/#primaryimage\"},\"thumbnailUrl\":\"https:\\\/\\\/www.shaveiisrael.com\\\/wp-content\\\/uploads\\\/2013\\\/06\\\/Marius-bar-mitzvah-Kotelsm21.png\",\"datePublished\":\"2013-06-09T16:33:15+00:00\",\"dateModified\":\"2017-06-04T10:07:05+00:00\",\"breadcrumb\":{\"@id\":\"https:\\\/\\\/www.shavei.org\\\/es\\\/blog\\\/2013\\\/06\\\/09\\\/pictures-from-the-bar-mitzvah-of-mariusz-aoflko-in-jerusalem\\\/#breadcrumb\"},\"inLanguage\":\"es\",\"potentialAction\":[{\"@type\":\"ReadAction\",\"target\":[\"https:\\\/\\\/www.shavei.org\\\/es\\\/blog\\\/2013\\\/06\\\/09\\\/pictures-from-the-bar-mitzvah-of-mariusz-aoflko-in-jerusalem\\\/\"]}]},{\"@type\":\"ImageObject\",\"inLanguage\":\"es\",\"@id\":\"https:\\\/\\\/www.shavei.org\\\/es\\\/blog\\\/2013\\\/06\\\/09\\\/pictures-from-the-bar-mitzvah-of-mariusz-aoflko-in-jerusalem\\\/#primaryimage\",\"url\":\"https:\\\/\\\/www.shaveiisrael.com\\\/wp-content\\\/uploads\\\/2013\\\/06\\\/Marius-bar-mitzvah-Kotelsm21.png\",\"contentUrl\":\"https:\\\/\\\/www.shaveiisrael.com\\\/wp-content\\\/uploads\\\/2013\\\/06\\\/Marius-bar-mitzvah-Kotelsm21.png\"},{\"@type\":\"BreadcrumbList\",\"@id\":\"https:\\\/\\\/www.shavei.org\\\/es\\\/blog\\\/2013\\\/06\\\/09\\\/pictures-from-the-bar-mitzvah-of-mariusz-aoflko-in-jerusalem\\\/#breadcrumb\",\"itemListElement\":[{\"@type\":\"ListItem\",\"position\":1,\"name\":\"Home\",\"item\":\"https:\\\/\\\/www.shavei.org\\\/es\\\/\"},{\"@type\":\"ListItem\",\"position\":2,\"name\":\"Bar Mitzv\u00e1 de un jud\u00edo polaco que descubri\u00f3 sus ra\u00edces a los 65 a\u00f1os\"}]},{\"@type\":\"WebSite\",\"@id\":\"https:\\\/\\\/www.shavei.org\\\/#website\",\"url\":\"https:\\\/\\\/www.shavei.org\\\/\",\"name\":\"Shavei Israel\",\"description\":\"One nation, many faces. We help them all return.\",\"publisher\":{\"@id\":\"https:\\\/\\\/www.shavei.org\\\/#organization\"},\"potentialAction\":[{\"@type\":\"SearchAction\",\"target\":{\"@type\":\"EntryPoint\",\"urlTemplate\":\"https:\\\/\\\/www.shavei.org\\\/?s={search_term_string}\"},\"query-input\":{\"@type\":\"PropertyValueSpecification\",\"valueRequired\":true,\"valueName\":\"search_term_string\"}}],\"inLanguage\":\"es\"},{\"@type\":\"Organization\",\"@id\":\"https:\\\/\\\/www.shavei.org\\\/#organization\",\"name\":\"Shavei Israel\",\"url\":\"https:\\\/\\\/www.shavei.org\\\/\",\"logo\":{\"@type\":\"ImageObject\",\"inLanguage\":\"es\",\"@id\":\"https:\\\/\\\/www.shavei.org\\\/#\\\/schema\\\/logo\\\/image\\\/\",\"url\":\"https:\\\/\\\/www.shavei.org\\\/wp-content\\\/uploads\\\/2017\\\/10\\\/shavei-logo.jpg\",\"contentUrl\":\"https:\\\/\\\/www.shavei.org\\\/wp-content\\\/uploads\\\/2017\\\/10\\\/shavei-logo.jpg\",\"width\":300,\"height\":285,\"caption\":\"Shavei Israel\"},\"image\":{\"@id\":\"https:\\\/\\\/www.shavei.org\\\/#\\\/schema\\\/logo\\\/image\\\/\"}},{\"@type\":\"Person\",\"@id\":\"https:\\\/\\\/www.shavei.org\\\/#\\\/schema\\\/person\\\/be34c059c9b16cdd461eed6c3ee0cf22\",\"name\":\"Shavei Israel\",\"image\":{\"@type\":\"ImageObject\",\"inLanguage\":\"es\",\"@id\":\"https:\\\/\\\/secure.gravatar.com\\\/avatar\\\/3df74477975a50f1c87a7dace91f34be8bb2637b8220dd744eaf5ef9922e052e?s=96&d=mm&r=g\",\"url\":\"https:\\\/\\\/secure.gravatar.com\\\/avatar\\\/3df74477975a50f1c87a7dace91f34be8bb2637b8220dd744eaf5ef9922e052e?s=96&d=mm&r=g\",\"contentUrl\":\"https:\\\/\\\/secure.gravatar.com\\\/avatar\\\/3df74477975a50f1c87a7dace91f34be8bb2637b8220dd744eaf5ef9922e052e?s=96&d=mm&r=g\",\"caption\":\"Shavei Israel\"},\"url\":\"https:\\\/\\\/www.shavei.org\\\/es\\\/blog\\\/author\\\/shaveiisrael\\\/\"}]}<\/script>\n<!-- \/ Yoast SEO plugin. -->","yoast_head_json":{"title":"Bar Mitzv\u00e1 de un jud\u00edo polaco que descubri\u00f3 sus ra\u00edces a los 65 a\u00f1os - Shavei Israel","robots":{"index":"index","follow":"follow","max-snippet":"max-snippet:-1","max-image-preview":"max-image-preview:large","max-video-preview":"max-video-preview:-1"},"canonical":"https:\/\/www.shavei.org\/es\/blog\/2013\/06\/09\/pictures-from-the-bar-mitzvah-of-mariusz-aoflko-in-jerusalem\/","og_locale":"es_ES","og_type":"article","og_title":"Bar Mitzv\u00e1 de un jud\u00edo polaco que descubri\u00f3 sus ra\u00edces a los 65 a\u00f1os - Shavei Israel","og_description":"Visit our exclusive gallery of photos from the bar mitzvah of Mariusz Aoflko at the Western Wall. An emotional journey from Poland to Jerusalem!Mosh\u00e9 Lederman Cohen, creci\u00f3 como Mariusz Aoflko un polaco cat\u00f3lico. Antes de que su madre fallezca, hace 13 a\u00f1os atr\u00e1s, le confes\u00f3 que tanto ella como su padre son jud\u00edos. La revelaci\u00f3n cambi\u00f3 su vida.","og_url":"https:\/\/www.shavei.org\/es\/blog\/2013\/06\/09\/pictures-from-the-bar-mitzvah-of-mariusz-aoflko-in-jerusalem\/","og_site_name":"Shavei Israel","article_published_time":"2013-06-09T16:33:15+00:00","article_modified_time":"2017-06-04T10:07:05+00:00","og_image":[{"url":"https:\/\/www.shaveiisrael.com\/wp-content\/uploads\/2013\/06\/Marius-bar-mitzvah-Kotelsm21.png","type":"","width":"","height":""}],"author":"Shavei Israel","twitter_card":"summary_large_image","twitter_misc":{"Escrito por":false},"schema":{"@context":"https:\/\/schema.org","@graph":[{"@type":"Article","@id":"https:\/\/www.shavei.org\/es\/blog\/2013\/06\/09\/pictures-from-the-bar-mitzvah-of-mariusz-aoflko-in-jerusalem\/#article","isPartOf":{"@id":"https:\/\/www.shavei.org\/es\/blog\/2013\/06\/09\/pictures-from-the-bar-mitzvah-of-mariusz-aoflko-in-jerusalem\/"},"author":{"name":"Shavei Israel","@id":"https:\/\/www.shavei.org\/#\/schema\/person\/be34c059c9b16cdd461eed6c3ee0cf22"},"headline":"Bar Mitzv\u00e1 de un jud\u00edo polaco que descubri\u00f3 sus ra\u00edces a los 65 a\u00f1os","datePublished":"2013-06-09T16:33:15+00:00","dateModified":"2017-06-04T10:07:05+00:00","mainEntityOfPage":{"@id":"https:\/\/www.shavei.org\/es\/blog\/2013\/06\/09\/pictures-from-the-bar-mitzvah-of-mariusz-aoflko-in-jerusalem\/"},"wordCount":81,"publisher":{"@id":"https:\/\/www.shavei.org\/#organization"},"image":{"@id":"https:\/\/www.shavei.org\/es\/blog\/2013\/06\/09\/pictures-from-the-bar-mitzvah-of-mariusz-aoflko-in-jerusalem\/#primaryimage"},"thumbnailUrl":"https:\/\/www.shaveiisrael.com\/wp-content\/uploads\/2013\/06\/Marius-bar-mitzvah-Kotelsm21.png","keywords":["Polonia"],"articleSection":["Historias Personales","Jud\u00edos Escondidos de Polonia: Fotos"],"inLanguage":"es"},{"@type":"WebPage","@id":"https:\/\/www.shavei.org\/es\/blog\/2013\/06\/09\/pictures-from-the-bar-mitzvah-of-mariusz-aoflko-in-jerusalem\/","url":"https:\/\/www.shavei.org\/es\/blog\/2013\/06\/09\/pictures-from-the-bar-mitzvah-of-mariusz-aoflko-in-jerusalem\/","name":"Bar Mitzv\u00e1 de un jud\u00edo polaco que descubri\u00f3 sus ra\u00edces a los 65 a\u00f1os - Shavei Israel","isPartOf":{"@id":"https:\/\/www.shavei.org\/#website"},"primaryImageOfPage":{"@id":"https:\/\/www.shavei.org\/es\/blog\/2013\/06\/09\/pictures-from-the-bar-mitzvah-of-mariusz-aoflko-in-jerusalem\/#primaryimage"},"image":{"@id":"https:\/\/www.shavei.org\/es\/blog\/2013\/06\/09\/pictures-from-the-bar-mitzvah-of-mariusz-aoflko-in-jerusalem\/#primaryimage"},"thumbnailUrl":"https:\/\/www.shaveiisrael.com\/wp-content\/uploads\/2013\/06\/Marius-bar-mitzvah-Kotelsm21.png","datePublished":"2013-06-09T16:33:15+00:00","dateModified":"2017-06-04T10:07:05+00:00","breadcrumb":{"@id":"https:\/\/www.shavei.org\/es\/blog\/2013\/06\/09\/pictures-from-the-bar-mitzvah-of-mariusz-aoflko-in-jerusalem\/#breadcrumb"},"inLanguage":"es","potentialAction":[{"@type":"ReadAction","target":["https:\/\/www.shavei.org\/es\/blog\/2013\/06\/09\/pictures-from-the-bar-mitzvah-of-mariusz-aoflko-in-jerusalem\/"]}]},{"@type":"ImageObject","inLanguage":"es","@id":"https:\/\/www.shavei.org\/es\/blog\/2013\/06\/09\/pictures-from-the-bar-mitzvah-of-mariusz-aoflko-in-jerusalem\/#primaryimage","url":"https:\/\/www.shaveiisrael.com\/wp-content\/uploads\/2013\/06\/Marius-bar-mitzvah-Kotelsm21.png","contentUrl":"https:\/\/www.shaveiisrael.com\/wp-content\/uploads\/2013\/06\/Marius-bar-mitzvah-Kotelsm21.png"},{"@type":"BreadcrumbList","@id":"https:\/\/www.shavei.org\/es\/blog\/2013\/06\/09\/pictures-from-the-bar-mitzvah-of-mariusz-aoflko-in-jerusalem\/#breadcrumb","itemListElement":[{"@type":"ListItem","position":1,"name":"Home","item":"https:\/\/www.shavei.org\/es\/"},{"@type":"ListItem","position":2,"name":"Bar Mitzv\u00e1 de un jud\u00edo polaco que descubri\u00f3 sus ra\u00edces a los 65 a\u00f1os"}]},{"@type":"WebSite","@id":"https:\/\/www.shavei.org\/#website","url":"https:\/\/www.shavei.org\/","name":"Shavei Israel","description":"One nation, many faces. We help them all return.","publisher":{"@id":"https:\/\/www.shavei.org\/#organization"},"potentialAction":[{"@type":"SearchAction","target":{"@type":"EntryPoint","urlTemplate":"https:\/\/www.shavei.org\/?s={search_term_string}"},"query-input":{"@type":"PropertyValueSpecification","valueRequired":true,"valueName":"search_term_string"}}],"inLanguage":"es"},{"@type":"Organization","@id":"https:\/\/www.shavei.org\/#organization","name":"Shavei Israel","url":"https:\/\/www.shavei.org\/","logo":{"@type":"ImageObject","inLanguage":"es","@id":"https:\/\/www.shavei.org\/#\/schema\/logo\/image\/","url":"https:\/\/www.shavei.org\/wp-content\/uploads\/2017\/10\/shavei-logo.jpg","contentUrl":"https:\/\/www.shavei.org\/wp-content\/uploads\/2017\/10\/shavei-logo.jpg","width":300,"height":285,"caption":"Shavei Israel"},"image":{"@id":"https:\/\/www.shavei.org\/#\/schema\/logo\/image\/"}},{"@type":"Person","@id":"https:\/\/www.shavei.org\/#\/schema\/person\/be34c059c9b16cdd461eed6c3ee0cf22","name":"Shavei Israel","image":{"@type":"ImageObject","inLanguage":"es","@id":"https:\/\/secure.gravatar.com\/avatar\/3df74477975a50f1c87a7dace91f34be8bb2637b8220dd744eaf5ef9922e052e?s=96&d=mm&r=g","url":"https:\/\/secure.gravatar.com\/avatar\/3df74477975a50f1c87a7dace91f34be8bb2637b8220dd744eaf5ef9922e052e?s=96&d=mm&r=g","contentUrl":"https:\/\/secure.gravatar.com\/avatar\/3df74477975a50f1c87a7dace91f34be8bb2637b8220dd744eaf5ef9922e052e?s=96&d=mm&r=g","caption":"Shavei Israel"},"url":"https:\/\/www.shavei.org\/es\/blog\/author\/shaveiisrael\/"}]}},"_links":{"self":[{"href":"https:\/\/www.shavei.org\/es\/wp-json\/wp\/v2\/posts\/29623","targetHints":{"allow":["GET"]}}],"collection":[{"href":"https:\/\/www.shavei.org\/es\/wp-json\/wp\/v2\/posts"}],"about":[{"href":"https:\/\/www.shavei.org\/es\/wp-json\/wp\/v2\/types\/post"}],"author":[{"embeddable":true,"href":"https:\/\/www.shavei.org\/es\/wp-json\/wp\/v2\/users\/8"}],"replies":[{"embeddable":true,"href":"https:\/\/www.shavei.org\/es\/wp-json\/wp\/v2\/comments?post=29623"}],"version-history":[{"count":1,"href":"https:\/\/www.shavei.org\/es\/wp-json\/wp\/v2\/posts\/29623\/revisions"}],"predecessor-version":[{"id":29625,"href":"https:\/\/www.shavei.org\/es\/wp-json\/wp\/v2\/posts\/29623\/revisions\/29625"}],"wp:attachment":[{"href":"https:\/\/www.shavei.org\/es\/wp-json\/wp\/v2\/media?parent=29623"}],"wp:term":[{"taxonomy":"category","embeddable":true,"href":"https:\/\/www.shavei.org\/es\/wp-json\/wp\/v2\/categories?post=29623"},{"taxonomy":"post_tag","embeddable":true,"href":"https:\/\/www.shavei.org\/es\/wp-json\/wp\/v2\/tags?post=29623"}],"curies":[{"name":"wp","href":"https:\/\/api.w.org\/{rel}","templated":true}]}}