{"id":26203,"date":"2016-02-05T07:05:30","date_gmt":"2016-02-05T07:05:30","guid":{"rendered":"https:\/\/www.shavei.org\/es\/?p=26203"},"modified":"2016-02-05T07:05:30","modified_gmt":"2016-02-05T07:05:30","slug":"emisario-de-shavei-israel-participa-en-el-aniversario-no-400-del-cementerio-judio-de-holanda","status":"publish","type":"post","link":"https:\/\/www.shavei.org\/es\/blog\/2016\/02\/05\/emisario-de-shavei-israel-participa-en-el-aniversario-no-400-del-cementerio-judio-de-holanda\/","title":{"rendered":"Emisario de Shavei Israel participa en el aniversario no.400 del Cementerio Jud\u00edo de Holanda"},"content":{"rendered":"<p><img decoding=\"async\" class=\"alignleft size-full wp-image-15614\" src=\"https:\/\/www.shaveiisrael.com\/wp-content\/uploads\/2015\/02\/Rabbi-Salas-in-cemetery-300x231.jpg\" alt=\"Rabbi-Salas-in-cemetery-300x231\" width=\"300\" height=\"231\" \/>En 1536 Portugal expandi\u00f3 la inquisici\u00f3n espa\u00f1ola a su territorio, dirigi\u00e9ndose a jud\u00edos que se hab\u00edan convertido al catolicismo para escapar la persecusi\u00f3n, pero que eran sospechosos de seguir practicando el juda\u00edsmo en secreto. Muchos de estos Anusim (cripto-jud\u00edos, conocidos como conversos o marranos) escaparon de Espa\u00f1a hacia Portugal, y cuando la inquisici\u00f3n los persigui\u00f3, se escaparon nuevamente, esta vez a Holanda, donde afortunadamente fueron bienvenidos y les permitieron reiniciar sus vidas. La seguridad que sintieron en Amsterdam, en particular, permiti\u00f3 a las nuevas comunidades jud\u00edas practicar nuevamente el juda\u00edsmo en forma completa y abierta.<\/p>\n<p>En 1614, el primer cementerio jud\u00edo fue establecido en Amsterdam. El cementerio celebr\u00f3 sus 400 a\u00f1os el \u00faltimo diciembre, y el Rabino Elisha Salas, emisario de Shavei Israel para los Bnei Anusim de Portugal, fue invitado a asistir a los festejos.<\/p>\n<p>Para el Rabino Salas, quien se encuentra ubicado en Belmonte, Portugal, y trabaja con los Bnei Anusim, algunos de los cuales solo ahora est\u00e1n descubriendo sus ra\u00edces, fue una inspiraci\u00f3n ver como anusim hace cientos de a\u00f1os atr\u00e1s encontraron libertad para abrazar su herencia.<\/p>\n<p>\u00abUno podr\u00eda pensar que, debido a la enorme fuerza de la inquisici\u00f3n, los anusim que se escaparon a Amsterdam deb\u00edan continuar escondiendo su nombre jud\u00edo\u00a8, dice. \u00a8\u00a1Pero lo que vi en el cementerio de Amsterdam y en los fundadores de la sinagoga y comunidad jud\u00eda, no eran nombres alemanes sino portugueses!\u00a8<!--:--><!--more--><!--:es--><\/p>\n<p>Las celebraciones incluyeron plegarias en la Esnoga (sinagoga portuguesa de Amsterdam que fue fundada en 1671), una visita al museo jud\u00edo y una visita a la biblioteca Etz Chaim que pertenece a la familia Montezinos.<\/p>\n<p>Antonio de Montezinos fue un viajero portugu\u00e9s y Marrano que en 1644 convenci\u00f3 a Menash\u00e9 ben Israel, Gran Rabino de Amsterdam, de haber encontrado a una de las Diez Tribus Perdidas en la selva del Ecuador. Esto result\u00f3 en el libro La Esperanza de Israel, que se convirti\u00f3 en un bestseller en 1655.<\/p>\n<p>Lo mejor del fin de semana, por supuesto, fue la visita al cementerio. El Rabino Salas plant\u00f3 all\u00ed un olivo que trajo consigo desde el pueblo de Alentejo en Portugal. \u00a8El olivo es un s\u00edmbolo de uni\u00f3n entre el pasado y el presente, entre Portugal y Holanda\u00a8, explica. El olivo tiene un significado particular para el juda\u00edsmo. \u00a8Es mediante el mismo que extraemos el aceite para las velas de shabat y j\u00e1nuca que nos iluminar\u00e1n en esta pr\u00f3xima festividad en Belmonte&#8230; y en el mundo\u00a8.<\/p>\n<p>Al t\u00e9rmino de la visita, el Coro Sefarad\u00ed de Amsterdam homenaje\u00f3 al grupo con canciones que recuerdan la larga historia de los jud\u00edos tanto en Portugal como en Holanda. El Rabino Salas se conmovi\u00f3 profundamente. \u00a8Su hermoso canto nos transport\u00f3 a todos a nuestra amada Israel, con la antigua fe que nos mantiene a lo largo de nuestros viajes en tantos pa\u00edses y durante tantas \u00e9pocas\u00a8, dice.<\/p>\n<p>La historia de los Bnei Anusim de Amsterdam, los cuales reclamaron su herencia luego de ser expulsados de sus casas en Portugal, y que influenciaron tan orgullosamente el desarrollo econ\u00f3mico e intelectual de muchas de las tierras donde se acentaron los holandeses en los siglos siguientes, es sumamente inspirador. Cu\u00e1nto m\u00e1s para los Bnei Anusim de hoy en d\u00eda, quienes con la ayuda del Rabino Salas, tienen la oportunidad de hacer historia nuevamente.<\/p>\n","protected":false},"excerpt":{"rendered":"<p>En 1536 Portugal expandi\u00f3 la inquisici\u00f3n espa\u00f1ola a su territorio, dirigi\u00e9ndose a jud\u00edos que se hab\u00edan convertido al catolicismo para escapar la persecusi\u00f3n, pero que eran sospechosos de seguir practicando el juda\u00edsmo en secreto.<\/p>\n","protected":false},"author":8,"featured_media":0,"comment_status":"open","ping_status":"closed","sticky":false,"template":"","format":"standard","meta":{"give_campaign_id":0,"_exactmetrics_skip_tracking":false,"_exactmetrics_sitenote_active":false,"_exactmetrics_sitenote_note":"","_exactmetrics_sitenote_category":0,"ngg_post_thumbnail":0,"footnotes":""},"categories":[21],"tags":[],"class_list":["post-26203","post","type-post","status-publish","format-standard","hentry","category-sin-categorizar"],"yoast_head":"<!-- This site is optimized with the Yoast SEO plugin v27.4 - https:\/\/yoast.com\/product\/yoast-seo-wordpress\/ -->\n<title>Emisario de Shavei Israel participa en el aniversario no.400 del Cementerio Jud\u00edo de Holanda - Shavei Israel<\/title>\n<meta name=\"robots\" content=\"index, follow, max-snippet:-1, max-image-preview:large, max-video-preview:-1\" \/>\n<link rel=\"canonical\" href=\"https:\/\/www.shavei.org\/es\/blog\/2016\/02\/05\/emisario-de-shavei-israel-participa-en-el-aniversario-no-400-del-cementerio-judio-de-holanda\/\" \/>\n<meta property=\"og:locale\" content=\"es_ES\" \/>\n<meta property=\"og:type\" content=\"article\" \/>\n<meta property=\"og:title\" content=\"Emisario de Shavei Israel participa en el aniversario no.400 del Cementerio Jud\u00edo de Holanda - Shavei Israel\" \/>\n<meta property=\"og:description\" content=\"En 1536 Portugal expandi\u00f3 la inquisici\u00f3n espa\u00f1ola a su territorio, dirigi\u00e9ndose a jud\u00edos que se hab\u00edan convertido al catolicismo para escapar la persecusi\u00f3n, pero que eran sospechosos de seguir practicando el juda\u00edsmo en secreto.\" \/>\n<meta property=\"og:url\" content=\"https:\/\/www.shavei.org\/es\/blog\/2016\/02\/05\/emisario-de-shavei-israel-participa-en-el-aniversario-no-400-del-cementerio-judio-de-holanda\/\" \/>\n<meta property=\"og:site_name\" content=\"Shavei Israel\" \/>\n<meta property=\"article:published_time\" content=\"2016-02-05T07:05:30+00:00\" \/>\n<meta property=\"og:image\" content=\"https:\/\/www.shaveiisrael.com\/wp-content\/uploads\/2015\/02\/Rabbi-Salas-in-cemetery-300x231.jpg\" \/>\n<meta name=\"author\" content=\"Shavei Israel\" \/>\n<meta name=\"twitter:card\" content=\"summary_large_image\" \/>\n<meta name=\"twitter:label1\" content=\"Escrito por\" \/>\n\t<meta name=\"twitter:data1\" content=\"\" \/>\n\t<meta name=\"twitter:label2\" content=\"Tiempo de lectura\" \/>\n\t<meta name=\"twitter:data2\" content=\"3 minutos\" \/>\n<script type=\"application\/ld+json\" class=\"yoast-schema-graph\">{\"@context\":\"https:\\\/\\\/schema.org\",\"@graph\":[{\"@type\":\"Article\",\"@id\":\"https:\\\/\\\/www.shavei.org\\\/es\\\/blog\\\/2016\\\/02\\\/05\\\/emisario-de-shavei-israel-participa-en-el-aniversario-no-400-del-cementerio-judio-de-holanda\\\/#article\",\"isPartOf\":{\"@id\":\"https:\\\/\\\/www.shavei.org\\\/es\\\/blog\\\/2016\\\/02\\\/05\\\/emisario-de-shavei-israel-participa-en-el-aniversario-no-400-del-cementerio-judio-de-holanda\\\/\"},\"author\":{\"name\":\"Shavei Israel\",\"@id\":\"https:\\\/\\\/www.shavei.org\\\/#\\\/schema\\\/person\\\/be34c059c9b16cdd461eed6c3ee0cf22\"},\"headline\":\"Emisario de Shavei Israel participa en el aniversario no.400 del Cementerio Jud\u00edo de Holanda\",\"datePublished\":\"2016-02-05T07:05:30+00:00\",\"mainEntityOfPage\":{\"@id\":\"https:\\\/\\\/www.shavei.org\\\/es\\\/blog\\\/2016\\\/02\\\/05\\\/emisario-de-shavei-israel-participa-en-el-aniversario-no-400-del-cementerio-judio-de-holanda\\\/\"},\"wordCount\":592,\"commentCount\":0,\"publisher\":{\"@id\":\"https:\\\/\\\/www.shavei.org\\\/#organization\"},\"image\":{\"@id\":\"https:\\\/\\\/www.shavei.org\\\/es\\\/blog\\\/2016\\\/02\\\/05\\\/emisario-de-shavei-israel-participa-en-el-aniversario-no-400-del-cementerio-judio-de-holanda\\\/#primaryimage\"},\"thumbnailUrl\":\"https:\\\/\\\/www.shaveiisrael.com\\\/wp-content\\\/uploads\\\/2015\\\/02\\\/Rabbi-Salas-in-cemetery-300x231.jpg\",\"articleSection\":[\"Sin categorizar\"],\"inLanguage\":\"es\",\"potentialAction\":[{\"@type\":\"CommentAction\",\"name\":\"Comment\",\"target\":[\"https:\\\/\\\/www.shavei.org\\\/es\\\/blog\\\/2016\\\/02\\\/05\\\/emisario-de-shavei-israel-participa-en-el-aniversario-no-400-del-cementerio-judio-de-holanda\\\/#respond\"]}]},{\"@type\":\"WebPage\",\"@id\":\"https:\\\/\\\/www.shavei.org\\\/es\\\/blog\\\/2016\\\/02\\\/05\\\/emisario-de-shavei-israel-participa-en-el-aniversario-no-400-del-cementerio-judio-de-holanda\\\/\",\"url\":\"https:\\\/\\\/www.shavei.org\\\/es\\\/blog\\\/2016\\\/02\\\/05\\\/emisario-de-shavei-israel-participa-en-el-aniversario-no-400-del-cementerio-judio-de-holanda\\\/\",\"name\":\"Emisario de Shavei Israel participa en el aniversario no.400 del Cementerio Jud\u00edo de Holanda - Shavei Israel\",\"isPartOf\":{\"@id\":\"https:\\\/\\\/www.shavei.org\\\/#website\"},\"primaryImageOfPage\":{\"@id\":\"https:\\\/\\\/www.shavei.org\\\/es\\\/blog\\\/2016\\\/02\\\/05\\\/emisario-de-shavei-israel-participa-en-el-aniversario-no-400-del-cementerio-judio-de-holanda\\\/#primaryimage\"},\"image\":{\"@id\":\"https:\\\/\\\/www.shavei.org\\\/es\\\/blog\\\/2016\\\/02\\\/05\\\/emisario-de-shavei-israel-participa-en-el-aniversario-no-400-del-cementerio-judio-de-holanda\\\/#primaryimage\"},\"thumbnailUrl\":\"https:\\\/\\\/www.shaveiisrael.com\\\/wp-content\\\/uploads\\\/2015\\\/02\\\/Rabbi-Salas-in-cemetery-300x231.jpg\",\"datePublished\":\"2016-02-05T07:05:30+00:00\",\"breadcrumb\":{\"@id\":\"https:\\\/\\\/www.shavei.org\\\/es\\\/blog\\\/2016\\\/02\\\/05\\\/emisario-de-shavei-israel-participa-en-el-aniversario-no-400-del-cementerio-judio-de-holanda\\\/#breadcrumb\"},\"inLanguage\":\"es\",\"potentialAction\":[{\"@type\":\"ReadAction\",\"target\":[\"https:\\\/\\\/www.shavei.org\\\/es\\\/blog\\\/2016\\\/02\\\/05\\\/emisario-de-shavei-israel-participa-en-el-aniversario-no-400-del-cementerio-judio-de-holanda\\\/\"]}]},{\"@type\":\"ImageObject\",\"inLanguage\":\"es\",\"@id\":\"https:\\\/\\\/www.shavei.org\\\/es\\\/blog\\\/2016\\\/02\\\/05\\\/emisario-de-shavei-israel-participa-en-el-aniversario-no-400-del-cementerio-judio-de-holanda\\\/#primaryimage\",\"url\":\"https:\\\/\\\/www.shaveiisrael.com\\\/wp-content\\\/uploads\\\/2015\\\/02\\\/Rabbi-Salas-in-cemetery-300x231.jpg\",\"contentUrl\":\"https:\\\/\\\/www.shaveiisrael.com\\\/wp-content\\\/uploads\\\/2015\\\/02\\\/Rabbi-Salas-in-cemetery-300x231.jpg\"},{\"@type\":\"BreadcrumbList\",\"@id\":\"https:\\\/\\\/www.shavei.org\\\/es\\\/blog\\\/2016\\\/02\\\/05\\\/emisario-de-shavei-israel-participa-en-el-aniversario-no-400-del-cementerio-judio-de-holanda\\\/#breadcrumb\",\"itemListElement\":[{\"@type\":\"ListItem\",\"position\":1,\"name\":\"Home\",\"item\":\"https:\\\/\\\/www.shavei.org\\\/es\\\/\"},{\"@type\":\"ListItem\",\"position\":2,\"name\":\"Emisario de Shavei Israel participa en el aniversario no.400 del Cementerio Jud\u00edo de Holanda\"}]},{\"@type\":\"WebSite\",\"@id\":\"https:\\\/\\\/www.shavei.org\\\/#website\",\"url\":\"https:\\\/\\\/www.shavei.org\\\/\",\"name\":\"Shavei Israel\",\"description\":\"One nation, many faces. We help them all return.\",\"publisher\":{\"@id\":\"https:\\\/\\\/www.shavei.org\\\/#organization\"},\"potentialAction\":[{\"@type\":\"SearchAction\",\"target\":{\"@type\":\"EntryPoint\",\"urlTemplate\":\"https:\\\/\\\/www.shavei.org\\\/?s={search_term_string}\"},\"query-input\":{\"@type\":\"PropertyValueSpecification\",\"valueRequired\":true,\"valueName\":\"search_term_string\"}}],\"inLanguage\":\"es\"},{\"@type\":\"Organization\",\"@id\":\"https:\\\/\\\/www.shavei.org\\\/#organization\",\"name\":\"Shavei Israel\",\"url\":\"https:\\\/\\\/www.shavei.org\\\/\",\"logo\":{\"@type\":\"ImageObject\",\"inLanguage\":\"es\",\"@id\":\"https:\\\/\\\/www.shavei.org\\\/#\\\/schema\\\/logo\\\/image\\\/\",\"url\":\"https:\\\/\\\/www.shavei.org\\\/wp-content\\\/uploads\\\/2017\\\/10\\\/shavei-logo.jpg\",\"contentUrl\":\"https:\\\/\\\/www.shavei.org\\\/wp-content\\\/uploads\\\/2017\\\/10\\\/shavei-logo.jpg\",\"width\":300,\"height\":285,\"caption\":\"Shavei Israel\"},\"image\":{\"@id\":\"https:\\\/\\\/www.shavei.org\\\/#\\\/schema\\\/logo\\\/image\\\/\"}},{\"@type\":\"Person\",\"@id\":\"https:\\\/\\\/www.shavei.org\\\/#\\\/schema\\\/person\\\/be34c059c9b16cdd461eed6c3ee0cf22\",\"name\":\"Shavei Israel\",\"image\":{\"@type\":\"ImageObject\",\"inLanguage\":\"es\",\"@id\":\"https:\\\/\\\/secure.gravatar.com\\\/avatar\\\/3df74477975a50f1c87a7dace91f34be8bb2637b8220dd744eaf5ef9922e052e?s=96&d=mm&r=g\",\"url\":\"https:\\\/\\\/secure.gravatar.com\\\/avatar\\\/3df74477975a50f1c87a7dace91f34be8bb2637b8220dd744eaf5ef9922e052e?s=96&d=mm&r=g\",\"contentUrl\":\"https:\\\/\\\/secure.gravatar.com\\\/avatar\\\/3df74477975a50f1c87a7dace91f34be8bb2637b8220dd744eaf5ef9922e052e?s=96&d=mm&r=g\",\"caption\":\"Shavei Israel\"},\"url\":\"https:\\\/\\\/www.shavei.org\\\/es\\\/blog\\\/author\\\/shaveiisrael\\\/\"}]}<\/script>\n<!-- \/ Yoast SEO plugin. -->","yoast_head_json":{"title":"Emisario de Shavei Israel participa en el aniversario no.400 del Cementerio Jud\u00edo de Holanda - Shavei Israel","robots":{"index":"index","follow":"follow","max-snippet":"max-snippet:-1","max-image-preview":"max-image-preview:large","max-video-preview":"max-video-preview:-1"},"canonical":"https:\/\/www.shavei.org\/es\/blog\/2016\/02\/05\/emisario-de-shavei-israel-participa-en-el-aniversario-no-400-del-cementerio-judio-de-holanda\/","og_locale":"es_ES","og_type":"article","og_title":"Emisario de Shavei Israel participa en el aniversario no.400 del Cementerio Jud\u00edo de Holanda - Shavei Israel","og_description":"En 1536 Portugal expandi\u00f3 la inquisici\u00f3n espa\u00f1ola a su territorio, dirigi\u00e9ndose a jud\u00edos que se hab\u00edan convertido al catolicismo para escapar la persecusi\u00f3n, pero que eran sospechosos de seguir practicando el juda\u00edsmo en secreto.","og_url":"https:\/\/www.shavei.org\/es\/blog\/2016\/02\/05\/emisario-de-shavei-israel-participa-en-el-aniversario-no-400-del-cementerio-judio-de-holanda\/","og_site_name":"Shavei Israel","article_published_time":"2016-02-05T07:05:30+00:00","og_image":[{"url":"https:\/\/www.shaveiisrael.com\/wp-content\/uploads\/2015\/02\/Rabbi-Salas-in-cemetery-300x231.jpg","type":"","width":"","height":""}],"author":"Shavei Israel","twitter_card":"summary_large_image","twitter_misc":{"Escrito por":false,"Tiempo de lectura":"3 minutos"},"schema":{"@context":"https:\/\/schema.org","@graph":[{"@type":"Article","@id":"https:\/\/www.shavei.org\/es\/blog\/2016\/02\/05\/emisario-de-shavei-israel-participa-en-el-aniversario-no-400-del-cementerio-judio-de-holanda\/#article","isPartOf":{"@id":"https:\/\/www.shavei.org\/es\/blog\/2016\/02\/05\/emisario-de-shavei-israel-participa-en-el-aniversario-no-400-del-cementerio-judio-de-holanda\/"},"author":{"name":"Shavei Israel","@id":"https:\/\/www.shavei.org\/#\/schema\/person\/be34c059c9b16cdd461eed6c3ee0cf22"},"headline":"Emisario de Shavei Israel participa en el aniversario no.400 del Cementerio Jud\u00edo de Holanda","datePublished":"2016-02-05T07:05:30+00:00","mainEntityOfPage":{"@id":"https:\/\/www.shavei.org\/es\/blog\/2016\/02\/05\/emisario-de-shavei-israel-participa-en-el-aniversario-no-400-del-cementerio-judio-de-holanda\/"},"wordCount":592,"commentCount":0,"publisher":{"@id":"https:\/\/www.shavei.org\/#organization"},"image":{"@id":"https:\/\/www.shavei.org\/es\/blog\/2016\/02\/05\/emisario-de-shavei-israel-participa-en-el-aniversario-no-400-del-cementerio-judio-de-holanda\/#primaryimage"},"thumbnailUrl":"https:\/\/www.shaveiisrael.com\/wp-content\/uploads\/2015\/02\/Rabbi-Salas-in-cemetery-300x231.jpg","articleSection":["Sin categorizar"],"inLanguage":"es","potentialAction":[{"@type":"CommentAction","name":"Comment","target":["https:\/\/www.shavei.org\/es\/blog\/2016\/02\/05\/emisario-de-shavei-israel-participa-en-el-aniversario-no-400-del-cementerio-judio-de-holanda\/#respond"]}]},{"@type":"WebPage","@id":"https:\/\/www.shavei.org\/es\/blog\/2016\/02\/05\/emisario-de-shavei-israel-participa-en-el-aniversario-no-400-del-cementerio-judio-de-holanda\/","url":"https:\/\/www.shavei.org\/es\/blog\/2016\/02\/05\/emisario-de-shavei-israel-participa-en-el-aniversario-no-400-del-cementerio-judio-de-holanda\/","name":"Emisario de Shavei Israel participa en el aniversario no.400 del Cementerio Jud\u00edo de Holanda - Shavei Israel","isPartOf":{"@id":"https:\/\/www.shavei.org\/#website"},"primaryImageOfPage":{"@id":"https:\/\/www.shavei.org\/es\/blog\/2016\/02\/05\/emisario-de-shavei-israel-participa-en-el-aniversario-no-400-del-cementerio-judio-de-holanda\/#primaryimage"},"image":{"@id":"https:\/\/www.shavei.org\/es\/blog\/2016\/02\/05\/emisario-de-shavei-israel-participa-en-el-aniversario-no-400-del-cementerio-judio-de-holanda\/#primaryimage"},"thumbnailUrl":"https:\/\/www.shaveiisrael.com\/wp-content\/uploads\/2015\/02\/Rabbi-Salas-in-cemetery-300x231.jpg","datePublished":"2016-02-05T07:05:30+00:00","breadcrumb":{"@id":"https:\/\/www.shavei.org\/es\/blog\/2016\/02\/05\/emisario-de-shavei-israel-participa-en-el-aniversario-no-400-del-cementerio-judio-de-holanda\/#breadcrumb"},"inLanguage":"es","potentialAction":[{"@type":"ReadAction","target":["https:\/\/www.shavei.org\/es\/blog\/2016\/02\/05\/emisario-de-shavei-israel-participa-en-el-aniversario-no-400-del-cementerio-judio-de-holanda\/"]}]},{"@type":"ImageObject","inLanguage":"es","@id":"https:\/\/www.shavei.org\/es\/blog\/2016\/02\/05\/emisario-de-shavei-israel-participa-en-el-aniversario-no-400-del-cementerio-judio-de-holanda\/#primaryimage","url":"https:\/\/www.shaveiisrael.com\/wp-content\/uploads\/2015\/02\/Rabbi-Salas-in-cemetery-300x231.jpg","contentUrl":"https:\/\/www.shaveiisrael.com\/wp-content\/uploads\/2015\/02\/Rabbi-Salas-in-cemetery-300x231.jpg"},{"@type":"BreadcrumbList","@id":"https:\/\/www.shavei.org\/es\/blog\/2016\/02\/05\/emisario-de-shavei-israel-participa-en-el-aniversario-no-400-del-cementerio-judio-de-holanda\/#breadcrumb","itemListElement":[{"@type":"ListItem","position":1,"name":"Home","item":"https:\/\/www.shavei.org\/es\/"},{"@type":"ListItem","position":2,"name":"Emisario de Shavei Israel participa en el aniversario no.400 del Cementerio Jud\u00edo de Holanda"}]},{"@type":"WebSite","@id":"https:\/\/www.shavei.org\/#website","url":"https:\/\/www.shavei.org\/","name":"Shavei Israel","description":"One nation, many faces. We help them all return.","publisher":{"@id":"https:\/\/www.shavei.org\/#organization"},"potentialAction":[{"@type":"SearchAction","target":{"@type":"EntryPoint","urlTemplate":"https:\/\/www.shavei.org\/?s={search_term_string}"},"query-input":{"@type":"PropertyValueSpecification","valueRequired":true,"valueName":"search_term_string"}}],"inLanguage":"es"},{"@type":"Organization","@id":"https:\/\/www.shavei.org\/#organization","name":"Shavei Israel","url":"https:\/\/www.shavei.org\/","logo":{"@type":"ImageObject","inLanguage":"es","@id":"https:\/\/www.shavei.org\/#\/schema\/logo\/image\/","url":"https:\/\/www.shavei.org\/wp-content\/uploads\/2017\/10\/shavei-logo.jpg","contentUrl":"https:\/\/www.shavei.org\/wp-content\/uploads\/2017\/10\/shavei-logo.jpg","width":300,"height":285,"caption":"Shavei Israel"},"image":{"@id":"https:\/\/www.shavei.org\/#\/schema\/logo\/image\/"}},{"@type":"Person","@id":"https:\/\/www.shavei.org\/#\/schema\/person\/be34c059c9b16cdd461eed6c3ee0cf22","name":"Shavei Israel","image":{"@type":"ImageObject","inLanguage":"es","@id":"https:\/\/secure.gravatar.com\/avatar\/3df74477975a50f1c87a7dace91f34be8bb2637b8220dd744eaf5ef9922e052e?s=96&d=mm&r=g","url":"https:\/\/secure.gravatar.com\/avatar\/3df74477975a50f1c87a7dace91f34be8bb2637b8220dd744eaf5ef9922e052e?s=96&d=mm&r=g","contentUrl":"https:\/\/secure.gravatar.com\/avatar\/3df74477975a50f1c87a7dace91f34be8bb2637b8220dd744eaf5ef9922e052e?s=96&d=mm&r=g","caption":"Shavei Israel"},"url":"https:\/\/www.shavei.org\/es\/blog\/author\/shaveiisrael\/"}]}},"_links":{"self":[{"href":"https:\/\/www.shavei.org\/es\/wp-json\/wp\/v2\/posts\/26203","targetHints":{"allow":["GET"]}}],"collection":[{"href":"https:\/\/www.shavei.org\/es\/wp-json\/wp\/v2\/posts"}],"about":[{"href":"https:\/\/www.shavei.org\/es\/wp-json\/wp\/v2\/types\/post"}],"author":[{"embeddable":true,"href":"https:\/\/www.shavei.org\/es\/wp-json\/wp\/v2\/users\/8"}],"replies":[{"embeddable":true,"href":"https:\/\/www.shavei.org\/es\/wp-json\/wp\/v2\/comments?post=26203"}],"version-history":[{"count":1,"href":"https:\/\/www.shavei.org\/es\/wp-json\/wp\/v2\/posts\/26203\/revisions"}],"predecessor-version":[{"id":26205,"href":"https:\/\/www.shavei.org\/es\/wp-json\/wp\/v2\/posts\/26203\/revisions\/26205"}],"wp:attachment":[{"href":"https:\/\/www.shavei.org\/es\/wp-json\/wp\/v2\/media?parent=26203"}],"wp:term":[{"taxonomy":"category","embeddable":true,"href":"https:\/\/www.shavei.org\/es\/wp-json\/wp\/v2\/categories?post=26203"},{"taxonomy":"post_tag","embeddable":true,"href":"https:\/\/www.shavei.org\/es\/wp-json\/wp\/v2\/tags?post=26203"}],"curies":[{"name":"wp","href":"https:\/\/api.w.org\/{rel}","templated":true}]}}