{"id":26044,"date":"2016-02-01T12:22:36","date_gmt":"2016-02-01T12:22:36","guid":{"rendered":"https:\/\/www.shavei.org\/es\/?p=26044"},"modified":"2016-02-01T12:22:36","modified_gmt":"2016-02-01T12:22:36","slug":"video-bnei-menashe-visitan-la-tumba-de-yosef","status":"publish","type":"post","link":"https:\/\/www.shavei.org\/es\/blog\/2016\/02\/01\/video-bnei-menashe-visitan-la-tumba-de-yosef\/","title":{"rendered":"VIDEO: Bnei Menash\u00e9 visitan la tumba de Yosef"},"content":{"rendered":"<div>\n<dl id=\"attachment_16583\">\n<dt><img decoding=\"async\" class=\"alignleft\" src=\"https:\/\/www.shaveiisrael.com\/wp-content\/uploads\/2015\/07\/Bnei-Menashe-at-Josephs-Tomb-300x164.jpg\" alt=\"Bnei Menashe at Joseph's Tomb\" width=\"300\" height=\"164\" \/><\/dt>\n<dd><span style=\"line-height: 1.5em;\">M\u00e1s de 2700 a\u00f1os despu\u00e9s de que sus ancestros fueron exiliados de la Tierra de Israel, un grupo de recientes inmigrantes de Bnei Menash\u00e9 vistaron la tumba de su ancestro Yosef. Shavei Israel ha ayudado a cientos de Bnei Menash\u00e9 a realizar esta emotiva visita &#8211; nuestra c\u00e1mara tambi\u00e9n estuvo aqu\u00ed. Aqu\u00ed est\u00e1 el video &#8211; con canciones, bailes y entrevistas. M\u00edrelo abajo o en <a href=\"https:\/\/www.youtube.com\/watch?v=HvtZpeq3XXg&amp;feature=youtu.be\" target=\"_blank\">YouTube<\/a>.<\/span><\/dd>\n<dd><span style=\"line-height: 1.5em;\">\u00a0<\/span><\/dd>\n<\/dl>\n<\/div>\n<p><img decoding=\"async\" src=\"https:\/\/www.shaveiisrael.com\/wp-includes\/js\/tinymce\/themes\/advanced\/img\/trans.gif\" alt=\"\" width=\"560\" height=\"315\" data-mce-json=\"{'video':{},'params':{'src':'https:\/\/www.youtube.com\/embed\/HvtZpeq3XXg','allowfullscreen':'','frameborder':'0'},'hspace':null,'vspace':null,'align':null,'bgcolor':null}\" \/><\/p>\n<p><iframe loading=\"lazy\" src=\"https:\/\/www.youtube.com\/embed\/HvtZpeq3XXg\" width=\"560\" height=\"315\" frameborder=\"0\" allowfullscreen=\"allowfullscreen\"><\/iframe><\/p>\n","protected":false},"excerpt":{"rendered":"<p>M\u00e1s de 2700 a\u00f1os despu\u00e9s de que sus ancestros fueron exiliados de la Tierra de Israel, un grupo de recientes inmigrantes de Bnei Menash\u00e9 vistaron la tumba de su ancestro Yosef. Shavei Israel ha ayudado a cientos de Bnei Menash\u00e9 a realizar esta emotiva visita&#8230;<\/p>\n","protected":false},"author":8,"featured_media":0,"comment_status":"open","ping_status":"closed","sticky":false,"template":"","format":"standard","meta":{"give_campaign_id":0,"_exactmetrics_skip_tracking":false,"_exactmetrics_sitenote_active":false,"_exactmetrics_sitenote_note":"","_exactmetrics_sitenote_category":0,"ngg_post_thumbnail":0,"footnotes":""},"categories":[21],"tags":[],"class_list":["post-26044","post","type-post","status-publish","format-standard","hentry","category-sin-categorizar"],"yoast_head":"<!-- This site is optimized with the Yoast SEO plugin v27.4 - https:\/\/yoast.com\/product\/yoast-seo-wordpress\/ -->\n<title>VIDEO: Bnei Menash\u00e9 visitan la tumba de Yosef - Shavei Israel<\/title>\n<meta name=\"robots\" content=\"index, follow, max-snippet:-1, max-image-preview:large, max-video-preview:-1\" \/>\n<link rel=\"canonical\" href=\"https:\/\/www.shavei.org\/es\/blog\/2016\/02\/01\/video-bnei-menashe-visitan-la-tumba-de-yosef\/\" \/>\n<meta property=\"og:locale\" content=\"es_ES\" \/>\n<meta property=\"og:type\" content=\"article\" \/>\n<meta property=\"og:title\" content=\"VIDEO: Bnei Menash\u00e9 visitan la tumba de Yosef - Shavei Israel\" \/>\n<meta property=\"og:description\" content=\"M\u00e1s de 2700 a\u00f1os despu\u00e9s de que sus ancestros fueron exiliados de la Tierra de Israel, un grupo de recientes inmigrantes de Bnei Menash\u00e9 vistaron la tumba de su ancestro Yosef. Shavei Israel ha ayudado a cientos de Bnei Menash\u00e9 a realizar esta emotiva visita...\" \/>\n<meta property=\"og:url\" content=\"https:\/\/www.shavei.org\/es\/blog\/2016\/02\/01\/video-bnei-menashe-visitan-la-tumba-de-yosef\/\" \/>\n<meta property=\"og:site_name\" content=\"Shavei Israel\" \/>\n<meta property=\"article:published_time\" content=\"2016-02-01T12:22:36+00:00\" \/>\n<meta property=\"og:image\" content=\"https:\/\/www.shaveiisrael.com\/wp-content\/uploads\/2015\/07\/Bnei-Menashe-at-Josephs-Tomb-300x164.jpg\" \/>\n<meta name=\"author\" content=\"Shavei Israel\" \/>\n<meta name=\"twitter:card\" content=\"summary_large_image\" \/>\n<meta name=\"twitter:label1\" content=\"Escrito por\" \/>\n\t<meta name=\"twitter:data1\" content=\"\" \/>\n<script type=\"application\/ld+json\" class=\"yoast-schema-graph\">{\"@context\":\"https:\\\/\\\/schema.org\",\"@graph\":[{\"@type\":\"Article\",\"@id\":\"https:\\\/\\\/www.shavei.org\\\/es\\\/blog\\\/2016\\\/02\\\/01\\\/video-bnei-menashe-visitan-la-tumba-de-yosef\\\/#article\",\"isPartOf\":{\"@id\":\"https:\\\/\\\/www.shavei.org\\\/es\\\/blog\\\/2016\\\/02\\\/01\\\/video-bnei-menashe-visitan-la-tumba-de-yosef\\\/\"},\"author\":{\"name\":\"Shavei Israel\",\"@id\":\"https:\\\/\\\/www.shavei.org\\\/#\\\/schema\\\/person\\\/be34c059c9b16cdd461eed6c3ee0cf22\"},\"headline\":\"VIDEO: Bnei Menash\u00e9 visitan la tumba de Yosef\",\"datePublished\":\"2016-02-01T12:22:36+00:00\",\"mainEntityOfPage\":{\"@id\":\"https:\\\/\\\/www.shavei.org\\\/es\\\/blog\\\/2016\\\/02\\\/01\\\/video-bnei-menashe-visitan-la-tumba-de-yosef\\\/\"},\"wordCount\":79,\"commentCount\":0,\"publisher\":{\"@id\":\"https:\\\/\\\/www.shavei.org\\\/#organization\"},\"image\":{\"@id\":\"https:\\\/\\\/www.shavei.org\\\/es\\\/blog\\\/2016\\\/02\\\/01\\\/video-bnei-menashe-visitan-la-tumba-de-yosef\\\/#primaryimage\"},\"thumbnailUrl\":\"https:\\\/\\\/www.shaveiisrael.com\\\/wp-content\\\/uploads\\\/2015\\\/07\\\/Bnei-Menashe-at-Josephs-Tomb-300x164.jpg\",\"articleSection\":[\"Sin categorizar\"],\"inLanguage\":\"es\",\"potentialAction\":[{\"@type\":\"CommentAction\",\"name\":\"Comment\",\"target\":[\"https:\\\/\\\/www.shavei.org\\\/es\\\/blog\\\/2016\\\/02\\\/01\\\/video-bnei-menashe-visitan-la-tumba-de-yosef\\\/#respond\"]}]},{\"@type\":\"WebPage\",\"@id\":\"https:\\\/\\\/www.shavei.org\\\/es\\\/blog\\\/2016\\\/02\\\/01\\\/video-bnei-menashe-visitan-la-tumba-de-yosef\\\/\",\"url\":\"https:\\\/\\\/www.shavei.org\\\/es\\\/blog\\\/2016\\\/02\\\/01\\\/video-bnei-menashe-visitan-la-tumba-de-yosef\\\/\",\"name\":\"VIDEO: Bnei Menash\u00e9 visitan la tumba de Yosef - Shavei Israel\",\"isPartOf\":{\"@id\":\"https:\\\/\\\/www.shavei.org\\\/#website\"},\"primaryImageOfPage\":{\"@id\":\"https:\\\/\\\/www.shavei.org\\\/es\\\/blog\\\/2016\\\/02\\\/01\\\/video-bnei-menashe-visitan-la-tumba-de-yosef\\\/#primaryimage\"},\"image\":{\"@id\":\"https:\\\/\\\/www.shavei.org\\\/es\\\/blog\\\/2016\\\/02\\\/01\\\/video-bnei-menashe-visitan-la-tumba-de-yosef\\\/#primaryimage\"},\"thumbnailUrl\":\"https:\\\/\\\/www.shaveiisrael.com\\\/wp-content\\\/uploads\\\/2015\\\/07\\\/Bnei-Menashe-at-Josephs-Tomb-300x164.jpg\",\"datePublished\":\"2016-02-01T12:22:36+00:00\",\"breadcrumb\":{\"@id\":\"https:\\\/\\\/www.shavei.org\\\/es\\\/blog\\\/2016\\\/02\\\/01\\\/video-bnei-menashe-visitan-la-tumba-de-yosef\\\/#breadcrumb\"},\"inLanguage\":\"es\",\"potentialAction\":[{\"@type\":\"ReadAction\",\"target\":[\"https:\\\/\\\/www.shavei.org\\\/es\\\/blog\\\/2016\\\/02\\\/01\\\/video-bnei-menashe-visitan-la-tumba-de-yosef\\\/\"]}]},{\"@type\":\"ImageObject\",\"inLanguage\":\"es\",\"@id\":\"https:\\\/\\\/www.shavei.org\\\/es\\\/blog\\\/2016\\\/02\\\/01\\\/video-bnei-menashe-visitan-la-tumba-de-yosef\\\/#primaryimage\",\"url\":\"https:\\\/\\\/www.shaveiisrael.com\\\/wp-content\\\/uploads\\\/2015\\\/07\\\/Bnei-Menashe-at-Josephs-Tomb-300x164.jpg\",\"contentUrl\":\"https:\\\/\\\/www.shaveiisrael.com\\\/wp-content\\\/uploads\\\/2015\\\/07\\\/Bnei-Menashe-at-Josephs-Tomb-300x164.jpg\"},{\"@type\":\"BreadcrumbList\",\"@id\":\"https:\\\/\\\/www.shavei.org\\\/es\\\/blog\\\/2016\\\/02\\\/01\\\/video-bnei-menashe-visitan-la-tumba-de-yosef\\\/#breadcrumb\",\"itemListElement\":[{\"@type\":\"ListItem\",\"position\":1,\"name\":\"Home\",\"item\":\"https:\\\/\\\/www.shavei.org\\\/es\\\/\"},{\"@type\":\"ListItem\",\"position\":2,\"name\":\"VIDEO: Bnei Menash\u00e9 visitan la tumba de Yosef\"}]},{\"@type\":\"WebSite\",\"@id\":\"https:\\\/\\\/www.shavei.org\\\/#website\",\"url\":\"https:\\\/\\\/www.shavei.org\\\/\",\"name\":\"Shavei Israel\",\"description\":\"One nation, many faces. We help them all return.\",\"publisher\":{\"@id\":\"https:\\\/\\\/www.shavei.org\\\/#organization\"},\"potentialAction\":[{\"@type\":\"SearchAction\",\"target\":{\"@type\":\"EntryPoint\",\"urlTemplate\":\"https:\\\/\\\/www.shavei.org\\\/?s={search_term_string}\"},\"query-input\":{\"@type\":\"PropertyValueSpecification\",\"valueRequired\":true,\"valueName\":\"search_term_string\"}}],\"inLanguage\":\"es\"},{\"@type\":\"Organization\",\"@id\":\"https:\\\/\\\/www.shavei.org\\\/#organization\",\"name\":\"Shavei Israel\",\"url\":\"https:\\\/\\\/www.shavei.org\\\/\",\"logo\":{\"@type\":\"ImageObject\",\"inLanguage\":\"es\",\"@id\":\"https:\\\/\\\/www.shavei.org\\\/#\\\/schema\\\/logo\\\/image\\\/\",\"url\":\"https:\\\/\\\/www.shavei.org\\\/wp-content\\\/uploads\\\/2017\\\/10\\\/shavei-logo.jpg\",\"contentUrl\":\"https:\\\/\\\/www.shavei.org\\\/wp-content\\\/uploads\\\/2017\\\/10\\\/shavei-logo.jpg\",\"width\":300,\"height\":285,\"caption\":\"Shavei Israel\"},\"image\":{\"@id\":\"https:\\\/\\\/www.shavei.org\\\/#\\\/schema\\\/logo\\\/image\\\/\"}},{\"@type\":\"Person\",\"@id\":\"https:\\\/\\\/www.shavei.org\\\/#\\\/schema\\\/person\\\/be34c059c9b16cdd461eed6c3ee0cf22\",\"name\":\"Shavei Israel\",\"image\":{\"@type\":\"ImageObject\",\"inLanguage\":\"es\",\"@id\":\"https:\\\/\\\/secure.gravatar.com\\\/avatar\\\/3df74477975a50f1c87a7dace91f34be8bb2637b8220dd744eaf5ef9922e052e?s=96&d=mm&r=g\",\"url\":\"https:\\\/\\\/secure.gravatar.com\\\/avatar\\\/3df74477975a50f1c87a7dace91f34be8bb2637b8220dd744eaf5ef9922e052e?s=96&d=mm&r=g\",\"contentUrl\":\"https:\\\/\\\/secure.gravatar.com\\\/avatar\\\/3df74477975a50f1c87a7dace91f34be8bb2637b8220dd744eaf5ef9922e052e?s=96&d=mm&r=g\",\"caption\":\"Shavei Israel\"},\"url\":\"https:\\\/\\\/www.shavei.org\\\/es\\\/blog\\\/author\\\/shaveiisrael\\\/\"}]}<\/script>\n<!-- \/ Yoast SEO plugin. -->","yoast_head_json":{"title":"VIDEO: Bnei Menash\u00e9 visitan la tumba de Yosef - Shavei Israel","robots":{"index":"index","follow":"follow","max-snippet":"max-snippet:-1","max-image-preview":"max-image-preview:large","max-video-preview":"max-video-preview:-1"},"canonical":"https:\/\/www.shavei.org\/es\/blog\/2016\/02\/01\/video-bnei-menashe-visitan-la-tumba-de-yosef\/","og_locale":"es_ES","og_type":"article","og_title":"VIDEO: Bnei Menash\u00e9 visitan la tumba de Yosef - Shavei Israel","og_description":"M\u00e1s de 2700 a\u00f1os despu\u00e9s de que sus ancestros fueron exiliados de la Tierra de Israel, un grupo de recientes inmigrantes de Bnei Menash\u00e9 vistaron la tumba de su ancestro Yosef. Shavei Israel ha ayudado a cientos de Bnei Menash\u00e9 a realizar esta emotiva visita...","og_url":"https:\/\/www.shavei.org\/es\/blog\/2016\/02\/01\/video-bnei-menashe-visitan-la-tumba-de-yosef\/","og_site_name":"Shavei Israel","article_published_time":"2016-02-01T12:22:36+00:00","og_image":[{"url":"https:\/\/www.shaveiisrael.com\/wp-content\/uploads\/2015\/07\/Bnei-Menashe-at-Josephs-Tomb-300x164.jpg","type":"","width":"","height":""}],"author":"Shavei Israel","twitter_card":"summary_large_image","twitter_misc":{"Escrito por":false},"schema":{"@context":"https:\/\/schema.org","@graph":[{"@type":"Article","@id":"https:\/\/www.shavei.org\/es\/blog\/2016\/02\/01\/video-bnei-menashe-visitan-la-tumba-de-yosef\/#article","isPartOf":{"@id":"https:\/\/www.shavei.org\/es\/blog\/2016\/02\/01\/video-bnei-menashe-visitan-la-tumba-de-yosef\/"},"author":{"name":"Shavei Israel","@id":"https:\/\/www.shavei.org\/#\/schema\/person\/be34c059c9b16cdd461eed6c3ee0cf22"},"headline":"VIDEO: Bnei Menash\u00e9 visitan la tumba de Yosef","datePublished":"2016-02-01T12:22:36+00:00","mainEntityOfPage":{"@id":"https:\/\/www.shavei.org\/es\/blog\/2016\/02\/01\/video-bnei-menashe-visitan-la-tumba-de-yosef\/"},"wordCount":79,"commentCount":0,"publisher":{"@id":"https:\/\/www.shavei.org\/#organization"},"image":{"@id":"https:\/\/www.shavei.org\/es\/blog\/2016\/02\/01\/video-bnei-menashe-visitan-la-tumba-de-yosef\/#primaryimage"},"thumbnailUrl":"https:\/\/www.shaveiisrael.com\/wp-content\/uploads\/2015\/07\/Bnei-Menashe-at-Josephs-Tomb-300x164.jpg","articleSection":["Sin categorizar"],"inLanguage":"es","potentialAction":[{"@type":"CommentAction","name":"Comment","target":["https:\/\/www.shavei.org\/es\/blog\/2016\/02\/01\/video-bnei-menashe-visitan-la-tumba-de-yosef\/#respond"]}]},{"@type":"WebPage","@id":"https:\/\/www.shavei.org\/es\/blog\/2016\/02\/01\/video-bnei-menashe-visitan-la-tumba-de-yosef\/","url":"https:\/\/www.shavei.org\/es\/blog\/2016\/02\/01\/video-bnei-menashe-visitan-la-tumba-de-yosef\/","name":"VIDEO: Bnei Menash\u00e9 visitan la tumba de Yosef - Shavei Israel","isPartOf":{"@id":"https:\/\/www.shavei.org\/#website"},"primaryImageOfPage":{"@id":"https:\/\/www.shavei.org\/es\/blog\/2016\/02\/01\/video-bnei-menashe-visitan-la-tumba-de-yosef\/#primaryimage"},"image":{"@id":"https:\/\/www.shavei.org\/es\/blog\/2016\/02\/01\/video-bnei-menashe-visitan-la-tumba-de-yosef\/#primaryimage"},"thumbnailUrl":"https:\/\/www.shaveiisrael.com\/wp-content\/uploads\/2015\/07\/Bnei-Menashe-at-Josephs-Tomb-300x164.jpg","datePublished":"2016-02-01T12:22:36+00:00","breadcrumb":{"@id":"https:\/\/www.shavei.org\/es\/blog\/2016\/02\/01\/video-bnei-menashe-visitan-la-tumba-de-yosef\/#breadcrumb"},"inLanguage":"es","potentialAction":[{"@type":"ReadAction","target":["https:\/\/www.shavei.org\/es\/blog\/2016\/02\/01\/video-bnei-menashe-visitan-la-tumba-de-yosef\/"]}]},{"@type":"ImageObject","inLanguage":"es","@id":"https:\/\/www.shavei.org\/es\/blog\/2016\/02\/01\/video-bnei-menashe-visitan-la-tumba-de-yosef\/#primaryimage","url":"https:\/\/www.shaveiisrael.com\/wp-content\/uploads\/2015\/07\/Bnei-Menashe-at-Josephs-Tomb-300x164.jpg","contentUrl":"https:\/\/www.shaveiisrael.com\/wp-content\/uploads\/2015\/07\/Bnei-Menashe-at-Josephs-Tomb-300x164.jpg"},{"@type":"BreadcrumbList","@id":"https:\/\/www.shavei.org\/es\/blog\/2016\/02\/01\/video-bnei-menashe-visitan-la-tumba-de-yosef\/#breadcrumb","itemListElement":[{"@type":"ListItem","position":1,"name":"Home","item":"https:\/\/www.shavei.org\/es\/"},{"@type":"ListItem","position":2,"name":"VIDEO: Bnei Menash\u00e9 visitan la tumba de Yosef"}]},{"@type":"WebSite","@id":"https:\/\/www.shavei.org\/#website","url":"https:\/\/www.shavei.org\/","name":"Shavei Israel","description":"One nation, many faces. We help them all return.","publisher":{"@id":"https:\/\/www.shavei.org\/#organization"},"potentialAction":[{"@type":"SearchAction","target":{"@type":"EntryPoint","urlTemplate":"https:\/\/www.shavei.org\/?s={search_term_string}"},"query-input":{"@type":"PropertyValueSpecification","valueRequired":true,"valueName":"search_term_string"}}],"inLanguage":"es"},{"@type":"Organization","@id":"https:\/\/www.shavei.org\/#organization","name":"Shavei Israel","url":"https:\/\/www.shavei.org\/","logo":{"@type":"ImageObject","inLanguage":"es","@id":"https:\/\/www.shavei.org\/#\/schema\/logo\/image\/","url":"https:\/\/www.shavei.org\/wp-content\/uploads\/2017\/10\/shavei-logo.jpg","contentUrl":"https:\/\/www.shavei.org\/wp-content\/uploads\/2017\/10\/shavei-logo.jpg","width":300,"height":285,"caption":"Shavei Israel"},"image":{"@id":"https:\/\/www.shavei.org\/#\/schema\/logo\/image\/"}},{"@type":"Person","@id":"https:\/\/www.shavei.org\/#\/schema\/person\/be34c059c9b16cdd461eed6c3ee0cf22","name":"Shavei Israel","image":{"@type":"ImageObject","inLanguage":"es","@id":"https:\/\/secure.gravatar.com\/avatar\/3df74477975a50f1c87a7dace91f34be8bb2637b8220dd744eaf5ef9922e052e?s=96&d=mm&r=g","url":"https:\/\/secure.gravatar.com\/avatar\/3df74477975a50f1c87a7dace91f34be8bb2637b8220dd744eaf5ef9922e052e?s=96&d=mm&r=g","contentUrl":"https:\/\/secure.gravatar.com\/avatar\/3df74477975a50f1c87a7dace91f34be8bb2637b8220dd744eaf5ef9922e052e?s=96&d=mm&r=g","caption":"Shavei Israel"},"url":"https:\/\/www.shavei.org\/es\/blog\/author\/shaveiisrael\/"}]}},"_links":{"self":[{"href":"https:\/\/www.shavei.org\/es\/wp-json\/wp\/v2\/posts\/26044","targetHints":{"allow":["GET"]}}],"collection":[{"href":"https:\/\/www.shavei.org\/es\/wp-json\/wp\/v2\/posts"}],"about":[{"href":"https:\/\/www.shavei.org\/es\/wp-json\/wp\/v2\/types\/post"}],"author":[{"embeddable":true,"href":"https:\/\/www.shavei.org\/es\/wp-json\/wp\/v2\/users\/8"}],"replies":[{"embeddable":true,"href":"https:\/\/www.shavei.org\/es\/wp-json\/wp\/v2\/comments?post=26044"}],"version-history":[{"count":1,"href":"https:\/\/www.shavei.org\/es\/wp-json\/wp\/v2\/posts\/26044\/revisions"}],"predecessor-version":[{"id":26045,"href":"https:\/\/www.shavei.org\/es\/wp-json\/wp\/v2\/posts\/26044\/revisions\/26045"}],"wp:attachment":[{"href":"https:\/\/www.shavei.org\/es\/wp-json\/wp\/v2\/media?parent=26044"}],"wp:term":[{"taxonomy":"category","embeddable":true,"href":"https:\/\/www.shavei.org\/es\/wp-json\/wp\/v2\/categories?post=26044"},{"taxonomy":"post_tag","embeddable":true,"href":"https:\/\/www.shavei.org\/es\/wp-json\/wp\/v2\/tags?post=26044"}],"curies":[{"name":"wp","href":"https:\/\/api.w.org\/{rel}","templated":true}]}}