{"id":2316,"date":"2010-12-16T12:44:55","date_gmt":"2010-12-16T12:44:55","guid":{"rendered":"https:\/\/shaveiisrael.com\/?p=2316"},"modified":"2016-05-23T10:04:41","modified_gmt":"2016-05-23T08:04:41","slug":"espanol-exhiben-la-historia-de-los-bnei-menashe-en-israel","status":"publish","type":"post","link":"https:\/\/www.shavei.org\/es\/blog\/2010\/12\/16\/espanol-exhiben-la-historia-de-los-bnei-menashe-en-israel\/","title":{"rendered":"Exhiben la historia de los Bnei Menash\u00e9 en Israel"},"content":{"rendered":"<p><!--:es-->En reconocimiento a la exitosa absorci\u00f3n de los miembros de Bnei Menash\u00e9 en Israel, la ministra de Absorci\u00f3n Sofa Landver presentar\u00e1 una nueva exhibici\u00f3n en la cual se muestra la historia de dicha curiosa comunidad.<\/p>\n<p>La exhibici\u00f3n, creada por la organizaci\u00f3n Shavei Israel, representa la vida diaria de la comunidad en Israel y en el noreste de India, donde la mayor\u00eda de los miembros de dicha comunidad a\u00fan residen, y expone cr\u00f3nicas de su retorno al pueblo jud\u00edo, tras siglos de aislamiento.<\/p>\n<p>La exposici\u00f3n fue inagurada ayer, mi\u00e9rcoles, en el Ministerio de Absorci\u00f3n en Jerusalem. A la ceremonia asisti\u00f3 la ministra Landver, el fundador y presidente de Shavei Israel, Michael Freund; Malachi Levinguer, alcalde de Kiriat Arba, y los l\u00edderes de la comunidad Bnei Menashe.<\/p>\n<p>Los Bnei Menash\u00e9, hijos de Menash\u00e9, argumentan que descienden de una de las diez tribus perdidas de Israel, que fueron exiliadas por el Imperio Asirio hace m\u00e1s de 27 siglos. Viven en el noreste de India, en las ciudades de Manipur y Mizoram.<\/p>\n<p>Durante su exilio, los Bnei Menash\u00e9 continuaron practicando su<\/p>\n<p>juda\u00edsmo, tal como lo hac\u00edan sus antecesores, incluyendo la observaci\u00f3n de Shabat, leyes de Kashrut, celebrando festividades jud\u00edas y siguiendo las reglas de higiene y pureza familiar. Mientras, su sue\u00f1o de volver a Israel fue intensific\u00e1ndose.<\/p>\n<p>Recientemente, Shavei Israel trajo alrededor de 1.700 miembros de dicha comunidad a Israel. Otros 7.200 aun est\u00e1n en India, esperando ansiosamente al d\u00eda en que ellos tambi\u00e9n puedan volver a la tierra del pueblo jud\u00edo.<!--:--><!--:he--><\/p>\n<p><!--:--><\/p>\n","protected":false},"excerpt":{"rendered":"<p>En reconocimiento a la exitosa absorci\u00f3n de los miembros de Bnei Menash\u00e9 en Israel, la ministra de Absorci\u00f3n Sofa Landver presentar\u00e1 una nueva exhibici\u00f3n en la cual se muestra la historia de dicha curiosa comunidad. La exhibici\u00f3n, creada por la organizaci\u00f3n Shavei Israel, representa la&#8230;<\/p>\n","protected":false},"author":8,"featured_media":0,"comment_status":"closed","ping_status":"closed","sticky":false,"template":"","format":"standard","meta":{"give_campaign_id":0,"_exactmetrics_skip_tracking":false,"_exactmetrics_sitenote_active":false,"_exactmetrics_sitenote_note":"","_exactmetrics_sitenote_category":0,"ngg_post_thumbnail":0,"footnotes":""},"categories":[484],"tags":[],"class_list":["post-2316","post","type-post","status-publish","format-standard","hentry","category-bnei-menashe-es"],"yoast_head":"<!-- This site is optimized with the Yoast SEO plugin v27.4 - https:\/\/yoast.com\/product\/yoast-seo-wordpress\/ -->\n<title>Exhiben la historia de los Bnei Menash\u00e9 en Israel - Shavei Israel<\/title>\n<meta name=\"robots\" content=\"index, follow, max-snippet:-1, max-image-preview:large, max-video-preview:-1\" \/>\n<link rel=\"canonical\" href=\"https:\/\/www.shavei.org\/es\/blog\/2010\/12\/16\/espanol-exhiben-la-historia-de-los-bnei-menashe-en-israel\/\" \/>\n<meta property=\"og:locale\" content=\"es_ES\" \/>\n<meta property=\"og:type\" content=\"article\" \/>\n<meta property=\"og:title\" content=\"Exhiben la historia de los Bnei Menash\u00e9 en Israel - Shavei Israel\" \/>\n<meta property=\"og:description\" content=\"En reconocimiento a la exitosa absorci\u00f3n de los miembros de Bnei Menash\u00e9 en Israel, la ministra de Absorci\u00f3n Sofa Landver presentar\u00e1 una nueva exhibici\u00f3n en la cual se muestra la historia de dicha curiosa comunidad. La exhibici\u00f3n, creada por la organizaci\u00f3n Shavei Israel, representa la...\" \/>\n<meta property=\"og:url\" content=\"https:\/\/www.shavei.org\/es\/blog\/2010\/12\/16\/espanol-exhiben-la-historia-de-los-bnei-menashe-en-israel\/\" \/>\n<meta property=\"og:site_name\" content=\"Shavei Israel\" \/>\n<meta property=\"article:published_time\" content=\"2010-12-16T12:44:55+00:00\" \/>\n<meta property=\"article:modified_time\" content=\"2016-05-23T08:04:41+00:00\" \/>\n<meta name=\"author\" content=\"Shavei Israel\" \/>\n<meta name=\"twitter:card\" content=\"summary_large_image\" \/>\n<meta name=\"twitter:label1\" content=\"Escrito por\" \/>\n\t<meta name=\"twitter:data1\" content=\"\" \/>\n\t<meta name=\"twitter:label2\" content=\"Tiempo de lectura\" \/>\n\t<meta name=\"twitter:data2\" content=\"1 minuto\" \/>\n<script type=\"application\/ld+json\" class=\"yoast-schema-graph\">{\"@context\":\"https:\\\/\\\/schema.org\",\"@graph\":[{\"@type\":\"Article\",\"@id\":\"https:\\\/\\\/www.shavei.org\\\/es\\\/blog\\\/2010\\\/12\\\/16\\\/espanol-exhiben-la-historia-de-los-bnei-menashe-en-israel\\\/#article\",\"isPartOf\":{\"@id\":\"https:\\\/\\\/www.shavei.org\\\/es\\\/blog\\\/2010\\\/12\\\/16\\\/espanol-exhiben-la-historia-de-los-bnei-menashe-en-israel\\\/\"},\"author\":{\"name\":\"Shavei Israel\",\"@id\":\"https:\\\/\\\/www.shavei.org\\\/#\\\/schema\\\/person\\\/be34c059c9b16cdd461eed6c3ee0cf22\"},\"headline\":\"Exhiben la historia de los Bnei Menash\u00e9 en Israel\",\"datePublished\":\"2010-12-16T12:44:55+00:00\",\"dateModified\":\"2016-05-23T08:04:41+00:00\",\"mainEntityOfPage\":{\"@id\":\"https:\\\/\\\/www.shavei.org\\\/es\\\/blog\\\/2010\\\/12\\\/16\\\/espanol-exhiben-la-historia-de-los-bnei-menashe-en-israel\\\/\"},\"wordCount\":278,\"publisher\":{\"@id\":\"https:\\\/\\\/www.shavei.org\\\/#organization\"},\"articleSection\":[\"Bnei Menashe\"],\"inLanguage\":\"es\"},{\"@type\":\"WebPage\",\"@id\":\"https:\\\/\\\/www.shavei.org\\\/es\\\/blog\\\/2010\\\/12\\\/16\\\/espanol-exhiben-la-historia-de-los-bnei-menashe-en-israel\\\/\",\"url\":\"https:\\\/\\\/www.shavei.org\\\/es\\\/blog\\\/2010\\\/12\\\/16\\\/espanol-exhiben-la-historia-de-los-bnei-menashe-en-israel\\\/\",\"name\":\"Exhiben la historia de los Bnei Menash\u00e9 en Israel - Shavei Israel\",\"isPartOf\":{\"@id\":\"https:\\\/\\\/www.shavei.org\\\/#website\"},\"datePublished\":\"2010-12-16T12:44:55+00:00\",\"dateModified\":\"2016-05-23T08:04:41+00:00\",\"breadcrumb\":{\"@id\":\"https:\\\/\\\/www.shavei.org\\\/es\\\/blog\\\/2010\\\/12\\\/16\\\/espanol-exhiben-la-historia-de-los-bnei-menashe-en-israel\\\/#breadcrumb\"},\"inLanguage\":\"es\",\"potentialAction\":[{\"@type\":\"ReadAction\",\"target\":[\"https:\\\/\\\/www.shavei.org\\\/es\\\/blog\\\/2010\\\/12\\\/16\\\/espanol-exhiben-la-historia-de-los-bnei-menashe-en-israel\\\/\"]}]},{\"@type\":\"BreadcrumbList\",\"@id\":\"https:\\\/\\\/www.shavei.org\\\/es\\\/blog\\\/2010\\\/12\\\/16\\\/espanol-exhiben-la-historia-de-los-bnei-menashe-en-israel\\\/#breadcrumb\",\"itemListElement\":[{\"@type\":\"ListItem\",\"position\":1,\"name\":\"Home\",\"item\":\"https:\\\/\\\/www.shavei.org\\\/es\\\/\"},{\"@type\":\"ListItem\",\"position\":2,\"name\":\"Exhiben la historia de los Bnei Menash\u00e9 en Israel\"}]},{\"@type\":\"WebSite\",\"@id\":\"https:\\\/\\\/www.shavei.org\\\/#website\",\"url\":\"https:\\\/\\\/www.shavei.org\\\/\",\"name\":\"Shavei Israel\",\"description\":\"One nation, many faces. We help them all return.\",\"publisher\":{\"@id\":\"https:\\\/\\\/www.shavei.org\\\/#organization\"},\"potentialAction\":[{\"@type\":\"SearchAction\",\"target\":{\"@type\":\"EntryPoint\",\"urlTemplate\":\"https:\\\/\\\/www.shavei.org\\\/?s={search_term_string}\"},\"query-input\":{\"@type\":\"PropertyValueSpecification\",\"valueRequired\":true,\"valueName\":\"search_term_string\"}}],\"inLanguage\":\"es\"},{\"@type\":\"Organization\",\"@id\":\"https:\\\/\\\/www.shavei.org\\\/#organization\",\"name\":\"Shavei Israel\",\"url\":\"https:\\\/\\\/www.shavei.org\\\/\",\"logo\":{\"@type\":\"ImageObject\",\"inLanguage\":\"es\",\"@id\":\"https:\\\/\\\/www.shavei.org\\\/#\\\/schema\\\/logo\\\/image\\\/\",\"url\":\"https:\\\/\\\/www.shavei.org\\\/wp-content\\\/uploads\\\/2017\\\/10\\\/shavei-logo.jpg\",\"contentUrl\":\"https:\\\/\\\/www.shavei.org\\\/wp-content\\\/uploads\\\/2017\\\/10\\\/shavei-logo.jpg\",\"width\":300,\"height\":285,\"caption\":\"Shavei Israel\"},\"image\":{\"@id\":\"https:\\\/\\\/www.shavei.org\\\/#\\\/schema\\\/logo\\\/image\\\/\"}},{\"@type\":\"Person\",\"@id\":\"https:\\\/\\\/www.shavei.org\\\/#\\\/schema\\\/person\\\/be34c059c9b16cdd461eed6c3ee0cf22\",\"name\":\"Shavei Israel\",\"image\":{\"@type\":\"ImageObject\",\"inLanguage\":\"es\",\"@id\":\"https:\\\/\\\/secure.gravatar.com\\\/avatar\\\/3df74477975a50f1c87a7dace91f34be8bb2637b8220dd744eaf5ef9922e052e?s=96&d=mm&r=g\",\"url\":\"https:\\\/\\\/secure.gravatar.com\\\/avatar\\\/3df74477975a50f1c87a7dace91f34be8bb2637b8220dd744eaf5ef9922e052e?s=96&d=mm&r=g\",\"contentUrl\":\"https:\\\/\\\/secure.gravatar.com\\\/avatar\\\/3df74477975a50f1c87a7dace91f34be8bb2637b8220dd744eaf5ef9922e052e?s=96&d=mm&r=g\",\"caption\":\"Shavei Israel\"},\"url\":\"https:\\\/\\\/www.shavei.org\\\/es\\\/blog\\\/author\\\/shaveiisrael\\\/\"}]}<\/script>\n<!-- \/ Yoast SEO plugin. -->","yoast_head_json":{"title":"Exhiben la historia de los Bnei Menash\u00e9 en Israel - Shavei Israel","robots":{"index":"index","follow":"follow","max-snippet":"max-snippet:-1","max-image-preview":"max-image-preview:large","max-video-preview":"max-video-preview:-1"},"canonical":"https:\/\/www.shavei.org\/es\/blog\/2010\/12\/16\/espanol-exhiben-la-historia-de-los-bnei-menashe-en-israel\/","og_locale":"es_ES","og_type":"article","og_title":"Exhiben la historia de los Bnei Menash\u00e9 en Israel - Shavei Israel","og_description":"En reconocimiento a la exitosa absorci\u00f3n de los miembros de Bnei Menash\u00e9 en Israel, la ministra de Absorci\u00f3n Sofa Landver presentar\u00e1 una nueva exhibici\u00f3n en la cual se muestra la historia de dicha curiosa comunidad. La exhibici\u00f3n, creada por la organizaci\u00f3n Shavei Israel, representa la...","og_url":"https:\/\/www.shavei.org\/es\/blog\/2010\/12\/16\/espanol-exhiben-la-historia-de-los-bnei-menashe-en-israel\/","og_site_name":"Shavei Israel","article_published_time":"2010-12-16T12:44:55+00:00","article_modified_time":"2016-05-23T08:04:41+00:00","author":"Shavei Israel","twitter_card":"summary_large_image","twitter_misc":{"Escrito por":false,"Tiempo de lectura":"1 minuto"},"schema":{"@context":"https:\/\/schema.org","@graph":[{"@type":"Article","@id":"https:\/\/www.shavei.org\/es\/blog\/2010\/12\/16\/espanol-exhiben-la-historia-de-los-bnei-menashe-en-israel\/#article","isPartOf":{"@id":"https:\/\/www.shavei.org\/es\/blog\/2010\/12\/16\/espanol-exhiben-la-historia-de-los-bnei-menashe-en-israel\/"},"author":{"name":"Shavei Israel","@id":"https:\/\/www.shavei.org\/#\/schema\/person\/be34c059c9b16cdd461eed6c3ee0cf22"},"headline":"Exhiben la historia de los Bnei Menash\u00e9 en Israel","datePublished":"2010-12-16T12:44:55+00:00","dateModified":"2016-05-23T08:04:41+00:00","mainEntityOfPage":{"@id":"https:\/\/www.shavei.org\/es\/blog\/2010\/12\/16\/espanol-exhiben-la-historia-de-los-bnei-menashe-en-israel\/"},"wordCount":278,"publisher":{"@id":"https:\/\/www.shavei.org\/#organization"},"articleSection":["Bnei Menashe"],"inLanguage":"es"},{"@type":"WebPage","@id":"https:\/\/www.shavei.org\/es\/blog\/2010\/12\/16\/espanol-exhiben-la-historia-de-los-bnei-menashe-en-israel\/","url":"https:\/\/www.shavei.org\/es\/blog\/2010\/12\/16\/espanol-exhiben-la-historia-de-los-bnei-menashe-en-israel\/","name":"Exhiben la historia de los Bnei Menash\u00e9 en Israel - Shavei Israel","isPartOf":{"@id":"https:\/\/www.shavei.org\/#website"},"datePublished":"2010-12-16T12:44:55+00:00","dateModified":"2016-05-23T08:04:41+00:00","breadcrumb":{"@id":"https:\/\/www.shavei.org\/es\/blog\/2010\/12\/16\/espanol-exhiben-la-historia-de-los-bnei-menashe-en-israel\/#breadcrumb"},"inLanguage":"es","potentialAction":[{"@type":"ReadAction","target":["https:\/\/www.shavei.org\/es\/blog\/2010\/12\/16\/espanol-exhiben-la-historia-de-los-bnei-menashe-en-israel\/"]}]},{"@type":"BreadcrumbList","@id":"https:\/\/www.shavei.org\/es\/blog\/2010\/12\/16\/espanol-exhiben-la-historia-de-los-bnei-menashe-en-israel\/#breadcrumb","itemListElement":[{"@type":"ListItem","position":1,"name":"Home","item":"https:\/\/www.shavei.org\/es\/"},{"@type":"ListItem","position":2,"name":"Exhiben la historia de los Bnei Menash\u00e9 en Israel"}]},{"@type":"WebSite","@id":"https:\/\/www.shavei.org\/#website","url":"https:\/\/www.shavei.org\/","name":"Shavei Israel","description":"One nation, many faces. We help them all return.","publisher":{"@id":"https:\/\/www.shavei.org\/#organization"},"potentialAction":[{"@type":"SearchAction","target":{"@type":"EntryPoint","urlTemplate":"https:\/\/www.shavei.org\/?s={search_term_string}"},"query-input":{"@type":"PropertyValueSpecification","valueRequired":true,"valueName":"search_term_string"}}],"inLanguage":"es"},{"@type":"Organization","@id":"https:\/\/www.shavei.org\/#organization","name":"Shavei Israel","url":"https:\/\/www.shavei.org\/","logo":{"@type":"ImageObject","inLanguage":"es","@id":"https:\/\/www.shavei.org\/#\/schema\/logo\/image\/","url":"https:\/\/www.shavei.org\/wp-content\/uploads\/2017\/10\/shavei-logo.jpg","contentUrl":"https:\/\/www.shavei.org\/wp-content\/uploads\/2017\/10\/shavei-logo.jpg","width":300,"height":285,"caption":"Shavei Israel"},"image":{"@id":"https:\/\/www.shavei.org\/#\/schema\/logo\/image\/"}},{"@type":"Person","@id":"https:\/\/www.shavei.org\/#\/schema\/person\/be34c059c9b16cdd461eed6c3ee0cf22","name":"Shavei Israel","image":{"@type":"ImageObject","inLanguage":"es","@id":"https:\/\/secure.gravatar.com\/avatar\/3df74477975a50f1c87a7dace91f34be8bb2637b8220dd744eaf5ef9922e052e?s=96&d=mm&r=g","url":"https:\/\/secure.gravatar.com\/avatar\/3df74477975a50f1c87a7dace91f34be8bb2637b8220dd744eaf5ef9922e052e?s=96&d=mm&r=g","contentUrl":"https:\/\/secure.gravatar.com\/avatar\/3df74477975a50f1c87a7dace91f34be8bb2637b8220dd744eaf5ef9922e052e?s=96&d=mm&r=g","caption":"Shavei Israel"},"url":"https:\/\/www.shavei.org\/es\/blog\/author\/shaveiisrael\/"}]}},"_links":{"self":[{"href":"https:\/\/www.shavei.org\/es\/wp-json\/wp\/v2\/posts\/2316","targetHints":{"allow":["GET"]}}],"collection":[{"href":"https:\/\/www.shavei.org\/es\/wp-json\/wp\/v2\/posts"}],"about":[{"href":"https:\/\/www.shavei.org\/es\/wp-json\/wp\/v2\/types\/post"}],"author":[{"embeddable":true,"href":"https:\/\/www.shavei.org\/es\/wp-json\/wp\/v2\/users\/8"}],"replies":[{"embeddable":true,"href":"https:\/\/www.shavei.org\/es\/wp-json\/wp\/v2\/comments?post=2316"}],"version-history":[{"count":3,"href":"https:\/\/www.shavei.org\/es\/wp-json\/wp\/v2\/posts\/2316\/revisions"}],"predecessor-version":[{"id":31663,"href":"https:\/\/www.shavei.org\/es\/wp-json\/wp\/v2\/posts\/2316\/revisions\/31663"}],"wp:attachment":[{"href":"https:\/\/www.shavei.org\/es\/wp-json\/wp\/v2\/media?parent=2316"}],"wp:term":[{"taxonomy":"category","embeddable":true,"href":"https:\/\/www.shavei.org\/es\/wp-json\/wp\/v2\/categories?post=2316"},{"taxonomy":"post_tag","embeddable":true,"href":"https:\/\/www.shavei.org\/es\/wp-json\/wp\/v2\/tags?post=2316"}],"curies":[{"name":"wp","href":"https:\/\/api.w.org\/{rel}","templated":true}]}}