{"id":121045,"date":"2021-01-06T10:55:23","date_gmt":"2021-01-06T08:55:23","guid":{"rendered":"https:\/\/www.shavei.org\/comienza-la-conversion-formal-de-bnei-menashe\/"},"modified":"2021-01-06T11:00:12","modified_gmt":"2021-01-06T09:00:12","slug":"comienza-la-conversion-formal-de-bnei-menashe","status":"publish","type":"post","link":"https:\/\/www.shavei.org\/es\/blog\/2021\/01\/06\/comienza-la-conversion-formal-de-bnei-menashe\/","title":{"rendered":"Comienza la conversi\u00f3n formal de Bnei Menashe"},"content":{"rendered":"<p>M\u00e1s de cincuenta de los 250 inmigrantes recientes de Bnei Menash\u00e9 completaron su conversi\u00f3n formal esta semana por parte del Gran Rabinato de Israel, reuni\u00e9ndose con el pueblo jud\u00edo en Sion despu\u00e9s de 2700 a\u00f1os de exilio. Haga una peque\u00f1a visita virtual del Bnei Menashe en el centro de absorci\u00f3n cerca de Netanya en ese d\u00eda auspicioso.<\/p>\n<p>(Cr\u00e9dito de la foto Laura Ben-David \/ Shavei Israel)<\/p>\n\n            <!-- Blueimp gallery -->\n            <div id=\"blueimp-gallery-120921\" class=\"blueimp-gallery blueimp-gallery-controls\">\n                <div class=\"slides\"><\/div>\n                <h3 class=\"title\"><\/h3>\n                <a class=\"prev\">\u2039<\/a>\n                <a class=\"next\">\u203a<\/a>\n                <a class=\"close\">\u00d7<\/a>\n                <a class=\"play-pause\"><\/a>\n                <ol class=\"indicator\"><\/ol>\n                <div class=\"modal fade\">\n                    <div class=\"modal-dialog\">\n                        <div class=\"modal-content\">\n                            <div class=\"modal-header\">\n                                <button type=\"button\" class=\"close\" aria-hidden=\"true\">\u00d7<\/button>\n                                <h4 class=\"modal-title\"><\/h4>\n                            <\/div>\n                            <div class=\"modal-body next\"><\/div>\n                            <div class=\"modal-footer\">\n                                <button type=\"button\" class=\"btn btn-default pull-left prev\">\n                                    <i class=\"glyphicon glyphicon-chevron-left\"><\/i>\n                                    Previous                                <\/button>\n                                <button type=\"button\" class=\"btn btn-primary next\">\n                                    Next                                    <i class=\"glyphicon glyphicon-chevron-right\"><\/i>\n                                <\/button>\n                            <\/div>\n                        <\/div>\n                    <\/div>\n                <\/div>\n            <\/div>\n\n            <script type=\"text\/javascript\">\n            jQuery(function() {\n                jQuery.extend(blueimp.Gallery.prototype.options, {\n                    useBootstrapModal: false,\n                    hidePageScrollbars: false,\n                    container: \"#blueimp-gallery-120921\",\n                });\n            });\n            <\/script>\n\n            \n","protected":false},"excerpt":{"rendered":"<p>M\u00e1s de cincuenta de los 250 inmigrantes recientes de Bnei Menash\u00e9 completaron su conversi\u00f3n formal esta semana por parte del Gran Rabinato de Israel, reuni\u00e9ndose con el pueblo jud\u00edo en Sion despu\u00e9s de 2700 a\u00f1os de exilio. Haga una peque\u00f1a visita virtual del Bnei Menashe&#8230;<\/p>\n","protected":false},"author":7,"featured_media":120941,"comment_status":"open","ping_status":"open","sticky":false,"template":"","format":"standard","meta":{"give_campaign_id":0,"_exactmetrics_skip_tracking":false,"_exactmetrics_sitenote_active":false,"_exactmetrics_sitenote_note":"","_exactmetrics_sitenote_category":0,"ngg_post_thumbnail":0,"footnotes":""},"categories":[484],"tags":[1134],"class_list":["post-121045","post","type-post","status-publish","format-standard","has-post-thumbnail","hentry","category-bnei-menashe-es","tag-bnei-menashe-es-2"],"yoast_head":"<!-- This site is optimized with the Yoast SEO plugin v27.4 - https:\/\/yoast.com\/product\/yoast-seo-wordpress\/ -->\n<title>Comienza la conversi\u00f3n formal de Bnei Menashe - Shavei Israel<\/title>\n<meta name=\"robots\" content=\"index, follow, max-snippet:-1, max-image-preview:large, max-video-preview:-1\" \/>\n<link rel=\"canonical\" href=\"https:\/\/www.shavei.org\/es\/blog\/2021\/01\/06\/comienza-la-conversion-formal-de-bnei-menashe\/\" \/>\n<meta property=\"og:locale\" content=\"es_ES\" \/>\n<meta property=\"og:type\" content=\"article\" \/>\n<meta property=\"og:title\" content=\"Comienza la conversi\u00f3n formal de Bnei Menashe - Shavei Israel\" \/>\n<meta property=\"og:description\" content=\"M\u00e1s de cincuenta de los 250 inmigrantes recientes de Bnei Menash\u00e9 completaron su conversi\u00f3n formal esta semana por parte del Gran Rabinato de Israel, reuni\u00e9ndose con el pueblo jud\u00edo en Sion despu\u00e9s de 2700 a\u00f1os de exilio. Haga una peque\u00f1a visita virtual del Bnei Menashe...\" \/>\n<meta property=\"og:url\" content=\"https:\/\/www.shavei.org\/es\/blog\/2021\/01\/06\/comienza-la-conversion-formal-de-bnei-menashe\/\" \/>\n<meta property=\"og:site_name\" content=\"Shavei Israel\" \/>\n<meta property=\"article:published_time\" content=\"2021-01-06T08:55:23+00:00\" \/>\n<meta property=\"article:modified_time\" content=\"2021-01-06T09:00:12+00:00\" \/>\n<meta property=\"og:image\" content=\"https:\/\/www.shavei.org\/wp-content\/uploads\/2020\/12\/2Z5A9224lbd-scaled.jpg\" \/>\n\t<meta property=\"og:image:width\" content=\"2560\" \/>\n\t<meta property=\"og:image:height\" content=\"1707\" \/>\n\t<meta property=\"og:image:type\" content=\"image\/jpeg\" \/>\n<meta name=\"author\" content=\"Laura Ben-David\" \/>\n<meta name=\"twitter:card\" content=\"summary_large_image\" \/>\n<meta name=\"twitter:label1\" content=\"Escrito por\" \/>\n\t<meta name=\"twitter:data1\" content=\"\" \/>\n<script type=\"application\/ld+json\" class=\"yoast-schema-graph\">{\"@context\":\"https:\\\/\\\/schema.org\",\"@graph\":[{\"@type\":\"Article\",\"@id\":\"https:\\\/\\\/www.shavei.org\\\/es\\\/blog\\\/2021\\\/01\\\/06\\\/comienza-la-conversion-formal-de-bnei-menashe\\\/#article\",\"isPartOf\":{\"@id\":\"https:\\\/\\\/www.shavei.org\\\/es\\\/blog\\\/2021\\\/01\\\/06\\\/comienza-la-conversion-formal-de-bnei-menashe\\\/\"},\"author\":{\"name\":\"Laura Ben-David\",\"@id\":\"https:\\\/\\\/www.shavei.org\\\/#\\\/schema\\\/person\\\/00b45bee9f161469e8b81745e0fad63f\"},\"headline\":\"Comienza la conversi\u00f3n formal de Bnei Menashe\",\"datePublished\":\"2021-01-06T08:55:23+00:00\",\"dateModified\":\"2021-01-06T09:00:12+00:00\",\"mainEntityOfPage\":{\"@id\":\"https:\\\/\\\/www.shavei.org\\\/es\\\/blog\\\/2021\\\/01\\\/06\\\/comienza-la-conversion-formal-de-bnei-menashe\\\/\"},\"wordCount\":83,\"commentCount\":0,\"publisher\":{\"@id\":\"https:\\\/\\\/www.shavei.org\\\/#organization\"},\"image\":{\"@id\":\"https:\\\/\\\/www.shavei.org\\\/es\\\/blog\\\/2021\\\/01\\\/06\\\/comienza-la-conversion-formal-de-bnei-menashe\\\/#primaryimage\"},\"thumbnailUrl\":\"https:\\\/\\\/www.shavei.org\\\/wp-content\\\/uploads\\\/2020\\\/12\\\/2Z5A9224lbd-scaled.jpg\",\"keywords\":[\"Bnei Menash\u00e9\"],\"articleSection\":[\"Bnei Menashe\"],\"inLanguage\":\"es\",\"potentialAction\":[{\"@type\":\"CommentAction\",\"name\":\"Comment\",\"target\":[\"https:\\\/\\\/www.shavei.org\\\/es\\\/blog\\\/2021\\\/01\\\/06\\\/comienza-la-conversion-formal-de-bnei-menashe\\\/#respond\"]}]},{\"@type\":\"WebPage\",\"@id\":\"https:\\\/\\\/www.shavei.org\\\/es\\\/blog\\\/2021\\\/01\\\/06\\\/comienza-la-conversion-formal-de-bnei-menashe\\\/\",\"url\":\"https:\\\/\\\/www.shavei.org\\\/es\\\/blog\\\/2021\\\/01\\\/06\\\/comienza-la-conversion-formal-de-bnei-menashe\\\/\",\"name\":\"Comienza la conversi\u00f3n formal de Bnei Menashe - Shavei Israel\",\"isPartOf\":{\"@id\":\"https:\\\/\\\/www.shavei.org\\\/#website\"},\"primaryImageOfPage\":{\"@id\":\"https:\\\/\\\/www.shavei.org\\\/es\\\/blog\\\/2021\\\/01\\\/06\\\/comienza-la-conversion-formal-de-bnei-menashe\\\/#primaryimage\"},\"image\":{\"@id\":\"https:\\\/\\\/www.shavei.org\\\/es\\\/blog\\\/2021\\\/01\\\/06\\\/comienza-la-conversion-formal-de-bnei-menashe\\\/#primaryimage\"},\"thumbnailUrl\":\"https:\\\/\\\/www.shavei.org\\\/wp-content\\\/uploads\\\/2020\\\/12\\\/2Z5A9224lbd-scaled.jpg\",\"datePublished\":\"2021-01-06T08:55:23+00:00\",\"dateModified\":\"2021-01-06T09:00:12+00:00\",\"breadcrumb\":{\"@id\":\"https:\\\/\\\/www.shavei.org\\\/es\\\/blog\\\/2021\\\/01\\\/06\\\/comienza-la-conversion-formal-de-bnei-menashe\\\/#breadcrumb\"},\"inLanguage\":\"es\",\"potentialAction\":[{\"@type\":\"ReadAction\",\"target\":[\"https:\\\/\\\/www.shavei.org\\\/es\\\/blog\\\/2021\\\/01\\\/06\\\/comienza-la-conversion-formal-de-bnei-menashe\\\/\"]}]},{\"@type\":\"ImageObject\",\"inLanguage\":\"es\",\"@id\":\"https:\\\/\\\/www.shavei.org\\\/es\\\/blog\\\/2021\\\/01\\\/06\\\/comienza-la-conversion-formal-de-bnei-menashe\\\/#primaryimage\",\"url\":\"https:\\\/\\\/www.shavei.org\\\/wp-content\\\/uploads\\\/2020\\\/12\\\/2Z5A9224lbd-scaled.jpg\",\"contentUrl\":\"https:\\\/\\\/www.shavei.org\\\/wp-content\\\/uploads\\\/2020\\\/12\\\/2Z5A9224lbd-scaled.jpg\",\"width\":2560,\"height\":1707},{\"@type\":\"BreadcrumbList\",\"@id\":\"https:\\\/\\\/www.shavei.org\\\/es\\\/blog\\\/2021\\\/01\\\/06\\\/comienza-la-conversion-formal-de-bnei-menashe\\\/#breadcrumb\",\"itemListElement\":[{\"@type\":\"ListItem\",\"position\":1,\"name\":\"Home\",\"item\":\"https:\\\/\\\/www.shavei.org\\\/es\\\/\"},{\"@type\":\"ListItem\",\"position\":2,\"name\":\"Comienza la conversi\u00f3n formal de Bnei Menashe\"}]},{\"@type\":\"WebSite\",\"@id\":\"https:\\\/\\\/www.shavei.org\\\/#website\",\"url\":\"https:\\\/\\\/www.shavei.org\\\/\",\"name\":\"Shavei Israel\",\"description\":\"One nation, many faces. We help them all return.\",\"publisher\":{\"@id\":\"https:\\\/\\\/www.shavei.org\\\/#organization\"},\"potentialAction\":[{\"@type\":\"SearchAction\",\"target\":{\"@type\":\"EntryPoint\",\"urlTemplate\":\"https:\\\/\\\/www.shavei.org\\\/?s={search_term_string}\"},\"query-input\":{\"@type\":\"PropertyValueSpecification\",\"valueRequired\":true,\"valueName\":\"search_term_string\"}}],\"inLanguage\":\"es\"},{\"@type\":\"Organization\",\"@id\":\"https:\\\/\\\/www.shavei.org\\\/#organization\",\"name\":\"Shavei Israel\",\"url\":\"https:\\\/\\\/www.shavei.org\\\/\",\"logo\":{\"@type\":\"ImageObject\",\"inLanguage\":\"es\",\"@id\":\"https:\\\/\\\/www.shavei.org\\\/#\\\/schema\\\/logo\\\/image\\\/\",\"url\":\"https:\\\/\\\/www.shavei.org\\\/wp-content\\\/uploads\\\/2017\\\/10\\\/shavei-logo.jpg\",\"contentUrl\":\"https:\\\/\\\/www.shavei.org\\\/wp-content\\\/uploads\\\/2017\\\/10\\\/shavei-logo.jpg\",\"width\":300,\"height\":285,\"caption\":\"Shavei Israel\"},\"image\":{\"@id\":\"https:\\\/\\\/www.shavei.org\\\/#\\\/schema\\\/logo\\\/image\\\/\"}},{\"@type\":\"Person\",\"@id\":\"https:\\\/\\\/www.shavei.org\\\/#\\\/schema\\\/person\\\/00b45bee9f161469e8b81745e0fad63f\",\"name\":\"Laura Ben-David\",\"image\":{\"@type\":\"ImageObject\",\"inLanguage\":\"es\",\"@id\":\"https:\\\/\\\/secure.gravatar.com\\\/avatar\\\/0939c5754a1cd2ebff55eeefe7aae273ff8235a123cddb1b328a230fc69d6323?s=96&d=mm&r=g\",\"url\":\"https:\\\/\\\/secure.gravatar.com\\\/avatar\\\/0939c5754a1cd2ebff55eeefe7aae273ff8235a123cddb1b328a230fc69d6323?s=96&d=mm&r=g\",\"contentUrl\":\"https:\\\/\\\/secure.gravatar.com\\\/avatar\\\/0939c5754a1cd2ebff55eeefe7aae273ff8235a123cddb1b328a230fc69d6323?s=96&d=mm&r=g\",\"caption\":\"Laura Ben-David\"},\"url\":\"https:\\\/\\\/www.shavei.org\\\/es\\\/blog\\\/author\\\/laurabd\\\/\"}]}<\/script>\n<!-- \/ Yoast SEO plugin. -->","yoast_head_json":{"title":"Comienza la conversi\u00f3n formal de Bnei Menashe - Shavei Israel","robots":{"index":"index","follow":"follow","max-snippet":"max-snippet:-1","max-image-preview":"max-image-preview:large","max-video-preview":"max-video-preview:-1"},"canonical":"https:\/\/www.shavei.org\/es\/blog\/2021\/01\/06\/comienza-la-conversion-formal-de-bnei-menashe\/","og_locale":"es_ES","og_type":"article","og_title":"Comienza la conversi\u00f3n formal de Bnei Menashe - Shavei Israel","og_description":"M\u00e1s de cincuenta de los 250 inmigrantes recientes de Bnei Menash\u00e9 completaron su conversi\u00f3n formal esta semana por parte del Gran Rabinato de Israel, reuni\u00e9ndose con el pueblo jud\u00edo en Sion despu\u00e9s de 2700 a\u00f1os de exilio. Haga una peque\u00f1a visita virtual del Bnei Menashe...","og_url":"https:\/\/www.shavei.org\/es\/blog\/2021\/01\/06\/comienza-la-conversion-formal-de-bnei-menashe\/","og_site_name":"Shavei Israel","article_published_time":"2021-01-06T08:55:23+00:00","article_modified_time":"2021-01-06T09:00:12+00:00","og_image":[{"width":2560,"height":1707,"url":"https:\/\/www.shavei.org\/wp-content\/uploads\/2020\/12\/2Z5A9224lbd-scaled.jpg","type":"image\/jpeg"}],"author":"Laura Ben-David","twitter_card":"summary_large_image","twitter_misc":{"Escrito por":false},"schema":{"@context":"https:\/\/schema.org","@graph":[{"@type":"Article","@id":"https:\/\/www.shavei.org\/es\/blog\/2021\/01\/06\/comienza-la-conversion-formal-de-bnei-menashe\/#article","isPartOf":{"@id":"https:\/\/www.shavei.org\/es\/blog\/2021\/01\/06\/comienza-la-conversion-formal-de-bnei-menashe\/"},"author":{"name":"Laura Ben-David","@id":"https:\/\/www.shavei.org\/#\/schema\/person\/00b45bee9f161469e8b81745e0fad63f"},"headline":"Comienza la conversi\u00f3n formal de Bnei Menashe","datePublished":"2021-01-06T08:55:23+00:00","dateModified":"2021-01-06T09:00:12+00:00","mainEntityOfPage":{"@id":"https:\/\/www.shavei.org\/es\/blog\/2021\/01\/06\/comienza-la-conversion-formal-de-bnei-menashe\/"},"wordCount":83,"commentCount":0,"publisher":{"@id":"https:\/\/www.shavei.org\/#organization"},"image":{"@id":"https:\/\/www.shavei.org\/es\/blog\/2021\/01\/06\/comienza-la-conversion-formal-de-bnei-menashe\/#primaryimage"},"thumbnailUrl":"https:\/\/www.shavei.org\/wp-content\/uploads\/2020\/12\/2Z5A9224lbd-scaled.jpg","keywords":["Bnei Menash\u00e9"],"articleSection":["Bnei Menashe"],"inLanguage":"es","potentialAction":[{"@type":"CommentAction","name":"Comment","target":["https:\/\/www.shavei.org\/es\/blog\/2021\/01\/06\/comienza-la-conversion-formal-de-bnei-menashe\/#respond"]}]},{"@type":"WebPage","@id":"https:\/\/www.shavei.org\/es\/blog\/2021\/01\/06\/comienza-la-conversion-formal-de-bnei-menashe\/","url":"https:\/\/www.shavei.org\/es\/blog\/2021\/01\/06\/comienza-la-conversion-formal-de-bnei-menashe\/","name":"Comienza la conversi\u00f3n formal de Bnei Menashe - Shavei Israel","isPartOf":{"@id":"https:\/\/www.shavei.org\/#website"},"primaryImageOfPage":{"@id":"https:\/\/www.shavei.org\/es\/blog\/2021\/01\/06\/comienza-la-conversion-formal-de-bnei-menashe\/#primaryimage"},"image":{"@id":"https:\/\/www.shavei.org\/es\/blog\/2021\/01\/06\/comienza-la-conversion-formal-de-bnei-menashe\/#primaryimage"},"thumbnailUrl":"https:\/\/www.shavei.org\/wp-content\/uploads\/2020\/12\/2Z5A9224lbd-scaled.jpg","datePublished":"2021-01-06T08:55:23+00:00","dateModified":"2021-01-06T09:00:12+00:00","breadcrumb":{"@id":"https:\/\/www.shavei.org\/es\/blog\/2021\/01\/06\/comienza-la-conversion-formal-de-bnei-menashe\/#breadcrumb"},"inLanguage":"es","potentialAction":[{"@type":"ReadAction","target":["https:\/\/www.shavei.org\/es\/blog\/2021\/01\/06\/comienza-la-conversion-formal-de-bnei-menashe\/"]}]},{"@type":"ImageObject","inLanguage":"es","@id":"https:\/\/www.shavei.org\/es\/blog\/2021\/01\/06\/comienza-la-conversion-formal-de-bnei-menashe\/#primaryimage","url":"https:\/\/www.shavei.org\/wp-content\/uploads\/2020\/12\/2Z5A9224lbd-scaled.jpg","contentUrl":"https:\/\/www.shavei.org\/wp-content\/uploads\/2020\/12\/2Z5A9224lbd-scaled.jpg","width":2560,"height":1707},{"@type":"BreadcrumbList","@id":"https:\/\/www.shavei.org\/es\/blog\/2021\/01\/06\/comienza-la-conversion-formal-de-bnei-menashe\/#breadcrumb","itemListElement":[{"@type":"ListItem","position":1,"name":"Home","item":"https:\/\/www.shavei.org\/es\/"},{"@type":"ListItem","position":2,"name":"Comienza la conversi\u00f3n formal de Bnei Menashe"}]},{"@type":"WebSite","@id":"https:\/\/www.shavei.org\/#website","url":"https:\/\/www.shavei.org\/","name":"Shavei Israel","description":"One nation, many faces. We help them all return.","publisher":{"@id":"https:\/\/www.shavei.org\/#organization"},"potentialAction":[{"@type":"SearchAction","target":{"@type":"EntryPoint","urlTemplate":"https:\/\/www.shavei.org\/?s={search_term_string}"},"query-input":{"@type":"PropertyValueSpecification","valueRequired":true,"valueName":"search_term_string"}}],"inLanguage":"es"},{"@type":"Organization","@id":"https:\/\/www.shavei.org\/#organization","name":"Shavei Israel","url":"https:\/\/www.shavei.org\/","logo":{"@type":"ImageObject","inLanguage":"es","@id":"https:\/\/www.shavei.org\/#\/schema\/logo\/image\/","url":"https:\/\/www.shavei.org\/wp-content\/uploads\/2017\/10\/shavei-logo.jpg","contentUrl":"https:\/\/www.shavei.org\/wp-content\/uploads\/2017\/10\/shavei-logo.jpg","width":300,"height":285,"caption":"Shavei Israel"},"image":{"@id":"https:\/\/www.shavei.org\/#\/schema\/logo\/image\/"}},{"@type":"Person","@id":"https:\/\/www.shavei.org\/#\/schema\/person\/00b45bee9f161469e8b81745e0fad63f","name":"Laura Ben-David","image":{"@type":"ImageObject","inLanguage":"es","@id":"https:\/\/secure.gravatar.com\/avatar\/0939c5754a1cd2ebff55eeefe7aae273ff8235a123cddb1b328a230fc69d6323?s=96&d=mm&r=g","url":"https:\/\/secure.gravatar.com\/avatar\/0939c5754a1cd2ebff55eeefe7aae273ff8235a123cddb1b328a230fc69d6323?s=96&d=mm&r=g","contentUrl":"https:\/\/secure.gravatar.com\/avatar\/0939c5754a1cd2ebff55eeefe7aae273ff8235a123cddb1b328a230fc69d6323?s=96&d=mm&r=g","caption":"Laura Ben-David"},"url":"https:\/\/www.shavei.org\/es\/blog\/author\/laurabd\/"}]}},"_links":{"self":[{"href":"https:\/\/www.shavei.org\/es\/wp-json\/wp\/v2\/posts\/121045","targetHints":{"allow":["GET"]}}],"collection":[{"href":"https:\/\/www.shavei.org\/es\/wp-json\/wp\/v2\/posts"}],"about":[{"href":"https:\/\/www.shavei.org\/es\/wp-json\/wp\/v2\/types\/post"}],"author":[{"embeddable":true,"href":"https:\/\/www.shavei.org\/es\/wp-json\/wp\/v2\/users\/7"}],"replies":[{"embeddable":true,"href":"https:\/\/www.shavei.org\/es\/wp-json\/wp\/v2\/comments?post=121045"}],"version-history":[{"count":1,"href":"https:\/\/www.shavei.org\/es\/wp-json\/wp\/v2\/posts\/121045\/revisions"}],"predecessor-version":[{"id":121048,"href":"https:\/\/www.shavei.org\/es\/wp-json\/wp\/v2\/posts\/121045\/revisions\/121048"}],"wp:featuredmedia":[{"embeddable":true,"href":"https:\/\/www.shavei.org\/es\/wp-json\/wp\/v2\/media\/120941"}],"wp:attachment":[{"href":"https:\/\/www.shavei.org\/es\/wp-json\/wp\/v2\/media?parent=121045"}],"wp:term":[{"taxonomy":"category","embeddable":true,"href":"https:\/\/www.shavei.org\/es\/wp-json\/wp\/v2\/categories?post=121045"},{"taxonomy":"post_tag","embeddable":true,"href":"https:\/\/www.shavei.org\/es\/wp-json\/wp\/v2\/tags?post=121045"}],"curies":[{"name":"wp","href":"https:\/\/api.w.org\/{rel}","templated":true}]}}