{"id":116015,"date":"2020-09-10T19:54:01","date_gmt":"2020-09-10T17:54:01","guid":{"rendered":"https:\/\/www.shavei.org\/el-hombre-detras-de-shavei-noruega-arvid-bjerga\/"},"modified":"2020-09-10T20:17:33","modified_gmt":"2020-09-10T18:17:33","slug":"el-hombre-detras-de-shavei-noruega-arvid-bjerga","status":"publish","type":"post","link":"https:\/\/www.shavei.org\/es\/blog\/2020\/09\/10\/el-hombre-detras-de-shavei-noruega-arvid-bjerga\/","title":{"rendered":"El hombre detr\u00e1s de Shavei Noruega, Arvid Bjerga"},"content":{"rendered":"\n<p>Shavei Israel trabaja con muchas comunidades de todo el mundo, lo que es posible gracias al arduo trabajo y la dedicaci\u00f3n de nuestro personal y voluntarios. Por otro lado, tambi\u00e9n hay muchas comunidades que trabajan con Shavei, incluso en Escandinavia. Uno de nuestros seguidores m\u00e1s dedicados es Arvid Bjerga, quien fund\u00f3 la sucursal noruega de Shavei Israel hace aproximadamente un a\u00f1o.<\/p>\n\n\n\n<p>Arvid Bjerga creci\u00f3 en un hogar sionista profundamente cristiano en Noruega. Creci\u00f3 aprendiendo sobre la historia jud\u00eda, el Holocausto y el nacimiento del Estado de Israel. Cuando era ni\u00f1o, su abuelo le cont\u00f3 historias y profec\u00edas sobre el regreso de los jud\u00edos a Si\u00f3n y la reconstrucci\u00f3n de la naci\u00f3n. Creci\u00f3 con un sentimiento de fascinaci\u00f3n y emoci\u00f3n a su alrededor.<\/p>\n\n\n\n<p>\u201cEl sionismo, ya sea basado en la Biblia o en la &#8216;realidad&#8217;, es un movimiento de derechos humanos. Incluso como ateo, puede ver el derecho de un pueblo a reconstruir en la tierra de donde una vez fue expulsado. Con la tr\u00e1gica historia del pueblo jud\u00edo, es justo que puedan reconstruirse nuevamente como naci\u00f3n, y la tierra est\u00e1 en el coraz\u00f3n de la naci\u00f3n \u201d, dice Arvid.<\/p>\n\n\n\n<p>El inter\u00e9s y la comprensi\u00f3n de Arvid por la historia del pueblo jud\u00edo son profundos y, a finales de los a\u00f1os 80, vivi\u00f3 y trabaj\u00f3 en un kibutz en el norte de Israel. All\u00ed, no solo ley\u00f3 muchos libros sobre el movimiento sionista moderno, sino tambi\u00e9n sobre la historia de los jud\u00edos et\u00edopes y los Bnei Menashe del noreste de la India, lo que despert\u00f3 su inter\u00e9s por los jud\u00edos \u00abex\u00f3ticos\u00bb y reaviv\u00f3 su inter\u00e9s por las tribus perdidas de Israel y las profec\u00edas de las que viene escuchando.<\/p>\n\n\n\n<p>En 2018, Arvid regres\u00f3 a Israel para una visita y se conect\u00f3 con Shavei Israel, que se especializa en traer jud\u00edos \u00abperdidos\u00bb y \u00abocultos\u00bb de todo el mundo de regreso a su herencia y al Estado de Israel. Se reuni\u00f3 con el fundador y presidente Michael Freund, y decidieron seguir adelante y poner en marcha una sucursal de Shavei Israel en Noruega.<\/p>\n\n\n\n<p>Hasta el d\u00eda de hoy, Arvid habla con audiencias cristianas y sionistas en Noruega sobre el antisemitismo, las tribus perdidas de Israel y su regreso, y su trabajo con Shavei Israel. Gracias al trabajo de Arvid, Shavei Norway tiene una base creciente de m\u00e1s de 600 seguidores en l\u00ednea, y tambi\u00e9n muchos seguidores y donantes fuera de l\u00ednea.<\/p>\n\n\n\n<p>Arvid Bjerga y su trabajo cuentan una historia verdaderamente notable sobre lo que la pasi\u00f3n de un individuo puede hacer con y por la naci\u00f3n de Israel.<\/p>\n\n\n\n<p>Para iniciar una nueva sucursal local de Shavei Israel en su comunidad, cont\u00e1ctenos en office@shavei.org.<\/p>\n\n\n\n<figure class=\"wp-block-gallery columns-3 is-cropped wp-block-gallery-1 is-layout-flex wp-block-gallery-is-layout-flex\"><ul class=\"blocks-gallery-grid\"><li class=\"blocks-gallery-item\"><figure><img decoding=\"async\" width=\"1024\" height=\"768\" src=\"https:\/\/www.shavei.org\/wp-content\/uploads\/2020\/08\/05.03.2019-1024x768.jpeg\" alt=\"\" data-id=\"115737\" data-full-url=\"https:\/\/www.shavei.org\/wp-content\/uploads\/2020\/08\/05.03.2019.jpeg\" data-link=\"https:\/\/www.shavei.org\/?attachment_id=115737\" class=\"wp-image-115737\" srcset=\"https:\/\/www.shavei.org\/wp-content\/uploads\/2020\/08\/05.03.2019-1024x768.jpeg 1024w, https:\/\/www.shavei.org\/wp-content\/uploads\/2020\/08\/05.03.2019-300x225.jpeg 300w, https:\/\/www.shavei.org\/wp-content\/uploads\/2020\/08\/05.03.2019-1536x1152.jpeg 1536w, https:\/\/www.shavei.org\/wp-content\/uploads\/2020\/08\/05.03.2019-800x600.jpeg 800w, https:\/\/www.shavei.org\/wp-content\/uploads\/2020\/08\/05.03.2019-700x525.jpeg 700w, https:\/\/www.shavei.org\/wp-content\/uploads\/2020\/08\/05.03.2019.jpeg 1600w\" sizes=\"(max-width: 1024px) 100vw, 1024px\" \/><figcaption class=\"blocks-gallery-item__caption\">Arvid with Shavei Chairman Michael Freund<\/figcaption><\/figure><\/li><li class=\"blocks-gallery-item\"><figure><img decoding=\"async\" width=\"960\" height=\"756\" src=\"https:\/\/www.shavei.org\/wp-content\/uploads\/2020\/08\/39939434_10156529993692836_4097033290077175808_n.jpg\" alt=\"\" data-id=\"115721\" data-full-url=\"https:\/\/www.shavei.org\/wp-content\/uploads\/2020\/08\/39939434_10156529993692836_4097033290077175808_n.jpg\" data-link=\"https:\/\/www.shavei.org\/?attachment_id=115721\" class=\"wp-image-115721\" srcset=\"https:\/\/www.shavei.org\/wp-content\/uploads\/2020\/08\/39939434_10156529993692836_4097033290077175808_n.jpg 960w, https:\/\/www.shavei.org\/wp-content\/uploads\/2020\/08\/39939434_10156529993692836_4097033290077175808_n-300x236.jpg 300w, https:\/\/www.shavei.org\/wp-content\/uploads\/2020\/08\/39939434_10156529993692836_4097033290077175808_n-700x551.jpg 700w\" sizes=\"(max-width: 960px) 100vw, 960px\" \/><figcaption class=\"blocks-gallery-item__caption\">The beautiful Oslo synagogue was completed nearly 100 years ago and has been in continuous use since. (Credit: Laura Ben-David)<\/figcaption><\/figure><\/li><li class=\"blocks-gallery-item\"><figure><img decoding=\"async\" width=\"768\" height=\"1024\" src=\"https:\/\/www.shavei.org\/wp-content\/uploads\/2020\/08\/WhatsApp-Image-2020-08-18-at-15.57.03-768x1024.jpeg\" alt=\"\" data-id=\"115729\" data-full-url=\"https:\/\/www.shavei.org\/wp-content\/uploads\/2020\/08\/WhatsApp-Image-2020-08-18-at-15.57.03.jpeg\" data-link=\"https:\/\/www.shavei.org\/?attachment_id=115729\" class=\"wp-image-115729\" srcset=\"https:\/\/www.shavei.org\/wp-content\/uploads\/2020\/08\/WhatsApp-Image-2020-08-18-at-15.57.03-768x1024.jpeg 768w, https:\/\/www.shavei.org\/wp-content\/uploads\/2020\/08\/WhatsApp-Image-2020-08-18-at-15.57.03-225x300.jpeg 225w, https:\/\/www.shavei.org\/wp-content\/uploads\/2020\/08\/WhatsApp-Image-2020-08-18-at-15.57.03-600x800.jpeg 600w, https:\/\/www.shavei.org\/wp-content\/uploads\/2020\/08\/WhatsApp-Image-2020-08-18-at-15.57.03-700x933.jpeg 700w, https:\/\/www.shavei.org\/wp-content\/uploads\/2020\/08\/WhatsApp-Image-2020-08-18-at-15.57.03.jpeg 1080w\" sizes=\"(max-width: 768px) 100vw, 768px\" \/><figcaption class=\"blocks-gallery-item__caption\">Arvid at work in his home<\/figcaption><\/figure><\/li><\/ul><\/figure>\n","protected":false},"excerpt":{"rendered":"<p>Shavei Israel trabaja con muchas comunidades de todo el mundo, lo que es posible gracias al arduo trabajo y la dedicaci\u00f3n de nuestro personal y voluntarios. Por otro lado, tambi\u00e9n hay muchas comunidades que trabajan con Shavei, incluso en Escandinavia. Uno de nuestros seguidores m\u00e1s&#8230;<\/p>\n","protected":false},"author":7,"featured_media":115754,"comment_status":"open","ping_status":"open","sticky":false,"template":"","format":"standard","meta":{"give_campaign_id":0,"_exactmetrics_skip_tracking":false,"_exactmetrics_sitenote_active":false,"_exactmetrics_sitenote_note":"","_exactmetrics_sitenote_category":0,"ngg_post_thumbnail":0,"footnotes":""},"categories":[934,1114],"tags":[2124,2123],"class_list":["post-116015","post","type-post","status-publish","format-standard","has-post-thumbnail","hentry","category-featured_articles-es","category-historias-personales","tag-arvid-bjerga","tag-noruega"],"yoast_head":"<!-- This site is optimized with the Yoast SEO plugin v27.4 - https:\/\/yoast.com\/product\/yoast-seo-wordpress\/ -->\n<title>El hombre detr\u00e1s de Shavei Noruega, Arvid Bjerga - Shavei Israel<\/title>\n<meta name=\"robots\" content=\"index, follow, max-snippet:-1, max-image-preview:large, max-video-preview:-1\" \/>\n<link rel=\"canonical\" href=\"https:\/\/www.shavei.org\/es\/blog\/2020\/09\/10\/el-hombre-detras-de-shavei-noruega-arvid-bjerga\/\" \/>\n<meta property=\"og:locale\" content=\"es_ES\" \/>\n<meta property=\"og:type\" content=\"article\" \/>\n<meta property=\"og:title\" content=\"El hombre detr\u00e1s de Shavei Noruega, Arvid Bjerga - Shavei Israel\" \/>\n<meta property=\"og:description\" content=\"Shavei Israel trabaja con muchas comunidades de todo el mundo, lo que es posible gracias al arduo trabajo y la dedicaci\u00f3n de nuestro personal y voluntarios. Por otro lado, tambi\u00e9n hay muchas comunidades que trabajan con Shavei, incluso en Escandinavia. Uno de nuestros seguidores m\u00e1s...\" \/>\n<meta property=\"og:url\" content=\"https:\/\/www.shavei.org\/es\/blog\/2020\/09\/10\/el-hombre-detras-de-shavei-noruega-arvid-bjerga\/\" \/>\n<meta property=\"og:site_name\" content=\"Shavei Israel\" \/>\n<meta property=\"article:published_time\" content=\"2020-09-10T17:54:01+00:00\" \/>\n<meta property=\"article:modified_time\" content=\"2020-09-10T18:17:33+00:00\" \/>\n<meta property=\"og:image\" content=\"https:\/\/www.shavei.org\/wp-content\/uploads\/2020\/08\/39939434_10156529993692836_4097033290077175808_n-1-e1598479504831.jpg\" \/>\n\t<meta property=\"og:image:width\" content=\"960\" \/>\n\t<meta property=\"og:image:height\" content=\"756\" \/>\n\t<meta property=\"og:image:type\" content=\"image\/jpeg\" \/>\n<meta name=\"author\" content=\"Laura Ben-David\" \/>\n<meta name=\"twitter:card\" content=\"summary_large_image\" \/>\n<meta name=\"twitter:label1\" content=\"Escrito por\" \/>\n\t<meta name=\"twitter:data1\" content=\"\" \/>\n\t<meta name=\"twitter:label2\" content=\"Tiempo de lectura\" \/>\n\t<meta name=\"twitter:data2\" content=\"3 minutos\" \/>\n<script type=\"application\/ld+json\" class=\"yoast-schema-graph\">{\"@context\":\"https:\\\/\\\/schema.org\",\"@graph\":[{\"@type\":\"Article\",\"@id\":\"https:\\\/\\\/www.shavei.org\\\/es\\\/blog\\\/2020\\\/09\\\/10\\\/el-hombre-detras-de-shavei-noruega-arvid-bjerga\\\/#article\",\"isPartOf\":{\"@id\":\"https:\\\/\\\/www.shavei.org\\\/es\\\/blog\\\/2020\\\/09\\\/10\\\/el-hombre-detras-de-shavei-noruega-arvid-bjerga\\\/\"},\"author\":{\"name\":\"Laura Ben-David\",\"@id\":\"https:\\\/\\\/www.shavei.org\\\/#\\\/schema\\\/person\\\/00b45bee9f161469e8b81745e0fad63f\"},\"headline\":\"El hombre detr\u00e1s de Shavei Noruega, Arvid Bjerga\",\"datePublished\":\"2020-09-10T17:54:01+00:00\",\"dateModified\":\"2020-09-10T18:17:33+00:00\",\"mainEntityOfPage\":{\"@id\":\"https:\\\/\\\/www.shavei.org\\\/es\\\/blog\\\/2020\\\/09\\\/10\\\/el-hombre-detras-de-shavei-noruega-arvid-bjerga\\\/\"},\"wordCount\":517,\"commentCount\":0,\"publisher\":{\"@id\":\"https:\\\/\\\/www.shavei.org\\\/#organization\"},\"image\":{\"@id\":\"https:\\\/\\\/www.shavei.org\\\/es\\\/blog\\\/2020\\\/09\\\/10\\\/el-hombre-detras-de-shavei-noruega-arvid-bjerga\\\/#primaryimage\"},\"thumbnailUrl\":\"https:\\\/\\\/www.shavei.org\\\/wp-content\\\/uploads\\\/2020\\\/08\\\/39939434_10156529993692836_4097033290077175808_n-1-e1598479504831.jpg\",\"keywords\":[\"Arvid Bjerga\",\"Noruega\"],\"articleSection\":[\"Art\u00edculos recientes\",\"Historias Personales\"],\"inLanguage\":\"es\",\"potentialAction\":[{\"@type\":\"CommentAction\",\"name\":\"Comment\",\"target\":[\"https:\\\/\\\/www.shavei.org\\\/es\\\/blog\\\/2020\\\/09\\\/10\\\/el-hombre-detras-de-shavei-noruega-arvid-bjerga\\\/#respond\"]}]},{\"@type\":\"WebPage\",\"@id\":\"https:\\\/\\\/www.shavei.org\\\/es\\\/blog\\\/2020\\\/09\\\/10\\\/el-hombre-detras-de-shavei-noruega-arvid-bjerga\\\/\",\"url\":\"https:\\\/\\\/www.shavei.org\\\/es\\\/blog\\\/2020\\\/09\\\/10\\\/el-hombre-detras-de-shavei-noruega-arvid-bjerga\\\/\",\"name\":\"El hombre detr\u00e1s de Shavei Noruega, Arvid Bjerga - Shavei Israel\",\"isPartOf\":{\"@id\":\"https:\\\/\\\/www.shavei.org\\\/#website\"},\"primaryImageOfPage\":{\"@id\":\"https:\\\/\\\/www.shavei.org\\\/es\\\/blog\\\/2020\\\/09\\\/10\\\/el-hombre-detras-de-shavei-noruega-arvid-bjerga\\\/#primaryimage\"},\"image\":{\"@id\":\"https:\\\/\\\/www.shavei.org\\\/es\\\/blog\\\/2020\\\/09\\\/10\\\/el-hombre-detras-de-shavei-noruega-arvid-bjerga\\\/#primaryimage\"},\"thumbnailUrl\":\"https:\\\/\\\/www.shavei.org\\\/wp-content\\\/uploads\\\/2020\\\/08\\\/39939434_10156529993692836_4097033290077175808_n-1-e1598479504831.jpg\",\"datePublished\":\"2020-09-10T17:54:01+00:00\",\"dateModified\":\"2020-09-10T18:17:33+00:00\",\"breadcrumb\":{\"@id\":\"https:\\\/\\\/www.shavei.org\\\/es\\\/blog\\\/2020\\\/09\\\/10\\\/el-hombre-detras-de-shavei-noruega-arvid-bjerga\\\/#breadcrumb\"},\"inLanguage\":\"es\",\"potentialAction\":[{\"@type\":\"ReadAction\",\"target\":[\"https:\\\/\\\/www.shavei.org\\\/es\\\/blog\\\/2020\\\/09\\\/10\\\/el-hombre-detras-de-shavei-noruega-arvid-bjerga\\\/\"]}]},{\"@type\":\"ImageObject\",\"inLanguage\":\"es\",\"@id\":\"https:\\\/\\\/www.shavei.org\\\/es\\\/blog\\\/2020\\\/09\\\/10\\\/el-hombre-detras-de-shavei-noruega-arvid-bjerga\\\/#primaryimage\",\"url\":\"https:\\\/\\\/www.shavei.org\\\/wp-content\\\/uploads\\\/2020\\\/08\\\/39939434_10156529993692836_4097033290077175808_n-1-e1598479504831.jpg\",\"contentUrl\":\"https:\\\/\\\/www.shavei.org\\\/wp-content\\\/uploads\\\/2020\\\/08\\\/39939434_10156529993692836_4097033290077175808_n-1-e1598479504831.jpg\",\"width\":960,\"height\":756},{\"@type\":\"BreadcrumbList\",\"@id\":\"https:\\\/\\\/www.shavei.org\\\/es\\\/blog\\\/2020\\\/09\\\/10\\\/el-hombre-detras-de-shavei-noruega-arvid-bjerga\\\/#breadcrumb\",\"itemListElement\":[{\"@type\":\"ListItem\",\"position\":1,\"name\":\"Home\",\"item\":\"https:\\\/\\\/www.shavei.org\\\/es\\\/\"},{\"@type\":\"ListItem\",\"position\":2,\"name\":\"El hombre detr\u00e1s de Shavei Noruega, Arvid Bjerga\"}]},{\"@type\":\"WebSite\",\"@id\":\"https:\\\/\\\/www.shavei.org\\\/#website\",\"url\":\"https:\\\/\\\/www.shavei.org\\\/\",\"name\":\"Shavei Israel\",\"description\":\"One nation, many faces. We help them all return.\",\"publisher\":{\"@id\":\"https:\\\/\\\/www.shavei.org\\\/#organization\"},\"potentialAction\":[{\"@type\":\"SearchAction\",\"target\":{\"@type\":\"EntryPoint\",\"urlTemplate\":\"https:\\\/\\\/www.shavei.org\\\/?s={search_term_string}\"},\"query-input\":{\"@type\":\"PropertyValueSpecification\",\"valueRequired\":true,\"valueName\":\"search_term_string\"}}],\"inLanguage\":\"es\"},{\"@type\":\"Organization\",\"@id\":\"https:\\\/\\\/www.shavei.org\\\/#organization\",\"name\":\"Shavei Israel\",\"url\":\"https:\\\/\\\/www.shavei.org\\\/\",\"logo\":{\"@type\":\"ImageObject\",\"inLanguage\":\"es\",\"@id\":\"https:\\\/\\\/www.shavei.org\\\/#\\\/schema\\\/logo\\\/image\\\/\",\"url\":\"https:\\\/\\\/www.shavei.org\\\/wp-content\\\/uploads\\\/2017\\\/10\\\/shavei-logo.jpg\",\"contentUrl\":\"https:\\\/\\\/www.shavei.org\\\/wp-content\\\/uploads\\\/2017\\\/10\\\/shavei-logo.jpg\",\"width\":300,\"height\":285,\"caption\":\"Shavei Israel\"},\"image\":{\"@id\":\"https:\\\/\\\/www.shavei.org\\\/#\\\/schema\\\/logo\\\/image\\\/\"}},{\"@type\":\"Person\",\"@id\":\"https:\\\/\\\/www.shavei.org\\\/#\\\/schema\\\/person\\\/00b45bee9f161469e8b81745e0fad63f\",\"name\":\"Laura Ben-David\",\"image\":{\"@type\":\"ImageObject\",\"inLanguage\":\"es\",\"@id\":\"https:\\\/\\\/secure.gravatar.com\\\/avatar\\\/0939c5754a1cd2ebff55eeefe7aae273ff8235a123cddb1b328a230fc69d6323?s=96&d=mm&r=g\",\"url\":\"https:\\\/\\\/secure.gravatar.com\\\/avatar\\\/0939c5754a1cd2ebff55eeefe7aae273ff8235a123cddb1b328a230fc69d6323?s=96&d=mm&r=g\",\"contentUrl\":\"https:\\\/\\\/secure.gravatar.com\\\/avatar\\\/0939c5754a1cd2ebff55eeefe7aae273ff8235a123cddb1b328a230fc69d6323?s=96&d=mm&r=g\",\"caption\":\"Laura Ben-David\"},\"url\":\"https:\\\/\\\/www.shavei.org\\\/es\\\/blog\\\/author\\\/laurabd\\\/\"}]}<\/script>\n<!-- \/ Yoast SEO plugin. -->","yoast_head_json":{"title":"El hombre detr\u00e1s de Shavei Noruega, Arvid Bjerga - Shavei Israel","robots":{"index":"index","follow":"follow","max-snippet":"max-snippet:-1","max-image-preview":"max-image-preview:large","max-video-preview":"max-video-preview:-1"},"canonical":"https:\/\/www.shavei.org\/es\/blog\/2020\/09\/10\/el-hombre-detras-de-shavei-noruega-arvid-bjerga\/","og_locale":"es_ES","og_type":"article","og_title":"El hombre detr\u00e1s de Shavei Noruega, Arvid Bjerga - Shavei Israel","og_description":"Shavei Israel trabaja con muchas comunidades de todo el mundo, lo que es posible gracias al arduo trabajo y la dedicaci\u00f3n de nuestro personal y voluntarios. Por otro lado, tambi\u00e9n hay muchas comunidades que trabajan con Shavei, incluso en Escandinavia. Uno de nuestros seguidores m\u00e1s...","og_url":"https:\/\/www.shavei.org\/es\/blog\/2020\/09\/10\/el-hombre-detras-de-shavei-noruega-arvid-bjerga\/","og_site_name":"Shavei Israel","article_published_time":"2020-09-10T17:54:01+00:00","article_modified_time":"2020-09-10T18:17:33+00:00","og_image":[{"width":960,"height":756,"url":"https:\/\/www.shavei.org\/wp-content\/uploads\/2020\/08\/39939434_10156529993692836_4097033290077175808_n-1-e1598479504831.jpg","type":"image\/jpeg"}],"author":"Laura Ben-David","twitter_card":"summary_large_image","twitter_misc":{"Escrito por":false,"Tiempo de lectura":"3 minutos"},"schema":{"@context":"https:\/\/schema.org","@graph":[{"@type":"Article","@id":"https:\/\/www.shavei.org\/es\/blog\/2020\/09\/10\/el-hombre-detras-de-shavei-noruega-arvid-bjerga\/#article","isPartOf":{"@id":"https:\/\/www.shavei.org\/es\/blog\/2020\/09\/10\/el-hombre-detras-de-shavei-noruega-arvid-bjerga\/"},"author":{"name":"Laura Ben-David","@id":"https:\/\/www.shavei.org\/#\/schema\/person\/00b45bee9f161469e8b81745e0fad63f"},"headline":"El hombre detr\u00e1s de Shavei Noruega, Arvid Bjerga","datePublished":"2020-09-10T17:54:01+00:00","dateModified":"2020-09-10T18:17:33+00:00","mainEntityOfPage":{"@id":"https:\/\/www.shavei.org\/es\/blog\/2020\/09\/10\/el-hombre-detras-de-shavei-noruega-arvid-bjerga\/"},"wordCount":517,"commentCount":0,"publisher":{"@id":"https:\/\/www.shavei.org\/#organization"},"image":{"@id":"https:\/\/www.shavei.org\/es\/blog\/2020\/09\/10\/el-hombre-detras-de-shavei-noruega-arvid-bjerga\/#primaryimage"},"thumbnailUrl":"https:\/\/www.shavei.org\/wp-content\/uploads\/2020\/08\/39939434_10156529993692836_4097033290077175808_n-1-e1598479504831.jpg","keywords":["Arvid Bjerga","Noruega"],"articleSection":["Art\u00edculos recientes","Historias Personales"],"inLanguage":"es","potentialAction":[{"@type":"CommentAction","name":"Comment","target":["https:\/\/www.shavei.org\/es\/blog\/2020\/09\/10\/el-hombre-detras-de-shavei-noruega-arvid-bjerga\/#respond"]}]},{"@type":"WebPage","@id":"https:\/\/www.shavei.org\/es\/blog\/2020\/09\/10\/el-hombre-detras-de-shavei-noruega-arvid-bjerga\/","url":"https:\/\/www.shavei.org\/es\/blog\/2020\/09\/10\/el-hombre-detras-de-shavei-noruega-arvid-bjerga\/","name":"El hombre detr\u00e1s de Shavei Noruega, Arvid Bjerga - Shavei Israel","isPartOf":{"@id":"https:\/\/www.shavei.org\/#website"},"primaryImageOfPage":{"@id":"https:\/\/www.shavei.org\/es\/blog\/2020\/09\/10\/el-hombre-detras-de-shavei-noruega-arvid-bjerga\/#primaryimage"},"image":{"@id":"https:\/\/www.shavei.org\/es\/blog\/2020\/09\/10\/el-hombre-detras-de-shavei-noruega-arvid-bjerga\/#primaryimage"},"thumbnailUrl":"https:\/\/www.shavei.org\/wp-content\/uploads\/2020\/08\/39939434_10156529993692836_4097033290077175808_n-1-e1598479504831.jpg","datePublished":"2020-09-10T17:54:01+00:00","dateModified":"2020-09-10T18:17:33+00:00","breadcrumb":{"@id":"https:\/\/www.shavei.org\/es\/blog\/2020\/09\/10\/el-hombre-detras-de-shavei-noruega-arvid-bjerga\/#breadcrumb"},"inLanguage":"es","potentialAction":[{"@type":"ReadAction","target":["https:\/\/www.shavei.org\/es\/blog\/2020\/09\/10\/el-hombre-detras-de-shavei-noruega-arvid-bjerga\/"]}]},{"@type":"ImageObject","inLanguage":"es","@id":"https:\/\/www.shavei.org\/es\/blog\/2020\/09\/10\/el-hombre-detras-de-shavei-noruega-arvid-bjerga\/#primaryimage","url":"https:\/\/www.shavei.org\/wp-content\/uploads\/2020\/08\/39939434_10156529993692836_4097033290077175808_n-1-e1598479504831.jpg","contentUrl":"https:\/\/www.shavei.org\/wp-content\/uploads\/2020\/08\/39939434_10156529993692836_4097033290077175808_n-1-e1598479504831.jpg","width":960,"height":756},{"@type":"BreadcrumbList","@id":"https:\/\/www.shavei.org\/es\/blog\/2020\/09\/10\/el-hombre-detras-de-shavei-noruega-arvid-bjerga\/#breadcrumb","itemListElement":[{"@type":"ListItem","position":1,"name":"Home","item":"https:\/\/www.shavei.org\/es\/"},{"@type":"ListItem","position":2,"name":"El hombre detr\u00e1s de Shavei Noruega, Arvid Bjerga"}]},{"@type":"WebSite","@id":"https:\/\/www.shavei.org\/#website","url":"https:\/\/www.shavei.org\/","name":"Shavei Israel","description":"One nation, many faces. We help them all return.","publisher":{"@id":"https:\/\/www.shavei.org\/#organization"},"potentialAction":[{"@type":"SearchAction","target":{"@type":"EntryPoint","urlTemplate":"https:\/\/www.shavei.org\/?s={search_term_string}"},"query-input":{"@type":"PropertyValueSpecification","valueRequired":true,"valueName":"search_term_string"}}],"inLanguage":"es"},{"@type":"Organization","@id":"https:\/\/www.shavei.org\/#organization","name":"Shavei Israel","url":"https:\/\/www.shavei.org\/","logo":{"@type":"ImageObject","inLanguage":"es","@id":"https:\/\/www.shavei.org\/#\/schema\/logo\/image\/","url":"https:\/\/www.shavei.org\/wp-content\/uploads\/2017\/10\/shavei-logo.jpg","contentUrl":"https:\/\/www.shavei.org\/wp-content\/uploads\/2017\/10\/shavei-logo.jpg","width":300,"height":285,"caption":"Shavei Israel"},"image":{"@id":"https:\/\/www.shavei.org\/#\/schema\/logo\/image\/"}},{"@type":"Person","@id":"https:\/\/www.shavei.org\/#\/schema\/person\/00b45bee9f161469e8b81745e0fad63f","name":"Laura Ben-David","image":{"@type":"ImageObject","inLanguage":"es","@id":"https:\/\/secure.gravatar.com\/avatar\/0939c5754a1cd2ebff55eeefe7aae273ff8235a123cddb1b328a230fc69d6323?s=96&d=mm&r=g","url":"https:\/\/secure.gravatar.com\/avatar\/0939c5754a1cd2ebff55eeefe7aae273ff8235a123cddb1b328a230fc69d6323?s=96&d=mm&r=g","contentUrl":"https:\/\/secure.gravatar.com\/avatar\/0939c5754a1cd2ebff55eeefe7aae273ff8235a123cddb1b328a230fc69d6323?s=96&d=mm&r=g","caption":"Laura Ben-David"},"url":"https:\/\/www.shavei.org\/es\/blog\/author\/laurabd\/"}]}},"_links":{"self":[{"href":"https:\/\/www.shavei.org\/es\/wp-json\/wp\/v2\/posts\/116015","targetHints":{"allow":["GET"]}}],"collection":[{"href":"https:\/\/www.shavei.org\/es\/wp-json\/wp\/v2\/posts"}],"about":[{"href":"https:\/\/www.shavei.org\/es\/wp-json\/wp\/v2\/types\/post"}],"author":[{"embeddable":true,"href":"https:\/\/www.shavei.org\/es\/wp-json\/wp\/v2\/users\/7"}],"replies":[{"embeddable":true,"href":"https:\/\/www.shavei.org\/es\/wp-json\/wp\/v2\/comments?post=116015"}],"version-history":[{"count":3,"href":"https:\/\/www.shavei.org\/es\/wp-json\/wp\/v2\/posts\/116015\/revisions"}],"predecessor-version":[{"id":116019,"href":"https:\/\/www.shavei.org\/es\/wp-json\/wp\/v2\/posts\/116015\/revisions\/116019"}],"wp:featuredmedia":[{"embeddable":true,"href":"https:\/\/www.shavei.org\/es\/wp-json\/wp\/v2\/media\/115754"}],"wp:attachment":[{"href":"https:\/\/www.shavei.org\/es\/wp-json\/wp\/v2\/media?parent=116015"}],"wp:term":[{"taxonomy":"category","embeddable":true,"href":"https:\/\/www.shavei.org\/es\/wp-json\/wp\/v2\/categories?post=116015"},{"taxonomy":"post_tag","embeddable":true,"href":"https:\/\/www.shavei.org\/es\/wp-json\/wp\/v2\/tags?post=116015"}],"curies":[{"name":"wp","href":"https:\/\/api.w.org\/{rel}","templated":true}]}}